{"id":65184,"date":"2025-10-23T14:19:32","date_gmt":"2025-10-23T12:19:32","guid":{"rendered":"https:\/\/planipets.com\/blog\/?p=65184"},"modified":"2025-10-26T15:15:01","modified_gmt":"2025-10-26T14:15:01","slug":"gironde-la-creme-des-chiens-francais-saffronte-a-langon-voici-les-grands-vainqueurs","status":"publish","type":"post","link":"https:\/\/planipets.com\/blog\/education-ludique-animaux\/gironde-la-creme-des-chiens-francais-saffronte-a-langon-voici-les-grands-vainqueurs\/","title":{"rendered":"Gironde : la cr\u00e8me des chiens fran\u00e7ais s\u2019affronte \u00e0 Langon \u2014 voici les grands vainqueurs"},"content":{"rendered":"\n<h2 class=\"wp-block-heading\" id=\"0-langon-capitale-d%E2%80%99un-jour-des-chiens-de-prestige\">Langon, capitale d\u2019un jour des chiens de prestige<\/h2>\n\n\n\n<p class=\"wp-block-paragraph\">Le 12 octobre 2025, le <strong><a href=\"https:\/\/www.intramuros.org\/langon\/decouvrir\/8602\" target=\"_blank\" rel=\"noopener\">Parc des Vergers de Langon (Gironde)<\/a> <\/strong>a renou\u00e9 avec son glorieux pass\u00e9 : apr\u00e8s <strong>28 ans d\u2019absence<\/strong>, il a de nouveau accueilli une <strong>exposition canine nationale<\/strong> organis\u00e9e par l\u2019<a href=\"https:\/\/www.canine-gironde.fr\/infos\/act33\/#:~:text=Son%20but%20est%20de%20s,de%20sa%20zone%20d&#039;influence.\" target=\"_blank\" rel=\"noopener\"><strong>Association Canine Territoriale de la Gironde (ACTG)<\/strong>.<\/a> Un retour triomphal qui a attir\u00e9 <strong>pr\u00e8s de 1 000 chiens<\/strong> venus de toute la France et d\u2019Europe, sous l\u2019\u0153il attentif de <strong>16 juges nationaux et internationaux<\/strong>.<\/p>\n\n\n\n<p class=\"wp-block-paragraph\">Les all\u00e9es du parc, habituellement paisibles, ont vibr\u00e9 au rythme des <strong><a href=\"https:\/\/planipets.com\/blog\/chien\/comportement-chien\/chien-qui-aboie\/les-differences-dans-les-aboiements-des-chiens-selon-leur-race\/\" data-type=\"post\" data-id=\"46149\">aboiements <\/a><\/strong>enthousiastes et du pas cadenc\u00e9 des chiens de concours. Du <strong>Cairn Terrier Raggamuffin du Moulin de Marc Gregor<\/strong> \u2013 sacr\u00e9 \u00ab Best in Show adulte \u00bb \u2013 au <strong>Beagle-Harrier de St\u00e9phane Sanson<\/strong>, triplement prim\u00e9, la journ\u00e9e a c\u00e9l\u00e9br\u00e9 l\u2019excellence et la diversit\u00e9 des races canines.<\/p>\n\n\n\n<blockquote class=\"wp-block-quote is-layout-flow wp-block-quote-is-layout-flow\">\n<p class=\"wp-block-paragraph\">\u00ab Cette exposition, c\u2019est un hommage \u00e0 la rigueur des \u00e9leveurs fran\u00e7ais et \u00e0 la passion des amateurs de races pures \u00bb, confiait un membre du jury (selon <strong><a href=\"https:\/\/actu.fr\/nouvelle-aquitaine\/langon_33227\/gironde-la-creme-de-la-creme-des-chiens-reunie-a-langon_63338091.html\" target=\"_blank\" rel=\"noopener\">actu.fr<\/a><\/strong>).<\/p>\n<\/blockquote>\n\n\n\n<p class=\"wp-block-paragraph\"><\/p>\n\n\n\n<p class=\"wp-block-paragraph\"><\/p>\n\n\n\n<p class=\"wp-block-paragraph\"><\/p>\n\n\n<div style=\"background-color: #d9edf7; color: #31708f; border-left-color: #31708f; \" class=\"ub-styled-box ub-notification-box wp-block-ub-styled-box\" id=\"ub-styled-box-67b6301f-cdc2-4b73-8598-5830586c2474\">\n<h2 class=\"wp-block-heading\" id=\"ub-styled-box-notification-content-\">Les podiums : la cr\u00e8me de la cr\u00e8me des chiens fran\u00e7ais<\/h2>\n\n\n<\/div>\n\n\n<p class=\"wp-block-paragraph\">Le jury a eu fort \u00e0 faire pour d\u00e9partager des concurrents d\u2019exception. Le <strong>podium du \u201cBest in Show adulte\u201d<\/strong> a consacr\u00e9 trois champions issus d\u2019\u00e9levages renomm\u00e9s :<\/p>\n\n\n\n<ol class=\"wp-block-list\">\n<li><strong>Cairn Terrier Raggamuffin du Moulin de Marc Gregor<\/strong> \u2013 propri\u00e9taire : <em>Ruth O\u2019Connor<\/em><\/li>\n\n\n\n<li><strong>Berger Australien Upgrade U du Petit Mont d\u2019Eden<\/strong> \u2013 propri\u00e9taire : <em>Suzon Corcy<\/em><\/li>\n\n\n\n<li><strong>Shih Tzu Shimao Tchang du Domaine des Joyaux Tib\u00e9tains<\/strong> \u2013 propri\u00e9taire : <em>Caroline Minot<\/em><\/li>\n<\/ol>\n\n\n<div class=\"wp-block-image\">\n<figure class=\"aligncenter size-full\"><img fetchpriority=\"high\" decoding=\"async\" width=\"600\" height=\"600\" src=\"https:\/\/planipets.com\/blog\/wp-content\/uploads\/2025\/10\/Gironde-1-000-chiens-dexception-a-Langon.jpg\" alt=\"Exposition canine en plein air \u00e0 Langon, chiens de race pr\u00e9sent\u00e9s sous les arbres du Parc des Vergers devant le public et les juges.\" class=\"wp-image-65203\" title=\"\" srcset=\"https:\/\/planipets.com\/blog\/wp-content\/uploads\/2025\/10\/Gironde-1-000-chiens-dexception-a-Langon.jpg 600w, https:\/\/planipets.com\/blog\/wp-content\/uploads\/2025\/10\/Gironde-1-000-chiens-dexception-a-Langon-300x300.jpg 300w, https:\/\/planipets.com\/blog\/wp-content\/uploads\/2025\/10\/Gironde-1-000-chiens-dexception-a-Langon-150x150.jpg 150w, https:\/\/planipets.com\/blog\/wp-content\/uploads\/2025\/10\/Gironde-1-000-chiens-dexception-a-Langon-450x450.jpg 450w, https:\/\/planipets.com\/blog\/wp-content\/uploads\/2025\/10\/Gironde-1-000-chiens-dexception-a-Langon-96x96.jpg 96w\" sizes=\"(max-width: 600px) 100vw, 600px\" \/><figcaption class=\"wp-element-caption\">Image d\u2019illustration \u2013 Pr\u00e9sentation de chiens de race dans le cadre verdoyant du Parc des Vergers \u00e0 Langon, lors d\u2019une exposition canine nationale. \u00ab&nbsp;cr\u00e9dit photo :&nbsp;Planipets M\u00e9dia&nbsp;\u00bb<\/figcaption><\/figure>\n<\/div>\n\n\n<p class=\"wp-block-paragraph\">C\u00f4t\u00e9 jeunes, le <strong>Dobermann Noir et Feu Valkan des Brumes de Kalhan<\/strong>, \u00e0 <em>Delmarle Fr\u00e9d\u00e9rique<\/em>, s\u2019est impos\u00e9 comme la rel\u00e8ve de demain.<\/p>\n\n\n\n<p class=\"wp-block-paragraph\"><strong>A lire aussi : <\/strong><a href=\"https:\/\/planipets.com\/blog\/actualite\/auch-650-chiens-au-rendez-vous-de-lexposition-canine-et-du-grand-show-ce-dimanche\/\">Auch : 650 chiens au rendez-vous de l\u2019exposition canine et du grand show ce dimanche<\/a><\/p>\n\n\n\n<p class=\"wp-block-paragraph\"><\/p>\n\n\n\n<p class=\"wp-block-paragraph\"><\/p>\n\n\n\n<p class=\"wp-block-paragraph\"><\/p>\n\n\n<div style=\"background-color: #d9edf7; color: #31708f; border-left-color: #31708f; \" class=\"ub-styled-box ub-notification-box wp-block-ub-styled-box\" id=\"ub-styled-box-446b2e0b-9ba0-424a-9b53-b353a9944dff\">\n<h2 class=\"wp-block-heading\" id=\"ub-styled-box-notification-content-\">Des champions qui s\u00e9duisent le public et les experts<\/h2>\n\n\n<\/div>\n\n\n<p class=\"wp-block-paragraph\">Parmi les coups de c\u0153ur du public, <strong>les Beagles-Harrier de St\u00e9phane Sanson (Bommes)<\/strong> ont rafl\u00e9 trois prix majeurs, dont \u00ab meilleure race \u00bb et \u00ab meilleur jeune \u00bb. Ces chiens de chasse d\u2019origine fran\u00e7aise, \u00e0 la fois endurants et \u00e9l\u00e9gants, illustrent parfaitement l\u2019\u00e9quilibre recherch\u00e9 entre <strong>aptitudes naturelles et perfection morphologique<\/strong>.<\/p>\n\n\n\n<p class=\"wp-block-paragraph\">Cette victoire met en lumi\u00e8re une tendance forte : le <strong>retour en gr\u00e2ce des races fran\u00e7aises<\/strong>, souvent \u00e9clips\u00e9es par les lign\u00e9es anglo-saxonnes lors des grands concours.<\/p>\n\n\n\n<p class=\"wp-block-paragraph\"><\/p>\n\n\n\n<p class=\"wp-block-paragraph\"><\/p>\n\n\n\n<p class=\"wp-block-paragraph\"><\/p>\n\n\n\n<p class=\"wp-block-paragraph\"><\/p>\n\n\n<div style=\"background-color: #ffd2d2; color: #d8000c; border-left-color: #d8000c; \" class=\"ub-styled-box ub-notification-box wp-block-ub-styled-box\" id=\"ub-styled-box-e8a33231-9bc7-4ebf-91e8-4ac7e7fa1459\">\n<h2 class=\"wp-block-heading\" id=\"ub-styled-box-notification-content-\">L\u2019impact \u00e9conomique et touristique d\u2019un tel rassemblement canin<\/h2>\n\n\n<\/div>\n\n\n<p class=\"wp-block-paragraph\">Au-del\u00e0 du prestige, l\u2019exposition de Langon a dynamis\u00e9 la vie locale. Entre <strong>h\u00e9bergements complets<\/strong>, <strong>restaurants bond\u00e9s<\/strong> et <strong>stands de produits canins<\/strong>, l\u2019\u00e9v\u00e9nement a g\u00e9n\u00e9r\u00e9 un afflux \u00e9conomique notable.<br><strong><a href=\"https:\/\/www.santevet.com\/articles\/les-expositions-canines-en-france\" target=\"_blank\" rel=\"noopener\">Les expositions canines r\u00e9gionales en France attirent souvent jusqu\u2019\u00e0 3 000 visiteurs<\/a><\/strong>, g\u00e9n\u00e9rant des retomb\u00e9es \u00e9conomiques importantes, notamment pour l\u2019h\u00e9bergement et la restauration, gr\u00e2ce \u00e0 l\u2019afflux des participants et visiteurs passionn\u00e9s. Ces \u00e9v\u00e9nements contribuent ainsi au dynamisme \u00e9conomique local autour du secteur canin. <\/p>\n\n\n\n<p class=\"wp-block-paragraph\">Langon, avec ses <strong>1 000 chiens inscrits<\/strong>, s\u2019est hiss\u00e9e parmi les plus importantes expositions du Sud-Ouest.<br>Un signal fort pour le territoire, qui ambitionne d\u00e9j\u00e0 de <strong>p\u00e9renniser la manifestation d\u00e8s 2026<\/strong>.<\/p>\n\n\n\n<p class=\"wp-block-paragraph\"><\/p>\n\n\n\n<p class=\"wp-block-paragraph\"><\/p>\n\n\n\n<p class=\"wp-block-paragraph\"><\/p>\n\n\n\n<p class=\"wp-block-paragraph\"><\/p>\n\n\n<div style=\"background-color: #d9edf7; color: #31708f; border-left-color: #31708f; \" class=\"ub-styled-box ub-notification-box wp-block-ub-styled-box\" id=\"ub-styled-box-d0ee723a-c63e-4cd4-b845-53dc59bc5a5d\">\n<h2 class=\"wp-block-heading\" id=\"ub-styled-box-notification-content-\">Pourquoi la France reste une superpuissance du chien de race<\/h2>\n\n\n<\/div>\n\n<div style=\"background-color: #f7f7f7; color: #31708f; border-left-color: #31708f; \" class=\"ub-styled-box ub-notification-box wp-block-ub-styled-box\" id=\"ub-styled-box-856bd23e-bf58-4275-bc78-6d5142530745\">\n<p class=\"wp-block-paragraph\" id=\"ub-styled-box-notification-content-\">La France compte environ <strong>9;9 millions de chiens<\/strong>, selon une <strong><a href=\"https:\/\/www.facco.fr\/wp-content\/uploads\/2024\/05\/barometre-facco-odoxa-2024-communique-presse.pdf\" target=\"_blank\" rel=\"noopener\">\u00e9tude FACCO\/Kantar de 2024<\/a><\/strong>.<br>Pr\u00e8s de <strong>250 000 naissances de chiens de race<\/strong> sont enregistr\u00e9es chaque ann\u00e9e au <strong><a href=\"https:\/\/planipets.com\/blog\/actualite\/preparez-vous-ces-chiffres-sur-les-animaux-de-compagnie-vont-faire-exploser-votre-esprit\/\" data-type=\"post\" data-id=\"48245\">Livre des Origines Fran\u00e7ais (LOF)<\/a><\/strong>, ce qui place le pays au <strong>3\u1d49 rang mondial<\/strong> derri\u00e8re les \u00c9tats-Unis et le Royaume-Uni.<\/p>\n\n\n<div class=\"wp-block-image\">\n<figure class=\"aligncenter size-full\"><img decoding=\"async\" width=\"600\" height=\"600\" src=\"https:\/\/planipets.com\/blog\/wp-content\/uploads\/2025\/10\/Gironde-1-000-chiens-dexception-a-Langon-1.jpg\" alt=\"Exposante souriante tenant son chien prim\u00e9 et un troph\u00e9e lors d\u2019une exposition canine nationale \u00e0 Langon, en Gironde.\" class=\"wp-image-65202\" title=\"\" srcset=\"https:\/\/planipets.com\/blog\/wp-content\/uploads\/2025\/10\/Gironde-1-000-chiens-dexception-a-Langon-1.jpg 600w, https:\/\/planipets.com\/blog\/wp-content\/uploads\/2025\/10\/Gironde-1-000-chiens-dexception-a-Langon-1-300x300.jpg 300w, https:\/\/planipets.com\/blog\/wp-content\/uploads\/2025\/10\/Gironde-1-000-chiens-dexception-a-Langon-1-150x150.jpg 150w, https:\/\/planipets.com\/blog\/wp-content\/uploads\/2025\/10\/Gironde-1-000-chiens-dexception-a-Langon-1-450x450.jpg 450w, https:\/\/planipets.com\/blog\/wp-content\/uploads\/2025\/10\/Gironde-1-000-chiens-dexception-a-Langon-1-96x96.jpg 96w\" sizes=\"(max-width: 600px) 100vw, 600px\" \/><figcaption class=\"wp-element-caption\">Image d\u2019illustration \u2013 Une participante et son chien r\u00e9compens\u00e9 lors d\u2019une exposition canine nationale. L\u2019\u00e9v\u00e9nement de Langon 2025 a r\u00e9uni pr\u00e8s de 1 000 chiens au Parc des Vergers. \u00ab\u00a0cr\u00e9dit photo :\u00a0Planipets M\u00e9dia\u00a0\u00bb<\/figcaption><\/figure>\n<\/div>\n\n\n<p class=\"wp-block-paragraph\">Cette passion nationale s\u2019explique par un lien historique entre <strong>\u00e9levage, chasse et patrimoine rural<\/strong>.<br>Les races fran\u00e7aises comme le Beagle-Harrier, le Braque d\u2019Auvergne ou le Griffon Nivernais symbolisent \u00e0 la fois la <strong>tradition cynophile<\/strong> et la <strong>rigueur g\u00e9n\u00e9tique<\/strong> qui font la fiert\u00e9 de l\u2019hexagone.<\/p>\n\n\n\n<p class=\"wp-block-paragraph\">Les experts estiment que ces concours permettent de <strong>pr\u00e9server la diversit\u00e9 g\u00e9n\u00e9tique<\/strong> tout en favorisant des pratiques d\u2019\u00e9levage responsables. Un enjeu majeur \u00e0 l\u2019heure o\u00f9 certaines races sont menac\u00e9es par la surconsommation et la mode des \u00ab chiens de c\u00e9l\u00e9brit\u00e9s \u00bb.<\/p>\n\n\n<\/div>\n\n\n<p class=\"wp-block-paragraph\"><strong>Peut vous int\u00e9resser : <\/strong><a href=\"https:\/\/planipets.com\/blog\/actualite\/exposition-canine-internationale-de-tarbes-plus-de-1-200-chiens-attendus-ce-dimanche\/\">Exposition canine internationale de Tarbes : plus de 1 200 chiens attendus ce dimanche<\/a><\/p>\n\n\n\n<p class=\"wp-block-paragraph\"><\/p>\n\n\n\n<p class=\"wp-block-paragraph\"><\/p>\n\n\n<div style=\"background-color: #d9edf7; color: #31708f; border-left-color: #31708f; \" class=\"ub-styled-box ub-notification-box wp-block-ub-styled-box\" id=\"ub-styled-box-92f6e1d6-0539-46d7-82f0-f69033034dcc\">\n<h2 class=\"wp-block-heading\" id=\"ub-styled-box-notification-content-\">Des juges internationaux exigeants : la pr\u00e9cision du regard canin<\/h2>\n\n\n<\/div>\n\n<div style=\"background-color: #dff0d8; color: #3c763d; border-left-color: #3c763d; \" class=\"ub-styled-box ub-notification-box wp-block-ub-styled-box\" id=\"ub-styled-box-67878729-bda1-46a9-8726-90d4ac7823ec\">\n<p class=\"wp-block-paragraph\" id=\"ub-styled-box-notification-content-\">Les <strong>16 juges pr\u00e9sents<\/strong>, venus de France, d\u2019Espagne et d\u2019Italie, ont \u00e9valu\u00e9 les chiens selon des crit\u00e8res rigoureux :<\/p>\n\n\n\n<ul class=\"wp-block-list\">\n<li><strong>Conformation au standard de la race<\/strong><\/li>\n\n\n\n<li><strong>D\u00e9marche et port de t\u00eate<\/strong><\/li>\n\n\n\n<li><strong>Sociabilit\u00e9 et temp\u00e9rament<\/strong><\/li>\n\n\n\n<li><strong>Qualit\u00e9 du poil et \u00e9quilibre corporel<\/strong><\/li>\n<\/ul>\n\n\n\n<p class=\"wp-block-paragraph\">L\u2019\u00e9valuation s\u2019apparente \u00e0 un <strong>examen d\u2019orf\u00e8vrerie vivante<\/strong>, o\u00f9 chaque d\u00e9tail compte. Les juges doivent d\u00e9celer, en quelques minutes, <strong>le parfait \u00e9quilibre entre morphologie et personnalit\u00e9<\/strong>.<\/p>\n\n\n\n<p class=\"wp-block-paragraph\">Certains observateurs soulignent que ce type de concours contribue aussi \u00e0 <strong>\u00e9duquer le grand public<\/strong> sur la r\u00e9alit\u00e9 de <strong>l\u2019\u00e9levage canin<\/strong>, bien loin des clich\u00e9s des animaleries ou des ventes en ligne.<\/p>\n\n\n<\/div>\n\n\n<p class=\"wp-block-paragraph\"><\/p>\n\n\n\n<p class=\"wp-block-paragraph\"><\/p>\n\n\n<div style=\"background-color: #f7f7f7; color: #31708f; border-left-color: #31708f; \" class=\"ub-styled-box ub-notification-box wp-block-ub-styled-box\" id=\"ub-styled-box-712a3d1c-ef06-44cb-a51b-d341f2fc4699\">\n<h2 class=\"wp-block-heading\" id=\"ub-styled-box-notification-content-\">Dans l\u2019univers Rex &amp; Minou \u2013 \u00ab Tout ou rien \u00bb : et si la perfection n\u2019\u00e9tait qu\u2019une illusion ?<\/h2>\n\n\n\n<p class=\"wp-block-paragraph\">Derri\u00e8re les podiums impeccables et les robes soigneusement bross\u00e9es, il y a toujours cette tension que connaissent bien les professionnels du bien-\u00eatre animal : <strong>vouloir trop bien faire<\/strong>. C\u2019est justement le th\u00e8me du nouvel \u00e9pisode de <strong>Rex &amp; Minou #15 \u2013 \u201c<a href=\"https:\/\/planipets.com\/blog\/tv-rex-minou\/rex-minou-15-tout-ou-rien-ces-professionnelles-du-bien-etre-animal-qui-ont-appris-a-relacher-la-bride\/\">Tout ou rien<\/a>\u201d<\/strong>.<\/p>\n\n\n\n<p class=\"wp-block-paragraph\">On y retrouve <strong>L\u00e9a<\/strong>, \u00e9ducatrice animali\u00e8re, obs\u00e9d\u00e9e par un bilan qu\u2019elle veut parfait. Son compagnon, <strong>Franck<\/strong>, lui lance en riant :<\/p>\n\n\n\n<blockquote class=\"wp-block-quote is-layout-flow wp-block-quote-is-layout-flow\">\n<p class=\"wp-block-paragraph\">\u00ab Faire \u00e0 moiti\u00e9, c\u2019est d\u00e9j\u00e0 beaucoup. \u00bb<\/p>\n<\/blockquote>\n\n\n\n<p class=\"wp-block-paragraph\">Une phrase l\u00e9g\u00e8re, mais qui r\u00e9sonne fort. Dans les concours comme dans la vie des \u00e9leveurs, <strong>la qu\u00eate de perfection peut vite devenir une prison<\/strong>. Et si, comme L\u00e9a, on apprenait \u00e0 rel\u00e2cher un peu la bride ?<\/p>\n\n\n\n<p class=\"wp-block-paragraph\">L\u2019\u00e9pisode rappelle qu\u2019<strong>on ne sert pas mieux les animaux en s\u2019\u00e9puisant pour eux<\/strong>, mais en restant align\u00e9, calme, et juste dans le geste.<\/p>\n\n\n\n<p class=\"wp-block-paragraph\">\u00c0 Langon comme dans la s\u00e9rie, <strong>le vrai art r\u00e9side dans l\u2019\u00e9quilibre<\/strong> : entre exigence et douceur, entre discipline et passion. Peut-\u00eatre que la plus belle r\u00e9compense n\u2019est pas la coupe dor\u00e9e, mais la s\u00e9r\u00e9nit\u00e9 retrouv\u00e9e \u00e0 la fin du jour.<\/p>\n\n\n\n<p class=\"wp-block-paragraph\"><a href=\"https:\/\/planipets.com\/blog\/tv-rex-minou\/rex-minou-15-tout-ou-rien-ces-professionnelles-du-bien-etre-animal-qui-ont-appris-a-relacher-la-bride\/\">Voir l\u2019\u00e9pisode \u00ab Tout ou rien \u00bb ici<\/a><\/p>\n\n\n<\/div>\n\n\n<p class=\"wp-block-paragraph\"><\/p>\n\n\n\n<p class=\"wp-block-paragraph\"><\/p>\n\n\n<div style=\"background-color: #d9edf7; color: #31708f; border-left-color: #31708f; \" class=\"ub-styled-box ub-notification-box wp-block-ub-styled-box\" id=\"ub-styled-box-1f4c9f78-60c0-477c-85a0-c23d50413491\">\n<h2 class=\"wp-block-heading\" id=\"ub-styled-box-notification-content-\">Quand la passion canine devient un art de vivre<\/h2>\n\n\n<\/div>\n\n\n<p class=\"wp-block-paragraph\">L\u2019exposition de Langon a rassembl\u00e9 bien plus qu\u2019un public d\u2019\u00e9leveurs : familles, enfants, photographes et curieux ont afflu\u00e9 pour admirer les chiens sur les stands et lors des d\u00e9fil\u00e9s. L\u2019\u00e9v\u00e9nement, baign\u00e9 dans une atmosph\u00e8re d\u2019\u00e9t\u00e9 indien, a offert une image chaleureuse et f\u00e9d\u00e9ratrice.<\/p>\n\n\n\n<p class=\"wp-block-paragraph\">De nombreux participants saluent aussi <strong>l\u2019accueil exemplaire<\/strong> des organisateurs et <strong>le cadre arbor\u00e9<\/strong> du Parc des Vergers, domin\u00e9 par la tour mauresque. Autant d\u2019\u00e9l\u00e9ments qui font esp\u00e9rer un retour annuel, d\u2019autant que le <strong>jury a promis de revenir en 2026<\/strong>, fort de cette r\u00e9ussite.<\/p>\n\n\n\n<p class=\"wp-block-paragraph\"><\/p>\n\n\n\n<p class=\"wp-block-paragraph\"><\/p>\n\n\n\n<p class=\"wp-block-paragraph\"><\/p>\n\n\n<div style=\"background-color: #ffdd80; color: #eaac00; border-left-color: #eaac00; \" class=\"ub-styled-box ub-notification-box wp-block-ub-styled-box\" id=\"ub-styled-box-b124d13e-86b6-464a-8741-445f453a9cad\">\n<h2 class=\"wp-block-heading\" id=\"ub-styled-box-notification-content-\">Le retour en force des expositions canines en France<\/h2>\n\n\n\n<p class=\"wp-block-paragraph\">Entre 2010 et 2020, la France a connu un recul de pr\u00e8s de <strong>30 % du nombre d\u2019expositions canines r\u00e9gionales<\/strong>, selon la <a href=\"https:\/\/www.centrale-canine.fr\/\" target=\"_blank\" rel=\"noopener\">Soci\u00e9t\u00e9 Centrale Canine.<\/a><\/p>\n\n\n\n<p class=\"wp-block-paragraph\">Mais la tendance s\u2019inverse : la demande pour des \u00e9v\u00e9nements \u00ab authentiques \u00bb et <strong>connect\u00e9s \u00e0 la ruralit\u00e9<\/strong> repart \u00e0 la hausse.<\/p>\n\n\n\n<p class=\"wp-block-paragraph\">Les expositions comme celle de Langon jouent un r\u00f4le cl\u00e9 :<\/p>\n\n\n\n<ul class=\"wp-block-list\">\n<li><strong>Elles revalorisent les \u00e9leveurs r\u00e9gionaux<\/strong> ;<\/li>\n\n\n\n<li><strong>Elles renforcent la culture cynophile fran\u00e7aise<\/strong> ;<\/li>\n\n\n\n<li><strong>Elles favorisent le bien-\u00eatre animal par une meilleure s\u00e9lection g\u00e9n\u00e9tique<\/strong>.<\/li>\n<\/ul>\n\n\n\n<p class=\"wp-block-paragraph\">Derri\u00e8re les paillettes des podiums se cache donc un enjeu patrimonial majeur : <strong>transmettre la passion du chien comme h\u00e9ritage culturel<\/strong>.<\/p>\n\n\n<\/div>\n\n\n<p class=\"wp-block-paragraph\"><\/p>\n\n\n\n<p class=\"wp-block-paragraph\"><\/p>\n\n\n\n<p class=\"wp-block-paragraph\"><\/p>\n\n\n<div style=\"background-color: #d9edf7; color: #31708f; border-left-color: #31708f; \" class=\"ub-styled-box ub-notification-box wp-block-ub-styled-box\" id=\"ub-styled-box-ffaaa6f1-8e90-4574-852f-3b627f5f1b6c\">\n<h2 class=\"wp-block-heading\" id=\"ub-styled-box-notification-content-\">Quand Langon montre les crocs\u2026 du prestige<\/h2>\n\n\n<\/div>\n\n\n<p class=\"wp-block-paragraph\">L\u2019exposition canine nationale de Langon n\u2019a pas seulement sacr\u00e9 des champions, elle a <strong>r\u00e9affirm\u00e9 la place du chien dans le c\u0153ur des Fran\u00e7ais<\/strong>.<\/p>\n\n\n\n<p class=\"wp-block-paragraph\">Entre rigueur, beaut\u00e9 et \u00e9motion, cette journ\u00e9e a marqu\u00e9 les esprits et relanc\u00e9 la flamme d\u2019une tradition presque artistique.<\/p>\n\n\n\n<p class=\"wp-block-paragraph\">La prochaine \u00e9dition, d\u00e9j\u00e0 annonc\u00e9e pour <strong>2026<\/strong>, pourrait bien attirer encore plus de races, d\u2019\u00e9leveurs et de visiteurs \u2013 confirmant Langon comme <strong>nouvelle vitrine du chien de race dans le Sud-Ouest<\/strong>.<\/p>\n\n\n\n<p class=\"wp-block-paragraph\"><strong>La r\u00e9daction vous recommande : <\/strong><a href=\"https:\/\/planipets.com\/blog\/actualite\/saint-brieuc-plus-de-2000-chiens-et-un-evenement-canin-incontournable-du-9-au-11-mai-au-parc-expo\/\">Saint-Brieuc : plus de 2000 chiens et un \u00e9v\u00e9nement canin incontournable du 9 au 11 mai au Parc Expo<\/a><\/p>\n\n\n\n<p class=\"wp-block-paragraph\"><\/p>\n\n\n\n<p class=\"wp-block-paragraph\"><\/p>\n\n\n\n<p class=\"wp-block-paragraph\"><\/p>\n\n\n<div style=\"background-color: #d9edf7; color: #31708f; border-left-color: #31708f; \" class=\"ub-styled-box ub-notification-box wp-block-ub-styled-box\" id=\"ub-styled-box-45c4cf34-fef9-4a44-bbbf-ced121e97bb0\">\n<h2 class=\"wp-block-heading\" id=\"ub-styled-box-notification-content-\">FAQ \u2013 Exposition Canine Nationale de Langon 2025<\/h2>\n\n\n<\/div>\n\n<div class=\"wp-block-ub-content-toggle wp-block-ub-content-toggle-block\" id=\"ub-content-toggle-block-dc926203-5ebc-4d9c-a965-4c7ce9b60b6d\" data-mobilecollapse=\"false\" data-desktopcollapse=\"false\" data-preventcollapse=\"false\" data-showonlyone=\"false\">\n<div class=\"wp-block-ub-content-toggle-accordion\" style=\"border-color: #f1f1f1;\" id=\"ub-content-toggle-panel-block-\">\n\t\t\t<div class=\"wp-block-ub-content-toggle-accordion-title-wrap\" style=\"background-color: #f1f1f1;\" aria-controls=\"ub-content-toggle-panel-0-dc926203-5ebc-4d9c-a965-4c7ce9b60b6d\" tabindex=\"0\">\n\t\t\t<h3 class=\"wp-block-ub-content-toggle-accordion-title ub-content-toggle-title-dc926203-5ebc-4d9c-a965-4c7ce9b60b6d\" style=\"color: #000000; \">Quand a eu lieu l\u2019exposition canine de Langon ?<\/h3>\n\t\t\t<div class=\"wp-block-ub-content-toggle-accordion-toggle-wrap right\" style=\"color: #000000;\"><span class=\"wp-block-ub-content-toggle-accordion-state-indicator wp-block-ub-chevron-down open\"><\/span><\/div>\n\t\t<\/div>\n\t\t\t<div role=\"region\" aria-expanded=\"true\" class=\"wp-block-ub-content-toggle-accordion-content-wrap\" id=\"ub-content-toggle-panel-0-dc926203-5ebc-4d9c-a965-4c7ce9b60b6d\">\n\n<p class=\"wp-block-paragraph\">L\u2019exposition canine nationale s\u2019est tenue le <strong>12 octobre 2025<\/strong> au <strong>Parc des Vergers<\/strong> de Langon (Gironde), apr\u00e8s <strong>28 ans d\u2019absence<\/strong> de ce type d\u2019\u00e9v\u00e9nement sur le site.<\/p>\n\n<\/div>\n\t\t<\/div>\n\n<div class=\"wp-block-ub-content-toggle-accordion\" style=\"border-color: #f1f1f1;\" id=\"ub-content-toggle-panel-block-\">\n\t\t\t<div class=\"wp-block-ub-content-toggle-accordion-title-wrap\" style=\"background-color: #f1f1f1;\" aria-controls=\"ub-content-toggle-panel-1-dc926203-5ebc-4d9c-a965-4c7ce9b60b6d\" tabindex=\"0\">\n\t\t\t<h3 class=\"wp-block-ub-content-toggle-accordion-title ub-content-toggle-title-dc926203-5ebc-4d9c-a965-4c7ce9b60b6d\" style=\"color: #000000; \">Qui organisait l\u2019\u00e9v\u00e9nement ?<\/h3>\n\t\t\t<div class=\"wp-block-ub-content-toggle-accordion-toggle-wrap right\" style=\"color: #000000;\"><span class=\"wp-block-ub-content-toggle-accordion-state-indicator wp-block-ub-chevron-down open\"><\/span><\/div>\n\t\t<\/div>\n\t\t\t<div role=\"region\" aria-expanded=\"true\" class=\"wp-block-ub-content-toggle-accordion-content-wrap\" id=\"ub-content-toggle-panel-1-dc926203-5ebc-4d9c-a965-4c7ce9b60b6d\">\n\n<p class=\"wp-block-paragraph\">L\u2019exposition a \u00e9t\u00e9 organis\u00e9e par <strong>l\u2019Association Canine Territoriale de la Gironde (ACTG)<\/strong>, en partenariat avec la <strong>Soci\u00e9t\u00e9 Centrale Canine<\/strong>, sous l\u2019\u00e9gide de la <strong>F\u00e9d\u00e9ration Cynologique Fran\u00e7aise<\/strong>.<\/p>\n\n<\/div>\n\t\t<\/div>\n\n<div class=\"wp-block-ub-content-toggle-accordion\" style=\"border-color: #f1f1f1;\" id=\"ub-content-toggle-panel-block-\">\n\t\t\t<div class=\"wp-block-ub-content-toggle-accordion-title-wrap\" style=\"background-color: #f1f1f1;\" aria-controls=\"ub-content-toggle-panel-2-dc926203-5ebc-4d9c-a965-4c7ce9b60b6d\" tabindex=\"0\">\n\t\t\t<h3 class=\"wp-block-ub-content-toggle-accordion-title ub-content-toggle-title-dc926203-5ebc-4d9c-a965-4c7ce9b60b6d\" style=\"color: #000000; \">Combien de chiens ont particip\u00e9 ?<\/h3>\n\t\t\t<div class=\"wp-block-ub-content-toggle-accordion-toggle-wrap right\" style=\"color: #000000;\"><span class=\"wp-block-ub-content-toggle-accordion-state-indicator wp-block-ub-chevron-down open\"><\/span><\/div>\n\t\t<\/div>\n\t\t\t<div role=\"region\" aria-expanded=\"true\" class=\"wp-block-ub-content-toggle-accordion-content-wrap\" id=\"ub-content-toggle-panel-2-dc926203-5ebc-4d9c-a965-4c7ce9b60b6d\">\n\n<p class=\"wp-block-paragraph\">Pr\u00e8s de <strong>1 000 chiens de race<\/strong> venus de toute la France et d\u2019Europe ont d\u00e9fil\u00e9 devant <strong>16 juges nationaux et internationaux<\/strong>.<\/p>\n\n<\/div>\n\t\t<\/div>\n<\/div>\n\n\n<p class=\"wp-block-paragraph\"><em><strong>Article r\u00e9dig\u00e9 par Val\u00e9rie Vanbiervliet pour Planipets M\u00e9dia<\/strong><\/em><\/p>\n\n\n\n<p class=\"wp-block-paragraph\"><\/p>\n\n\n\n<h3 class=\"wp-block-heading\">C\u2019est en partageant qu\u2019on fait bouger les lignes . Partagez \u00e7a sur vos r\u00e9seaux&nbsp;<\/h3>\n\n\n<div class=\"wp-block-ub-social-share\" id=\"ub-social-share-981f986e-2573-4081-8f09-5f46f04ed46e\">\n\t\t\t<div class=\"social-share-icons align-icons-left orientation-icons-row\"><a aria-label=\"facebook-logo\" target=\"_blank\" rel=\"nofollow\" href=\"https:\/\/www.facebook.com\/sharer\/sharer.php?u=https%3A%2F%2Fplanipets.com%2Fblog%2Feducation-ludique-animaux%2Fgironde-la-creme-des-chiens-francais-saffronte-a-langon-voici-les-grands-vainqueurs%2F&amp;title=Gironde%20%3A%20la%20cr%C3%A8me%20des%20chiens%20fran%C3%A7ais%20s%E2%80%99affronte%20%C3%A0%20Langon%20%E2%80%94%20voici%20les%20grands%20vainqueurs\" class=\"ub-social-share-facebook-container\" style=\"border-color: #1877f2; background-color: transparent; box-shadow: none; \">\n\t\t\t\t<span class=\"social-share-icon ub-social-share-facebook\" style=\"width: 30px; height: 30px; \"><svg xmlns=\"http:\/\/www.w3.org\/2000\/svg\" style=\"fill:#1877f2\" fill=\"#1877f2\" width=\"20\" height=\"20\" viewbox=\"0 0 264 512\"><path d=\"M76.7 512V283H0v-91h76.7v-71.7C76.7 42.4 124.3 0 193.8 0c33.3 0 61.9 2.5 70.2 3.6V85h-48.2c-37.8 0-45.1 18-45.1 44.3V192H256l-11.7 91h-73.6v229\"><\/path><\/svg><\/span><span style=\"\">share<\/span>\n\t\t\t<\/a><a aria-label=\"twitter-logo\" target=\"_blank\" rel=\"nofollow\" href=\"http:\/\/twitter.com\/intent\/tweet?url=https%3A%2F%2Fplanipets.com%2Fblog%2Feducation-ludique-animaux%2Fgironde-la-creme-des-chiens-francais-saffronte-a-langon-voici-les-grands-vainqueurs%2F&amp;text=Gironde%20%3A%20la%20cr%C3%A8me%20des%20chiens%20fran%C3%A7ais%20s%E2%80%99affronte%20%C3%A0%20Langon%20%E2%80%94%20voici%20les%20grands%20vainqueurs\" class=\"ub-social-share-twitter-container\" style=\"border-color: #1d9bf0; background-color: transparent; box-shadow: none; \">\n\t\t\t\t<span class=\"social-share-icon ub-social-share-twitter\" style=\"width: 30px; height: 30px; \"><svg xmlns=\"http:\/\/www.w3.org\/2000\/svg\" style=\"color:#1d9BF0\" fill=\"#1d9BF0\" width=\"20\" height=\"20\" viewbox=\"0 0 24 24\"><path d=\"M18.901 1.153h3.68l-8.04 9.19L24 22.846h-7.406l-5.8-7.584l-6.638 7.584H.474l8.6-9.83L0 1.154h7.594l5.243 6.932ZM17.61 20.644h2.039L6.486 3.24H4.298Z\"><\/path><\/svg><\/span><span style=\"\">tweet<\/span>\n\t\t\t<\/a><a aria-label=\"linkedin-logo\" target=\"_blank\" rel=\"nofollow\" href=\"https:\/\/www.linkedin.com\/sharing\/share-offsite\/?url=https%3A%2F%2Fplanipets.com%2Fblog%2Feducation-ludique-animaux%2Fgironde-la-creme-des-chiens-francais-saffronte-a-langon-voici-les-grands-vainqueurs%2F\" class=\"ub-social-share-linkedin-container\" style=\"border-color: #2867b2; background-color: transparent; box-shadow: none; \">\n\t\t\t\t<span class=\"social-share-icon ub-social-share-linkedin\" style=\"width: 30px; height: 30px; \"><svg xmlns=\"http:\/\/www.w3.org\/2000\/svg\" style=\"fill:#2867b2\" fill=\"#2867b2\" width=\"20\" height=\"20\" viewbox=\"0 0 448 512\"><path d=\"M100.3 480H7.4V180.9h92.9V480zM53.8 140.1C24.1 140.1 0 115.5 0 85.8 0 56.1 24.1 32 53.8 32c29.7 0 53.8 24.1 53.8 53.8 0 29.7-24.1 54.3-53.8 54.3zM448 480h-92.7V334.4c0-34.7-.7-79.2-48.3-79.2-48.3 0-55.7 37.7-55.7 76.7V480h-92.8V180.9h89.1v40.8h1.3c12.4-23.5 42.7-48.3 87.9-48.3 94 0 111.3 61.9 111.3 142.3V480z\"><\/path><\/svg><\/span><span style=\"\">share<\/span>\n\t\t\t<\/a><a aria-label=\"pinterest-logo\" target=\"_blank\" rel=\"nofollow\" href=\"https:\/\/pinterest.com\/pin\/create\/button\/?&amp;url=https%3A%2F%2Fplanipets.com%2Fblog%2Feducation-ludique-animaux%2Fgironde-la-creme-des-chiens-francais-saffronte-a-langon-voici-les-grands-vainqueurs%2F&amp;description=Gironde%20%3A%20la%20cr%C3%A8me%20des%20chiens%20fran%C3%A7ais%20s%E2%80%99affronte%20%C3%A0%20Langon%20%E2%80%94%20voici%20les%20grands%20vainqueurs&amp;media=https:\/\/planipets.com\/blog\/wp-content\/uploads\/2025\/10\/Gironde-1-000-chiens-dexception-a-Langon-2-1024x576.jpg\" class=\"ub-social-share-pinterest-container\" style=\"border-color: #e60023; background-color: transparent; box-shadow: none; \">\n\t\t\t\t<span class=\"social-share-icon ub-social-share-pinterest\" style=\"width: 30px; height: 30px; \"><svg xmlns=\"http:\/\/www.w3.org\/2000\/svg\" style=\"fill:#e60023\" fill=\"#e60023\" width=\"20\" height=\"20\" viewbox=\"0 0 384 512\"><path d=\"M204 6.5C101.4 6.5 0 74.9 0 185.6 0 256 39.6 296 63.6 296c9.9 0 15.6-27.6 15.6-35.4 0-9.3-23.7-29.1-23.7-67.8 0-80.4 61.2-137.4 140.4-137.4 68.1 0 118.5 38.7 118.5 109.8 0 53.1-21.3 152.7-90.3 152.7-24.9 0-46.2-18-46.2-43.8 0-37.8 26.4-74.4 26.4-113.4 0-66.2-93.9-54.2-93.9 25.8 0 16.8 2.1 35.4 9.6 50.7-13.8 59.4-42 147.9-42 209.1 0 18.9 2.7 37.5 4.5 56.4 3.4 3.8 1.7 3.4 6.9 1.5 50.4-69 48.6-82.5 71.4-172.8 12.3 23.4 44.1 36 69.3 36 106.2 0 153.9-103.5 153.9-196.8C384 71.3 298.2 6.5 204 6.5z\"><\/path><\/svg><\/span><span style=\"\">pin<\/span>\n\t\t\t<\/a><a aria-label=\"reddit-logo\" target=\"_blank\" rel=\"nofollow\" href=\"http:\/\/www.reddit.com\/submit?url=https%3A%2F%2Fplanipets.com%2Fblog%2Feducation-ludique-animaux%2Fgironde-la-creme-des-chiens-francais-saffronte-a-langon-voici-les-grands-vainqueurs%2F&amp;title=Gironde%20%3A%20la%20cr%C3%A8me%20des%20chiens%20fran%C3%A7ais%20s%E2%80%99affronte%20%C3%A0%20Langon%20%E2%80%94%20voici%20les%20grands%20vainqueurs\" class=\"ub-social-share-reddit-container\" style=\"border-color: #ff4500; background-color: transparent; box-shadow: none; \">\n\t\t\t\t<span class=\"social-share-icon ub-social-share-reddit\" style=\"width: 30px; height: 30px; \"><svg xmlns=\"http:\/\/www.w3.org\/2000\/svg\" style=\"fill:#ff4500\" fill=\"#ff4500\" width=\"20\" height=\"20\" viewbox=\"0 0 512 512\"><path d=\"M440.3 203.5c-15 0-28.2 6.2-37.9 15.9-35.7-24.7-83.8-40.6-137.1-42.3L293 52.3l88.2 19.8c0 21.6 17.6 39.2 39.2 39.2 22 0 39.7-18.1 39.7-39.7s-17.6-39.7-39.7-39.7c-15.4 0-28.7 9.3-35.3 22l-97.4-21.6c-4.9-1.3-9.7 2.2-11 7.1L246.3 177c-52.9 2.2-100.5 18.1-136.3 42.8-9.7-10.1-23.4-16.3-38.4-16.3-55.6 0-73.8 74.6-22.9 100.1-1.8 7.9-2.6 16.3-2.6 24.7 0 83.8 94.4 151.7 210.3 151.7 116.4 0 210.8-67.9 210.8-151.7 0-8.4-.9-17.2-3.1-25.1 49.9-25.6 31.5-99.7-23.8-99.7zM129.4 308.9c0-22 17.6-39.7 39.7-39.7 21.6 0 39.2 17.6 39.2 39.7 0 21.6-17.6 39.2-39.2 39.2-22 .1-39.7-17.6-39.7-39.2zm214.3 93.5c-36.4 36.4-139.1 36.4-175.5 0-4-3.5-4-9.7 0-13.7 3.5-3.5 9.7-3.5 13.2 0 27.8 28.5 120 29 149 0 3.5-3.5 9.7-3.5 13.2 0 4.1 4 4.1 10.2.1 13.7zm-.8-54.2c-21.6 0-39.2-17.6-39.2-39.2 0-22 17.6-39.7 39.2-39.7 22 0 39.7 17.6 39.7 39.7-.1 21.5-17.7 39.2-39.7 39.2z\"><\/path><\/svg><\/span><span style=\"\">post<\/span>\n\t\t\t<\/a><a aria-label=\"tumblr-logo\" target=\"_blank\" rel=\"nofollow\" href=\"https:\/\/www.tumblr.com\/widgets\/share\/tool?canonicalUrl=https%3A%2F%2Fplanipets.com%2Fblog%2Feducation-ludique-animaux%2Fgironde-la-creme-des-chiens-francais-saffronte-a-langon-voici-les-grands-vainqueurs%2F&amp;title=Gironde%20%3A%20la%20cr%C3%A8me%20des%20chiens%20fran%C3%A7ais%20s%E2%80%99affronte%20%C3%A0%20Langon%20%E2%80%94%20voici%20les%20grands%20vainqueurs\" class=\"ub-social-share-tumblr-container\" style=\"border-color: #001935; background-color: transparent; box-shadow: none; \">\n\t\t\t\t<span class=\"social-share-icon ub-social-share-tumblr\" style=\"width: 30px; height: 30px; \"><svg xmlns=\"http:\/\/www.w3.org\/2000\/svg\" style=\"fill:#001935\" fill=\"#001935\" width=\"20\" height=\"20\" viewbox=\"0 0 320 512\"><path d=\"M309.8 480.3c-13.6 14.5-50 31.7-97.4 31.7-120.8 0-147-88.8-147-140.6v-144H17.9c-5.5 0-10-4.5-10-10v-68c0-7.2 4.5-13.6 11.3-16 62-21.8 81.5-76 84.3-117.1.8-11 6.5-16.3 16.1-16.3h70.9c5.5 0 10 4.5 10 10v115.2h83c5.5 0 10 4.4 10 9.9v81.7c0 5.5-4.5 10-10 10h-83.4V360c0 34.2 23.7 53.6 68 35.8 4.8-1.9 9-3.2 12.7-2.2 3.5.9 5.8 3.4 7.4 7.9l22 64.3c1.8 5 3.3 10.6-.4 14.5z\"><\/path><\/svg><\/span><span style=\"\">share<\/span>\n\t\t\t<\/a><\/div>\n\t\t<\/div>\n\n\n<h3 class=\"wp-block-heading\" id=\"30-nos-lecteurs-n%E2%80%99en-sont-pas-rest%C3%A9s-l%C3%A0-ils-ont-craqu%C3%A9-pour-ces-autres-sujets\">Nos lecteurs n\u2019en sont pas rest\u00e9s l\u00e0 . Ils ont craqu\u00e9 pour ces autres sujets<a href=\"https:\/\/planipets.com\/blog\/chien\/comportement-chien\/chien-destructeur-quand-il-est-seul\/\"><\/a><a href=\"https:\/\/planipets.com\/blog\/education-ludique-animaux\/travailler-avec-les-chiens-ces-formations-rares-qui-font-avancer-le-bien-etre-animal-en-france\/\"><\/a><\/h3>\n\n\n<section class=\"wp-block-ub-post-grid ub-block-post-grid align  is-equal-height preserve-post-image-aspect-ratio\" style=\"\" id=\"ub-post-grid-\"><div class=\"ub-post-grid-items is-grid columns-2\" style=\"row-gap: 32px; column-gap: 32px; \"><article id=\"post-67404\" class=\"ub-post-grid-item post-67404 post type-post status-publish format-standard has-post-thumbnail category-comportement-chien category-accessoires category-adopter-chien tag-animaux tag-chien tag-education tag-fugue tag-securite\" style=\"\"><div class=\"ub-block-post-grid-image\" style=\"\"><a href=\"https:\/\/planipets.com\/blog\/chien\/comportement-chien\/retrouver-chien-fugueur-2\/\" rel=\"bookmark\" aria-hidden=\"true\" tabindex=\"-1\"><img decoding=\"async\" width=\"1536\" height=\"1024\" src=\"https:\/\/planipets.com\/blog\/wp-content\/uploads\/2026\/04\/Comment-retrouver-rapidement-votre-chien-fugueur-et-eviter-les-recidives-2.png\" class=\"attachment-full size-full\" alt=\"\" style=\"max-width: 600px; \" srcset=\"https:\/\/planipets.com\/blog\/wp-content\/uploads\/2026\/04\/Comment-retrouver-rapidement-votre-chien-fugueur-et-eviter-les-recidives-2.png 1536w, https:\/\/planipets.com\/blog\/wp-content\/uploads\/2026\/04\/Comment-retrouver-rapidement-votre-chien-fugueur-et-eviter-les-recidives-2-300x200.png 300w, https:\/\/planipets.com\/blog\/wp-content\/uploads\/2026\/04\/Comment-retrouver-rapidement-votre-chien-fugueur-et-eviter-les-recidives-2-1024x683.png 1024w, https:\/\/planipets.com\/blog\/wp-content\/uploads\/2026\/04\/Comment-retrouver-rapidement-votre-chien-fugueur-et-eviter-les-recidives-2-768x512.png 768w, https:\/\/planipets.com\/blog\/wp-content\/uploads\/2026\/04\/Comment-retrouver-rapidement-votre-chien-fugueur-et-eviter-les-recidives-2-150x100.png 150w, https:\/\/planipets.com\/blog\/wp-content\/uploads\/2026\/04\/Comment-retrouver-rapidement-votre-chien-fugueur-et-eviter-les-recidives-2-450x300.png 450w, https:\/\/planipets.com\/blog\/wp-content\/uploads\/2026\/04\/Comment-retrouver-rapidement-votre-chien-fugueur-et-eviter-les-recidives-2-1200x800.png 1200w\" sizes=\"(max-width: 1536px) 100vw, 1536px\" title=\"\"><\/a><\/div><div class=\"ub-block-post-grid-text\" style=\"\"><div class=\"ub-block-post-grid-header-content\"><header class=\"ub-block-post-grid-header\"><h2 class=\"ub-block-post-grid-title\"><a style=\"\" href=\"https:\/\/planipets.com\/blog\/chien\/comportement-chien\/retrouver-chien-fugueur-2\/\" rel=\"bookmark\">Comment retrouver rapidement votre chien fugueur et \u00e9viter les r\u00e9cidives<\/a><\/h2><div class=\"ub-block-post-grid-author\" itemprop=\"author\"><a class=\"ub-text-link\" style=\"\" href=\"https:\/\/planipets.com\/blog\/author\/redaction\/\" itemprop=\"url\" rel=\"author\"><span itemprop=\"name\">The Planipets editorial team<\/span><\/a><\/div><time datetime=\"2026-04-28T09:11:07+02:00\" class=\"ub-block-post-grid-date\" style=\"\" itemprop=\"datePublished\">2026-04-28<\/time><\/header><\/div><div class=\"ub-block-post-grid-excerpt\"><div class=\"ub-block-post-grid-excerpt-text\" style=\"\"><p>\u2726 L\u2019essentiel Il ne faut parfois qu\u2019un instant d\u2019inattention \u2014 une porti\u00e8re qui claque, un bruit inattendu \u2014 pour que votre chien disparaisse. Le vide s\u2019installe, l\u2019angoisse serre la gorge. Tout bascule en une fraction de seconde. En bref : N\u2019importe quel ma\u00eetre peut \u00eatre confront\u00e9 \u00e0 la fugue, peu importe le caract\u00e8re de son\u2026<\/p>\n<\/div><p><a class=\"ub-block-post-grid-more-link ub-text-link\" style=\"\" href=\"https:\/\/planipets.com\/blog\/chien\/comportement-chien\/retrouver-chien-fugueur-2\/\" rel=\"bookmark\">Continue Reading <span class=\"screen-reader-text\">Comment retrouver rapidement votre chien fugueur et \u00e9viter les r\u00e9cidives<\/span><\/a><\/p><\/div><\/div><\/article>\n<article id=\"post-67371\" class=\"ub-post-grid-item post-67371 post type-post status-publish format-standard has-post-thumbnail category-races-chiens category-bien-vivre-avec-son-chien category-ce-quon-ne-veut-pas-voir category-chien category-choisir-alimentation-chien category-comportement-chien category-origine-domestication-chien category-sante-chien\" style=\"\"><div class=\"ub-block-post-grid-image\" style=\"\"><a href=\"https:\/\/planipets.com\/blog\/chien\/races-chiens\/laffenpinscher-infographies-pour-tout-savoir-sur-son-histoire-son-temperament-son-education-son-cout-2\/\" rel=\"bookmark\" aria-hidden=\"true\" tabindex=\"-1\"><img loading=\"lazy\" decoding=\"async\" width=\"1200\" height=\"600\" src=\"https:\/\/planipets.com\/blog\/wp-content\/uploads\/2026\/04\/Image-en-avant.jpg\" class=\"attachment-full size-full\" alt=\"Airedale Terrier marchant dans un ruisseau en pleine nature, sur un chemin rural.\" style=\"max-width: 600px; \" srcset=\"https:\/\/planipets.com\/blog\/wp-content\/uploads\/2026\/04\/Image-en-avant.jpg 1200w, https:\/\/planipets.com\/blog\/wp-content\/uploads\/2026\/04\/Image-en-avant-300x150.jpg 300w, https:\/\/planipets.com\/blog\/wp-content\/uploads\/2026\/04\/Image-en-avant-1024x512.jpg 1024w, https:\/\/planipets.com\/blog\/wp-content\/uploads\/2026\/04\/Image-en-avant-768x384.jpg 768w, https:\/\/planipets.com\/blog\/wp-content\/uploads\/2026\/04\/Image-en-avant-150x75.jpg 150w, https:\/\/planipets.com\/blog\/wp-content\/uploads\/2026\/04\/Image-en-avant-450x225.jpg 450w\" sizes=\"(max-width: 1200px) 100vw, 1200px\" title=\"\"><\/a><\/div><div class=\"ub-block-post-grid-text\" style=\"\"><div class=\"ub-block-post-grid-header-content\"><header class=\"ub-block-post-grid-header\"><h2 class=\"ub-block-post-grid-title\"><a style=\"\" href=\"https:\/\/planipets.com\/blog\/chien\/races-chiens\/laffenpinscher-infographies-pour-tout-savoir-sur-son-histoire-son-temperament-son-education-son-cout-2\/\" rel=\"bookmark\">Le Airedale Terrier : infographies pour tout savoir sur son histoire, son temp\u00e9rament, son \u00e9ducation, son co\u00fbt<\/a><\/h2><div class=\"ub-block-post-grid-author\" itemprop=\"author\"><a class=\"ub-text-link\" style=\"\" href=\"https:\/\/planipets.com\/blog\/author\/redaction\/\" itemprop=\"url\" rel=\"author\"><span itemprop=\"name\">The Planipets editorial team<\/span><\/a><\/div><time datetime=\"2026-04-26T13:47:52+02:00\" class=\"ub-block-post-grid-date\" style=\"\" itemprop=\"datePublished\">2026-04-26<\/time><\/header><\/div><div class=\"ub-block-post-grid-excerpt\"><div class=\"ub-block-post-grid-excerpt-text\" style=\"\"><p>L\u2019Affenpinscher, souvent surnomm\u00e9 le \u00ab petit chien-singe \u00bb en raison de son expression faciale unique, est une race de petit chien originaire d\u2019Allemagne. Derri\u00e8re son allure amusante et sa barbe caract\u00e9ristique se cache un compagnon courageux, vif et extr\u00eamement attach\u00e9 \u00e0 ses ma\u00eetres\u2026<\/p>\n<\/div><p><a class=\"ub-block-post-grid-more-link ub-text-link\" style=\"\" href=\"https:\/\/planipets.com\/blog\/chien\/races-chiens\/laffenpinscher-infographies-pour-tout-savoir-sur-son-histoire-son-temperament-son-education-son-cout-2\/\" rel=\"bookmark\">Continue Reading <span class=\"screen-reader-text\">Le Airedale Terrier : infographies pour tout savoir sur son histoire, son temp\u00e9rament, son \u00e9ducation, son co\u00fbt<\/span><\/a><\/p><\/div><\/div><\/article>\n<article id=\"post-67381\" class=\"ub-post-grid-item post-67381 post type-post status-publish format-standard has-post-thumbnail category-chat-qui-miaule category-comportement-chat category-sante-chat tag-chat tag-comportement-felin tag-miaulement tag-sante-animale tag-solutions\" style=\"\"><div class=\"ub-block-post-grid-image\" style=\"\"><a href=\"https:\/\/planipets.com\/blog\/chat\/bien-vivre-avec-son-chat\/chat-qui-miaule\/miaulement-incessant-chat-causes-solutions\/\" rel=\"bookmark\" aria-hidden=\"true\" tabindex=\"-1\"><img loading=\"lazy\" decoding=\"async\" width=\"1536\" height=\"1024\" src=\"https:\/\/planipets.com\/blog\/wp-content\/uploads\/2026\/04\/Miaulement-incessant-chez-le-chat-causes-et-solutions-pour-apaiser-votre-felin.png\" class=\"attachment-full size-full\" alt=\"\" style=\"max-width: 600px; \" srcset=\"https:\/\/planipets.com\/blog\/wp-content\/uploads\/2026\/04\/Miaulement-incessant-chez-le-chat-causes-et-solutions-pour-apaiser-votre-felin.png 1536w, https:\/\/planipets.com\/blog\/wp-content\/uploads\/2026\/04\/Miaulement-incessant-chez-le-chat-causes-et-solutions-pour-apaiser-votre-felin-300x200.png 300w, https:\/\/planipets.com\/blog\/wp-content\/uploads\/2026\/04\/Miaulement-incessant-chez-le-chat-causes-et-solutions-pour-apaiser-votre-felin-1024x683.png 1024w, https:\/\/planipets.com\/blog\/wp-content\/uploads\/2026\/04\/Miaulement-incessant-chez-le-chat-causes-et-solutions-pour-apaiser-votre-felin-768x512.png 768w, https:\/\/planipets.com\/blog\/wp-content\/uploads\/2026\/04\/Miaulement-incessant-chez-le-chat-causes-et-solutions-pour-apaiser-votre-felin-150x100.png 150w, https:\/\/planipets.com\/blog\/wp-content\/uploads\/2026\/04\/Miaulement-incessant-chez-le-chat-causes-et-solutions-pour-apaiser-votre-felin-450x300.png 450w, https:\/\/planipets.com\/blog\/wp-content\/uploads\/2026\/04\/Miaulement-incessant-chez-le-chat-causes-et-solutions-pour-apaiser-votre-felin-1200x800.png 1200w\" sizes=\"(max-width: 1536px) 100vw, 1536px\" title=\"\"><\/a><\/div><div class=\"ub-block-post-grid-text\" style=\"\"><div class=\"ub-block-post-grid-header-content\"><header class=\"ub-block-post-grid-header\"><h2 class=\"ub-block-post-grid-title\"><a style=\"\" href=\"https:\/\/planipets.com\/blog\/chat\/bien-vivre-avec-son-chat\/chat-qui-miaule\/miaulement-incessant-chat-causes-solutions\/\" rel=\"bookmark\">Miaulement incessant chez le chat : causes et solutions pour apaiser votre f\u00e9lin<\/a><\/h2><div class=\"ub-block-post-grid-author\" itemprop=\"author\"><a class=\"ub-text-link\" style=\"\" href=\"https:\/\/planipets.com\/blog\/author\/redaction\/\" itemprop=\"url\" rel=\"author\"><span itemprop=\"name\">The Planipets editorial team<\/span><\/a><\/div><time datetime=\"2026-04-26T13:47:01+02:00\" class=\"ub-block-post-grid-date\" style=\"\" itemprop=\"datePublished\">2026-04-26<\/time><\/header><\/div><div class=\"ub-block-post-grid-excerpt\"><div class=\"ub-block-post-grid-excerpt-text\" style=\"\"><p>\u2726 L\u2019essentiel **Le miaulement incessant de votre chat peut \u00eatre d\u00e9routant et parfois m\u00eame inqui\u00e9tant. Mais comprendre les raisons derri\u00e8re ces vocalisations peut vous aider \u00e0 mieux r\u00e9pondre aux besoins de votre f\u00e9lin.** En bref : Le miaulement peut indiquer des besoins physiologiques ou des probl\u00e8mes de sant\u00e9. Les causes comportementales incluent le stress et\u2026<\/p>\n<\/div><p><a class=\"ub-block-post-grid-more-link ub-text-link\" style=\"\" href=\"https:\/\/planipets.com\/blog\/chat\/bien-vivre-avec-son-chat\/chat-qui-miaule\/miaulement-incessant-chat-causes-solutions\/\" rel=\"bookmark\">Continue Reading <span class=\"screen-reader-text\">Miaulement incessant chez le chat : causes et solutions pour apaiser votre f\u00e9lin<\/span><\/a><\/p><\/div><\/div><\/article>\n<article id=\"post-67365\" class=\"ub-post-grid-item post-67365 post type-post status-publish format-standard has-post-thumbnail category-chat-qui-miaule tag-chat tag-communication-animale tag-comportement-felin tag-emotions-felines tag-miaulements\" style=\"\"><div class=\"ub-block-post-grid-image\" style=\"\"><a href=\"https:\/\/planipets.com\/blog\/chat\/bien-vivre-avec-son-chat\/chat-qui-miaule\/miaulements-chat-decryptage-vocalisations-emotions\/\" rel=\"bookmark\" aria-hidden=\"true\" tabindex=\"-1\"><img loading=\"lazy\" decoding=\"async\" width=\"1536\" height=\"1024\" src=\"https:\/\/planipets.com\/blog\/wp-content\/uploads\/2026\/04\/Miaulements-chez-le-chat-Comprendre-les-vocalisations-et-emotions-felines.png\" class=\"attachment-full size-full\" alt=\"\" style=\"max-width: 600px; \" srcset=\"https:\/\/planipets.com\/blog\/wp-content\/uploads\/2026\/04\/Miaulements-chez-le-chat-Comprendre-les-vocalisations-et-emotions-felines.png 1536w, https:\/\/planipets.com\/blog\/wp-content\/uploads\/2026\/04\/Miaulements-chez-le-chat-Comprendre-les-vocalisations-et-emotions-felines-300x200.png 300w, https:\/\/planipets.com\/blog\/wp-content\/uploads\/2026\/04\/Miaulements-chez-le-chat-Comprendre-les-vocalisations-et-emotions-felines-1024x683.png 1024w, https:\/\/planipets.com\/blog\/wp-content\/uploads\/2026\/04\/Miaulements-chez-le-chat-Comprendre-les-vocalisations-et-emotions-felines-768x512.png 768w, https:\/\/planipets.com\/blog\/wp-content\/uploads\/2026\/04\/Miaulements-chez-le-chat-Comprendre-les-vocalisations-et-emotions-felines-150x100.png 150w, https:\/\/planipets.com\/blog\/wp-content\/uploads\/2026\/04\/Miaulements-chez-le-chat-Comprendre-les-vocalisations-et-emotions-felines-450x300.png 450w, https:\/\/planipets.com\/blog\/wp-content\/uploads\/2026\/04\/Miaulements-chez-le-chat-Comprendre-les-vocalisations-et-emotions-felines-1200x800.png 1200w\" sizes=\"(max-width: 1536px) 100vw, 1536px\" title=\"\"><\/a><\/div><div class=\"ub-block-post-grid-text\" style=\"\"><div class=\"ub-block-post-grid-header-content\"><header class=\"ub-block-post-grid-header\"><h2 class=\"ub-block-post-grid-title\"><a style=\"\" href=\"https:\/\/planipets.com\/blog\/chat\/bien-vivre-avec-son-chat\/chat-qui-miaule\/miaulements-chat-decryptage-vocalisations-emotions\/\" rel=\"bookmark\">Miaulements chez le chat : Comprendre les vocalisations et \u00e9motions f\u00e9lines<\/a><\/h2><div class=\"ub-block-post-grid-author\" itemprop=\"author\"><a class=\"ub-text-link\" style=\"\" href=\"https:\/\/planipets.com\/blog\/author\/\" itemprop=\"url\" rel=\"author\"><span itemprop=\"name\"><\/span><\/a><\/div><time datetime=\"2026-04-15T18:53:34+02:00\" class=\"ub-block-post-grid-date\" style=\"\" itemprop=\"datePublished\">2026-04-15<\/time><\/header><\/div><div class=\"ub-block-post-grid-excerpt\"><div class=\"ub-block-post-grid-excerpt-text\" style=\"\"><p># Miaulements chez le chat : d\u00e9cryptage des vocalisations et des \u00e9motions f\u00e9lines Les propri\u00e9taires de chats pensent souvent comprendre parfaitement les miaulements de leur compagnon. Pourtant, les \u00e9tudes scientifiques r\u00e9v\u00e8lent une r\u00e9alit\u00e9 bien plus complexe : chaque son \u00e9mis par votre f\u00e9lin est un message cod\u00e9, influenc\u00e9 par son \u00e9tat \u00e9motionnel, son environnement et\u2026<\/p>\n<\/div><p><a class=\"ub-block-post-grid-more-link ub-text-link\" style=\"\" href=\"https:\/\/planipets.com\/blog\/chat\/bien-vivre-avec-son-chat\/chat-qui-miaule\/miaulements-chat-decryptage-vocalisations-emotions\/\" rel=\"bookmark\">Continue Reading <span class=\"screen-reader-text\">Miaulements chez le chat : Comprendre les vocalisations et \u00e9motions f\u00e9lines<\/span><\/a><\/p><\/div><\/div><\/article>\n<article id=\"post-67315\" class=\"ub-post-grid-item post-67315 post type-post status-publish format-standard has-post-thumbnail category-races-chiens category-adopter-chien category-bien-vivre-avec-son-chien category-comportement-chien\" style=\"\"><div class=\"ub-block-post-grid-image\" style=\"\"><a href=\"https:\/\/planipets.com\/blog\/chien\/races-chiens\/laffenpinscher-infographies-pour-tout-savoir-sur-son-histoire-son-temperament-son-education-son-cout\/\" rel=\"bookmark\" aria-hidden=\"true\" tabindex=\"-1\"><img loading=\"lazy\" decoding=\"async\" width=\"1200\" height=\"600\" src=\"https:\/\/planipets.com\/blog\/wp-content\/uploads\/2026\/03\/affenpinscher-chien-noir-jouet-herbe.jpg\" class=\"attachment-full size-full\" alt=\"Affenpinscher noir allong\u00e9 dans l\u2019herbe avec un jouet orange\" style=\"max-width: 600px; \" srcset=\"https:\/\/planipets.com\/blog\/wp-content\/uploads\/2026\/03\/affenpinscher-chien-noir-jouet-herbe.jpg 1200w, https:\/\/planipets.com\/blog\/wp-content\/uploads\/2026\/03\/affenpinscher-chien-noir-jouet-herbe-300x150.jpg 300w, https:\/\/planipets.com\/blog\/wp-content\/uploads\/2026\/03\/affenpinscher-chien-noir-jouet-herbe-1024x512.jpg 1024w, https:\/\/planipets.com\/blog\/wp-content\/uploads\/2026\/03\/affenpinscher-chien-noir-jouet-herbe-768x384.jpg 768w, https:\/\/planipets.com\/blog\/wp-content\/uploads\/2026\/03\/affenpinscher-chien-noir-jouet-herbe-150x75.jpg 150w, https:\/\/planipets.com\/blog\/wp-content\/uploads\/2026\/03\/affenpinscher-chien-noir-jouet-herbe-450x225.jpg 450w\" sizes=\"(max-width: 1200px) 100vw, 1200px\" title=\"\"><\/a><\/div><div class=\"ub-block-post-grid-text\" style=\"\"><div class=\"ub-block-post-grid-header-content\"><header class=\"ub-block-post-grid-header\"><h2 class=\"ub-block-post-grid-title\"><a style=\"\" href=\"https:\/\/planipets.com\/blog\/chien\/races-chiens\/laffenpinscher-infographies-pour-tout-savoir-sur-son-histoire-son-temperament-son-education-son-cout\/\" rel=\"bookmark\">L\u2019Affenpinscher : infographies pour tout savoir sur son histoire, son temp\u00e9rament, son \u00e9ducation, son co\u00fbt<\/a><\/h2><div class=\"ub-block-post-grid-author\" itemprop=\"author\"><a class=\"ub-text-link\" style=\"\" href=\"https:\/\/planipets.com\/blog\/author\/redaction\/\" itemprop=\"url\" rel=\"author\"><span itemprop=\"name\">The Planipets editorial team<\/span><\/a><\/div><time datetime=\"2026-03-17T12:46:25+01:00\" class=\"ub-block-post-grid-date\" style=\"\" itemprop=\"datePublished\">2026-03-17<\/time><\/header><\/div><div class=\"ub-block-post-grid-excerpt\"><div class=\"ub-block-post-grid-excerpt-text\" style=\"\"><p>L\u2019Affenpinscher, souvent surnomm\u00e9 le \u00ab petit chien-singe \u00bb en raison de son expression faciale unique, est une race de petit chien originaire d\u2019Allemagne. Derri\u00e8re son allure amusante et sa barbe caract\u00e9ristique se cache un compagnon courageux, vif et extr\u00eamement attach\u00e9 \u00e0 ses ma\u00eetres\u2026<\/p>\n<\/div><p><a class=\"ub-block-post-grid-more-link ub-text-link\" style=\"\" href=\"https:\/\/planipets.com\/blog\/chien\/races-chiens\/laffenpinscher-infographies-pour-tout-savoir-sur-son-histoire-son-temperament-son-education-son-cout\/\" rel=\"bookmark\">Continue Reading <span class=\"screen-reader-text\">L\u2019Affenpinscher : infographies pour tout savoir sur son histoire, son temp\u00e9rament, son \u00e9ducation, son co\u00fbt<\/span><\/a><\/p><\/div><\/div><\/article>\n<article id=\"post-67281\" class=\"ub-post-grid-item post-67281 post type-post status-publish format-standard has-post-thumbnail category-comportement-chien category-bien-vivre-avec-son-chien category-conseils-et-vie-quotidienne\" style=\"\"><div class=\"ub-block-post-grid-image\" style=\"\"><a href=\"https:\/\/planipets.com\/blog\/chien\/comportement-chien\/preparer-son-chien-a-attendre-dehors\/\" rel=\"bookmark\" aria-hidden=\"true\" tabindex=\"-1\"><img loading=\"lazy\" decoding=\"async\" width=\"1200\" height=\"675\" src=\"https:\/\/planipets.com\/blog\/wp-content\/uploads\/2025\/12\/Image-en-avant.jpg\" class=\"attachment-full size-full\" alt=\"Illustration d&#039;un propri\u00e9taire enseignant \u00e0 son chien \u00e0 rester calme avant de partir, avec un geste de &quot;reste&quot;. Cr\u00e9dit photo : Planipets\" style=\"max-width: 600px; \" srcset=\"https:\/\/planipets.com\/blog\/wp-content\/uploads\/2025\/12\/Image-en-avant.jpg 1200w, https:\/\/planipets.com\/blog\/wp-content\/uploads\/2025\/12\/Image-en-avant-300x169.jpg 300w, https:\/\/planipets.com\/blog\/wp-content\/uploads\/2025\/12\/Image-en-avant-1024x576.jpg 1024w, https:\/\/planipets.com\/blog\/wp-content\/uploads\/2025\/12\/Image-en-avant-768x432.jpg 768w, https:\/\/planipets.com\/blog\/wp-content\/uploads\/2025\/12\/Image-en-avant-150x84.jpg 150w, https:\/\/planipets.com\/blog\/wp-content\/uploads\/2025\/12\/Image-en-avant-450x253.jpg 450w\" sizes=\"(max-width: 1200px) 100vw, 1200px\" title=\"\"><\/a><\/div><div class=\"ub-block-post-grid-text\" style=\"\"><div class=\"ub-block-post-grid-header-content\"><header class=\"ub-block-post-grid-header\"><h2 class=\"ub-block-post-grid-title\"><a style=\"\" href=\"https:\/\/planipets.com\/blog\/chien\/comportement-chien\/preparer-son-chien-a-attendre-dehors\/\" rel=\"bookmark\">Comment pr\u00e9parer son chien \u00e0 attendre dehors en toute s\u00e9r\u00e9nit\u00e9 ?<\/a><\/h2><div class=\"ub-block-post-grid-author\" itemprop=\"author\"><a class=\"ub-text-link\" style=\"\" href=\"https:\/\/planipets.com\/blog\/author\/redaction\/\" itemprop=\"url\" rel=\"author\"><span itemprop=\"name\">The Planipets editorial team<\/span><\/a><\/div><time datetime=\"2025-12-08T20:52:56+01:00\" class=\"ub-block-post-grid-date\" style=\"\" itemprop=\"datePublished\">2025-12-08<\/time><\/header><\/div><div class=\"ub-block-post-grid-excerpt\"><div class=\"ub-block-post-grid-excerpt-text\" style=\"\"><p>L\u2019attente en ext\u00e9rieur peut \u00eatre une exp\u00e9rience stressante pour certains chiens, surtout si ce moment est associ\u00e9 \u00e0 de l\u2019anxi\u00e9t\u00e9 ou de l\u2019ennui. Pr\u00e9parer son chien \u00e0 attendre dehors en toute s\u00e9r\u00e9nit\u00e9 est essentiel pour sa tranquillit\u00e9 et pour la v\u00f4tre. Cette pr\u00e9paration ne se fait pas du jour au lendemain, mais avec un peu\u2026<\/p>\n<\/div><p><a class=\"ub-block-post-grid-more-link ub-text-link\" style=\"\" href=\"https:\/\/planipets.com\/blog\/chien\/comportement-chien\/preparer-son-chien-a-attendre-dehors\/\" rel=\"bookmark\">Continue Reading <span class=\"screen-reader-text\">Comment pr\u00e9parer son chien \u00e0 attendre dehors en toute s\u00e9r\u00e9nit\u00e9 ?<\/span><\/a><\/p><\/div><\/div><\/article>\n<\/div><\/section>","protected":false},"excerpt":{"rendered":"<p>Langon, capitale d\u2019un jour des chiens de prestige Le 12 octobre 2025, le Parc des Vergers de Langon (Gironde) a renou\u00e9 avec son glorieux pass\u00e9 : apr\u00e8s 28 ans d\u2019absence, il a de nouveau accueilli une exposition canine nationale organis\u00e9e par l\u2019Association Canine Territoriale de la Gironde (ACTG). Un retour triomphal qui a attir\u00e9 pr\u00e8s<\/p>\n","protected":false},"author":26,"featured_media":65204,"comment_status":"open","ping_status":"open","sticky":false,"template":"","format":"standard","meta":{"_crdt_document":"","footnotes":"","spc_primary_category":210},"categories":[210,47,2616,54],"tags":[],"class_list":{"0":"post-65184","1":"post","2":"type-post","3":"status-publish","4":"format-standard","5":"has-post-thumbnail","7":"category-education-ludique-animaux","8":"category-chien","9":"category-medias","10":"category-races-chiens"},"featured_image_src":"https:\/\/planipets.com\/blog\/wp-content\/uploads\/2025\/10\/Gironde-1-000-chiens-dexception-a-Langon-2.jpg","author_info":{"display_name":"The Planipets editorial team","author_link":"https:\/\/planipets.com\/blog\/author\/redaction\/"},"brizy_media":[],"_links":{"self":[{"href":"https:\/\/planipets.com\/blog\/wp-json\/wp\/v2\/posts\/65184","targetHints":{"allow":["GET"]}}],"collection":[{"href":"https:\/\/planipets.com\/blog\/wp-json\/wp\/v2\/posts"}],"about":[{"href":"https:\/\/planipets.com\/blog\/wp-json\/wp\/v2\/types\/post"}],"author":[{"embeddable":true,"href":"https:\/\/planipets.com\/blog\/wp-json\/wp\/v2\/users\/26"}],"replies":[{"embeddable":true,"href":"https:\/\/planipets.com\/blog\/wp-json\/wp\/v2\/comments?post=65184"}],"version-history":[{"count":12,"href":"https:\/\/planipets.com\/blog\/wp-json\/wp\/v2\/posts\/65184\/revisions"}],"predecessor-version":[{"id":65824,"href":"https:\/\/planipets.com\/blog\/wp-json\/wp\/v2\/posts\/65184\/revisions\/65824"}],"wp:featuredmedia":[{"embeddable":true,"href":"https:\/\/planipets.com\/blog\/wp-json\/wp\/v2\/media\/65204"}],"wp:attachment":[{"href":"https:\/\/planipets.com\/blog\/wp-json\/wp\/v2\/media?parent=65184"}],"wp:term":[{"taxonomy":"category","embeddable":true,"href":"https:\/\/planipets.com\/blog\/wp-json\/wp\/v2\/categories?post=65184"},{"taxonomy":"post_tag","embeddable":true,"href":"https:\/\/planipets.com\/blog\/wp-json\/wp\/v2\/tags?post=65184"}],"curies":[{"name":"wp","href":"https:\/\/api.w.org\/{rel}","templated":true}]}}