{"id":64691,"date":"2025-10-14T09:00:34","date_gmt":"2025-10-14T07:00:34","guid":{"rendered":"https:\/\/planipets.com\/blog\/?p=64691"},"modified":"2025-10-24T20:16:32","modified_gmt":"2025-10-24T18:16:32","slug":"sebastien-lecornu-premier-ministre","status":"publish","type":"post","link":"https:\/\/planipets.com\/blog\/questionnements-radicaux\/sebastien-lecornu-premier-ministre\/","title":{"rendered":"S\u00e9bastien Lecornu reconduit Premier ministre : le signe d\u2019une France fatigu\u00e9e du changement"},"content":{"rendered":"\n<blockquote class=\"wp-block-quote is-layout-flow wp-block-quote-is-layout-flow\">\n<p class=\"wp-block-paragraph\"><em>Analyse sign\u00e9e Lor\u00e9na Achemoukh, pour <strong><a href=\"https:\/\/planipets.com\/blog\/media\/\">Planipets M\u00e9dia<\/a><\/strong> \u2013 un regard sur l\u2019actualit\u00e9 politique \u00e0 travers le prisme du vivant (chiens, chats et autres).<\/em><\/p>\n<\/blockquote>\n\n\n\n<p class=\"wp-block-paragraph\"><strong>S\u00e9bastien Lecornu revient \u00e0 Matignon.<\/strong> Moins d\u2019un mois apr\u00e8s sa d\u00e9mission, il est de nouveau <strong>Premier ministre du gouvernement fran\u00e7ais<\/strong>. M\u00eame nom, m\u00eame visage, m\u00eame discours. Cette <a href=\"https:\/\/www.elysee.fr\/emmanuel-macron\/2025\/10\/10\/nomination-de-sebastien-lecornu-premier-ministre\" target=\"_blank\" rel=\"noopener\"><strong>reconduction, pr\u00e9sent\u00e9e par Emmanuel Macron<\/strong><\/a> comme un gage de stabilit\u00e9, r\u00e9v\u00e8le surtout un pays qui ne croit plus au renouveau. La<strong> France<\/strong> vient de faire le tour d\u2019elle-m\u00eame.<\/p>\n\n\n\n<p class=\"wp-block-paragraph\">Ici, <strong><a href=\"https:\/\/planipets.com\/blog\/media\/\">Planipets M\u00e9dia<\/a><\/strong> ne parle pas de politique pour elle-m\u00eame. Nous parlons de ce qu\u2019elle dit du <strong>vivant<\/strong>.<br>Notre mission est de comprendre comment les d\u00e9cisions publiques, les r\u00e9flexes collectifs et les crises institutionnelles fa\u00e7onnent aussi notre mani\u00e8re de<strong><a href=\"https:\/\/planipets.com\/blog\/resonance-animale\/vacances-de-macron-en-jetski-pour-nos-animaux-de-compagnie-le-vrai-bonheur-cest-juste-etre-en-famille\/\" data-type=\"post\" data-id=\"63105\"> vivre avec les animaux<\/a><\/strong>, les territoires et la confiance.<br>Et le retour de <strong>S\u00e9bastien Lecornu \u00e0 Matignon<\/strong> en dit long sur notre \u00e9poque : on reconduit ce qu\u2019on conna\u00eet, m\u00eame quand \u00e7a ne fonctionne plus.<\/p>\n\n\n<div class=\"wp-block-image\">\n<figure class=\"aligncenter size-full\"><img fetchpriority=\"high\" decoding=\"async\" width=\"600\" height=\"600\" src=\"https:\/\/planipets.com\/blog\/wp-content\/uploads\/2025\/10\/Sebastien-2.jpg\" alt=\"Portrait de S\u00e9bastien Lecornu, Premier ministre fran\u00e7ais, photographi\u00e9 dans un cadre institutionnel.\" class=\"wp-image-65728\" title=\"\" srcset=\"https:\/\/planipets.com\/blog\/wp-content\/uploads\/2025\/10\/Sebastien-2.jpg 600w, https:\/\/planipets.com\/blog\/wp-content\/uploads\/2025\/10\/Sebastien-2-300x300.jpg 300w, https:\/\/planipets.com\/blog\/wp-content\/uploads\/2025\/10\/Sebastien-2-150x150.jpg 150w, https:\/\/planipets.com\/blog\/wp-content\/uploads\/2025\/10\/Sebastien-2-450x450.jpg 450w, https:\/\/planipets.com\/blog\/wp-content\/uploads\/2025\/10\/Sebastien-2-96x96.jpg 96w\" sizes=\"(max-width: 600px) 100vw, 600px\" \/><figcaption class=\"wp-element-caption\">S\u00e9bastien Lecornu, reconduit Premier ministre \u2014 symbole d\u2019une continuit\u00e9 politique dans un climat de fatigue du changement.<br>Cr\u00e9dit photo : S\u00e9bastien Lecornu \/ Wikimedia Commons \u2013 CC BY-SA 4.0<\/figcaption><\/figure>\n<\/div>\n\n\n<p class=\"wp-block-paragraph\"><\/p>\n\n\n\n<p class=\"wp-block-paragraph\"><\/p>\n\n\n<div style=\"background-color: #d9edf7; color: #31708f; border-left-color: #31708f; \" class=\"ub-styled-box ub-notification-box wp-block-ub-styled-box\" id=\"ub-styled-box-7b87f9c3-0ad6-4160-adf8-22f0256961c4\">\n<h2 class=\"wp-block-heading\" id=\"0-jeux-pour-chien-intelligent-stimuler-le-cerveau-avant-tout\">Pourquoi Emmanuel Macron reconduit S\u00e9bastien Lecornu \u00e0 Matignon<\/h2>\n\n\n<\/div>\n\n\n<p class=\"wp-block-paragraph\">Cette reconduction politique n\u2019est pas un hasard. Elle s\u2019inscrit dans un climat o\u00f9 tout vacille : d\u00e9ficit budg\u00e9taire, d\u00e9fiance parlementaire, lassitude citoyenne. Selon un<a href=\"https:\/\/tolunacorporate.com\/fr\/enquetes-publiees\/\" target=\"_blank\" rel=\"noopener\"> <strong>sondage<\/strong><\/a><strong> Harris Interactive<\/strong> publi\u00e9 le <strong>11 octobre 2025<\/strong>, seuls <strong>27 % des Fran\u00e7ais<\/strong> pensent que le gouvernement actuel \u201cpeut encore cr\u00e9er un <strong>\u00e9lan nouveau<\/strong>\u201d. La majorit\u00e9 esp\u00e8re simplement qu\u2019il \u201ctienne <strong>le cap sans crise<\/strong>\u201d. <\/p>\n\n\n\n<p class=\"wp-block-paragraph\">Autrement dit : on ne r\u00eave plus d\u2019avancer, on esp\u00e8re juste que rien ne casse. C\u2019est ce que les <strong>politologues<\/strong> appellent <em>la <strong>politique du maintien<\/strong><\/em> : maintenir les \u00e9quilibres, maintenir la paix sociale, maintenir le visage connu. Mais ce r\u00e9flexe d\u00e9passe la politique : il s\u2019est gliss\u00e9 dans toutes les sph\u00e8res de la soci\u00e9t\u00e9. Dans les h\u00f4pitaux, les associations, les entreprises, on \u201c<strong>reconduit<\/strong>\u201d : les m\u00eames m\u00e9thodes, les m\u00eames cadres, les m\u00eames logiques d\u2019urgence.<\/p>\n\n\n\n<p class=\"wp-block-paragraph\"><\/p>\n\n\n\n<p class=\"wp-block-paragraph\"><\/p>\n\n\n\n<p class=\"wp-block-paragraph\"><\/p>\n\n\n<div style=\"background-color: #dff0d8; color: #3c763d; border-left-color: #3c763d; \" class=\"ub-styled-box ub-notification-box wp-block-ub-styled-box\" id=\"ub-styled-box-6372b482-677d-4839-9de4-f00f8fa4d826\">\n<h2 class=\"wp-block-heading\" id=\"0-jeux-pour-chien-intelligent-stimuler-le-cerveau-avant-tout\">De la politique au bien-\u00eatre animal : la France du \u201con continue comme avant\u201d<\/h2>\n\n\n<\/div>\n\n\n<p class=\"wp-block-paragraph\">Dans le <strong>secteur du<a href=\"https:\/\/planipets.com\/blog\/actualite\/la-municipalite-de-sugeres-sengage-en-faveur-du-bien-etre-animal\/\" data-type=\"post\" data-id=\"3310\"> bien-\u00eatre animal<\/a><\/strong>, cette inertie se traduit autrement : par une difficult\u00e9 \u00e0 r\u00e9inventer. Les refuges r\u00e9p\u00e8tent les m\u00eames appels \u00e0 dons, les structures locales fonctionnent avec les m\u00eames sch\u00e9mas depuis dix ans, les <a href=\"https:\/\/planipets.com\/blog\/medias\/greve-du-10-septembre-derriere-le-mouvement-bloquons-tout-une-lecon-de-visibilite-que-les-pros-du-bien-etre-animal-nont-pas-encore-saisie\/\"><strong>professionnels du bien-\u00eatre animal <\/strong><\/a>travaillent souvent isol\u00e9s, faute de mod\u00e8les coop\u00e9ratifs nouveaux.<\/p>\n\n\n\n<p class=\"wp-block-paragraph\">On sait que \u00e7a ne suffit plus, mais on continue. Parce qu\u2019il est plus simple de r\u00e9p\u00e9ter que de reconstruire. Parce que le syst\u00e8me ne r\u00e9compense pas l\u2019innovation, il r\u00e9compense la survie. Et c\u2019est l\u00e0 que le parall\u00e8le devient \u00e9vident : la <strong>France politique<\/strong> et <a href=\"https:\/\/www.lemonde.fr\/\" target=\"_blank\" rel=\"noopener\">le <strong>monde <\/strong><\/a><strong>du vivant<\/strong> souffrent du m\u00eame mal. Une peur du vide. Une fatigue du changement. Un besoin de contr\u00f4le qui tue la <strong>respiration<\/strong>.<\/p>\n\n\n\n<p class=\"wp-block-paragraph\">Des refuges tentent pourtant de casser ce sch\u00e9ma en exp\u00e9rimentant de nouvelles formes de solidarit\u00e9 et de gestion.<\/p>\n\n\n\n<p class=\"wp-block-paragraph\"><\/p>\n\n\n\n<p class=\"wp-block-paragraph\"><\/p>\n\n\n\n<p class=\"wp-block-paragraph\"><\/p>\n\n\n\n<p class=\"wp-block-paragraph\"><\/p>\n\n\n<div style=\"background-color: #d9edf7; color: #31708f; border-left-color: #31708f; \" class=\"ub-styled-box ub-notification-box wp-block-ub-styled-box\" id=\"ub-styled-box-fc752050-4697-4356-a54b-5cd529f9a923\">\n<h2 class=\"wp-block-heading\" id=\"0-jeux-pour-chien-intelligent-stimuler-le-cerveau-avant-tout\">Reconduire ou r\u00e9inventer : ce que la politique dit de notre rapport au vivant<\/h2>\n\n\n<\/div>\n\n\n<p class=\"wp-block-paragraph\">Les animaux, eux, ne vivent pas \u00e0 \u201c<strong>budget constant<\/strong>\u201d. Ils grandissent, vieillissent, s\u2019attachent, tombent malades. Ils n\u2019attendent pas que le Parlement soit d\u2019accord pour qu\u2019on s\u2019occupe d\u2019eux.<br>C\u2019est pour \u00e7a que, pendant que les gouvernements se succ\u00e8dent, le terrain continue d\u2019agir. Des <strong>\u00e9ducateurs<\/strong> inventent de nouvelles approches douces. <\/p>\n\n\n\n<p class=\"wp-block-paragraph\">Des refuges exp\u00e9rimentent des mod\u00e8les de parrainage citoyen. Des professionnels unissent leurs forces pour survivre hors des aides publiques. C\u2019est cette vitalit\u00e9 l\u00e0, invisible mais tenace, que <a href=\"https:\/\/planipets.com\/blog\/media\/\"><strong>Planipets M\u00e9dia<\/strong> <\/a>met en lumi\u00e8re chaque semaine : ces gens qui, malgr\u00e9 un syst\u00e8me fig\u00e9, continuent de faire <strong>bouger le vivant<\/strong>.<\/p>\n\n\n<div class=\"wp-block-image\">\n<figure class=\"aligncenter size-full\"><img decoding=\"async\" width=\"600\" height=\"600\" src=\"https:\/\/planipets.com\/blog\/wp-content\/uploads\/2025\/10\/Sebastien-Lecornu-1.jpg\" alt=\"Chien marchant dans une rue urbaine, symbole de la vitalit\u00e9 du vivant face \u00e0 l\u2019immobilisme social \u00e9voqu\u00e9 par Planipets M\u00e9dia.\" class=\"wp-image-64692\" title=\"\" srcset=\"https:\/\/planipets.com\/blog\/wp-content\/uploads\/2025\/10\/Sebastien-Lecornu-1.jpg 600w, https:\/\/planipets.com\/blog\/wp-content\/uploads\/2025\/10\/Sebastien-Lecornu-1-300x300.jpg 300w, https:\/\/planipets.com\/blog\/wp-content\/uploads\/2025\/10\/Sebastien-Lecornu-1-150x150.jpg 150w, https:\/\/planipets.com\/blog\/wp-content\/uploads\/2025\/10\/Sebastien-Lecornu-1-450x450.jpg 450w, https:\/\/planipets.com\/blog\/wp-content\/uploads\/2025\/10\/Sebastien-Lecornu-1-96x96.jpg 96w\" sizes=\"(max-width: 600px) 100vw, 600px\" \/><figcaption class=\"wp-element-caption\">Ce chien en promenade illustre la r\u00e9silience du vivant au c\u0153ur de la r\u00e9flexion de Planipets M\u00e9dia : pendant que la soci\u00e9t\u00e9 reconduit le m\u00eame, le vivant continue d\u2019avancer. \u00ab\u00a0cr\u00e9dit photo :\u00a0Planipets M\u00e9dia\u00a0\u00bb<\/figcaption><\/figure>\n<\/div>\n\n\n<p class=\"wp-block-paragraph\"><\/p>\n\n\n\n<p class=\"wp-block-paragraph\"><\/p>\n\n\n\n<p class=\"wp-block-paragraph\"><\/p>\n\n\n<div style=\"background-color: #ffd2d2; color: #d8000c; border-left-color: #d8000c; \" class=\"ub-styled-box ub-notification-box wp-block-ub-styled-box\" id=\"ub-styled-box-8dcc49ee-1bb6-49d1-add4-70fb4f921ccd\">\n<h2 class=\"wp-block-heading\" id=\"0-jeux-pour-chien-intelligent-stimuler-le-cerveau-avant-tout\">Crise politique, crise de confiance : une m\u00eame fatigue du changement<\/h2>\n\n\n<\/div>\n\n\n<p class=\"wp-block-paragraph\">La reconduction de <strong>S\u00e9bastien Lecornu comme Premier ministre<\/strong> intervient dans un moment de grande instabilit\u00e9 politique. Apr\u00e8s la chute rapide du gouvernement pr\u00e9c\u00e9dent, Emmanuel Macron n\u2019a trouv\u00e9 aucun consensus durable. La <a href=\"https:\/\/planipets.com\/blog\/chien\/comportement-chien\/et-si-la-france-imposait-des-cours-deducation-canine-une-idee-qui-pourrait-tout-changer\/\"><strong>France<\/strong> <\/a>traverse une <strong>crise de confiance<\/strong> : entre pouvoir ex\u00e9cutif et Parlement, mais aussi entre citoyens et institutions. Les coupes budg\u00e9taires pr\u00e9vues pour <strong>2026<\/strong> touchent d\u00e9j\u00e0 le tissu associatif, y compris les <strong>acteurs du<\/strong> <strong>bien-\u00eatre animal<\/strong>.<\/p>\n\n\n\n<p class=\"wp-block-paragraph\">Face \u00e0 ce contexte, <strong>parler du vivant, ce n\u2019est pas s\u2019\u00e9loigner du sujet; c\u2019est en r\u00e9v\u00e9ler la coh\u00e9rence.<\/strong> Ce que nous observons dans la sph\u00e8re politique: la peur de changer, la fatigue du courage, la reconduction du m\u00eame est exactement ce qui emp\u00eache la soci\u00e9t\u00e9 de repenser son <strong>rapport au vivant<\/strong>. <strong><a href=\"https:\/\/planipets.com\/blog\/media\/\">Planipets M\u00e9dia<\/a><\/strong> ne pr\u00e9tend pas avoir les solutions, mais pose la question: combien de fois encore allons nous reconduire ce qui nous \u00e9puise ?<\/p>\n\n\n<div style=\"background-color: #f7f7f7; color: #31708f; border-left-color: #31708f; \" class=\"ub-styled-box ub-notification-box wp-block-ub-styled-box\" id=\"ub-styled-box-1dba8bea-94a3-433e-9213-d69da891d0db\">\n<p class=\"wp-block-paragraph\" id=\"ub-styled-box-notification-content-\"><strong>La r\u00e9daction vous recommande<\/strong>: <a href=\"https:\/\/planipets.com\/blog\/resonance-animale\/quand-la-dette-publique-se-glisse-dans-la-gamelle-des-animaux\/\"><\/a><a href=\"https:\/\/planipets.com\/blog\/actualite\/rex-minou-14-un-chien-prive-de-course-peut-mourir-de-tristesse-un-chat-prive-de-repos-aussi\/\">Rex &amp; Minou #14 \u2013 Un chien priv\u00e9 de course peut mourir de tristesse\u2026 un chat priv\u00e9 de repos aussi<\/a><\/p>\n\n\n<\/div>\n\n\n<p class=\"wp-block-paragraph\"><\/p>\n\n\n\n<p class=\"wp-block-paragraph\"><strong>\u00c0 lire aussi sur Planipets M\u00e9dia :<\/strong><\/p>\n\n\n\n<blockquote class=\"wp-block-quote is-layout-flow wp-block-quote-is-layout-flow\">\n<ul class=\"wp-block-list\">\n<li><a href=\"https:\/\/planipets.com\/blog\/actualite\/protection-animale-deux-refuges-unissent-leurs-forces-pour-un-impact-durable-en-georgie\/\">Protection animale : deux refuges unissent leurs forces pour un impact durable en G\u00e9orgie<\/a><\/li>\n\n\n\n<li><a href=\"https:\/\/planipets.com\/blog\/medias\/greve-du-10-septembre-derriere-le-mouvement-bloquons-tout-une-lecon-de-visibilite-que-les-pros-du-bien-etre-animal-nont-pas-encore-saisie\/\">Gr\u00e8ve du 10 septembre : derri\u00e8re le mouvement \u201cBloquons tout\u201d, une le\u00e7on de visibilit\u00e9 que les pros du bien-\u00eatre animal n\u2019ont pas encore saisie<\/a><\/li>\n\n\n\n<li><a href=\"https:\/\/planipets.com\/blog\/tv-rex-minou\/rex-minou-10-chaque-ete-des-chiens-sont-abandonnes-ce-chien-aussi\/\">Rex &amp; Minou : \u201cUn chien, mais pas trop\u201d \u2013 comprendre la peur du vrai changement<\/a><\/li>\n<\/ul>\n<\/blockquote>\n\n\n\n<p class=\"wp-block-paragraph\"><\/p>\n\n\n\n<p class=\"wp-block-paragraph\"><\/p>\n\n\n\n<p class=\"wp-block-paragraph\"><\/p>\n\n\n<div style=\"background-color: #d9edf7; color: #31708f; border-left-color: #31708f; \" class=\"ub-styled-box ub-notification-box wp-block-ub-styled-box\" id=\"ub-styled-box-53a44de1-8cb9-4678-a162-8713f498cf81\">\n<h2 class=\"wp-block-heading\" id=\"0-jeux-pour-chien-intelligent-stimuler-le-cerveau-avant-tout\">FAQ : comprendre le lien entre la reconduction de S\u00e9bastien Lecornu et le bien-\u00eatre animal<\/h2>\n\n\n<\/div>\n\n<div class=\"wp-block-ub-content-toggle wp-block-ub-content-toggle-block\" id=\"ub-content-toggle-block-583ea1ff-352e-4ccd-a38a-1b59a2212a8a\" data-mobilecollapse=\"false\" data-desktopcollapse=\"false\" data-preventcollapse=\"false\" data-showonlyone=\"false\">\n<div class=\"wp-block-ub-content-toggle-accordion\" style=\"border-color: #f1f1f1;\" id=\"ub-content-toggle-panel-block-\">\n\t\t\t<div class=\"wp-block-ub-content-toggle-accordion-title-wrap\" style=\"background-color: #f1f1f1;\" aria-controls=\"ub-content-toggle-panel-0-583ea1ff-352e-4ccd-a38a-1b59a2212a8a\" tabindex=\"0\">\n\t\t\t<h3 class=\"wp-block-ub-content-toggle-accordion-title ub-content-toggle-title-583ea1ff-352e-4ccd-a38a-1b59a2212a8a\" style=\"color: #000000; \">Pourquoi Emmanuel Macron a-t-il reconduit S\u00e9bastien Lecornu Premier ministre ?<\/h3>\n\t\t\t<div class=\"wp-block-ub-content-toggle-accordion-toggle-wrap right\" style=\"color: #000000;\"><span class=\"wp-block-ub-content-toggle-accordion-state-indicator wp-block-ub-chevron-down open\"><\/span><\/div>\n\t\t<\/div>\n\t\t\t<div role=\"region\" aria-expanded=\"true\" class=\"wp-block-ub-content-toggle-accordion-content-wrap\" id=\"ub-content-toggle-panel-0-583ea1ff-352e-4ccd-a38a-1b59a2212a8a\">\n\n<p class=\"wp-block-paragraph\">Pour pr\u00e9server la <strong>stabilit\u00e9<\/strong> du gouvernement fran\u00e7ais apr\u00e8s plusieurs semaines de blocage politique. Emmanuel Macron a choisi de <strong>maintenir un visage connu<\/strong> \u00e0 Matignon, dans un contexte de d\u00e9ficit et de tensions parlementaires.<\/p>\n\n<\/div>\n\t\t<\/div>\n\n<div class=\"wp-block-ub-content-toggle-accordion\" style=\"border-color: #f1f1f1;\" id=\"ub-content-toggle-panel-block-\">\n\t\t\t<div class=\"wp-block-ub-content-toggle-accordion-title-wrap\" style=\"background-color: #f1f1f1;\" aria-controls=\"ub-content-toggle-panel-1-583ea1ff-352e-4ccd-a38a-1b59a2212a8a\" tabindex=\"0\">\n\t\t\t<h3 class=\"wp-block-ub-content-toggle-accordion-title ub-content-toggle-title-583ea1ff-352e-4ccd-a38a-1b59a2212a8a\" style=\"color: #000000; \">Quelle est la situation politique de la France en octobre 2025 ?<\/h3>\n\t\t\t<div class=\"wp-block-ub-content-toggle-accordion-toggle-wrap right\" style=\"color: #000000;\"><span class=\"wp-block-ub-content-toggle-accordion-state-indicator wp-block-ub-chevron-down open\"><\/span><\/div>\n\t\t<\/div>\n\t\t\t<div role=\"region\" aria-expanded=\"true\" class=\"wp-block-ub-content-toggle-accordion-content-wrap\" id=\"ub-content-toggle-panel-1-583ea1ff-352e-4ccd-a38a-1b59a2212a8a\">\n\n<p class=\"wp-block-paragraph\">La France conna\u00eet une <strong>instabilit\u00e9 chronique <\/strong>: majorit\u00e9 relative, tensions entre l\u2019Assembl\u00e9e nationale et l\u2019ex\u00e9cutif, et d\u00e9fiance grandissante de la population. Cette <strong>crise de confiance<\/strong> fragilise aussi les secteurs soutenus par l\u2019\u00c9tat, notamment les associations de <strong><a href=\"https:\/\/planipets.com\/blog\/actualite\/protection-animale-deux-refuges-unissent-leurs-forces-pour-un-impact-durable-en-georgie\/\" data-type=\"post\" data-id=\"47959\">protection animale.<\/a><\/strong><\/p>\n\n<\/div>\n\t\t<\/div>\n\n<div class=\"wp-block-ub-content-toggle-accordion\" style=\"border-color: #f1f1f1;\" id=\"ub-content-toggle-panel-block-\">\n\t\t\t<div class=\"wp-block-ub-content-toggle-accordion-title-wrap\" style=\"background-color: #f1f1f1;\" aria-controls=\"ub-content-toggle-panel-2-583ea1ff-352e-4ccd-a38a-1b59a2212a8a\" tabindex=\"0\">\n\t\t\t<h3 class=\"wp-block-ub-content-toggle-accordion-title ub-content-toggle-title-583ea1ff-352e-4ccd-a38a-1b59a2212a8a\" style=\"color: #000000; \">Quel est le lien entre politique et bien-\u00eatre animal ?<\/h3>\n\t\t\t<div class=\"wp-block-ub-content-toggle-accordion-toggle-wrap right\" style=\"color: #000000;\"><span class=\"wp-block-ub-content-toggle-accordion-state-indicator wp-block-ub-chevron-down open\"><\/span><\/div>\n\t\t<\/div>\n\t\t\t<div role=\"region\" aria-expanded=\"true\" class=\"wp-block-ub-content-toggle-accordion-content-wrap\" id=\"ub-content-toggle-panel-2-583ea1ff-352e-4ccd-a38a-1b59a2212a8a\">\n\n<p class=\"wp-block-paragraph\">Les <strong>politiques publiques<\/strong> influencent directement la vie des refuges, des \u00e9ducateurs et des <strong><a href=\"https:\/\/planipets.com\/blog\/professionnel-planipets\/pourquoi-les-pros-du-soin-animalier-nosent-pas-poser-de-limites-et-comment-cela-les-fragilise\/\">professionnels du bien-\u00eatre animal<\/a> <\/strong>: financement, formation, fiscalit\u00e9. Quand l\u2019\u00c9tat se fige, les structures du vivant s\u2019essoufflent.<\/p>\n\n<\/div>\n\t\t<\/div>\n\n<div class=\"wp-block-ub-content-toggle-accordion\" style=\"border-color: #f1f1f1;\" id=\"ub-content-toggle-panel-block-\">\n\t\t\t<div class=\"wp-block-ub-content-toggle-accordion-title-wrap\" style=\"background-color: #f1f1f1;\" aria-controls=\"ub-content-toggle-panel-3-583ea1ff-352e-4ccd-a38a-1b59a2212a8a\" tabindex=\"0\">\n\t\t\t<h3 class=\"wp-block-ub-content-toggle-accordion-title ub-content-toggle-title-583ea1ff-352e-4ccd-a38a-1b59a2212a8a\" style=\"color: #000000; \">Comment Planipets M\u00e9dia relie actualit\u00e9 et monde animal ?<\/h3>\n\t\t\t<div class=\"wp-block-ub-content-toggle-accordion-toggle-wrap right\" style=\"color: #000000;\"><span class=\"wp-block-ub-content-toggle-accordion-state-indicator wp-block-ub-chevron-down open\"><\/span><\/div>\n\t\t<\/div>\n\t\t\t<div role=\"region\" aria-expanded=\"true\" class=\"wp-block-ub-content-toggle-accordion-content-wrap\" id=\"ub-content-toggle-panel-3-583ea1ff-352e-4ccd-a38a-1b59a2212a8a\">\n\n<p class=\"wp-block-paragraph\"><strong><a href=\"https:\/\/planipets.com\/blog\/media\/\">Planipets M\u00e9dia<\/a><\/strong> d\u00e9crypte les \u00e9v\u00e9nements de soci\u00e9t\u00e9 \u00e0 travers le <strong>prisme du vivant<\/strong>. L\u2019objectif n\u2019est pas de faire de la politique, mais de montrer comment les <strong>crises humaines<\/strong> r\u00e9v\u00e8lent nos rapports aux animaux et \u00e0 la responsabilit\u00e9 collective.<\/p>\n\n<\/div>\n\t\t<\/div>\n\n<div class=\"wp-block-ub-content-toggle-accordion\" style=\"border-color: #f1f1f1;\" id=\"ub-content-toggle-panel-block-\">\n\t\t\t<div class=\"wp-block-ub-content-toggle-accordion-title-wrap\" style=\"background-color: #f1f1f1;\" aria-controls=\"ub-content-toggle-panel-4-583ea1ff-352e-4ccd-a38a-1b59a2212a8a\" tabindex=\"0\">\n\t\t\t<h3 class=\"wp-block-ub-content-toggle-accordion-title ub-content-toggle-title-583ea1ff-352e-4ccd-a38a-1b59a2212a8a\" style=\"color: #000000; \">Pourquoi parler d\u2019une \u201cFrance fatigu\u00e9e du changement\u201d ?<\/h3>\n\t\t\t<div class=\"wp-block-ub-content-toggle-accordion-toggle-wrap right\" style=\"color: #000000;\"><span class=\"wp-block-ub-content-toggle-accordion-state-indicator wp-block-ub-chevron-down open\"><\/span><\/div>\n\t\t<\/div>\n\t\t\t<div role=\"region\" aria-expanded=\"true\" class=\"wp-block-ub-content-toggle-accordion-content-wrap\" id=\"ub-content-toggle-panel-4-583ea1ff-352e-4ccd-a38a-1b59a2212a8a\">\n\n<p class=\"wp-block-paragraph\">Parce qu\u2019on pr\u00e9f\u00e8re aujourd\u2019hui reconduire ce qu\u2019on conna\u00eet plut\u00f4t que d\u2019oser <strong>l\u2019inconfort de l\u2019invention<\/strong>. Et cette attitude, qu\u2019elle soit politique ou soci\u00e9tale, finit par <strong>\u00e9touffer le vivant<\/strong>, celui qui, lui, ne peut pas attendre.<\/p>\n\n<\/div>\n\t\t<\/div>\n<\/div>\n\n\n<p class=\"wp-block-paragraph\"><strong><em>R\u00e9dig\u00e9 par Lor\u00e9na Achemoukh pour Planipets M\u00e9dia<\/em><\/strong><\/p>\n\n\n\n<h3 class=\"wp-block-heading\">C\u2019est en partageant qu\u2019on fait bouger les lignes. Partagez \u00e7a sur vos r\u00e9seaux<\/h3>\n\n\n<div class=\"wp-block-ub-social-share\" id=\"ub-social-share-9e957ab5-5e3b-404d-a9b0-0cfc112a8126\">\n\t\t\t<div class=\"social-share-icons align-icons-left orientation-icons-row\"><a aria-label=\"facebook-logo\" target=\"_blank\" rel=\"nofollow\" href=\"https:\/\/www.facebook.com\/sharer\/sharer.php?u=https%3A%2F%2Fplanipets.com%2Fblog%2Fquestionnements-radicaux%2Fsebastien-lecornu-premier-ministre%2F&amp;title=S%C3%A9bastien%20Lecornu%20reconduit%20Premier%20ministre%20%3A%20le%20signe%20d%E2%80%99une%20France%20fatigu%C3%A9e%20du%20changement\" class=\"ub-social-share-facebook-container\" style=\"border-color: #1877f2; background-color: transparent; box-shadow: none; \">\n\t\t\t\t<span class=\"social-share-icon ub-social-share-facebook\" style=\"width: 30px; height: 30px; \"><svg xmlns=\"http:\/\/www.w3.org\/2000\/svg\" style=\"fill:#1877f2\" fill=\"#1877f2\" width=\"20\" height=\"20\" viewbox=\"0 0 264 512\"><path d=\"M76.7 512V283H0v-91h76.7v-71.7C76.7 42.4 124.3 0 193.8 0c33.3 0 61.9 2.5 70.2 3.6V85h-48.2c-37.8 0-45.1 18-45.1 44.3V192H256l-11.7 91h-73.6v229\"><\/path><\/svg><\/span><span style=\"\">share<\/span>\n\t\t\t<\/a><a aria-label=\"twitter-logo\" target=\"_blank\" rel=\"nofollow\" href=\"http:\/\/twitter.com\/intent\/tweet?url=https%3A%2F%2Fplanipets.com%2Fblog%2Fquestionnements-radicaux%2Fsebastien-lecornu-premier-ministre%2F&amp;text=S%C3%A9bastien%20Lecornu%20reconduit%20Premier%20ministre%20%3A%20le%20signe%20d%E2%80%99une%20France%20fatigu%C3%A9e%20du%20changement\" class=\"ub-social-share-twitter-container\" style=\"border-color: #1d9bf0; background-color: transparent; box-shadow: none; \">\n\t\t\t\t<span class=\"social-share-icon ub-social-share-twitter\" style=\"width: 30px; height: 30px; \"><svg xmlns=\"http:\/\/www.w3.org\/2000\/svg\" style=\"color:#1d9BF0\" fill=\"#1d9BF0\" width=\"20\" height=\"20\" viewbox=\"0 0 24 24\"><path d=\"M18.901 1.153h3.68l-8.04 9.19L24 22.846h-7.406l-5.8-7.584l-6.638 7.584H.474l8.6-9.83L0 1.154h7.594l5.243 6.932ZM17.61 20.644h2.039L6.486 3.24H4.298Z\"><\/path><\/svg><\/span><span style=\"\">tweet<\/span>\n\t\t\t<\/a><a aria-label=\"linkedin-logo\" target=\"_blank\" rel=\"nofollow\" href=\"https:\/\/www.linkedin.com\/sharing\/share-offsite\/?url=https%3A%2F%2Fplanipets.com%2Fblog%2Fquestionnements-radicaux%2Fsebastien-lecornu-premier-ministre%2F\" class=\"ub-social-share-linkedin-container\" style=\"border-color: #2867b2; background-color: transparent; box-shadow: none; \">\n\t\t\t\t<span class=\"social-share-icon ub-social-share-linkedin\" style=\"width: 30px; height: 30px; \"><svg xmlns=\"http:\/\/www.w3.org\/2000\/svg\" style=\"fill:#2867b2\" fill=\"#2867b2\" width=\"20\" height=\"20\" viewbox=\"0 0 448 512\"><path d=\"M100.3 480H7.4V180.9h92.9V480zM53.8 140.1C24.1 140.1 0 115.5 0 85.8 0 56.1 24.1 32 53.8 32c29.7 0 53.8 24.1 53.8 53.8 0 29.7-24.1 54.3-53.8 54.3zM448 480h-92.7V334.4c0-34.7-.7-79.2-48.3-79.2-48.3 0-55.7 37.7-55.7 76.7V480h-92.8V180.9h89.1v40.8h1.3c12.4-23.5 42.7-48.3 87.9-48.3 94 0 111.3 61.9 111.3 142.3V480z\"><\/path><\/svg><\/span><span style=\"\">share<\/span>\n\t\t\t<\/a><a aria-label=\"pinterest-logo\" target=\"_blank\" rel=\"nofollow\" href=\"https:\/\/pinterest.com\/pin\/create\/button\/?&amp;url=https%3A%2F%2Fplanipets.com%2Fblog%2Fquestionnements-radicaux%2Fsebastien-lecornu-premier-ministre%2F&amp;description=S%C3%A9bastien%20Lecornu%20reconduit%20Premier%20ministre%20%3A%20le%20signe%20d%E2%80%99une%20France%20fatigu%C3%A9e%20du%20changement&amp;media=https:\/\/planipets.com\/blog\/wp-content\/uploads\/2025\/10\/Sebastien-1-1024x576.jpg\" class=\"ub-social-share-pinterest-container\" style=\"border-color: #e60023; background-color: transparent; box-shadow: none; \">\n\t\t\t\t<span class=\"social-share-icon ub-social-share-pinterest\" style=\"width: 30px; height: 30px; \"><svg xmlns=\"http:\/\/www.w3.org\/2000\/svg\" style=\"fill:#e60023\" fill=\"#e60023\" width=\"20\" height=\"20\" viewbox=\"0 0 384 512\"><path d=\"M204 6.5C101.4 6.5 0 74.9 0 185.6 0 256 39.6 296 63.6 296c9.9 0 15.6-27.6 15.6-35.4 0-9.3-23.7-29.1-23.7-67.8 0-80.4 61.2-137.4 140.4-137.4 68.1 0 118.5 38.7 118.5 109.8 0 53.1-21.3 152.7-90.3 152.7-24.9 0-46.2-18-46.2-43.8 0-37.8 26.4-74.4 26.4-113.4 0-66.2-93.9-54.2-93.9 25.8 0 16.8 2.1 35.4 9.6 50.7-13.8 59.4-42 147.9-42 209.1 0 18.9 2.7 37.5 4.5 56.4 3.4 3.8 1.7 3.4 6.9 1.5 50.4-69 48.6-82.5 71.4-172.8 12.3 23.4 44.1 36 69.3 36 106.2 0 153.9-103.5 153.9-196.8C384 71.3 298.2 6.5 204 6.5z\"><\/path><\/svg><\/span><span style=\"\">pin<\/span>\n\t\t\t<\/a><a aria-label=\"reddit-logo\" target=\"_blank\" rel=\"nofollow\" href=\"http:\/\/www.reddit.com\/submit?url=https%3A%2F%2Fplanipets.com%2Fblog%2Fquestionnements-radicaux%2Fsebastien-lecornu-premier-ministre%2F&amp;title=S%C3%A9bastien%20Lecornu%20reconduit%20Premier%20ministre%20%3A%20le%20signe%20d%E2%80%99une%20France%20fatigu%C3%A9e%20du%20changement\" class=\"ub-social-share-reddit-container\" style=\"border-color: #ff4500; background-color: transparent; box-shadow: none; \">\n\t\t\t\t<span class=\"social-share-icon ub-social-share-reddit\" style=\"width: 30px; height: 30px; \"><svg xmlns=\"http:\/\/www.w3.org\/2000\/svg\" style=\"fill:#ff4500\" fill=\"#ff4500\" width=\"20\" height=\"20\" viewbox=\"0 0 512 512\"><path d=\"M440.3 203.5c-15 0-28.2 6.2-37.9 15.9-35.7-24.7-83.8-40.6-137.1-42.3L293 52.3l88.2 19.8c0 21.6 17.6 39.2 39.2 39.2 22 0 39.7-18.1 39.7-39.7s-17.6-39.7-39.7-39.7c-15.4 0-28.7 9.3-35.3 22l-97.4-21.6c-4.9-1.3-9.7 2.2-11 7.1L246.3 177c-52.9 2.2-100.5 18.1-136.3 42.8-9.7-10.1-23.4-16.3-38.4-16.3-55.6 0-73.8 74.6-22.9 100.1-1.8 7.9-2.6 16.3-2.6 24.7 0 83.8 94.4 151.7 210.3 151.7 116.4 0 210.8-67.9 210.8-151.7 0-8.4-.9-17.2-3.1-25.1 49.9-25.6 31.5-99.7-23.8-99.7zM129.4 308.9c0-22 17.6-39.7 39.7-39.7 21.6 0 39.2 17.6 39.2 39.7 0 21.6-17.6 39.2-39.2 39.2-22 .1-39.7-17.6-39.7-39.2zm214.3 93.5c-36.4 36.4-139.1 36.4-175.5 0-4-3.5-4-9.7 0-13.7 3.5-3.5 9.7-3.5 13.2 0 27.8 28.5 120 29 149 0 3.5-3.5 9.7-3.5 13.2 0 4.1 4 4.1 10.2.1 13.7zm-.8-54.2c-21.6 0-39.2-17.6-39.2-39.2 0-22 17.6-39.7 39.2-39.7 22 0 39.7 17.6 39.7 39.7-.1 21.5-17.7 39.2-39.7 39.2z\"><\/path><\/svg><\/span><span style=\"\">post<\/span>\n\t\t\t<\/a><a aria-label=\"tumblr-logo\" target=\"_blank\" rel=\"nofollow\" href=\"https:\/\/www.tumblr.com\/widgets\/share\/tool?canonicalUrl=https%3A%2F%2Fplanipets.com%2Fblog%2Fquestionnements-radicaux%2Fsebastien-lecornu-premier-ministre%2F&amp;title=S%C3%A9bastien%20Lecornu%20reconduit%20Premier%20ministre%20%3A%20le%20signe%20d%E2%80%99une%20France%20fatigu%C3%A9e%20du%20changement\" class=\"ub-social-share-tumblr-container\" style=\"border-color: #001935; background-color: transparent; box-shadow: none; \">\n\t\t\t\t<span class=\"social-share-icon ub-social-share-tumblr\" style=\"width: 30px; height: 30px; \"><svg xmlns=\"http:\/\/www.w3.org\/2000\/svg\" style=\"fill:#001935\" fill=\"#001935\" width=\"20\" height=\"20\" viewbox=\"0 0 320 512\"><path d=\"M309.8 480.3c-13.6 14.5-50 31.7-97.4 31.7-120.8 0-147-88.8-147-140.6v-144H17.9c-5.5 0-10-4.5-10-10v-68c0-7.2 4.5-13.6 11.3-16 62-21.8 81.5-76 84.3-117.1.8-11 6.5-16.3 16.1-16.3h70.9c5.5 0 10 4.5 10 10v115.2h83c5.5 0 10 4.4 10 9.9v81.7c0 5.5-4.5 10-10 10h-83.4V360c0 34.2 23.7 53.6 68 35.8 4.8-1.9 9-3.2 12.7-2.2 3.5.9 5.8 3.4 7.4 7.9l22 64.3c1.8 5 3.3 10.6-.4 14.5z\"><\/path><\/svg><\/span><span style=\"\">share<\/span>\n\t\t\t<\/a><\/div>\n\t\t<\/div>\n\n\n<h3 class=\"wp-block-heading\">Nos lecteurs n\u2019en sont pas rest\u00e9s l\u00e0. Ils ont craqu\u00e9 pour ces autres sujets<\/h3>\n\n\n<section class=\"wp-block-ub-post-grid ub-block-post-grid align  is-equal-height preserve-post-image-aspect-ratio\" style=\"\" id=\"ub-post-grid-\"><div class=\"ub-post-grid-items is-grid columns-2\" style=\"row-gap: 32px; column-gap: 32px; \"><article id=\"post-67404\" class=\"ub-post-grid-item post-67404 post type-post status-publish format-standard has-post-thumbnail category-comportement-chien category-accessoires category-adopter-chien tag-animaux tag-chien tag-education tag-fugue tag-securite\" style=\"\"><div class=\"ub-block-post-grid-image\" style=\"\"><a href=\"https:\/\/planipets.com\/blog\/chien\/comportement-chien\/retrouver-chien-fugueur-2\/\" rel=\"bookmark\" aria-hidden=\"true\" tabindex=\"-1\"><img decoding=\"async\" width=\"1536\" height=\"1024\" src=\"https:\/\/planipets.com\/blog\/wp-content\/uploads\/2026\/04\/Comment-retrouver-rapidement-votre-chien-fugueur-et-eviter-les-recidives-2.png\" class=\"attachment-full size-full\" alt=\"\" style=\"max-width: 600px; \" srcset=\"https:\/\/planipets.com\/blog\/wp-content\/uploads\/2026\/04\/Comment-retrouver-rapidement-votre-chien-fugueur-et-eviter-les-recidives-2.png 1536w, https:\/\/planipets.com\/blog\/wp-content\/uploads\/2026\/04\/Comment-retrouver-rapidement-votre-chien-fugueur-et-eviter-les-recidives-2-300x200.png 300w, https:\/\/planipets.com\/blog\/wp-content\/uploads\/2026\/04\/Comment-retrouver-rapidement-votre-chien-fugueur-et-eviter-les-recidives-2-1024x683.png 1024w, https:\/\/planipets.com\/blog\/wp-content\/uploads\/2026\/04\/Comment-retrouver-rapidement-votre-chien-fugueur-et-eviter-les-recidives-2-768x512.png 768w, https:\/\/planipets.com\/blog\/wp-content\/uploads\/2026\/04\/Comment-retrouver-rapidement-votre-chien-fugueur-et-eviter-les-recidives-2-150x100.png 150w, https:\/\/planipets.com\/blog\/wp-content\/uploads\/2026\/04\/Comment-retrouver-rapidement-votre-chien-fugueur-et-eviter-les-recidives-2-450x300.png 450w, https:\/\/planipets.com\/blog\/wp-content\/uploads\/2026\/04\/Comment-retrouver-rapidement-votre-chien-fugueur-et-eviter-les-recidives-2-1200x800.png 1200w\" sizes=\"(max-width: 1536px) 100vw, 1536px\" title=\"\"><\/a><\/div><div class=\"ub-block-post-grid-text\" style=\"\"><div class=\"ub-block-post-grid-header-content\"><header class=\"ub-block-post-grid-header\"><h2 class=\"ub-block-post-grid-title\"><a style=\"\" href=\"https:\/\/planipets.com\/blog\/chien\/comportement-chien\/retrouver-chien-fugueur-2\/\" rel=\"bookmark\">Comment retrouver rapidement votre chien fugueur et \u00e9viter les r\u00e9cidives<\/a><\/h2><div class=\"ub-block-post-grid-author\" itemprop=\"author\"><a class=\"ub-text-link\" style=\"\" href=\"https:\/\/planipets.com\/blog\/author\/redaction\/\" itemprop=\"url\" rel=\"author\"><span itemprop=\"name\">The Planipets editorial team<\/span><\/a><\/div><time datetime=\"2026-04-28T09:11:07+02:00\" class=\"ub-block-post-grid-date\" style=\"\" itemprop=\"datePublished\">2026-04-28<\/time><\/header><\/div><div class=\"ub-block-post-grid-excerpt\"><div class=\"ub-block-post-grid-excerpt-text\" style=\"\"><p>\u2726 L\u2019essentiel Il ne faut parfois qu\u2019un instant d\u2019inattention \u2014 une porti\u00e8re qui claque, un bruit inattendu \u2014 pour que votre chien disparaisse. Le vide s\u2019installe, l\u2019angoisse serre la gorge. Tout bascule en une fraction de seconde. En bref : N\u2019importe quel ma\u00eetre peut \u00eatre confront\u00e9 \u00e0 la fugue, peu importe le caract\u00e8re de son\u2026<\/p>\n<\/div><p><a class=\"ub-block-post-grid-more-link ub-text-link\" style=\"\" href=\"https:\/\/planipets.com\/blog\/chien\/comportement-chien\/retrouver-chien-fugueur-2\/\" rel=\"bookmark\">Continue Reading <span class=\"screen-reader-text\">Comment retrouver rapidement votre chien fugueur et \u00e9viter les r\u00e9cidives<\/span><\/a><\/p><\/div><\/div><\/article>\n<article id=\"post-67371\" class=\"ub-post-grid-item post-67371 post type-post status-publish format-standard has-post-thumbnail category-races-chiens category-bien-vivre-avec-son-chien category-ce-quon-ne-veut-pas-voir category-chien category-choisir-alimentation-chien category-comportement-chien category-origine-domestication-chien category-sante-chien\" style=\"\"><div class=\"ub-block-post-grid-image\" style=\"\"><a href=\"https:\/\/planipets.com\/blog\/chien\/races-chiens\/laffenpinscher-infographies-pour-tout-savoir-sur-son-histoire-son-temperament-son-education-son-cout-2\/\" rel=\"bookmark\" aria-hidden=\"true\" tabindex=\"-1\"><img loading=\"lazy\" decoding=\"async\" width=\"1200\" height=\"600\" src=\"https:\/\/planipets.com\/blog\/wp-content\/uploads\/2026\/04\/Image-en-avant.jpg\" class=\"attachment-full size-full\" alt=\"Airedale Terrier marchant dans un ruisseau en pleine nature, sur un chemin rural.\" style=\"max-width: 600px; \" srcset=\"https:\/\/planipets.com\/blog\/wp-content\/uploads\/2026\/04\/Image-en-avant.jpg 1200w, https:\/\/planipets.com\/blog\/wp-content\/uploads\/2026\/04\/Image-en-avant-300x150.jpg 300w, https:\/\/planipets.com\/blog\/wp-content\/uploads\/2026\/04\/Image-en-avant-1024x512.jpg 1024w, https:\/\/planipets.com\/blog\/wp-content\/uploads\/2026\/04\/Image-en-avant-768x384.jpg 768w, https:\/\/planipets.com\/blog\/wp-content\/uploads\/2026\/04\/Image-en-avant-150x75.jpg 150w, https:\/\/planipets.com\/blog\/wp-content\/uploads\/2026\/04\/Image-en-avant-450x225.jpg 450w\" sizes=\"(max-width: 1200px) 100vw, 1200px\" title=\"\"><\/a><\/div><div class=\"ub-block-post-grid-text\" style=\"\"><div class=\"ub-block-post-grid-header-content\"><header class=\"ub-block-post-grid-header\"><h2 class=\"ub-block-post-grid-title\"><a style=\"\" href=\"https:\/\/planipets.com\/blog\/chien\/races-chiens\/laffenpinscher-infographies-pour-tout-savoir-sur-son-histoire-son-temperament-son-education-son-cout-2\/\" rel=\"bookmark\">Le Airedale Terrier : infographies pour tout savoir sur son histoire, son temp\u00e9rament, son \u00e9ducation, son co\u00fbt<\/a><\/h2><div class=\"ub-block-post-grid-author\" itemprop=\"author\"><a class=\"ub-text-link\" style=\"\" href=\"https:\/\/planipets.com\/blog\/author\/redaction\/\" itemprop=\"url\" rel=\"author\"><span itemprop=\"name\">The Planipets editorial team<\/span><\/a><\/div><time datetime=\"2026-04-26T13:47:52+02:00\" class=\"ub-block-post-grid-date\" style=\"\" itemprop=\"datePublished\">2026-04-26<\/time><\/header><\/div><div class=\"ub-block-post-grid-excerpt\"><div class=\"ub-block-post-grid-excerpt-text\" style=\"\"><p>L\u2019Affenpinscher, souvent surnomm\u00e9 le \u00ab petit chien-singe \u00bb en raison de son expression faciale unique, est une race de petit chien originaire d\u2019Allemagne. Derri\u00e8re son allure amusante et sa barbe caract\u00e9ristique se cache un compagnon courageux, vif et extr\u00eamement attach\u00e9 \u00e0 ses ma\u00eetres\u2026<\/p>\n<\/div><p><a class=\"ub-block-post-grid-more-link ub-text-link\" style=\"\" href=\"https:\/\/planipets.com\/blog\/chien\/races-chiens\/laffenpinscher-infographies-pour-tout-savoir-sur-son-histoire-son-temperament-son-education-son-cout-2\/\" rel=\"bookmark\">Continue Reading <span class=\"screen-reader-text\">Le Airedale Terrier : infographies pour tout savoir sur son histoire, son temp\u00e9rament, son \u00e9ducation, son co\u00fbt<\/span><\/a><\/p><\/div><\/div><\/article>\n<article id=\"post-67381\" class=\"ub-post-grid-item post-67381 post type-post status-publish format-standard has-post-thumbnail category-chat-qui-miaule category-comportement-chat category-sante-chat tag-chat tag-comportement-felin tag-miaulement tag-sante-animale tag-solutions\" style=\"\"><div class=\"ub-block-post-grid-image\" style=\"\"><a href=\"https:\/\/planipets.com\/blog\/chat\/bien-vivre-avec-son-chat\/chat-qui-miaule\/miaulement-incessant-chat-causes-solutions\/\" rel=\"bookmark\" aria-hidden=\"true\" tabindex=\"-1\"><img loading=\"lazy\" decoding=\"async\" width=\"1536\" height=\"1024\" src=\"https:\/\/planipets.com\/blog\/wp-content\/uploads\/2026\/04\/Miaulement-incessant-chez-le-chat-causes-et-solutions-pour-apaiser-votre-felin.png\" class=\"attachment-full size-full\" alt=\"\" style=\"max-width: 600px; \" srcset=\"https:\/\/planipets.com\/blog\/wp-content\/uploads\/2026\/04\/Miaulement-incessant-chez-le-chat-causes-et-solutions-pour-apaiser-votre-felin.png 1536w, https:\/\/planipets.com\/blog\/wp-content\/uploads\/2026\/04\/Miaulement-incessant-chez-le-chat-causes-et-solutions-pour-apaiser-votre-felin-300x200.png 300w, https:\/\/planipets.com\/blog\/wp-content\/uploads\/2026\/04\/Miaulement-incessant-chez-le-chat-causes-et-solutions-pour-apaiser-votre-felin-1024x683.png 1024w, https:\/\/planipets.com\/blog\/wp-content\/uploads\/2026\/04\/Miaulement-incessant-chez-le-chat-causes-et-solutions-pour-apaiser-votre-felin-768x512.png 768w, https:\/\/planipets.com\/blog\/wp-content\/uploads\/2026\/04\/Miaulement-incessant-chez-le-chat-causes-et-solutions-pour-apaiser-votre-felin-150x100.png 150w, https:\/\/planipets.com\/blog\/wp-content\/uploads\/2026\/04\/Miaulement-incessant-chez-le-chat-causes-et-solutions-pour-apaiser-votre-felin-450x300.png 450w, https:\/\/planipets.com\/blog\/wp-content\/uploads\/2026\/04\/Miaulement-incessant-chez-le-chat-causes-et-solutions-pour-apaiser-votre-felin-1200x800.png 1200w\" sizes=\"(max-width: 1536px) 100vw, 1536px\" title=\"\"><\/a><\/div><div class=\"ub-block-post-grid-text\" style=\"\"><div class=\"ub-block-post-grid-header-content\"><header class=\"ub-block-post-grid-header\"><h2 class=\"ub-block-post-grid-title\"><a style=\"\" href=\"https:\/\/planipets.com\/blog\/chat\/bien-vivre-avec-son-chat\/chat-qui-miaule\/miaulement-incessant-chat-causes-solutions\/\" rel=\"bookmark\">Miaulement incessant chez le chat : causes et solutions pour apaiser votre f\u00e9lin<\/a><\/h2><div class=\"ub-block-post-grid-author\" itemprop=\"author\"><a class=\"ub-text-link\" style=\"\" href=\"https:\/\/planipets.com\/blog\/author\/redaction\/\" itemprop=\"url\" rel=\"author\"><span itemprop=\"name\">The Planipets editorial team<\/span><\/a><\/div><time datetime=\"2026-04-26T13:47:01+02:00\" class=\"ub-block-post-grid-date\" style=\"\" itemprop=\"datePublished\">2026-04-26<\/time><\/header><\/div><div class=\"ub-block-post-grid-excerpt\"><div class=\"ub-block-post-grid-excerpt-text\" style=\"\"><p>\u2726 L\u2019essentiel **Le miaulement incessant de votre chat peut \u00eatre d\u00e9routant et parfois m\u00eame inqui\u00e9tant. Mais comprendre les raisons derri\u00e8re ces vocalisations peut vous aider \u00e0 mieux r\u00e9pondre aux besoins de votre f\u00e9lin.** En bref : Le miaulement peut indiquer des besoins physiologiques ou des probl\u00e8mes de sant\u00e9. Les causes comportementales incluent le stress et\u2026<\/p>\n<\/div><p><a class=\"ub-block-post-grid-more-link ub-text-link\" style=\"\" href=\"https:\/\/planipets.com\/blog\/chat\/bien-vivre-avec-son-chat\/chat-qui-miaule\/miaulement-incessant-chat-causes-solutions\/\" rel=\"bookmark\">Continue Reading <span class=\"screen-reader-text\">Miaulement incessant chez le chat : causes et solutions pour apaiser votre f\u00e9lin<\/span><\/a><\/p><\/div><\/div><\/article>\n<article id=\"post-67365\" class=\"ub-post-grid-item post-67365 post type-post status-publish format-standard has-post-thumbnail category-chat-qui-miaule tag-chat tag-communication-animale tag-comportement-felin tag-emotions-felines tag-miaulements\" style=\"\"><div class=\"ub-block-post-grid-image\" style=\"\"><a href=\"https:\/\/planipets.com\/blog\/chat\/bien-vivre-avec-son-chat\/chat-qui-miaule\/miaulements-chat-decryptage-vocalisations-emotions\/\" rel=\"bookmark\" aria-hidden=\"true\" tabindex=\"-1\"><img loading=\"lazy\" decoding=\"async\" width=\"1536\" height=\"1024\" src=\"https:\/\/planipets.com\/blog\/wp-content\/uploads\/2026\/04\/Miaulements-chez-le-chat-Comprendre-les-vocalisations-et-emotions-felines.png\" class=\"attachment-full size-full\" alt=\"\" style=\"max-width: 600px; \" srcset=\"https:\/\/planipets.com\/blog\/wp-content\/uploads\/2026\/04\/Miaulements-chez-le-chat-Comprendre-les-vocalisations-et-emotions-felines.png 1536w, https:\/\/planipets.com\/blog\/wp-content\/uploads\/2026\/04\/Miaulements-chez-le-chat-Comprendre-les-vocalisations-et-emotions-felines-300x200.png 300w, https:\/\/planipets.com\/blog\/wp-content\/uploads\/2026\/04\/Miaulements-chez-le-chat-Comprendre-les-vocalisations-et-emotions-felines-1024x683.png 1024w, https:\/\/planipets.com\/blog\/wp-content\/uploads\/2026\/04\/Miaulements-chez-le-chat-Comprendre-les-vocalisations-et-emotions-felines-768x512.png 768w, https:\/\/planipets.com\/blog\/wp-content\/uploads\/2026\/04\/Miaulements-chez-le-chat-Comprendre-les-vocalisations-et-emotions-felines-150x100.png 150w, https:\/\/planipets.com\/blog\/wp-content\/uploads\/2026\/04\/Miaulements-chez-le-chat-Comprendre-les-vocalisations-et-emotions-felines-450x300.png 450w, https:\/\/planipets.com\/blog\/wp-content\/uploads\/2026\/04\/Miaulements-chez-le-chat-Comprendre-les-vocalisations-et-emotions-felines-1200x800.png 1200w\" sizes=\"(max-width: 1536px) 100vw, 1536px\" title=\"\"><\/a><\/div><div class=\"ub-block-post-grid-text\" style=\"\"><div class=\"ub-block-post-grid-header-content\"><header class=\"ub-block-post-grid-header\"><h2 class=\"ub-block-post-grid-title\"><a style=\"\" href=\"https:\/\/planipets.com\/blog\/chat\/bien-vivre-avec-son-chat\/chat-qui-miaule\/miaulements-chat-decryptage-vocalisations-emotions\/\" rel=\"bookmark\">Miaulements chez le chat : Comprendre les vocalisations et \u00e9motions f\u00e9lines<\/a><\/h2><div class=\"ub-block-post-grid-author\" itemprop=\"author\"><a class=\"ub-text-link\" style=\"\" href=\"https:\/\/planipets.com\/blog\/author\/\" itemprop=\"url\" rel=\"author\"><span itemprop=\"name\"><\/span><\/a><\/div><time datetime=\"2026-04-15T18:53:34+02:00\" class=\"ub-block-post-grid-date\" style=\"\" itemprop=\"datePublished\">2026-04-15<\/time><\/header><\/div><div class=\"ub-block-post-grid-excerpt\"><div class=\"ub-block-post-grid-excerpt-text\" style=\"\"><p># Miaulements chez le chat : d\u00e9cryptage des vocalisations et des \u00e9motions f\u00e9lines Les propri\u00e9taires de chats pensent souvent comprendre parfaitement les miaulements de leur compagnon. Pourtant, les \u00e9tudes scientifiques r\u00e9v\u00e8lent une r\u00e9alit\u00e9 bien plus complexe : chaque son \u00e9mis par votre f\u00e9lin est un message cod\u00e9, influenc\u00e9 par son \u00e9tat \u00e9motionnel, son environnement et\u2026<\/p>\n<\/div><p><a class=\"ub-block-post-grid-more-link ub-text-link\" style=\"\" href=\"https:\/\/planipets.com\/blog\/chat\/bien-vivre-avec-son-chat\/chat-qui-miaule\/miaulements-chat-decryptage-vocalisations-emotions\/\" rel=\"bookmark\">Continue Reading <span class=\"screen-reader-text\">Miaulements chez le chat : Comprendre les vocalisations et \u00e9motions f\u00e9lines<\/span><\/a><\/p><\/div><\/div><\/article>\n<article id=\"post-67315\" class=\"ub-post-grid-item post-67315 post type-post status-publish format-standard has-post-thumbnail category-races-chiens category-adopter-chien category-bien-vivre-avec-son-chien category-comportement-chien\" style=\"\"><div class=\"ub-block-post-grid-image\" style=\"\"><a href=\"https:\/\/planipets.com\/blog\/chien\/races-chiens\/laffenpinscher-infographies-pour-tout-savoir-sur-son-histoire-son-temperament-son-education-son-cout\/\" rel=\"bookmark\" aria-hidden=\"true\" tabindex=\"-1\"><img loading=\"lazy\" decoding=\"async\" width=\"1200\" height=\"600\" src=\"https:\/\/planipets.com\/blog\/wp-content\/uploads\/2026\/03\/affenpinscher-chien-noir-jouet-herbe.jpg\" class=\"attachment-full size-full\" alt=\"Affenpinscher noir allong\u00e9 dans l\u2019herbe avec un jouet orange\" style=\"max-width: 600px; \" srcset=\"https:\/\/planipets.com\/blog\/wp-content\/uploads\/2026\/03\/affenpinscher-chien-noir-jouet-herbe.jpg 1200w, https:\/\/planipets.com\/blog\/wp-content\/uploads\/2026\/03\/affenpinscher-chien-noir-jouet-herbe-300x150.jpg 300w, https:\/\/planipets.com\/blog\/wp-content\/uploads\/2026\/03\/affenpinscher-chien-noir-jouet-herbe-1024x512.jpg 1024w, https:\/\/planipets.com\/blog\/wp-content\/uploads\/2026\/03\/affenpinscher-chien-noir-jouet-herbe-768x384.jpg 768w, https:\/\/planipets.com\/blog\/wp-content\/uploads\/2026\/03\/affenpinscher-chien-noir-jouet-herbe-150x75.jpg 150w, https:\/\/planipets.com\/blog\/wp-content\/uploads\/2026\/03\/affenpinscher-chien-noir-jouet-herbe-450x225.jpg 450w\" sizes=\"(max-width: 1200px) 100vw, 1200px\" title=\"\"><\/a><\/div><div class=\"ub-block-post-grid-text\" style=\"\"><div class=\"ub-block-post-grid-header-content\"><header class=\"ub-block-post-grid-header\"><h2 class=\"ub-block-post-grid-title\"><a style=\"\" href=\"https:\/\/planipets.com\/blog\/chien\/races-chiens\/laffenpinscher-infographies-pour-tout-savoir-sur-son-histoire-son-temperament-son-education-son-cout\/\" rel=\"bookmark\">L\u2019Affenpinscher : infographies pour tout savoir sur son histoire, son temp\u00e9rament, son \u00e9ducation, son co\u00fbt<\/a><\/h2><div class=\"ub-block-post-grid-author\" itemprop=\"author\"><a class=\"ub-text-link\" style=\"\" href=\"https:\/\/planipets.com\/blog\/author\/redaction\/\" itemprop=\"url\" rel=\"author\"><span itemprop=\"name\">The Planipets editorial team<\/span><\/a><\/div><time datetime=\"2026-03-17T12:46:25+01:00\" class=\"ub-block-post-grid-date\" style=\"\" itemprop=\"datePublished\">2026-03-17<\/time><\/header><\/div><div class=\"ub-block-post-grid-excerpt\"><div class=\"ub-block-post-grid-excerpt-text\" style=\"\"><p>L\u2019Affenpinscher, souvent surnomm\u00e9 le \u00ab petit chien-singe \u00bb en raison de son expression faciale unique, est une race de petit chien originaire d\u2019Allemagne. Derri\u00e8re son allure amusante et sa barbe caract\u00e9ristique se cache un compagnon courageux, vif et extr\u00eamement attach\u00e9 \u00e0 ses ma\u00eetres\u2026<\/p>\n<\/div><p><a class=\"ub-block-post-grid-more-link ub-text-link\" style=\"\" href=\"https:\/\/planipets.com\/blog\/chien\/races-chiens\/laffenpinscher-infographies-pour-tout-savoir-sur-son-histoire-son-temperament-son-education-son-cout\/\" rel=\"bookmark\">Continue Reading <span class=\"screen-reader-text\">L\u2019Affenpinscher : infographies pour tout savoir sur son histoire, son temp\u00e9rament, son \u00e9ducation, son co\u00fbt<\/span><\/a><\/p><\/div><\/div><\/article>\n<article id=\"post-67281\" class=\"ub-post-grid-item post-67281 post type-post status-publish format-standard has-post-thumbnail category-comportement-chien category-bien-vivre-avec-son-chien category-conseils-et-vie-quotidienne\" style=\"\"><div class=\"ub-block-post-grid-image\" style=\"\"><a href=\"https:\/\/planipets.com\/blog\/chien\/comportement-chien\/preparer-son-chien-a-attendre-dehors\/\" rel=\"bookmark\" aria-hidden=\"true\" tabindex=\"-1\"><img loading=\"lazy\" decoding=\"async\" width=\"1200\" height=\"675\" src=\"https:\/\/planipets.com\/blog\/wp-content\/uploads\/2025\/12\/Image-en-avant.jpg\" class=\"attachment-full size-full\" alt=\"Illustration d&#039;un propri\u00e9taire enseignant \u00e0 son chien \u00e0 rester calme avant de partir, avec un geste de &quot;reste&quot;. Cr\u00e9dit photo : Planipets\" style=\"max-width: 600px; \" srcset=\"https:\/\/planipets.com\/blog\/wp-content\/uploads\/2025\/12\/Image-en-avant.jpg 1200w, https:\/\/planipets.com\/blog\/wp-content\/uploads\/2025\/12\/Image-en-avant-300x169.jpg 300w, https:\/\/planipets.com\/blog\/wp-content\/uploads\/2025\/12\/Image-en-avant-1024x576.jpg 1024w, https:\/\/planipets.com\/blog\/wp-content\/uploads\/2025\/12\/Image-en-avant-768x432.jpg 768w, https:\/\/planipets.com\/blog\/wp-content\/uploads\/2025\/12\/Image-en-avant-150x84.jpg 150w, https:\/\/planipets.com\/blog\/wp-content\/uploads\/2025\/12\/Image-en-avant-450x253.jpg 450w\" sizes=\"(max-width: 1200px) 100vw, 1200px\" title=\"\"><\/a><\/div><div class=\"ub-block-post-grid-text\" style=\"\"><div class=\"ub-block-post-grid-header-content\"><header class=\"ub-block-post-grid-header\"><h2 class=\"ub-block-post-grid-title\"><a style=\"\" href=\"https:\/\/planipets.com\/blog\/chien\/comportement-chien\/preparer-son-chien-a-attendre-dehors\/\" rel=\"bookmark\">Comment pr\u00e9parer son chien \u00e0 attendre dehors en toute s\u00e9r\u00e9nit\u00e9 ?<\/a><\/h2><div class=\"ub-block-post-grid-author\" itemprop=\"author\"><a class=\"ub-text-link\" style=\"\" href=\"https:\/\/planipets.com\/blog\/author\/redaction\/\" itemprop=\"url\" rel=\"author\"><span itemprop=\"name\">The Planipets editorial team<\/span><\/a><\/div><time datetime=\"2025-12-08T20:52:56+01:00\" class=\"ub-block-post-grid-date\" style=\"\" itemprop=\"datePublished\">2025-12-08<\/time><\/header><\/div><div class=\"ub-block-post-grid-excerpt\"><div class=\"ub-block-post-grid-excerpt-text\" style=\"\"><p>L\u2019attente en ext\u00e9rieur peut \u00eatre une exp\u00e9rience stressante pour certains chiens, surtout si ce moment est associ\u00e9 \u00e0 de l\u2019anxi\u00e9t\u00e9 ou de l\u2019ennui. Pr\u00e9parer son chien \u00e0 attendre dehors en toute s\u00e9r\u00e9nit\u00e9 est essentiel pour sa tranquillit\u00e9 et pour la v\u00f4tre. Cette pr\u00e9paration ne se fait pas du jour au lendemain, mais avec un peu\u2026<\/p>\n<\/div><p><a class=\"ub-block-post-grid-more-link ub-text-link\" style=\"\" href=\"https:\/\/planipets.com\/blog\/chien\/comportement-chien\/preparer-son-chien-a-attendre-dehors\/\" rel=\"bookmark\">Continue Reading <span class=\"screen-reader-text\">Comment pr\u00e9parer son chien \u00e0 attendre dehors en toute s\u00e9r\u00e9nit\u00e9 ?<\/span><\/a><\/p><\/div><\/div><\/article>\n<\/div><\/section>","protected":false},"excerpt":{"rendered":"<p>Analyse sign\u00e9e Lor\u00e9na Achemoukh, pour Planipets M\u00e9dia \u2013 un regard sur l\u2019actualit\u00e9 politique \u00e0 travers le prisme du vivant (chiens, chats et autres). S\u00e9bastien Lecornu revient \u00e0 Matignon. Moins d\u2019un mois apr\u00e8s sa d\u00e9mission, il est de nouveau Premier ministre du gouvernement fran\u00e7ais. M\u00eame nom, m\u00eame visage, m\u00eame discours. Cette reconduction, pr\u00e9sent\u00e9e par Emmanuel Macron<\/p>\n","protected":false},"author":26,"featured_media":65729,"comment_status":"open","ping_status":"open","sticky":false,"template":"","format":"standard","meta":{"_crdt_document":"","footnotes":"","spc_primary_category":2616},"categories":[2616,2617,2634,2629],"tags":[2636,2640,2637,2639,2638],"class_list":{"0":"post-64691","1":"post","2":"type-post","3":"status-publish","4":"format-standard","5":"has-post-thumbnail","7":"category-medias","8":"category-collectivites-bien-etre-animal","9":"category-questionnements-radicaux","10":"category-resonance-animale","11":"tag-emmanuel-macron","12":"tag-france","13":"tag-gouvernement","14":"tag-planipets-media","15":"tag-sebastien-lecornu"},"featured_image_src":"https:\/\/planipets.com\/blog\/wp-content\/uploads\/2025\/10\/Sebastien-1.jpg","author_info":{"display_name":"The Planipets editorial team","author_link":"https:\/\/planipets.com\/blog\/author\/redaction\/"},"brizy_media":[],"_links":{"self":[{"href":"https:\/\/planipets.com\/blog\/wp-json\/wp\/v2\/posts\/64691","targetHints":{"allow":["GET"]}}],"collection":[{"href":"https:\/\/planipets.com\/blog\/wp-json\/wp\/v2\/posts"}],"about":[{"href":"https:\/\/planipets.com\/blog\/wp-json\/wp\/v2\/types\/post"}],"author":[{"embeddable":true,"href":"https:\/\/planipets.com\/blog\/wp-json\/wp\/v2\/users\/26"}],"replies":[{"embeddable":true,"href":"https:\/\/planipets.com\/blog\/wp-json\/wp\/v2\/comments?post=64691"}],"version-history":[{"count":10,"href":"https:\/\/planipets.com\/blog\/wp-json\/wp\/v2\/posts\/64691\/revisions"}],"predecessor-version":[{"id":65731,"href":"https:\/\/planipets.com\/blog\/wp-json\/wp\/v2\/posts\/64691\/revisions\/65731"}],"wp:featuredmedia":[{"embeddable":true,"href":"https:\/\/planipets.com\/blog\/wp-json\/wp\/v2\/media\/65729"}],"wp:attachment":[{"href":"https:\/\/planipets.com\/blog\/wp-json\/wp\/v2\/media?parent=64691"}],"wp:term":[{"taxonomy":"category","embeddable":true,"href":"https:\/\/planipets.com\/blog\/wp-json\/wp\/v2\/categories?post=64691"},{"taxonomy":"post_tag","embeddable":true,"href":"https:\/\/planipets.com\/blog\/wp-json\/wp\/v2\/tags?post=64691"}],"curies":[{"name":"wp","href":"https:\/\/api.w.org\/{rel}","templated":true}]}}