{"id":64599,"date":"2025-10-10T09:18:10","date_gmt":"2025-10-10T08:18:10","guid":{"rendered":"https:\/\/planipets.com\/blog\/?p=64599"},"modified":"2025-10-24T23:54:15","modified_gmt":"2025-10-24T21:54:15","slug":"25-000e-pour-changer-une-vie-ces-chiens-guides-qui-redonnent-la-liberte-aux-enfants-non-voyants","status":"publish","type":"post","link":"https:\/\/planipets.com\/blog\/collectivites-bien-etre-animal\/25-000e-pour-changer-une-vie-ces-chiens-guides-qui-redonnent-la-liberte-aux-enfants-non-voyants\/","title":{"rendered":"Chiens guides pour enfants non-voyants : comment le CICAM Monaco change des vies"},"content":{"rendered":"<div style=\"background-color: #d9edf7; color: #31708f; border-left-color: #31708f; \" class=\"ub-styled-box ub-notification-box wp-block-ub-styled-box\" id=\"ub-styled-box-0f53f1b4-2959-4435-8063-864237967b8f\">\n<h2 class=\"wp-block-heading\" id=\"ub-styled-box-notification-content-\">Derri\u00e8re chaque regard \u00e9teint, un chien apprend \u00e0 rallumer la lumi\u00e8re.<\/h2>\n\n\n<\/div>\n\n\n<p class=\"wp-block-paragraph\">\u00c0 Monaco, une poign\u00e9e de b\u00e9n\u00e9voles transforme chaque ann\u00e9e le destin d\u2019enfants priv\u00e9s de vue. Depuis plus de trente ans, le <strong>Club International des Amis des Chiens Guides d\u2019Aveugles de Monaco (CICAM)<\/strong> se bat pour une cause rare et essentielle : <strong>offrir \u00e0 des enfants non-voyants un compagnon capable de leur rendre l\u2019autonomie<\/strong>.<\/p>\n\n\n\n<p class=\"wp-block-paragraph\">Fond\u00e9 en 1989 par <strong>Laura Micheo<\/strong>, le CICAM ne se contente pas de financer des chiens guides : il \u00e9quipe aussi les b\u00e9n\u00e9ficiaires de <strong>technologies adapt\u00e9es<\/strong>, de <strong>cannes \u00e9lectroniques<\/strong> et d\u2019<strong>ordinateurs braille<\/strong> pour que le handicap ne soit plus synonyme d\u2019isolement.<\/p>\n\n\n\n<p class=\"wp-block-paragraph\">Mais depuis 2010, le club a pris un virage d\u00e9cisif. Il s\u2019est sp\u00e9cialis\u00e9 dans <strong>les <a href=\"https:\/\/planipets.com\/blog\/actualite\/chiens-guides-daveugles-vers-une-prise-en-charge-par-la-securite-sociale-en-france\/\" data-type=\"post\" data-id=\"59230\">chiens guides<\/a> pour mineurs<\/strong>, une mission aussi noble que co\u00fbteuse : <strong>25 000 euros par animal<\/strong>, soit 9 000 de plus que pour un adulte. Un investissement qui d\u00e9passe les chiffres. Car ici, chaque euro est une promesse : <strong>celle d\u2019un enfant qui retrouve la libert\u00e9 de marcher seul.<\/strong><\/p>\n\n\n<div class=\"wp-block-image\">\n<figure class=\"aligncenter size-full\"><img fetchpriority=\"high\" decoding=\"async\" width=\"600\" height=\"600\" src=\"https:\/\/planipets.com\/blog\/wp-content\/uploads\/2025\/10\/Chiens-guides-pour-enfants-non-voyants-comment-le-CICAM-Monaco-change-des-vies-3.jpg\" alt=\"Chien guide attentif pendant sa formation\" class=\"wp-image-65715\" title=\"\" srcset=\"https:\/\/planipets.com\/blog\/wp-content\/uploads\/2025\/10\/Chiens-guides-pour-enfants-non-voyants-comment-le-CICAM-Monaco-change-des-vies-3.jpg 600w, https:\/\/planipets.com\/blog\/wp-content\/uploads\/2025\/10\/Chiens-guides-pour-enfants-non-voyants-comment-le-CICAM-Monaco-change-des-vies-3-300x300.jpg 300w, https:\/\/planipets.com\/blog\/wp-content\/uploads\/2025\/10\/Chiens-guides-pour-enfants-non-voyants-comment-le-CICAM-Monaco-change-des-vies-3-150x150.jpg 150w, https:\/\/planipets.com\/blog\/wp-content\/uploads\/2025\/10\/Chiens-guides-pour-enfants-non-voyants-comment-le-CICAM-Monaco-change-des-vies-3-450x450.jpg 450w, https:\/\/planipets.com\/blog\/wp-content\/uploads\/2025\/10\/Chiens-guides-pour-enfants-non-voyants-comment-le-CICAM-Monaco-change-des-vies-3-96x96.jpg 96w\" sizes=\"(max-width: 600px) 100vw, 600px\" \/><figcaption class=\"wp-element-caption\">Chien guide attentif : symbole de confiance, de vigilance et de lien entre l\u2019humain et l\u2019animal dans le programme du CICAM Monaco.<br>Cr\u00e9dit photo : Planipets M\u00e9dia.<\/figcaption><\/figure>\n<\/div>\n\n\n<p class=\"wp-block-paragraph\"><\/p>\n\n\n\n<p class=\"wp-block-paragraph\"><\/p>\n\n\n\n<p class=\"wp-block-paragraph\"><\/p>\n\n\n<div style=\"background-color: #d9edf7; color: #31708f; border-left-color: #31708f; \" class=\"ub-styled-box ub-notification-box wp-block-ub-styled-box\" id=\"ub-styled-box-6e99e52f-87fc-4ca3-a2b9-1e3c90da00c1\">\n<h2 class=\"wp-block-heading\" id=\"ub-styled-box-notification-content-\">Des chiens guides pour mineurs : une mission unique en France<\/h2>\n\n\n<\/div>\n\n<div style=\"background-color: #f7f7f7; color: #31708f; border-left-color: #31708f; \" class=\"ub-styled-box ub-notification-box wp-block-ub-styled-box\" id=\"ub-styled-box-41ff2f6d-bfbf-4536-aabc-5bb84b93103e\">\n<p class=\"wp-block-paragraph\" id=\"ub-styled-box-notification-content-\">Former un chien pour un adulte non-voyant demande du temps. Former un chien pour un <strong>enfant aveugle<\/strong>, c\u2019est une tout autre histoire \u2014 et un d\u00e9fi que peu d\u2019associations ont os\u00e9 relever.<\/p>\n\n\n\n<p class=\"wp-block-paragraph\">Depuis 2010, le <strong>CICAM<\/strong> s\u2019est lanc\u00e9 dans cette mission pionni\u00e8re : <strong>offrir \u00e0 des mineurs non-voyants un chien guide form\u00e9 sp\u00e9cialement pour eux<\/strong>. Un choix courageux, mais aussi <strong>on\u00e9reux<\/strong> : l\u00e0 o\u00f9 un chien pour adulte revient \u00e0 environ <strong>16 000 euros<\/strong>, un chien pour enfant atteint <strong>25 000 euros<\/strong>.<\/p>\n\n\n\n<p class=\"wp-block-paragraph\">Pourquoi une telle diff\u00e9rence ? Parce qu\u2019<strong>un enfant ne r\u00e9agit pas, ne communique pas, et ne raisonne pas comme un adulte<\/strong>.<\/p>\n\n\n\n<blockquote class=\"wp-block-quote is-layout-flow wp-block-quote-is-layout-flow\">\n<p class=\"wp-block-paragraph\"><em>\u201cUn mineur n\u2019a pas les m\u00eames capacit\u00e9s pour g\u00e9rer un chien. La formation doit \u00eatre plus progressive, plus sensorielle, plus douce\u201d, explique <strong>Philippe Mirza<\/strong>, pr\u00e9sident du <a href=\"https:\/\/annuaire-entreprises.data.gouv.fr\/entreprise\/cicam-331230987\" target=\"_blank\" rel=\"noopener\">CICAM<\/a> depuis 2007.<\/em><\/p>\n<\/blockquote>\n\n\n\n<p class=\"wp-block-paragraph\">L\u2019unique \u00e9cole en France capable de former ces chiens exceptionnels se trouve \u00e0 <strong>l\u2019Isle-sur-la-Sorgue<\/strong>. C\u2019est l\u00e0 que naissent les duos de confiance que le CICAM finance chaque ann\u00e9e \u2014 <strong>environ deux <a href=\"https:\/\/planipets.com\/blog\/actualite\/chiens-guides-daveugles-vers-une-prise-en-charge-par-la-securite-sociale-en-france\/\" data-type=\"post\" data-id=\"59230\">chiens guides<\/a> pour enfants<\/strong>, un chiffre modeste mais porteur d\u2019un impact immense.<\/p>\n\n\n\n<p class=\"wp-block-paragraph\">Chaque remise est un moment d\u2019\u00e9motion : apr\u00e8s deux ann\u00e9es de pr\u00e9paration et plusieurs mois d\u2019adaptation, <strong>le chien et son jeune ma\u00eetre se d\u00e9couvrent et s\u2019apprivoisent<\/strong>.<\/p>\n\n\n\n<p class=\"wp-block-paragraph\">Le CICAM organise alors une <strong>c\u00e9r\u00e9monie officielle<\/strong> : un instant suspendu o\u00f9 les donateurs, les familles et les b\u00e9n\u00e9voles voient concr\u00e8tement <strong>ce que \u201c25 000 euros\u201d peuvent accomplir \u2014 un lien, une vie, une libert\u00e9 retrouv\u00e9e.<\/strong><\/p>\n\n\n<\/div>\n\n\n<p class=\"wp-block-paragraph\"><\/p>\n\n\n\n<p class=\"wp-block-paragraph\"><\/p>\n\n\n\n<p class=\"wp-block-paragraph\"><\/p>\n\n\n<div style=\"background-color: #d9edf7; color: #31708f; border-left-color: #31708f; \" class=\"ub-styled-box ub-notification-box wp-block-ub-styled-box\" id=\"ub-styled-box-46acbc78-a7ad-4685-9e27-9ce0a15ef55e\">\n<h2 class=\"wp-block-heading\" id=\"ub-styled-box-notification-content-\">La technologie, autre alli\u00e9e de la libert\u00e9<\/h2>\n\n\n<\/div>\n\n\n<p class=\"wp-block-paragraph\">Si les chiens guides demeurent au c\u0153ur de la mission du CICAM, l\u2019association a tr\u00e8s vite compris qu\u2019un autre levier pouvait offrir de nouvelles perspectives d\u2019autonomie : la technologie. Dans un monde o\u00f9 le num\u00e9rique structure d\u00e9sormais chaque aspect de la vie quotidienne, <strong>l\u2019acc\u00e8s \u00e0 ces outils devient un facteur d\u2019inclusion essentiel<\/strong> pour les personnes non-voyantes.<\/p>\n\n\n\n<p class=\"wp-block-paragraph\">Sous l\u2019impulsion de son pr\u00e9sident, Philippe Mirza, le CICAM a d\u00e9cid\u00e9 de financer des \u00e9quipements informatiques adapt\u00e9s. Parmi eux, <strong>les ordinateurs braille<\/strong>, v\u00e9ritables fen\u00eatres sur le monde, permettent \u00e0 leurs utilisateurs d\u2019\u00e9tudier, de travailler et de communiquer avec fluidit\u00e9. Ces appareils co\u00fbtent environ <strong>7 000 euros<\/strong> chacun, mais leur impact est inestimable : ils ouvrent la porte \u00e0 des \u00e9tudes sup\u00e9rieures, \u00e0 des dipl\u00f4mes, \u00e0 des emplois qualifi\u00e9s. Autant de trajectoires rendues possibles gr\u00e2ce \u00e0 la technologie et \u00e0 la solidarit\u00e9.<\/p>\n\n\n\n<p class=\"wp-block-paragraph\">Le club soutient \u00e9galement l\u2019achat de <strong>cannes \u00e9lectroniques<\/strong>, d\u2019une valeur moyenne de <strong>5 000 euros<\/strong>, et de <strong>lecteurs portatifs<\/strong> capables de stocker plusieurs livres audio. Ces dispositifs compl\u00e8tent le travail des chiens guides en renfor\u00e7ant la mobilit\u00e9, la s\u00e9curit\u00e9 et l\u2019acc\u00e8s \u00e0 la culture.<\/p>\n\n\n\n<p class=\"wp-block-paragraph\">\u00ab <em>Gr\u00e2ce \u00e0 l\u2019informatique, les personnes non-voyantes peuvent aujourd\u2019hui exercer des m\u00e9tiers vari\u00e9s, de la vente \u00e0 la communication. Elles disposent d\u2019outils adapt\u00e9s qui leur rendent leur ind\u00e9pendance<\/em> \u00bb, explique Philippe Mirza.<\/p>\n\n\n\n<p class=\"wp-block-paragraph\">Pour le CICAM, ces aides technologiques ne remplacent pas les chiens guides : elles les prolongent. Elles constituent une autre mani\u00e8re de redonner confiance, de prouver que <strong>l\u2019autonomie n\u2019est pas un privil\u00e8ge, mais un droit fondamental<\/strong>. Et surtout, elles rappellent que la solidarit\u00e9 moderne ne se limite plus aux gestes du pass\u00e9 \u2014 elle s\u2019\u00e9crit aussi \u00e0 travers les c\u00e2bles, les \u00e9crans et le braille num\u00e9rique.<\/p>\n\n\n\n<blockquote class=\"wp-block-quote is-layout-flow wp-block-quote-is-layout-flow\">\n<p class=\"wp-block-paragraph\"><em>Peut vous int\u00e9resser: <a href=\"https:\/\/planipets.com\/blog\/actualite\/chiens-guides-daveugles-vers-une-prise-en-charge-par-la-securite-sociale-en-france\/\">Chiens guides d\u2019aveugles : vers une prise en charge par la S\u00e9curit\u00e9 sociale en France&nbsp;<\/a><\/em><\/p>\n<\/blockquote>\n\n\n\n<p class=\"wp-block-paragraph\"><\/p>\n\n\n\n<p class=\"wp-block-paragraph\"><\/p>\n\n\n<div style=\"background-color: #d9edf7; color: #31708f; border-left-color: #31708f; \" class=\"ub-styled-box ub-notification-box wp-block-ub-styled-box\" id=\"ub-styled-box-2f2344ff-03a2-4740-bee0-6d9ac906d09e\">\n<h2 class=\"wp-block-heading\" id=\"ub-styled-box-notification-content-\">Monaco, territoire de solidarit\u00e9<\/h2>\n\n\n<\/div>\n\n<div style=\"background-color: #dff0d8; color: #3c763d; border-left-color: #3c763d; \" class=\"ub-styled-box ub-notification-box wp-block-ub-styled-box\" id=\"ub-styled-box-27ad3da7-7d1c-4862-b73a-fa0b46c90bda\">\n<p class=\"wp-block-paragraph\" id=\"ub-styled-box-notification-content-\">Derri\u00e8re chaque r\u00e9ussite du CICAM se cache une cha\u00eene humaine tiss\u00e9e de bienveillance et d\u2019engagement. \u00c0 Monaco, la solidarit\u00e9 n\u2019est pas un mot d\u2019affiche : c\u2019est une r\u00e9alit\u00e9 quotidienne. Le club agit <strong>sous le haut patronage de la Princesse St\u00e9phanie<\/strong>, pr\u00e9sidente d\u2019honneur de l\u2019association, et b\u00e9n\u00e9ficie du soutien actif des institutions mon\u00e9gasques. Minist\u00e8re des affaires sociales, mairie de Monaco, \u00c9ducation nationale\u2026 tous contribuent \u00e0 faire du CICAM un acteur incontournable de l\u2019inclusion.<\/p>\n\n\n<div class=\"wp-block-image\">\n<figure class=\"aligncenter size-full\"><img decoding=\"async\" width=\"600\" height=\"600\" src=\"https:\/\/planipets.com\/blog\/wp-content\/uploads\/2025\/10\/Chiens-guides-pour-enfants-non-voyants-comment-le-CICAM-Monaco-change-des-vies-4.jpg\" alt=\"\u00c9quipe du CICAM et chiens guides \u00e0 Monaco\" class=\"wp-image-65714\" title=\"\" srcset=\"https:\/\/planipets.com\/blog\/wp-content\/uploads\/2025\/10\/Chiens-guides-pour-enfants-non-voyants-comment-le-CICAM-Monaco-change-des-vies-4.jpg 600w, https:\/\/planipets.com\/blog\/wp-content\/uploads\/2025\/10\/Chiens-guides-pour-enfants-non-voyants-comment-le-CICAM-Monaco-change-des-vies-4-300x300.jpg 300w, https:\/\/planipets.com\/blog\/wp-content\/uploads\/2025\/10\/Chiens-guides-pour-enfants-non-voyants-comment-le-CICAM-Monaco-change-des-vies-4-150x150.jpg 150w, https:\/\/planipets.com\/blog\/wp-content\/uploads\/2025\/10\/Chiens-guides-pour-enfants-non-voyants-comment-le-CICAM-Monaco-change-des-vies-4-450x450.jpg 450w, https:\/\/planipets.com\/blog\/wp-content\/uploads\/2025\/10\/Chiens-guides-pour-enfants-non-voyants-comment-le-CICAM-Monaco-change-des-vies-4-96x96.jpg 96w\" sizes=\"(max-width: 600px) 100vw, 600px\" \/><figcaption class=\"wp-element-caption\">L\u2019engagement collectif du CICAM illustr\u00e9 par une \u00e9quipe unie autour de chiens guides, embl\u00e8mes de confiance et d\u2019autonomie pour les jeunes non-voyants.<br>Cr\u00e9dit photo : Planipets M\u00e9dia <\/figcaption><\/figure>\n<\/div>\n\n\n<p class=\"wp-block-paragraph\">Cette collaboration a pris un relief particulier lors du <strong>tournoi f\u00e9minin de torball<\/strong> organis\u00e9 en mai 2025, un sport collectif pratiqu\u00e9 par des personnes d\u00e9ficientes visuelles. L\u2019\u00e9v\u00e9nement a permis \u00e0 la fois de sensibiliser le public et de collecter des fonds destin\u00e9s \u00e0 financer de nouveaux \u00e9quipements. Ce jour-l\u00e0, l\u2019\u00e9motion \u00e9tait palpable : des enfants, des parents, des b\u00e9n\u00e9voles et des \u00e9lus unis autour d\u2019une m\u00eame cause.<\/p>\n\n\n\n<blockquote class=\"wp-block-quote is-layout-flow wp-block-quote-is-layout-flow\">\n<p class=\"wp-block-paragraph\">\u00ab <em>Cette collaboration avec les autorit\u00e9s mon\u00e9gasques fonctionne remarquablement bien. Nous formons une v\u00e9ritable \u00e9quipe<\/em> \u00bb, confie Philippe Mirza. <\/p>\n<\/blockquote>\n\n\n\n<p class=\"wp-block-paragraph\">Ce mot, \u201c\u00e9quipe\u201d, r\u00e9sume parfaitement la philosophie du CICAM. Ici, personne ne travaille dans l\u2019ombre. Chacun apporte sa pierre \u00e0 l\u2019\u00e9difice : les institutions soutiennent, les citoyens participent, les donateurs observent les r\u00e9sultats concrets de leur g\u00e9n\u00e9rosit\u00e9.<\/p>\n\n\n\n<p class=\"wp-block-paragraph\">Cette transparence est d\u2019ailleurs l\u2019une des forces du club. Chaque euro vers\u00e9 trouve une destination identifiable. Les adh\u00e9rents ne financent pas une abstraction : ils financent des chiens, des outils, des vies transform\u00e9es. Et c\u2019est sans doute ce lien direct entre don et impact r\u00e9el qui explique la fid\u00e9lit\u00e9 des membres \u2014 environ une cinquantaine d\u2019actifs chaque ann\u00e9e, un noyau stable malgr\u00e9 le temps.<\/p>\n\n\n\n<p class=\"wp-block-paragraph\">\u00c0 Monaco, l\u2019entraide a trouv\u00e9 son visage. Celui d\u2019une association qui prouve qu\u2019un petit territoire peut avoir un immense c\u0153ur.<\/p>\n\n\n<\/div>\n\n\n<p class=\"wp-block-paragraph\"><\/p>\n\n\n\n<p class=\"wp-block-paragraph\"><\/p>\n\n\n\n<p class=\"wp-block-paragraph\"><\/p>\n\n\n<div style=\"background-color: #d9edf7; color: #31708f; border-left-color: #31708f; \" class=\"ub-styled-box ub-notification-box wp-block-ub-styled-box\" id=\"ub-styled-box-633f9ccd-2179-4e72-ac52-e48fad9864df\">\n<h2 class=\"wp-block-heading\" id=\"ub-styled-box-notification-content-\">Le grand r\u00eave : un nouveau chenil pour \u00e9duquer plus de chiens<\/h2>\n\n\n<\/div>\n\n\n<p class=\"wp-block-paragraph\">Former un chien guide, c\u2019est deux ann\u00e9es d\u2019apprentissage, de patience et de lien humain. Deux ann\u00e9es o\u00f9 des \u00e9ducateurs sp\u00e9cialis\u00e9s fa\u00e7onnent, pas \u00e0 pas, la future autonomie d\u2019un enfant. Mais aujourd\u2019hui, <strong>l\u2019\u00e9cole de l\u2019Isle-sur-la-Sorgue<\/strong>, unique en France \u00e0 former des chiens pour mineurs, <strong>ne peut produire qu\u2019une vingtaine d\u2019animaux par an<\/strong>. Trop peu face \u00e0 la demande grandissante.<\/p>\n\n\n\n<p class=\"wp-block-paragraph\">Conscient de cette r\u00e9alit\u00e9, le CICAM nourrit un projet ambitieux : <strong>cr\u00e9er un nouveau chenil<\/strong> capable d\u2019augmenter significativement le nombre de chiens form\u00e9s. L\u2019objectif serait de permettre la remise d\u2019une quinzaine de chiens guides suppl\u00e9mentaires chaque ann\u00e9e. Un r\u00eave \u00e0 port\u00e9e de main, mais sem\u00e9 d\u2019obstacles administratifs et financiers.<\/p>\n\n\n\n<p class=\"wp-block-paragraph\">La construction d\u2019un tel lieu ne s\u2019improvise pas. Elle implique des <strong>permis de construire<\/strong>, des <strong>\u00e9tudes environnementales<\/strong>, des <strong>normes sanitaires strictes<\/strong> et un <strong>budget cons\u00e9quent<\/strong>. Autant d\u2019\u00e9tapes qui demandent du temps, de la rigueur et de la pers\u00e9v\u00e9rance. Pourtant, Philippe Mirza y croit fermement.<\/p>\n\n\n\n<p class=\"wp-block-paragraph\">\u00ab Ce projet, c\u2019est un pari collectif. Chaque don, chaque partenariat compte. Parce qu\u2019au bout du chemin, il y a un enfant qui retrouvera la libert\u00e9 de marcher seul \u00bb, explique-t-il avec conviction.<\/p>\n\n\n\n<p class=\"wp-block-paragraph\">Pour le CICAM, l\u2019enjeu d\u00e9passe la simple logistique. Il s\u2019agit d\u2019un symbole : celui d\u2019une <strong>France capable de former plus de <a href=\"https:\/\/planipets.com\/blog\/actualite\/morbihan-toffee-la-chienne-de-mediation-qui-change-la-vie-des-enfants-de-lime-kergadaud\/\">chiens guides pour enfants<\/a><\/strong>, de r\u00e9duire les d\u00e9lais d\u2019attente et de r\u00e9pondre \u00e0 des besoins r\u00e9els. Cr\u00e9er un nouveau chenil, c\u2019est investir dans la dignit\u00e9. C\u2019est pr\u00e9parer un futur o\u00f9 <strong>aucun enfant non-voyant ne devra attendre des ann\u00e9es avant de pouvoir avancer avec confiance<\/strong>.<\/p>\n\n\n\n<p class=\"wp-block-paragraph\"><\/p>\n\n\n\n<p class=\"wp-block-paragraph\"><\/p>\n\n\n\n<p class=\"wp-block-paragraph\"><\/p>\n\n\n<div style=\"background-color: #ffd2d2; color: #d8000c; border-left-color: #d8000c; \" class=\"ub-styled-box ub-notification-box wp-block-ub-styled-box\" id=\"ub-styled-box-29d00265-25a6-4a4e-8c4a-cca7451922fa\">\n<h2 class=\"wp-block-heading\" id=\"ub-styled-box-notification-content-\">L\u2019engagement comme raison d\u2019\u00eatre<\/h2>\n\n\n<\/div>\n\n\n<p class=\"wp-block-paragraph\">Au c\u0153ur du CICAM, il n\u2019y a ni salaires ni bureaux luxueux. Il y a des b\u00e9n\u00e9voles, des heures donn\u00e9es, des convictions tenaces. Pour <strong>Philippe Mirza<\/strong>, pr\u00e9sident depuis 2007, l\u2019engagement n\u2019est pas un devoir moral, c\u2019est une n\u00e9cessit\u00e9 intime.<\/p>\n\n\n\n<blockquote class=\"wp-block-quote is-layout-flow wp-block-quote-is-layout-flow\">\n<p class=\"wp-block-paragraph\">\u00ab <em>Nous avons la chance d\u2019\u00eatre en bonne sant\u00e9. Face au handicap, je me sens mal dans ma peau si je n\u2019agis pas. Je ne peux pas faire de miracles, mais je peux contribuer \u00e0 changer quelque chose<\/em> \u00bb, confie-t-il. Cette sinc\u00e9rit\u00e9 d\u00e9sarme. Elle r\u00e9sume ce que tant de membres du CICAM partagent : <strong>une volont\u00e9 d\u2019agir plut\u00f4t que de compatir<\/strong>.<\/p>\n<\/blockquote>\n\n\n\n<p class=\"wp-block-paragraph\">Chaque action men\u00e9e, chaque \u00e9v\u00e9nement organis\u00e9, chaque chien remis est le fruit d\u2019un <strong>travail b\u00e9n\u00e9vole consid\u00e9rable<\/strong>. Mais c\u2019est aussi une source de joie profonde. Les retours des familles, les sourires des enfants, la reconnaissance silencieuse d\u2019un <a href=\"https:\/\/planipets.com\/blog\/professionnel-planipets\/elle-communique-avec-les-animaux-ce-chien-la-lui-a-tout-fait-comprendre-sans-dire-un-mot\/\"><strong>chien qui comprend tout sans parler<\/strong><\/a> : ce sont ces moments-l\u00e0 qui justifient les nuits blanches et les efforts constants.<\/p>\n\n\n\n<p class=\"wp-block-paragraph\">Le CICAM n\u2019est pas une structure m\u00e9dicale. Il ne promet pas de gu\u00e9rison, seulement <strong>de la pr\u00e9sence, du soutien et de l\u2019\u00e9coute<\/strong>. Et souvent, cela suffit \u00e0 faire toute la diff\u00e9rence. <\/p>\n\n\n<div style=\"background-color: #dff0d8; color: #3c763d; border-left-color: #3c763d; \" class=\"ub-styled-box ub-notification-box wp-block-ub-styled-box\" id=\"ub-styled-box-226cb404-8b61-45c6-a705-53e84c21c92b\">\n<p class=\"wp-block-paragraph\" id=\"ub-styled-box-notification-content-\">\u00ab <em>Les personnes malvoyantes peuvent nous contacter sans h\u00e9siter. Nous les aidons dans la mesure de nos moyens. Nous sommes l\u00e0, simplement l\u00e0, pour toutes les demandes qui correspondent \u00e0 nos missions<\/em> \u00bb, rappelle Philippe Mirza.<\/p>\n\n\n<\/div>\n\n\n<p class=\"wp-block-paragraph\">Dans un monde o\u00f9 la compassion s\u2019exprime souvent derri\u00e8re un \u00e9cran, le CICAM prouve qu\u2019il existe encore des lieux o\u00f9 <strong>la solidarit\u00e9 s\u2019incarne, se touche et se regarde en face<\/strong>. Des lieux o\u00f9 donner un peu de son temps, c\u2019est offrir beaucoup d\u2019avenir.<\/p>\n\n\n<div class=\"wp-block-image\">\n<figure class=\"aligncenter size-full\"><img decoding=\"async\" width=\"600\" height=\"600\" src=\"https:\/\/planipets.com\/blog\/wp-content\/uploads\/2025\/10\/Chiens-guides-pour-enfants-non-voyants-comment-le-CICAM-Monaco-change-des-vies-1.jpg\" alt=\"Image illustrative de membres d\u2019une association r\u00e9unis pour symboliser la remise de chiens guides destin\u00e9s \u00e0 des enfants non-voyants soutenus par le CICAM \u00e0 Monaco.\" class=\"wp-image-65713\" title=\"\" srcset=\"https:\/\/planipets.com\/blog\/wp-content\/uploads\/2025\/10\/Chiens-guides-pour-enfants-non-voyants-comment-le-CICAM-Monaco-change-des-vies-1.jpg 600w, https:\/\/planipets.com\/blog\/wp-content\/uploads\/2025\/10\/Chiens-guides-pour-enfants-non-voyants-comment-le-CICAM-Monaco-change-des-vies-1-300x300.jpg 300w, https:\/\/planipets.com\/blog\/wp-content\/uploads\/2025\/10\/Chiens-guides-pour-enfants-non-voyants-comment-le-CICAM-Monaco-change-des-vies-1-150x150.jpg 150w, https:\/\/planipets.com\/blog\/wp-content\/uploads\/2025\/10\/Chiens-guides-pour-enfants-non-voyants-comment-le-CICAM-Monaco-change-des-vies-1-450x450.jpg 450w, https:\/\/planipets.com\/blog\/wp-content\/uploads\/2025\/10\/Chiens-guides-pour-enfants-non-voyants-comment-le-CICAM-Monaco-change-des-vies-1-96x96.jpg 96w\" sizes=\"(max-width: 600px) 100vw, 600px\" \/><figcaption class=\"wp-element-caption\">Remise symbolique du CICAM : un moment d\u2019\u00e9motion et d\u2019engagement autour des chiens guides pour enfants non-voyants.<br>Cr\u00e9dit photo : Planipets M\u00e9dia<\/figcaption><\/figure>\n<\/div>\n\n\n<p class=\"wp-block-paragraph\"><\/p>\n\n\n\n<p class=\"wp-block-paragraph\"><\/p>\n\n\n<div style=\"background-color: #d9edf7; color: #31708f; border-left-color: #31708f; \" class=\"ub-styled-box ub-notification-box wp-block-ub-styled-box\" id=\"ub-styled-box-2b23f88d-1b73-43e3-aa6b-bc991306dc23\">\n<h2 class=\"wp-block-heading\" id=\"ub-styled-box-notification-content-\">Comment contribuer ?<\/h2>\n\n\n<\/div>\n\n\n<p class=\"wp-block-paragraph\">L\u2019action du CICAM repose avant tout sur la confiance et la fid\u00e9lit\u00e9 de ses membres. L\u2019association compte <strong>une cinquantaine d\u2019adh\u00e9rents actifs<\/strong>, un nombre qui varie l\u00e9g\u00e8rement d\u2019une ann\u00e9e \u00e0 l\u2019autre mais qui se maintient gr\u00e2ce \u00e0 un noyau particuli\u00e8rement engag\u00e9. Cette stabilit\u00e9 s\u2019explique par la <strong>transparence<\/strong> de son fonctionnement : chaque donateur peut constater l\u2019usage concret de sa contribution, lors des \u00e9v\u00e9nements et remises officielles.<\/p>\n\n\n\n<p class=\"wp-block-paragraph\">Le <strong>bouche-\u00e0-oreille<\/strong> demeure le principal moteur de recrutement, preuve que la cr\u00e9dibilit\u00e9 du CICAM s\u2019appuie d\u2019abord sur la sinc\u00e9rit\u00e9 de son engagement. Pour rejoindre cette cha\u00eene de solidarit\u00e9, les cotisations sont accessibles <strong>\u00e0 partir de 50 euros<\/strong> via le site internet de l\u2019association.<\/p>\n\n\n<div style=\"background-color: #dff0d8; color: #3c763d; border-left-color: #3c763d; \" class=\"ub-styled-box ub-notification-box wp-block-ub-styled-box\" id=\"ub-styled-box-7b08825e-92ca-42c8-afff-a633b7c75db8\">\n<p class=\"wp-block-paragraph\" id=\"ub-styled-box-notification-content-\">Le prochain grand rendez-vous aura lieu lors de <strong>l\u2019assembl\u00e9e g\u00e9n\u00e9rale du 26 novembre 2025<\/strong>. Ce moment permettra de d\u00e9finir les nouveaux projets pour l\u2019ann\u00e9e 2026 et de pr\u00e9senter les prochaines orientations, notamment autour du d\u00e9veloppement d\u2019un nouveau chenil.<\/p>\n\n\n<\/div>\n\n\n<p class=\"wp-block-paragraph\">Soutenir le CICAM, c\u2019est choisir d\u2019agir pour une cause concr\u00e8te : celle d\u2019enfants non-voyants qui, gr\u00e2ce \u00e0 un chien guide ou \u00e0 un \u00e9quipement adapt\u00e9, retrouvent confiance et autonomie. Ce n\u2019est pas un simple don, c\u2019est <strong>un acte de solidarit\u00e9 visible, mesurable et profond\u00e9ment humain<\/strong>.<\/p>\n\n\n\n<p class=\"wp-block-paragraph\"><\/p>\n\n\n\n<p class=\"wp-block-paragraph\"><\/p>\n\n\n\n<p class=\"wp-block-paragraph\"><\/p>\n\n\n<div style=\"background-color: #d9edf7; color: #31708f; border-left-color: #31708f; \" class=\"ub-styled-box ub-notification-box wp-block-ub-styled-box\" id=\"ub-styled-box-0fbab8dc-359f-484f-8e1f-86f71d8961ee\">\n<h2 class=\"wp-block-heading\" id=\"ub-styled-box-notification-content-\">Et si 25 000\u20ac pouvaient racheter une libert\u00e9 ?<\/h2>\n\n\n<\/div>\n\n\n<p class=\"wp-block-paragraph\">Dans une \u00e9poque o\u00f9 tout se chiffre, o\u00f9 la valeur d\u2019une vie semble parfois se mesurer en pourcentages et en bilans, le CICAM rappelle une \u00e9vidence : <strong>25 000 euros peuvent changer un destin<\/strong>. Ce n\u2019est pas une somme abstraite. C\u2019est le prix d\u2019un chien qui deviendra les yeux d\u2019un enfant, son rep\u00e8re, son alli\u00e9, sa s\u00e9curit\u00e9.<\/p>\n\n\n\n<p class=\"wp-block-paragraph\">Derri\u00e8re chaque chien remis se cache une cha\u00eene de g\u00e9n\u00e9rosit\u00e9 : des donateurs, des \u00e9ducateurs, des b\u00e9n\u00e9voles, des familles. Ensemble, ils forment un maillage discret mais essentiel, celui d\u2019une <strong>solidarit\u00e9 qui ne promet pas le miracle, mais offre la dignit\u00e9<\/strong>. L\u00e0 o\u00f9 certains voient un co\u00fbt, le CICAM voit une renaissance.<\/p>\n\n\n\n<p class=\"wp-block-paragraph\">Cette association mon\u00e9gasque ne vend pas des chiens, elle redonne des libert\u00e9s. Elle ne distribue pas des aides, elle reconstruit des avenirs. Elle agit sans bruit, sans grands moyens, mais avec une constance admirable : celle de ceux qui croient encore que <strong>la lumi\u00e8re peut revenir, m\u00eame l\u00e0 o\u00f9 la vue s\u2019est \u00e9teinte<\/strong>.<\/p>\n\n\n\n<p class=\"wp-block-paragraph\">Alors oui, 25 000 euros, c\u2019est beaucoup. Mais quand cet argent se transforme en ind\u00e9pendance, en confiance, en sourire d\u2019enfant qui marche seul pour la premi\u00e8re fois\u2026 alors non, ce n\u2019est plus un prix. C\u2019est une promesse tenue.<\/p>\n\n\n\n<p class=\"wp-block-paragraph\"><\/p>\n\n\n\n<p class=\"wp-block-paragraph\"><\/p>\n\n\n\n<p class=\"wp-block-paragraph\"><\/p>\n\n\n<div style=\"background-color: #d9edf7; color: #31708f; border-left-color: #31708f; \" class=\"ub-styled-box ub-notification-box wp-block-ub-styled-box\" id=\"ub-styled-box-a8ca77f1-1da2-47c8-bdca-dd3f598ce363\">\n<h2 class=\"wp-block-heading\" id=\"ub-styled-box-notification-content-\">FAQ \u2013 Tout savoir sur le CICAM et les chiens guides pour enfants non-voyants<\/h2>\n\n\n<\/div>\n\n<div class=\"wp-block-ub-content-toggle wp-block-ub-content-toggle-block\" id=\"ub-content-toggle-block-f8bc9a0c-c0e3-4500-97a6-8c0209571214\" data-mobilecollapse=\"false\" data-desktopcollapse=\"false\" data-preventcollapse=\"false\" data-showonlyone=\"false\">\n<div class=\"wp-block-ub-content-toggle-accordion\" style=\"border-color: #f1f1f1;\" id=\"ub-content-toggle-panel-block-\">\n\t\t\t<div class=\"wp-block-ub-content-toggle-accordion-title-wrap\" style=\"background-color: #f1f1f1;\" aria-controls=\"ub-content-toggle-panel-0-f8bc9a0c-c0e3-4500-97a6-8c0209571214\" tabindex=\"0\">\n\t\t\t<h3 class=\"wp-block-ub-content-toggle-accordion-title ub-content-toggle-title-f8bc9a0c-c0e3-4500-97a6-8c0209571214\" style=\"color: #000000; \">Qu\u2019est-ce que le CICAM ?<\/h3>\n\t\t\t<div class=\"wp-block-ub-content-toggle-accordion-toggle-wrap right\" style=\"color: #000000;\"><span class=\"wp-block-ub-content-toggle-accordion-state-indicator wp-block-ub-chevron-down open\"><\/span><\/div>\n\t\t<\/div>\n\t\t\t<div role=\"region\" aria-expanded=\"true\" class=\"wp-block-ub-content-toggle-accordion-content-wrap\" id=\"ub-content-toggle-panel-0-f8bc9a0c-c0e3-4500-97a6-8c0209571214\">\n\n<p class=\"wp-block-paragraph\">Le <strong>Club International des Amis des Chiens Guides d\u2019Aveugles de Monaco (CICAM)<\/strong> est une association fond\u00e9e en <strong>1989<\/strong> par <strong>Laura Micheo<\/strong>. Sa mission est de <strong>financer des chiens guides pour les personnes non-voyantes<\/strong> et de leur fournir des <strong>\u00e9quipements technologiques adapt\u00e9s<\/strong> favorisant l\u2019autonomie.<\/p>\n\n<\/div>\n\t\t<\/div>\n\n<div class=\"wp-block-ub-content-toggle-accordion\" style=\"border-color: #f1f1f1;\" id=\"ub-content-toggle-panel-block-\">\n\t\t\t<div class=\"wp-block-ub-content-toggle-accordion-title-wrap\" style=\"background-color: #f1f1f1;\" aria-controls=\"ub-content-toggle-panel-1-f8bc9a0c-c0e3-4500-97a6-8c0209571214\" tabindex=\"0\">\n\t\t\t<h3 class=\"wp-block-ub-content-toggle-accordion-title ub-content-toggle-title-f8bc9a0c-c0e3-4500-97a6-8c0209571214\" style=\"color: #000000; \">Pourquoi le CICAM se concentre-t-il sur les enfants non-voyants ?<\/h3>\n\t\t\t<div class=\"wp-block-ub-content-toggle-accordion-toggle-wrap right\" style=\"color: #000000;\"><span class=\"wp-block-ub-content-toggle-accordion-state-indicator wp-block-ub-chevron-down open\"><\/span><\/div>\n\t\t<\/div>\n\t\t\t<div role=\"region\" aria-expanded=\"true\" class=\"wp-block-ub-content-toggle-accordion-content-wrap\" id=\"ub-content-toggle-panel-1-f8bc9a0c-c0e3-4500-97a6-8c0209571214\">\n\n<p class=\"wp-block-paragraph\">Depuis <strong>2010<\/strong>, le CICAM s\u2019est sp\u00e9cialis\u00e9 dans le financement de <strong>chiens guides pour mineurs<\/strong>. Cette orientation unique en France r\u00e9pond \u00e0 un besoin pr\u00e9cis : <strong>les enfants aveugles n\u00e9cessitent un accompagnement sp\u00e9cifique<\/strong>, \u00e0 la fois plus long et plus sensible que celui des adultes.<\/p>\n\n<\/div>\n\t\t<\/div>\n\n<div class=\"wp-block-ub-content-toggle-accordion\" style=\"border-color: #f1f1f1;\" id=\"ub-content-toggle-panel-block-\">\n\t\t\t<div class=\"wp-block-ub-content-toggle-accordion-title-wrap\" style=\"background-color: #f1f1f1;\" aria-controls=\"ub-content-toggle-panel-2-f8bc9a0c-c0e3-4500-97a6-8c0209571214\" tabindex=\"0\">\n\t\t\t<h3 class=\"wp-block-ub-content-toggle-accordion-title ub-content-toggle-title-f8bc9a0c-c0e3-4500-97a6-8c0209571214\" style=\"color: #000000; \">Pourquoi un chien guide pour enfant co\u00fbte-t-il 25 000 euros ?<\/h3>\n\t\t\t<div class=\"wp-block-ub-content-toggle-accordion-toggle-wrap right\" style=\"color: #000000;\"><span class=\"wp-block-ub-content-toggle-accordion-state-indicator wp-block-ub-chevron-down open\"><\/span><\/div>\n\t\t<\/div>\n\t\t\t<div role=\"region\" aria-expanded=\"true\" class=\"wp-block-ub-content-toggle-accordion-content-wrap\" id=\"ub-content-toggle-panel-2-f8bc9a0c-c0e3-4500-97a6-8c0209571214\">\n\n<p class=\"wp-block-paragraph\">Un chien guide pour enfant co\u00fbte <strong>environ 25 000 euros<\/strong>, contre 16 000 pour un adulte. Cette diff\u00e9rence s\u2019explique par la <strong>formation plus complexe et plus longue<\/strong> que requiert la relation avec un mineur. L\u2019animal doit \u00eatre pr\u00e9par\u00e9 \u00e0 comprendre, anticiper et s\u2019adapter \u00e0 un comportement enfantin, souvent plus spontan\u00e9.<\/p>\n\n<\/div>\n\t\t<\/div>\n\n<div class=\"wp-block-ub-content-toggle-accordion\" style=\"border-color: #f1f1f1;\" id=\"ub-content-toggle-panel-block-\">\n\t\t\t<div class=\"wp-block-ub-content-toggle-accordion-title-wrap\" style=\"background-color: #f1f1f1;\" aria-controls=\"ub-content-toggle-panel-3-f8bc9a0c-c0e3-4500-97a6-8c0209571214\" tabindex=\"0\">\n\t\t\t<h3 class=\"wp-block-ub-content-toggle-accordion-title ub-content-toggle-title-f8bc9a0c-c0e3-4500-97a6-8c0209571214\" style=\"color: #000000; \">O\u00f9 sont form\u00e9s les chiens financ\u00e9s par le CICAM ?<\/h3>\n\t\t\t<div class=\"wp-block-ub-content-toggle-accordion-toggle-wrap right\" style=\"color: #000000;\"><span class=\"wp-block-ub-content-toggle-accordion-state-indicator wp-block-ub-chevron-down open\"><\/span><\/div>\n\t\t<\/div>\n\t\t\t<div role=\"region\" aria-expanded=\"true\" class=\"wp-block-ub-content-toggle-accordion-content-wrap\" id=\"ub-content-toggle-panel-3-f8bc9a0c-c0e3-4500-97a6-8c0209571214\">\n\n<p class=\"wp-block-paragraph\">Les chiens guides financ\u00e9s par le CICAM sont form\u00e9s \u00e0 <strong>l\u2019Isle-sur-la-Sorgue<\/strong>, dans la seule \u00e9cole fran\u00e7aise d\u00e9di\u00e9e \u00e0 la formation de chiens guides pour enfants non-voyants. Le CICAM y finance environ <strong>deux chiens par an<\/strong>, en lien direct avec les \u00e9ducateurs sp\u00e9cialis\u00e9s.<\/p>\n\n<\/div>\n\t\t<\/div>\n\n<div class=\"wp-block-ub-content-toggle-accordion\" style=\"border-color: #f1f1f1;\" id=\"ub-content-toggle-panel-block-\">\n\t\t\t<div class=\"wp-block-ub-content-toggle-accordion-title-wrap\" style=\"background-color: #f1f1f1;\" aria-controls=\"ub-content-toggle-panel-4-f8bc9a0c-c0e3-4500-97a6-8c0209571214\" tabindex=\"0\">\n\t\t\t<h3 class=\"wp-block-ub-content-toggle-accordion-title ub-content-toggle-title-f8bc9a0c-c0e3-4500-97a6-8c0209571214\" style=\"color: #000000; \">Le CICAM aide-t-il aussi les adultes ?<\/h3>\n\t\t\t<div class=\"wp-block-ub-content-toggle-accordion-toggle-wrap right\" style=\"color: #000000;\"><span class=\"wp-block-ub-content-toggle-accordion-state-indicator wp-block-ub-chevron-down open\"><\/span><\/div>\n\t\t<\/div>\n\t\t\t<div role=\"region\" aria-expanded=\"true\" class=\"wp-block-ub-content-toggle-accordion-content-wrap\" id=\"ub-content-toggle-panel-4-f8bc9a0c-c0e3-4500-97a6-8c0209571214\">\n\n<p class=\"wp-block-paragraph\">Oui. Bien que l\u2019association concentre ses efforts sur les mineurs, elle <strong>continue de soutenir les adultes non-voyants<\/strong> \u00e0 travers le financement d\u2019\u00e9quipements technologiques : <strong>ordinateurs braille, cannes \u00e9lectroniques, lecteurs portatifs<\/strong> ou logiciels adapt\u00e9s.<\/p>\n\n<\/div>\n\t\t<\/div>\n\n<div class=\"wp-block-ub-content-toggle-accordion\" style=\"border-color: #f1f1f1;\" id=\"ub-content-toggle-panel-block-\">\n\t\t\t<div class=\"wp-block-ub-content-toggle-accordion-title-wrap\" style=\"background-color: #f1f1f1;\" aria-controls=\"ub-content-toggle-panel-5-f8bc9a0c-c0e3-4500-97a6-8c0209571214\" tabindex=\"0\">\n\t\t\t<h3 class=\"wp-block-ub-content-toggle-accordion-title ub-content-toggle-title-f8bc9a0c-c0e3-4500-97a6-8c0209571214\" style=\"color: #000000; \">Comment le CICAM est-il financ\u00e9 ?<\/h3>\n\t\t\t<div class=\"wp-block-ub-content-toggle-accordion-toggle-wrap right\" style=\"color: #000000;\"><span class=\"wp-block-ub-content-toggle-accordion-state-indicator wp-block-ub-chevron-down open\"><\/span><\/div>\n\t\t<\/div>\n\t\t\t<div role=\"region\" aria-expanded=\"true\" class=\"wp-block-ub-content-toggle-accordion-content-wrap\" id=\"ub-content-toggle-panel-5-f8bc9a0c-c0e3-4500-97a6-8c0209571214\">\n\n<p class=\"wp-block-paragraph\">Le CICAM repose sur un <strong>mod\u00e8le associatif transparent<\/strong>. Ses ressources proviennent des <strong>cotisations de ses adh\u00e9rents<\/strong>, de <strong>dons priv\u00e9s<\/strong> et des <strong>\u00e9v\u00e9nements caritatifs<\/strong> organis\u00e9s chaque ann\u00e9e. L\u2019adh\u00e9sion est accessible d\u00e8s <strong>50 euros<\/strong> via le site internet du club.<\/p>\n\n<\/div>\n\t\t<\/div>\n\n<div class=\"wp-block-ub-content-toggle-accordion\" style=\"border-color: #f1f1f1;\" id=\"ub-content-toggle-panel-block-\">\n\t\t\t<div class=\"wp-block-ub-content-toggle-accordion-title-wrap\" style=\"background-color: #f1f1f1;\" aria-controls=\"ub-content-toggle-panel-6-f8bc9a0c-c0e3-4500-97a6-8c0209571214\" tabindex=\"0\">\n\t\t\t<h3 class=\"wp-block-ub-content-toggle-accordion-title ub-content-toggle-title-f8bc9a0c-c0e3-4500-97a6-8c0209571214\" style=\"color: #000000; \">Le CICAM re\u00e7oit-il un soutien officiel ?<\/h3>\n\t\t\t<div class=\"wp-block-ub-content-toggle-accordion-toggle-wrap right\" style=\"color: #000000;\"><span class=\"wp-block-ub-content-toggle-accordion-state-indicator wp-block-ub-chevron-down open\"><\/span><\/div>\n\t\t<\/div>\n\t\t\t<div role=\"region\" aria-expanded=\"true\" class=\"wp-block-ub-content-toggle-accordion-content-wrap\" id=\"ub-content-toggle-panel-6-f8bc9a0c-c0e3-4500-97a6-8c0209571214\">\n\n<p class=\"wp-block-paragraph\">Oui. L\u2019association agit <strong>sous le haut patronage de la Princesse St\u00e9phanie<\/strong>, pr\u00e9sidente d\u2019honneur, et collabore \u00e9troitement avec le <strong>minist\u00e8re des affaires sociales<\/strong>, la <strong>mairie de Monaco<\/strong> et <strong>l\u2019\u00c9ducation nationale<\/strong>.<\/p>\n\n<\/div>\n\t\t<\/div>\n\n<div class=\"wp-block-ub-content-toggle-accordion\" style=\"border-color: #f1f1f1;\" id=\"ub-content-toggle-panel-block-\">\n\t\t\t<div class=\"wp-block-ub-content-toggle-accordion-title-wrap\" style=\"background-color: #f1f1f1;\" aria-controls=\"ub-content-toggle-panel-7-f8bc9a0c-c0e3-4500-97a6-8c0209571214\" tabindex=\"0\">\n\t\t\t<h3 class=\"wp-block-ub-content-toggle-accordion-title ub-content-toggle-title-f8bc9a0c-c0e3-4500-97a6-8c0209571214\" style=\"color: #000000; \">Comment participer ou aider concr\u00e8tement ?<\/h3>\n\t\t\t<div class=\"wp-block-ub-content-toggle-accordion-toggle-wrap right\" style=\"color: #000000;\"><span class=\"wp-block-ub-content-toggle-accordion-state-indicator wp-block-ub-chevron-down open\"><\/span><\/div>\n\t\t<\/div>\n\t\t\t<div role=\"region\" aria-expanded=\"true\" class=\"wp-block-ub-content-toggle-accordion-content-wrap\" id=\"ub-content-toggle-panel-7-f8bc9a0c-c0e3-4500-97a6-8c0209571214\">\n\n<p class=\"wp-block-paragraph\">Vous pouvez :<\/p>\n\n\n\n<ul class=\"wp-block-list\">\n<li>Parler du CICAM autour de vous : le <strong>bouche-\u00e0-oreille<\/strong> reste son meilleur relais.<\/li>\n\n\n\n<li>Adh\u00e9rer \u00e0 l\u2019association d\u00e8s 50 \u20ac par an.<\/li>\n\n\n\n<li>Faire un don ponctuel pour financer un chien ou un \u00e9quipement.<\/li>\n\n\n\n<li>Participer aux <strong>\u00e9v\u00e9nements de sensibilisation<\/strong> organis\u00e9s \u00e0 Monaco.<\/li>\n<\/ul>\n\n<\/div>\n\t\t<\/div>\n\n<div class=\"wp-block-ub-content-toggle-accordion\" style=\"border-color: #f1f1f1;\" id=\"ub-content-toggle-panel-block-\">\n\t\t\t<div class=\"wp-block-ub-content-toggle-accordion-title-wrap\" style=\"background-color: #f1f1f1;\" aria-controls=\"ub-content-toggle-panel-8-f8bc9a0c-c0e3-4500-97a6-8c0209571214\" tabindex=\"0\">\n\t\t\t<h3 class=\"wp-block-ub-content-toggle-accordion-title ub-content-toggle-title-f8bc9a0c-c0e3-4500-97a6-8c0209571214\" style=\"color: #000000; \">Quels sont les projets \u00e0 venir ?<\/h3>\n\t\t\t<div class=\"wp-block-ub-content-toggle-accordion-toggle-wrap right\" style=\"color: #000000;\"><span class=\"wp-block-ub-content-toggle-accordion-state-indicator wp-block-ub-chevron-down open\"><\/span><\/div>\n\t\t<\/div>\n\t\t\t<div role=\"region\" aria-expanded=\"true\" class=\"wp-block-ub-content-toggle-accordion-content-wrap\" id=\"ub-content-toggle-panel-8-f8bc9a0c-c0e3-4500-97a6-8c0209571214\">\n\n<p class=\"wp-block-paragraph\">Lors de <strong>l\u2019assembl\u00e9e g\u00e9n\u00e9rale du 26 novembre 2025<\/strong>, le CICAM pr\u00e9sentera ses nouveaux objectifs, dont un <strong>projet de cr\u00e9ation de chenil<\/strong> pour augmenter le nombre de chiens guides form\u00e9s chaque ann\u00e9e.<\/p>\n\n<\/div>\n\t\t<\/div>\n\n<div class=\"wp-block-ub-content-toggle-accordion\" style=\"border-color: #f1f1f1;\" id=\"ub-content-toggle-panel-block-\">\n\t\t\t<div class=\"wp-block-ub-content-toggle-accordion-title-wrap\" style=\"background-color: #f1f1f1;\" aria-controls=\"ub-content-toggle-panel-9-f8bc9a0c-c0e3-4500-97a6-8c0209571214\" tabindex=\"0\">\n\t\t\t<h3 class=\"wp-block-ub-content-toggle-accordion-title ub-content-toggle-title-f8bc9a0c-c0e3-4500-97a6-8c0209571214\" style=\"color: #000000; \">Pourquoi soutenir le CICAM ?<\/h3>\n\t\t\t<div class=\"wp-block-ub-content-toggle-accordion-toggle-wrap right\" style=\"color: #000000;\"><span class=\"wp-block-ub-content-toggle-accordion-state-indicator wp-block-ub-chevron-down open\"><\/span><\/div>\n\t\t<\/div>\n\t\t\t<div role=\"region\" aria-expanded=\"true\" class=\"wp-block-ub-content-toggle-accordion-content-wrap\" id=\"ub-content-toggle-panel-9-f8bc9a0c-c0e3-4500-97a6-8c0209571214\">\n\n<p class=\"wp-block-paragraph\">Parce que chaque don, petit ou grand, <strong>se traduit en autonomie r\u00e9elle<\/strong> pour une personne non-voyante. Parce que derri\u00e8re chaque chien form\u00e9, il y a une histoire d\u2019esp\u00e9rance, d\u2019apprentissage et de libert\u00e9 retrouv\u00e9e.<\/p>\n\n\n\n<p class=\"wp-block-paragraph\">Soutenir le CICAM, c\u2019est <strong>choisir l\u2019action plut\u00f4t que la compassion<\/strong>, et transformer l\u2019aide en avenir.<\/p>\n\n<\/div>\n\t\t<\/div>\n<\/div>\n\n\n<p class=\"wp-block-paragraph\">Article r\u00e9dig\u00e9 par Val\u00e9rie Vanbiervliet pour Planipets M\u00e9dia<\/p>\n\n\n\n<h3 class=\"wp-block-heading\">C\u2019est en partageant qu\u2019on fait bouger les lignes. Partagez \u00e7a sur vos r\u00e9seaux<\/h3>\n\n\n<div class=\"wp-block-ub-social-share\" id=\"ub-social-share-535fa07c-5844-4ffb-9edf-30675411fd35\">\n\t\t\t<div class=\"social-share-icons align-icons-left orientation-icons-row\"><a aria-label=\"facebook-logo\" target=\"_blank\" rel=\"nofollow\" href=\"https:\/\/www.facebook.com\/sharer\/sharer.php?u=https%3A%2F%2Fplanipets.com%2Fblog%2Fcollectivites-bien-etre-animal%2F25-000e-pour-changer-une-vie-ces-chiens-guides-qui-redonnent-la-liberte-aux-enfants-non-voyants%2F&amp;title=Chiens%20guides%20pour%20enfants%20non-voyants%20%3A%20comment%20le%20CICAM%20Monaco%20change%20des%20vies\" class=\"ub-social-share-facebook-container\" style=\"border-color: #1877f2; background-color: transparent; box-shadow: none; \">\n\t\t\t\t<span class=\"social-share-icon ub-social-share-facebook\" style=\"width: 30px; height: 30px; \"><svg xmlns=\"http:\/\/www.w3.org\/2000\/svg\" style=\"fill:#1877f2\" fill=\"#1877f2\" width=\"20\" height=\"20\" viewbox=\"0 0 264 512\"><path d=\"M76.7 512V283H0v-91h76.7v-71.7C76.7 42.4 124.3 0 193.8 0c33.3 0 61.9 2.5 70.2 3.6V85h-48.2c-37.8 0-45.1 18-45.1 44.3V192H256l-11.7 91h-73.6v229\"><\/path><\/svg><\/span><span style=\"\">share<\/span>\n\t\t\t<\/a><a aria-label=\"twitter-logo\" target=\"_blank\" rel=\"nofollow\" href=\"http:\/\/twitter.com\/intent\/tweet?url=https%3A%2F%2Fplanipets.com%2Fblog%2Fcollectivites-bien-etre-animal%2F25-000e-pour-changer-une-vie-ces-chiens-guides-qui-redonnent-la-liberte-aux-enfants-non-voyants%2F&amp;text=Chiens%20guides%20pour%20enfants%20non-voyants%20%3A%20comment%20le%20CICAM%20Monaco%20change%20des%20vies\" class=\"ub-social-share-twitter-container\" style=\"border-color: #1d9bf0; background-color: transparent; box-shadow: none; \">\n\t\t\t\t<span class=\"social-share-icon ub-social-share-twitter\" style=\"width: 30px; height: 30px; \"><svg xmlns=\"http:\/\/www.w3.org\/2000\/svg\" style=\"color:#1d9BF0\" fill=\"#1d9BF0\" width=\"20\" height=\"20\" viewbox=\"0 0 24 24\"><path d=\"M18.901 1.153h3.68l-8.04 9.19L24 22.846h-7.406l-5.8-7.584l-6.638 7.584H.474l8.6-9.83L0 1.154h7.594l5.243 6.932ZM17.61 20.644h2.039L6.486 3.24H4.298Z\"><\/path><\/svg><\/span><span style=\"\">tweet<\/span>\n\t\t\t<\/a><a aria-label=\"linkedin-logo\" target=\"_blank\" rel=\"nofollow\" href=\"https:\/\/www.linkedin.com\/sharing\/share-offsite\/?url=https%3A%2F%2Fplanipets.com%2Fblog%2Fcollectivites-bien-etre-animal%2F25-000e-pour-changer-une-vie-ces-chiens-guides-qui-redonnent-la-liberte-aux-enfants-non-voyants%2F\" class=\"ub-social-share-linkedin-container\" style=\"border-color: #2867b2; background-color: transparent; box-shadow: none; \">\n\t\t\t\t<span class=\"social-share-icon ub-social-share-linkedin\" style=\"width: 30px; height: 30px; \"><svg xmlns=\"http:\/\/www.w3.org\/2000\/svg\" style=\"fill:#2867b2\" fill=\"#2867b2\" width=\"20\" height=\"20\" viewbox=\"0 0 448 512\"><path d=\"M100.3 480H7.4V180.9h92.9V480zM53.8 140.1C24.1 140.1 0 115.5 0 85.8 0 56.1 24.1 32 53.8 32c29.7 0 53.8 24.1 53.8 53.8 0 29.7-24.1 54.3-53.8 54.3zM448 480h-92.7V334.4c0-34.7-.7-79.2-48.3-79.2-48.3 0-55.7 37.7-55.7 76.7V480h-92.8V180.9h89.1v40.8h1.3c12.4-23.5 42.7-48.3 87.9-48.3 94 0 111.3 61.9 111.3 142.3V480z\"><\/path><\/svg><\/span><span style=\"\">share<\/span>\n\t\t\t<\/a><a aria-label=\"pinterest-logo\" target=\"_blank\" rel=\"nofollow\" href=\"https:\/\/pinterest.com\/pin\/create\/button\/?&amp;url=https%3A%2F%2Fplanipets.com%2Fblog%2Fcollectivites-bien-etre-animal%2F25-000e-pour-changer-une-vie-ces-chiens-guides-qui-redonnent-la-liberte-aux-enfants-non-voyants%2F&amp;description=Chiens%20guides%20pour%20enfants%20non-voyants%20%3A%20comment%20le%20CICAM%20Monaco%20change%20des%20vies&amp;media=https:\/\/planipets.com\/blog\/wp-content\/uploads\/2025\/10\/Chiens-guides-pour-enfants-non-voyants-comment-le-CICAM-Monaco-change-des-vies-2-1024x576.jpg\" class=\"ub-social-share-pinterest-container\" style=\"border-color: #e60023; background-color: transparent; box-shadow: none; \">\n\t\t\t\t<span class=\"social-share-icon ub-social-share-pinterest\" style=\"width: 30px; height: 30px; \"><svg xmlns=\"http:\/\/www.w3.org\/2000\/svg\" style=\"fill:#e60023\" fill=\"#e60023\" width=\"20\" height=\"20\" viewbox=\"0 0 384 512\"><path d=\"M204 6.5C101.4 6.5 0 74.9 0 185.6 0 256 39.6 296 63.6 296c9.9 0 15.6-27.6 15.6-35.4 0-9.3-23.7-29.1-23.7-67.8 0-80.4 61.2-137.4 140.4-137.4 68.1 0 118.5 38.7 118.5 109.8 0 53.1-21.3 152.7-90.3 152.7-24.9 0-46.2-18-46.2-43.8 0-37.8 26.4-74.4 26.4-113.4 0-66.2-93.9-54.2-93.9 25.8 0 16.8 2.1 35.4 9.6 50.7-13.8 59.4-42 147.9-42 209.1 0 18.9 2.7 37.5 4.5 56.4 3.4 3.8 1.7 3.4 6.9 1.5 50.4-69 48.6-82.5 71.4-172.8 12.3 23.4 44.1 36 69.3 36 106.2 0 153.9-103.5 153.9-196.8C384 71.3 298.2 6.5 204 6.5z\"><\/path><\/svg><\/span><span style=\"\">pin<\/span>\n\t\t\t<\/a><a aria-label=\"reddit-logo\" target=\"_blank\" rel=\"nofollow\" href=\"http:\/\/www.reddit.com\/submit?url=https%3A%2F%2Fplanipets.com%2Fblog%2Fcollectivites-bien-etre-animal%2F25-000e-pour-changer-une-vie-ces-chiens-guides-qui-redonnent-la-liberte-aux-enfants-non-voyants%2F&amp;title=Chiens%20guides%20pour%20enfants%20non-voyants%20%3A%20comment%20le%20CICAM%20Monaco%20change%20des%20vies\" class=\"ub-social-share-reddit-container\" style=\"border-color: #ff4500; background-color: transparent; box-shadow: none; \">\n\t\t\t\t<span class=\"social-share-icon ub-social-share-reddit\" style=\"width: 30px; height: 30px; \"><svg xmlns=\"http:\/\/www.w3.org\/2000\/svg\" style=\"fill:#ff4500\" fill=\"#ff4500\" width=\"20\" height=\"20\" viewbox=\"0 0 512 512\"><path d=\"M440.3 203.5c-15 0-28.2 6.2-37.9 15.9-35.7-24.7-83.8-40.6-137.1-42.3L293 52.3l88.2 19.8c0 21.6 17.6 39.2 39.2 39.2 22 0 39.7-18.1 39.7-39.7s-17.6-39.7-39.7-39.7c-15.4 0-28.7 9.3-35.3 22l-97.4-21.6c-4.9-1.3-9.7 2.2-11 7.1L246.3 177c-52.9 2.2-100.5 18.1-136.3 42.8-9.7-10.1-23.4-16.3-38.4-16.3-55.6 0-73.8 74.6-22.9 100.1-1.8 7.9-2.6 16.3-2.6 24.7 0 83.8 94.4 151.7 210.3 151.7 116.4 0 210.8-67.9 210.8-151.7 0-8.4-.9-17.2-3.1-25.1 49.9-25.6 31.5-99.7-23.8-99.7zM129.4 308.9c0-22 17.6-39.7 39.7-39.7 21.6 0 39.2 17.6 39.2 39.7 0 21.6-17.6 39.2-39.2 39.2-22 .1-39.7-17.6-39.7-39.2zm214.3 93.5c-36.4 36.4-139.1 36.4-175.5 0-4-3.5-4-9.7 0-13.7 3.5-3.5 9.7-3.5 13.2 0 27.8 28.5 120 29 149 0 3.5-3.5 9.7-3.5 13.2 0 4.1 4 4.1 10.2.1 13.7zm-.8-54.2c-21.6 0-39.2-17.6-39.2-39.2 0-22 17.6-39.7 39.2-39.7 22 0 39.7 17.6 39.7 39.7-.1 21.5-17.7 39.2-39.7 39.2z\"><\/path><\/svg><\/span><span style=\"\">post<\/span>\n\t\t\t<\/a><a aria-label=\"tumblr-logo\" target=\"_blank\" rel=\"nofollow\" href=\"https:\/\/www.tumblr.com\/widgets\/share\/tool?canonicalUrl=https%3A%2F%2Fplanipets.com%2Fblog%2Fcollectivites-bien-etre-animal%2F25-000e-pour-changer-une-vie-ces-chiens-guides-qui-redonnent-la-liberte-aux-enfants-non-voyants%2F&amp;title=Chiens%20guides%20pour%20enfants%20non-voyants%20%3A%20comment%20le%20CICAM%20Monaco%20change%20des%20vies\" class=\"ub-social-share-tumblr-container\" style=\"border-color: #001935; background-color: transparent; box-shadow: none; \">\n\t\t\t\t<span class=\"social-share-icon ub-social-share-tumblr\" style=\"width: 30px; height: 30px; \"><svg xmlns=\"http:\/\/www.w3.org\/2000\/svg\" style=\"fill:#001935\" fill=\"#001935\" width=\"20\" height=\"20\" viewbox=\"0 0 320 512\"><path d=\"M309.8 480.3c-13.6 14.5-50 31.7-97.4 31.7-120.8 0-147-88.8-147-140.6v-144H17.9c-5.5 0-10-4.5-10-10v-68c0-7.2 4.5-13.6 11.3-16 62-21.8 81.5-76 84.3-117.1.8-11 6.5-16.3 16.1-16.3h70.9c5.5 0 10 4.5 10 10v115.2h83c5.5 0 10 4.4 10 9.9v81.7c0 5.5-4.5 10-10 10h-83.4V360c0 34.2 23.7 53.6 68 35.8 4.8-1.9 9-3.2 12.7-2.2 3.5.9 5.8 3.4 7.4 7.9l22 64.3c1.8 5 3.3 10.6-.4 14.5z\"><\/path><\/svg><\/span><span style=\"\">share<\/span>\n\t\t\t<\/a><\/div>\n\t\t<\/div>\n\n\n<h3 class=\"wp-block-heading\">Nos lecteurs n\u2019en sont pas rest\u00e9s l\u00e0. Ils ont craqu\u00e9 pour ces autres sujets<\/h3>\n\n\n<section class=\"wp-block-ub-post-grid ub-block-post-grid align  is-equal-height preserve-post-image-aspect-ratio\" style=\"\" id=\"ub-post-grid-\"><div class=\"ub-post-grid-items is-grid columns-2\" style=\"row-gap: 32px; column-gap: 32px; \"><article id=\"post-67404\" class=\"ub-post-grid-item post-67404 post type-post status-publish format-standard has-post-thumbnail category-comportement-chien category-accessoires category-adopter-chien tag-animaux tag-chien tag-education tag-fugue tag-securite\" style=\"\"><div class=\"ub-block-post-grid-image\" style=\"\"><a href=\"https:\/\/planipets.com\/blog\/chien\/comportement-chien\/retrouver-chien-fugueur-2\/\" rel=\"bookmark\" aria-hidden=\"true\" tabindex=\"-1\"><img loading=\"lazy\" decoding=\"async\" width=\"1536\" height=\"1024\" src=\"https:\/\/planipets.com\/blog\/wp-content\/uploads\/2026\/04\/Comment-retrouver-rapidement-votre-chien-fugueur-et-eviter-les-recidives-2.png\" class=\"attachment-full size-full\" alt=\"\" style=\"max-width: 600px; \" srcset=\"https:\/\/planipets.com\/blog\/wp-content\/uploads\/2026\/04\/Comment-retrouver-rapidement-votre-chien-fugueur-et-eviter-les-recidives-2.png 1536w, https:\/\/planipets.com\/blog\/wp-content\/uploads\/2026\/04\/Comment-retrouver-rapidement-votre-chien-fugueur-et-eviter-les-recidives-2-300x200.png 300w, https:\/\/planipets.com\/blog\/wp-content\/uploads\/2026\/04\/Comment-retrouver-rapidement-votre-chien-fugueur-et-eviter-les-recidives-2-1024x683.png 1024w, https:\/\/planipets.com\/blog\/wp-content\/uploads\/2026\/04\/Comment-retrouver-rapidement-votre-chien-fugueur-et-eviter-les-recidives-2-768x512.png 768w, https:\/\/planipets.com\/blog\/wp-content\/uploads\/2026\/04\/Comment-retrouver-rapidement-votre-chien-fugueur-et-eviter-les-recidives-2-150x100.png 150w, https:\/\/planipets.com\/blog\/wp-content\/uploads\/2026\/04\/Comment-retrouver-rapidement-votre-chien-fugueur-et-eviter-les-recidives-2-450x300.png 450w, https:\/\/planipets.com\/blog\/wp-content\/uploads\/2026\/04\/Comment-retrouver-rapidement-votre-chien-fugueur-et-eviter-les-recidives-2-1200x800.png 1200w\" sizes=\"(max-width: 1536px) 100vw, 1536px\" title=\"\"><\/a><\/div><div class=\"ub-block-post-grid-text\" style=\"\"><div class=\"ub-block-post-grid-header-content\"><header class=\"ub-block-post-grid-header\"><h2 class=\"ub-block-post-grid-title\"><a style=\"\" href=\"https:\/\/planipets.com\/blog\/chien\/comportement-chien\/retrouver-chien-fugueur-2\/\" rel=\"bookmark\">Comment retrouver rapidement votre chien fugueur et \u00e9viter les r\u00e9cidives<\/a><\/h2><div class=\"ub-block-post-grid-author\" itemprop=\"author\"><a class=\"ub-text-link\" style=\"\" href=\"https:\/\/planipets.com\/blog\/author\/redaction\/\" itemprop=\"url\" rel=\"author\"><span itemprop=\"name\">The Planipets editorial team<\/span><\/a><\/div><time datetime=\"2026-04-28T09:11:07+02:00\" class=\"ub-block-post-grid-date\" style=\"\" itemprop=\"datePublished\">2026-04-28<\/time><\/header><\/div><div class=\"ub-block-post-grid-excerpt\"><div class=\"ub-block-post-grid-excerpt-text\" style=\"\"><p>\u2726 L\u2019essentiel Il ne faut parfois qu\u2019un instant d\u2019inattention \u2014 une porti\u00e8re qui claque, un bruit inattendu \u2014 pour que votre chien disparaisse. Le vide s\u2019installe, l\u2019angoisse serre la gorge. Tout bascule en une fraction de seconde. En bref : N\u2019importe quel ma\u00eetre peut \u00eatre confront\u00e9 \u00e0 la fugue, peu importe le caract\u00e8re de son\u2026<\/p>\n<\/div><p><a class=\"ub-block-post-grid-more-link ub-text-link\" style=\"\" href=\"https:\/\/planipets.com\/blog\/chien\/comportement-chien\/retrouver-chien-fugueur-2\/\" rel=\"bookmark\">Continue Reading <span class=\"screen-reader-text\">Comment retrouver rapidement votre chien fugueur et \u00e9viter les r\u00e9cidives<\/span><\/a><\/p><\/div><\/div><\/article>\n<article id=\"post-67371\" class=\"ub-post-grid-item post-67371 post type-post status-publish format-standard has-post-thumbnail category-races-chiens category-bien-vivre-avec-son-chien category-ce-quon-ne-veut-pas-voir category-chien category-choisir-alimentation-chien category-comportement-chien category-origine-domestication-chien category-sante-chien\" style=\"\"><div class=\"ub-block-post-grid-image\" style=\"\"><a href=\"https:\/\/planipets.com\/blog\/chien\/races-chiens\/laffenpinscher-infographies-pour-tout-savoir-sur-son-histoire-son-temperament-son-education-son-cout-2\/\" rel=\"bookmark\" aria-hidden=\"true\" tabindex=\"-1\"><img loading=\"lazy\" decoding=\"async\" width=\"1200\" height=\"600\" src=\"https:\/\/planipets.com\/blog\/wp-content\/uploads\/2026\/04\/Image-en-avant.jpg\" class=\"attachment-full size-full\" alt=\"Airedale Terrier marchant dans un ruisseau en pleine nature, sur un chemin rural.\" style=\"max-width: 600px; \" srcset=\"https:\/\/planipets.com\/blog\/wp-content\/uploads\/2026\/04\/Image-en-avant.jpg 1200w, https:\/\/planipets.com\/blog\/wp-content\/uploads\/2026\/04\/Image-en-avant-300x150.jpg 300w, https:\/\/planipets.com\/blog\/wp-content\/uploads\/2026\/04\/Image-en-avant-1024x512.jpg 1024w, https:\/\/planipets.com\/blog\/wp-content\/uploads\/2026\/04\/Image-en-avant-768x384.jpg 768w, https:\/\/planipets.com\/blog\/wp-content\/uploads\/2026\/04\/Image-en-avant-150x75.jpg 150w, https:\/\/planipets.com\/blog\/wp-content\/uploads\/2026\/04\/Image-en-avant-450x225.jpg 450w\" sizes=\"(max-width: 1200px) 100vw, 1200px\" title=\"\"><\/a><\/div><div class=\"ub-block-post-grid-text\" style=\"\"><div class=\"ub-block-post-grid-header-content\"><header class=\"ub-block-post-grid-header\"><h2 class=\"ub-block-post-grid-title\"><a style=\"\" href=\"https:\/\/planipets.com\/blog\/chien\/races-chiens\/laffenpinscher-infographies-pour-tout-savoir-sur-son-histoire-son-temperament-son-education-son-cout-2\/\" rel=\"bookmark\">Le Airedale Terrier : infographies pour tout savoir sur son histoire, son temp\u00e9rament, son \u00e9ducation, son co\u00fbt<\/a><\/h2><div class=\"ub-block-post-grid-author\" itemprop=\"author\"><a class=\"ub-text-link\" style=\"\" href=\"https:\/\/planipets.com\/blog\/author\/redaction\/\" itemprop=\"url\" rel=\"author\"><span itemprop=\"name\">The Planipets editorial team<\/span><\/a><\/div><time datetime=\"2026-04-26T13:47:52+02:00\" class=\"ub-block-post-grid-date\" style=\"\" itemprop=\"datePublished\">2026-04-26<\/time><\/header><\/div><div class=\"ub-block-post-grid-excerpt\"><div class=\"ub-block-post-grid-excerpt-text\" style=\"\"><p>L\u2019Affenpinscher, souvent surnomm\u00e9 le \u00ab petit chien-singe \u00bb en raison de son expression faciale unique, est une race de petit chien originaire d\u2019Allemagne. Derri\u00e8re son allure amusante et sa barbe caract\u00e9ristique se cache un compagnon courageux, vif et extr\u00eamement attach\u00e9 \u00e0 ses ma\u00eetres\u2026<\/p>\n<\/div><p><a class=\"ub-block-post-grid-more-link ub-text-link\" style=\"\" href=\"https:\/\/planipets.com\/blog\/chien\/races-chiens\/laffenpinscher-infographies-pour-tout-savoir-sur-son-histoire-son-temperament-son-education-son-cout-2\/\" rel=\"bookmark\">Continue Reading <span class=\"screen-reader-text\">Le Airedale Terrier : infographies pour tout savoir sur son histoire, son temp\u00e9rament, son \u00e9ducation, son co\u00fbt<\/span><\/a><\/p><\/div><\/div><\/article>\n<article id=\"post-67381\" class=\"ub-post-grid-item post-67381 post type-post status-publish format-standard has-post-thumbnail category-chat-qui-miaule category-comportement-chat category-sante-chat tag-chat tag-comportement-felin tag-miaulement tag-sante-animale tag-solutions\" style=\"\"><div class=\"ub-block-post-grid-image\" style=\"\"><a href=\"https:\/\/planipets.com\/blog\/chat\/bien-vivre-avec-son-chat\/chat-qui-miaule\/miaulement-incessant-chat-causes-solutions\/\" rel=\"bookmark\" aria-hidden=\"true\" tabindex=\"-1\"><img loading=\"lazy\" decoding=\"async\" width=\"1536\" height=\"1024\" src=\"https:\/\/planipets.com\/blog\/wp-content\/uploads\/2026\/04\/Miaulement-incessant-chez-le-chat-causes-et-solutions-pour-apaiser-votre-felin.png\" class=\"attachment-full size-full\" alt=\"\" style=\"max-width: 600px; \" srcset=\"https:\/\/planipets.com\/blog\/wp-content\/uploads\/2026\/04\/Miaulement-incessant-chez-le-chat-causes-et-solutions-pour-apaiser-votre-felin.png 1536w, https:\/\/planipets.com\/blog\/wp-content\/uploads\/2026\/04\/Miaulement-incessant-chez-le-chat-causes-et-solutions-pour-apaiser-votre-felin-300x200.png 300w, https:\/\/planipets.com\/blog\/wp-content\/uploads\/2026\/04\/Miaulement-incessant-chez-le-chat-causes-et-solutions-pour-apaiser-votre-felin-1024x683.png 1024w, https:\/\/planipets.com\/blog\/wp-content\/uploads\/2026\/04\/Miaulement-incessant-chez-le-chat-causes-et-solutions-pour-apaiser-votre-felin-768x512.png 768w, https:\/\/planipets.com\/blog\/wp-content\/uploads\/2026\/04\/Miaulement-incessant-chez-le-chat-causes-et-solutions-pour-apaiser-votre-felin-150x100.png 150w, https:\/\/planipets.com\/blog\/wp-content\/uploads\/2026\/04\/Miaulement-incessant-chez-le-chat-causes-et-solutions-pour-apaiser-votre-felin-450x300.png 450w, https:\/\/planipets.com\/blog\/wp-content\/uploads\/2026\/04\/Miaulement-incessant-chez-le-chat-causes-et-solutions-pour-apaiser-votre-felin-1200x800.png 1200w\" sizes=\"(max-width: 1536px) 100vw, 1536px\" title=\"\"><\/a><\/div><div class=\"ub-block-post-grid-text\" style=\"\"><div class=\"ub-block-post-grid-header-content\"><header class=\"ub-block-post-grid-header\"><h2 class=\"ub-block-post-grid-title\"><a style=\"\" href=\"https:\/\/planipets.com\/blog\/chat\/bien-vivre-avec-son-chat\/chat-qui-miaule\/miaulement-incessant-chat-causes-solutions\/\" rel=\"bookmark\">Miaulement incessant chez le chat : causes et solutions pour apaiser votre f\u00e9lin<\/a><\/h2><div class=\"ub-block-post-grid-author\" itemprop=\"author\"><a class=\"ub-text-link\" style=\"\" href=\"https:\/\/planipets.com\/blog\/author\/redaction\/\" itemprop=\"url\" rel=\"author\"><span itemprop=\"name\">The Planipets editorial team<\/span><\/a><\/div><time datetime=\"2026-04-26T13:47:01+02:00\" class=\"ub-block-post-grid-date\" style=\"\" itemprop=\"datePublished\">2026-04-26<\/time><\/header><\/div><div class=\"ub-block-post-grid-excerpt\"><div class=\"ub-block-post-grid-excerpt-text\" style=\"\"><p>\u2726 L\u2019essentiel **Le miaulement incessant de votre chat peut \u00eatre d\u00e9routant et parfois m\u00eame inqui\u00e9tant. Mais comprendre les raisons derri\u00e8re ces vocalisations peut vous aider \u00e0 mieux r\u00e9pondre aux besoins de votre f\u00e9lin.** En bref : Le miaulement peut indiquer des besoins physiologiques ou des probl\u00e8mes de sant\u00e9. Les causes comportementales incluent le stress et\u2026<\/p>\n<\/div><p><a class=\"ub-block-post-grid-more-link ub-text-link\" style=\"\" href=\"https:\/\/planipets.com\/blog\/chat\/bien-vivre-avec-son-chat\/chat-qui-miaule\/miaulement-incessant-chat-causes-solutions\/\" rel=\"bookmark\">Continue Reading <span class=\"screen-reader-text\">Miaulement incessant chez le chat : causes et solutions pour apaiser votre f\u00e9lin<\/span><\/a><\/p><\/div><\/div><\/article>\n<article id=\"post-67365\" class=\"ub-post-grid-item post-67365 post type-post status-publish format-standard has-post-thumbnail category-chat-qui-miaule tag-chat tag-communication-animale tag-comportement-felin tag-emotions-felines tag-miaulements\" style=\"\"><div class=\"ub-block-post-grid-image\" style=\"\"><a href=\"https:\/\/planipets.com\/blog\/chat\/bien-vivre-avec-son-chat\/chat-qui-miaule\/miaulements-chat-decryptage-vocalisations-emotions\/\" rel=\"bookmark\" aria-hidden=\"true\" tabindex=\"-1\"><img loading=\"lazy\" decoding=\"async\" width=\"1536\" height=\"1024\" src=\"https:\/\/planipets.com\/blog\/wp-content\/uploads\/2026\/04\/Miaulements-chez-le-chat-Comprendre-les-vocalisations-et-emotions-felines.png\" class=\"attachment-full size-full\" alt=\"\" style=\"max-width: 600px; \" srcset=\"https:\/\/planipets.com\/blog\/wp-content\/uploads\/2026\/04\/Miaulements-chez-le-chat-Comprendre-les-vocalisations-et-emotions-felines.png 1536w, https:\/\/planipets.com\/blog\/wp-content\/uploads\/2026\/04\/Miaulements-chez-le-chat-Comprendre-les-vocalisations-et-emotions-felines-300x200.png 300w, https:\/\/planipets.com\/blog\/wp-content\/uploads\/2026\/04\/Miaulements-chez-le-chat-Comprendre-les-vocalisations-et-emotions-felines-1024x683.png 1024w, https:\/\/planipets.com\/blog\/wp-content\/uploads\/2026\/04\/Miaulements-chez-le-chat-Comprendre-les-vocalisations-et-emotions-felines-768x512.png 768w, https:\/\/planipets.com\/blog\/wp-content\/uploads\/2026\/04\/Miaulements-chez-le-chat-Comprendre-les-vocalisations-et-emotions-felines-150x100.png 150w, https:\/\/planipets.com\/blog\/wp-content\/uploads\/2026\/04\/Miaulements-chez-le-chat-Comprendre-les-vocalisations-et-emotions-felines-450x300.png 450w, https:\/\/planipets.com\/blog\/wp-content\/uploads\/2026\/04\/Miaulements-chez-le-chat-Comprendre-les-vocalisations-et-emotions-felines-1200x800.png 1200w\" sizes=\"(max-width: 1536px) 100vw, 1536px\" title=\"\"><\/a><\/div><div class=\"ub-block-post-grid-text\" style=\"\"><div class=\"ub-block-post-grid-header-content\"><header class=\"ub-block-post-grid-header\"><h2 class=\"ub-block-post-grid-title\"><a style=\"\" href=\"https:\/\/planipets.com\/blog\/chat\/bien-vivre-avec-son-chat\/chat-qui-miaule\/miaulements-chat-decryptage-vocalisations-emotions\/\" rel=\"bookmark\">Miaulements chez le chat : Comprendre les vocalisations et \u00e9motions f\u00e9lines<\/a><\/h2><div class=\"ub-block-post-grid-author\" itemprop=\"author\"><a class=\"ub-text-link\" style=\"\" href=\"https:\/\/planipets.com\/blog\/author\/\" itemprop=\"url\" rel=\"author\"><span itemprop=\"name\"><\/span><\/a><\/div><time datetime=\"2026-04-15T18:53:34+02:00\" class=\"ub-block-post-grid-date\" style=\"\" itemprop=\"datePublished\">2026-04-15<\/time><\/header><\/div><div class=\"ub-block-post-grid-excerpt\"><div class=\"ub-block-post-grid-excerpt-text\" style=\"\"><p># Miaulements chez le chat : d\u00e9cryptage des vocalisations et des \u00e9motions f\u00e9lines Les propri\u00e9taires de chats pensent souvent comprendre parfaitement les miaulements de leur compagnon. Pourtant, les \u00e9tudes scientifiques r\u00e9v\u00e8lent une r\u00e9alit\u00e9 bien plus complexe : chaque son \u00e9mis par votre f\u00e9lin est un message cod\u00e9, influenc\u00e9 par son \u00e9tat \u00e9motionnel, son environnement et\u2026<\/p>\n<\/div><p><a class=\"ub-block-post-grid-more-link ub-text-link\" style=\"\" href=\"https:\/\/planipets.com\/blog\/chat\/bien-vivre-avec-son-chat\/chat-qui-miaule\/miaulements-chat-decryptage-vocalisations-emotions\/\" rel=\"bookmark\">Continue Reading <span class=\"screen-reader-text\">Miaulements chez le chat : Comprendre les vocalisations et \u00e9motions f\u00e9lines<\/span><\/a><\/p><\/div><\/div><\/article>\n<article id=\"post-67315\" class=\"ub-post-grid-item post-67315 post type-post status-publish format-standard has-post-thumbnail category-races-chiens category-adopter-chien category-bien-vivre-avec-son-chien category-comportement-chien\" style=\"\"><div class=\"ub-block-post-grid-image\" style=\"\"><a href=\"https:\/\/planipets.com\/blog\/chien\/races-chiens\/laffenpinscher-infographies-pour-tout-savoir-sur-son-histoire-son-temperament-son-education-son-cout\/\" rel=\"bookmark\" aria-hidden=\"true\" tabindex=\"-1\"><img loading=\"lazy\" decoding=\"async\" width=\"1200\" height=\"600\" src=\"https:\/\/planipets.com\/blog\/wp-content\/uploads\/2026\/03\/affenpinscher-chien-noir-jouet-herbe.jpg\" class=\"attachment-full size-full\" alt=\"Affenpinscher noir allong\u00e9 dans l\u2019herbe avec un jouet orange\" style=\"max-width: 600px; \" srcset=\"https:\/\/planipets.com\/blog\/wp-content\/uploads\/2026\/03\/affenpinscher-chien-noir-jouet-herbe.jpg 1200w, https:\/\/planipets.com\/blog\/wp-content\/uploads\/2026\/03\/affenpinscher-chien-noir-jouet-herbe-300x150.jpg 300w, https:\/\/planipets.com\/blog\/wp-content\/uploads\/2026\/03\/affenpinscher-chien-noir-jouet-herbe-1024x512.jpg 1024w, https:\/\/planipets.com\/blog\/wp-content\/uploads\/2026\/03\/affenpinscher-chien-noir-jouet-herbe-768x384.jpg 768w, https:\/\/planipets.com\/blog\/wp-content\/uploads\/2026\/03\/affenpinscher-chien-noir-jouet-herbe-150x75.jpg 150w, https:\/\/planipets.com\/blog\/wp-content\/uploads\/2026\/03\/affenpinscher-chien-noir-jouet-herbe-450x225.jpg 450w\" sizes=\"(max-width: 1200px) 100vw, 1200px\" title=\"\"><\/a><\/div><div class=\"ub-block-post-grid-text\" style=\"\"><div class=\"ub-block-post-grid-header-content\"><header class=\"ub-block-post-grid-header\"><h2 class=\"ub-block-post-grid-title\"><a style=\"\" href=\"https:\/\/planipets.com\/blog\/chien\/races-chiens\/laffenpinscher-infographies-pour-tout-savoir-sur-son-histoire-son-temperament-son-education-son-cout\/\" rel=\"bookmark\">L\u2019Affenpinscher : infographies pour tout savoir sur son histoire, son temp\u00e9rament, son \u00e9ducation, son co\u00fbt<\/a><\/h2><div class=\"ub-block-post-grid-author\" itemprop=\"author\"><a class=\"ub-text-link\" style=\"\" href=\"https:\/\/planipets.com\/blog\/author\/redaction\/\" itemprop=\"url\" rel=\"author\"><span itemprop=\"name\">The Planipets editorial team<\/span><\/a><\/div><time datetime=\"2026-03-17T12:46:25+01:00\" class=\"ub-block-post-grid-date\" style=\"\" itemprop=\"datePublished\">2026-03-17<\/time><\/header><\/div><div class=\"ub-block-post-grid-excerpt\"><div class=\"ub-block-post-grid-excerpt-text\" style=\"\"><p>L\u2019Affenpinscher, souvent surnomm\u00e9 le \u00ab petit chien-singe \u00bb en raison de son expression faciale unique, est une race de petit chien originaire d\u2019Allemagne. Derri\u00e8re son allure amusante et sa barbe caract\u00e9ristique se cache un compagnon courageux, vif et extr\u00eamement attach\u00e9 \u00e0 ses ma\u00eetres\u2026<\/p>\n<\/div><p><a class=\"ub-block-post-grid-more-link ub-text-link\" style=\"\" href=\"https:\/\/planipets.com\/blog\/chien\/races-chiens\/laffenpinscher-infographies-pour-tout-savoir-sur-son-histoire-son-temperament-son-education-son-cout\/\" rel=\"bookmark\">Continue Reading <span class=\"screen-reader-text\">L\u2019Affenpinscher : infographies pour tout savoir sur son histoire, son temp\u00e9rament, son \u00e9ducation, son co\u00fbt<\/span><\/a><\/p><\/div><\/div><\/article>\n<article id=\"post-67281\" class=\"ub-post-grid-item post-67281 post type-post status-publish format-standard has-post-thumbnail category-comportement-chien category-bien-vivre-avec-son-chien category-conseils-et-vie-quotidienne\" style=\"\"><div class=\"ub-block-post-grid-image\" style=\"\"><a href=\"https:\/\/planipets.com\/blog\/chien\/comportement-chien\/preparer-son-chien-a-attendre-dehors\/\" rel=\"bookmark\" aria-hidden=\"true\" tabindex=\"-1\"><img loading=\"lazy\" decoding=\"async\" width=\"1200\" height=\"675\" src=\"https:\/\/planipets.com\/blog\/wp-content\/uploads\/2025\/12\/Image-en-avant.jpg\" class=\"attachment-full size-full\" alt=\"Illustration d&#039;un propri\u00e9taire enseignant \u00e0 son chien \u00e0 rester calme avant de partir, avec un geste de &quot;reste&quot;. Cr\u00e9dit photo : Planipets\" style=\"max-width: 600px; \" srcset=\"https:\/\/planipets.com\/blog\/wp-content\/uploads\/2025\/12\/Image-en-avant.jpg 1200w, https:\/\/planipets.com\/blog\/wp-content\/uploads\/2025\/12\/Image-en-avant-300x169.jpg 300w, https:\/\/planipets.com\/blog\/wp-content\/uploads\/2025\/12\/Image-en-avant-1024x576.jpg 1024w, https:\/\/planipets.com\/blog\/wp-content\/uploads\/2025\/12\/Image-en-avant-768x432.jpg 768w, https:\/\/planipets.com\/blog\/wp-content\/uploads\/2025\/12\/Image-en-avant-150x84.jpg 150w, https:\/\/planipets.com\/blog\/wp-content\/uploads\/2025\/12\/Image-en-avant-450x253.jpg 450w\" sizes=\"(max-width: 1200px) 100vw, 1200px\" title=\"\"><\/a><\/div><div class=\"ub-block-post-grid-text\" style=\"\"><div class=\"ub-block-post-grid-header-content\"><header class=\"ub-block-post-grid-header\"><h2 class=\"ub-block-post-grid-title\"><a style=\"\" href=\"https:\/\/planipets.com\/blog\/chien\/comportement-chien\/preparer-son-chien-a-attendre-dehors\/\" rel=\"bookmark\">Comment pr\u00e9parer son chien \u00e0 attendre dehors en toute s\u00e9r\u00e9nit\u00e9 ?<\/a><\/h2><div class=\"ub-block-post-grid-author\" itemprop=\"author\"><a class=\"ub-text-link\" style=\"\" href=\"https:\/\/planipets.com\/blog\/author\/redaction\/\" itemprop=\"url\" rel=\"author\"><span itemprop=\"name\">The Planipets editorial team<\/span><\/a><\/div><time datetime=\"2025-12-08T20:52:56+01:00\" class=\"ub-block-post-grid-date\" style=\"\" itemprop=\"datePublished\">2025-12-08<\/time><\/header><\/div><div class=\"ub-block-post-grid-excerpt\"><div class=\"ub-block-post-grid-excerpt-text\" style=\"\"><p>L\u2019attente en ext\u00e9rieur peut \u00eatre une exp\u00e9rience stressante pour certains chiens, surtout si ce moment est associ\u00e9 \u00e0 de l\u2019anxi\u00e9t\u00e9 ou de l\u2019ennui. Pr\u00e9parer son chien \u00e0 attendre dehors en toute s\u00e9r\u00e9nit\u00e9 est essentiel pour sa tranquillit\u00e9 et pour la v\u00f4tre. Cette pr\u00e9paration ne se fait pas du jour au lendemain, mais avec un peu\u2026<\/p>\n<\/div><p><a class=\"ub-block-post-grid-more-link ub-text-link\" style=\"\" href=\"https:\/\/planipets.com\/blog\/chien\/comportement-chien\/preparer-son-chien-a-attendre-dehors\/\" rel=\"bookmark\">Continue Reading <span class=\"screen-reader-text\">Comment pr\u00e9parer son chien \u00e0 attendre dehors en toute s\u00e9r\u00e9nit\u00e9 ?<\/span><\/a><\/p><\/div><\/div><\/article>\n<\/div><\/section>","protected":false},"excerpt":{"rendered":"<p>\u00c0 Monaco, une poign\u00e9e de b\u00e9n\u00e9voles transforme chaque ann\u00e9e le destin d\u2019enfants priv\u00e9s de vue. Depuis plus de trente ans, le Club International des Amis des Chiens Guides d\u2019Aveugles de Monaco (CICAM) se bat pour une cause rare et essentielle : offrir \u00e0 des enfants non-voyants un compagnon capable de leur rendre l\u2019autonomie. Fond\u00e9 en<\/p>\n","protected":false},"author":26,"featured_media":65716,"comment_status":"open","ping_status":"open","sticky":false,"template":"","format":"standard","meta":{"_crdt_document":"","footnotes":"","spc_primary_category":2617},"categories":[2617,55,47,2616,2634,2629],"tags":[],"class_list":{"0":"post-64599","1":"post","2":"type-post","3":"status-publish","4":"format-standard","5":"has-post-thumbnail","7":"category-collectivites-bien-etre-animal","8":"category-adopter-chien","9":"category-chien","10":"category-medias","11":"category-questionnements-radicaux","12":"category-resonance-animale"},"featured_image_src":"https:\/\/planipets.com\/blog\/wp-content\/uploads\/2025\/10\/Chiens-guides-pour-enfants-non-voyants-comment-le-CICAM-Monaco-change-des-vies-2.jpg","author_info":{"display_name":"The Planipets editorial team","author_link":"https:\/\/planipets.com\/blog\/author\/redaction\/"},"brizy_media":[],"_links":{"self":[{"href":"https:\/\/planipets.com\/blog\/wp-json\/wp\/v2\/posts\/64599","targetHints":{"allow":["GET"]}}],"collection":[{"href":"https:\/\/planipets.com\/blog\/wp-json\/wp\/v2\/posts"}],"about":[{"href":"https:\/\/planipets.com\/blog\/wp-json\/wp\/v2\/types\/post"}],"author":[{"embeddable":true,"href":"https:\/\/planipets.com\/blog\/wp-json\/wp\/v2\/users\/26"}],"replies":[{"embeddable":true,"href":"https:\/\/planipets.com\/blog\/wp-json\/wp\/v2\/comments?post=64599"}],"version-history":[{"count":10,"href":"https:\/\/planipets.com\/blog\/wp-json\/wp\/v2\/posts\/64599\/revisions"}],"predecessor-version":[{"id":65773,"href":"https:\/\/planipets.com\/blog\/wp-json\/wp\/v2\/posts\/64599\/revisions\/65773"}],"wp:featuredmedia":[{"embeddable":true,"href":"https:\/\/planipets.com\/blog\/wp-json\/wp\/v2\/media\/65716"}],"wp:attachment":[{"href":"https:\/\/planipets.com\/blog\/wp-json\/wp\/v2\/media?parent=64599"}],"wp:term":[{"taxonomy":"category","embeddable":true,"href":"https:\/\/planipets.com\/blog\/wp-json\/wp\/v2\/categories?post=64599"},{"taxonomy":"post_tag","embeddable":true,"href":"https:\/\/planipets.com\/blog\/wp-json\/wp\/v2\/tags?post=64599"}],"curies":[{"name":"wp","href":"https:\/\/api.w.org\/{rel}","templated":true}]}}