{"id":64569,"date":"2025-10-09T07:59:29","date_gmt":"2025-10-09T06:59:29","guid":{"rendered":"https:\/\/planipets.com\/blog\/?p=64569"},"modified":"2025-10-24T23:54:58","modified_gmt":"2025-10-24T21:54:58","slug":"100e-par-an-pour-aimer-son-chien-en-2026-bolzano-fait-payer-lattachement-animal","status":"publish","type":"post","link":"https:\/\/planipets.com\/blog\/medias\/100e-par-an-pour-aimer-son-chien-en-2026-bolzano-fait-payer-lattachement-animal\/","title":{"rendered":"100\u20ac par an pour aimer son chien : en 2026, Bolzano fait payer l\u2019attachement animal"},"content":{"rendered":"\n<p class=\"wp-block-paragraph\">\u00c0 <strong>Bolzano<\/strong>, au nord de l\u2019Italie, le chien devient officiellement un <strong>sujet fiscal<\/strong>. D\u00e8s <strong>janvier 2026<\/strong>, les habitants devront s\u2019acquitter de <strong>100\u20ac par an et par animal<\/strong>, tandis que les <strong>touristes accompagn\u00e9s de leur compagnon \u00e0 quatre pattes<\/strong> paieront <strong>1,50\u20ac par jour<\/strong>, comme une taxe de s\u00e9jour\u2026 mais pour les chiens.<\/p>\n\n\n\n<p class=\"wp-block-paragraph\">L\u2019objectif affich\u00e9 ? <strong>Financer le nettoyage des trottoirs<\/strong> et <strong>rendre la ville plus propre<\/strong>. Mais derri\u00e8re cette mesure pr\u00e9sent\u00e9e comme \u201c\u00e9quitable\u201d, beaucoup y voient <strong>une d\u00e9rive morale<\/strong> : celle d\u2019une soci\u00e9t\u00e9 qui commence \u00e0 <strong>mon\u00e9tiser le lien entre l\u2019humain et l\u2019animal<\/strong>.<\/p>\n\n\n\n<p class=\"wp-block-paragraph\">La mairie assure qu\u2019il ne s\u2019agit pas d\u2019une punition, mais d\u2019une contribution civique. Pourtant, <strong>les d\u00e9fenseurs des animaux crient \u00e0 l\u2019injustice<\/strong> : ils d\u00e9noncent une d\u00e9cision qui risque de <strong>p\u00e9naliser les propri\u00e9taires responsables<\/strong> et d\u2019<strong>affaiblir le lien affectif<\/strong> qui unit les familles \u00e0 leurs compagnons.<\/p>\n\n\n\n<ul class=\"wp-block-list\">\n<li>\u00c0 Bolzano, le d\u00e9bat fait rage : faut-il <strong>taxer les crottes<\/strong> ou <strong>valoriser la conscience<\/strong> ? <\/li>\n\n\n\n<li>Et si, \u00e0 force de vouloir tout nettoyer, on finissait par <strong>effacer la tendresse<\/strong> ?<\/li>\n<\/ul>\n\n\n\n<p class=\"wp-block-paragraph\"><\/p>\n\n\n\n<p class=\"wp-block-paragraph\"><\/p>\n\n\n\n<p class=\"wp-block-paragraph\"><\/p>\n\n\n<div style=\"background-color: #d9edf7; color: #31708f; border-left-color: #31708f; \" class=\"ub-styled-box ub-notification-box wp-block-ub-styled-box\" id=\"ub-styled-box-1a8153b9-88eb-46cb-b8fa-e0e11ba4264e\">\n<h2 class=\"wp-block-heading\" id=\"ub-styled-box-notification-content-\">Les chiens paieront d\u00e9sormais leur trottoir<\/h2>\n\n\n<\/div>\n\n<div style=\"background-color: #f7f7f7; color: #31708f; border-left-color: #31708f; \" class=\"ub-styled-box ub-notification-box wp-block-ub-styled-box\" id=\"ub-styled-box-5e1c2361-8add-401e-8164-7c2b44475bc8\">\n<p class=\"wp-block-paragraph\" id=\"ub-styled-box-notification-content-\">\u00c0 partir de janvier 2026, la commune italienne de <strong>Bolzano<\/strong> instaurera une <strong><a href=\"https:\/\/planipets.com\/blog\/actualite\/taxe-sur-les-chiens-et-les-chats-ce-que-font-les-autres-pays-dans-le-monde\/\">nouvelle taxe d\u00e9di\u00e9e aux chiens<\/a><\/strong>. Les <strong>habitants<\/strong> devront s\u2019acquitter de <strong>100 euros par an et par animal<\/strong>, tandis que les <strong>touristes<\/strong> accompagn\u00e9s de leur compagnon \u00e0 quatre pattes paieront <strong>1,50 euro par jour<\/strong>. Une d\u00e9cision municipale qui vise, selon ses promoteurs, \u00e0 financer le <strong>nettoyage des trottoirs<\/strong> et des espaces publics souill\u00e9s par les d\u00e9jections canines.<\/p>\n\n\n<div class=\"wp-block-image\">\n<figure class=\"aligncenter size-full\"><img fetchpriority=\"high\" decoding=\"async\" width=\"600\" height=\"600\" src=\"https:\/\/planipets.com\/blog\/wp-content\/uploads\/2025\/10\/taxe-dediee-aux-chiens-1.jpg\" alt=\"Un petit chien blanc et fauve se tient sur un trottoir pav\u00e9, entour\u00e9 de feuilles mortes, dans une rue calme d\u2019Europe. L\u2019image illustre la future taxe impos\u00e9e \u00e0 Bolzano sur les chiens pour financer la propret\u00e9 urbaine.\" class=\"wp-image-64576\" title=\"\" srcset=\"https:\/\/planipets.com\/blog\/wp-content\/uploads\/2025\/10\/taxe-dediee-aux-chiens-1.jpg 600w, https:\/\/planipets.com\/blog\/wp-content\/uploads\/2025\/10\/taxe-dediee-aux-chiens-1-300x300.jpg 300w, https:\/\/planipets.com\/blog\/wp-content\/uploads\/2025\/10\/taxe-dediee-aux-chiens-1-150x150.jpg 150w, https:\/\/planipets.com\/blog\/wp-content\/uploads\/2025\/10\/taxe-dediee-aux-chiens-1-450x450.jpg 450w, https:\/\/planipets.com\/blog\/wp-content\/uploads\/2025\/10\/taxe-dediee-aux-chiens-1-96x96.jpg 96w\" sizes=\"(max-width: 600px) 100vw, 600px\" \/><figcaption class=\"wp-element-caption\">\u00c0 Bolzano, chaque chien deviendra source de taxe d\u00e8s 2026 : 100 \u20ac par an pour les r\u00e9sidents et 1,50 \u20ac par jour pour les touristes, une mesure qui vise \u00e0 financer le nettoyage des trottoirs. \u00ab\u00a0cr\u00e9dit photo :\u00a0Planipets M\u00e9dia\u00a0\u00bb<\/figcaption><\/figure>\n<\/div>\n\n\n<p class=\"wp-block-paragraph\">Le conseiller municipal <strong>Luis Walcher<\/strong>, \u00e0 l\u2019origine de la mesure, a d\u00e9fendu cette d\u00e9cision dans les colonnes du <em>Corriere della Serra<\/em>. Il affirme qu\u2019il s\u2019agit d\u2019\u00ab une mesure \u00e9quitable, car elle concerne exclusivement les propri\u00e9taires de chiens. Sinon, le nettoyage des trottoirs serait la responsabilit\u00e9 de toute la communaut\u00e9, alors qu\u2019il faut bien dire que les seules salet\u00e9s sont les d\u00e9jections canines. \u00bb<\/p>\n\n\n\n<p class=\"wp-block-paragraph\">L\u2019argument para\u00eet simple : les chiens salissent, leurs propri\u00e9taires paient. Mais cette r\u00e9introduction d\u2019un imp\u00f4t supprim\u00e9 en 2008 ne passe pas inaper\u00e7ue. En r\u00e9alit\u00e9, Bolzano fait rena\u00eetre une ancienne taxe locale abandonn\u00e9e il y a quinze ans, preuve que la question de la propret\u00e9 publique et du partage des espaces reste un sujet br\u00fblant dans cette r\u00e9gion du Tyrol du Sud.<\/p>\n\n\n\n<p class=\"wp-block-paragraph\">Pour la municipalit\u00e9, cette contribution obligatoire s\u2019inscrit dans une logique de <strong>responsabilit\u00e9 partag\u00e9e<\/strong>. Le message est clair : poss\u00e9der un animal, c\u2019est aussi accepter le co\u00fbt collectif qu\u2019il repr\u00e9sente pour la ville.<\/p>\n\n\n<\/div>\n\n\n<blockquote class=\"wp-block-quote is-layout-flow wp-block-quote-is-layout-flow\">\n<p class=\"wp-block-paragraph\"><em>Peut vous int\u00e9resser: <a href=\"https:\/\/planipets.com\/blog\/actualite\/charleville-mezieres-frappe-fort-contre-les-crottes-de-chien-adn-obligatoire-amendes-jusqua-175-e-et-chasse-aux-maitres-irresponsables\/\">Charleville-M\u00e9zi\u00e8res frappe fort contre les crottes de chien : ADN obligatoire, amendes jusqu\u2019\u00e0 175 \u20ac, et chasse aux ma\u00eetres irresponsables<\/a><\/em><\/p>\n<\/blockquote>\n\n\n\n<p class=\"wp-block-paragraph\"><\/p>\n\n\n\n<p class=\"wp-block-paragraph\"><\/p>\n\n\n\n<p class=\"wp-block-paragraph\"><\/p>\n\n\n\n<p class=\"wp-block-paragraph\"><\/p>\n\n\n<div style=\"background-color: #d9edf7; color: #31708f; border-left-color: #31708f; \" class=\"ub-styled-box ub-notification-box wp-block-ub-styled-box\" id=\"ub-styled-box-6cf2a1c6-171c-457f-96d8-d2e38a5dc7fa\">\n<h2 class=\"wp-block-heading\" id=\"ub-styled-box-notification-content-\">\u201cCe n\u2019est pas une punition, c\u2019est une contribution\u201d \u2014 la version officielle<\/h2>\n\n\n<\/div>\n\n\n<p class=\"wp-block-paragraph\">Pour la municipalit\u00e9 de <strong>Bolzano<\/strong>, cette taxe ne doit pas \u00eatre per\u00e7ue comme une sanction, mais comme une <strong>participation au bien commun<\/strong>. L\u2019objectif affich\u00e9 est double : financer les <strong>frais de nettoyage des espaces publics<\/strong> et permettre la <strong>cr\u00e9ation de zones d\u00e9di\u00e9es aux chiens<\/strong>, plus s\u00fbres et mieux entretenues. En d\u2019autres termes, la mairie pr\u00e9sente la mesure comme une mani\u00e8re d\u2019impliquer directement les propri\u00e9taires dans l\u2019entretien de leur environnement urbain.<\/p>\n\n\n\n<p class=\"wp-block-paragraph\">Cette approche s\u2019inscrit dans la continuit\u00e9 des actions d\u00e9j\u00e0 men\u00e9es ces derni\u00e8res ann\u00e9es. En <strong>2024<\/strong>, la ville avait tent\u00e9 d\u2019imposer l\u2019<strong>enregistrement ADN des chiens<\/strong> afin d\u2019identifier plus facilement les ma\u00eetres n\u00e9gligents. Une initiative finalement abandonn\u00e9e, jug\u00e9e trop co\u00fbteuse et complexe \u00e0 mettre en place. Malgr\u00e9 cet \u00e9chec, Bolzano n\u2019a jamais rel\u00e2ch\u00e9 sa vigilance face aux d\u00e9jections non ramass\u00e9es, un probl\u00e8me persistant malgr\u00e9 des <strong>amendes allant de 200 \u00e0 600 euros<\/strong>.<\/p>\n\n\n\n<blockquote class=\"wp-block-quote is-layout-flow wp-block-quote-is-layout-flow\">\n<p class=\"wp-block-paragraph\"><em>La municipalit\u00e9 assure qu\u2019il ne s\u2019agit pas d\u2019une chasse aux chiens, mais d\u2019un moyen de <strong>rendre la propret\u00e9 urbaine plus juste et plus durable<\/strong>. Selon ses repr\u00e9sentants, les contribuables sans animaux n\u2019ont pas \u00e0 payer pour les manquements d\u2019autrui. Le principe de la nouvelle taxe repose donc sur une id\u00e9e de justice proportionnelle : <strong>\u201ccelui qui salit, finance le nettoyage.\u201d<\/strong><\/em><\/p>\n<\/blockquote>\n\n\n\n<p class=\"wp-block-paragraph\">Cependant, cette logique de compensation \u00e9conomique ne convainc pas tout le monde. Les d\u00e9fenseurs des animaux y voient une <strong>simplification excessive d\u2019un probl\u00e8me de civisme<\/strong>. Car si certains propri\u00e9taires font preuve d\u2019incivilit\u00e9, d\u2019autres ramassent syst\u00e9matiquement, et ils seront eux aussi contraints de payer. C\u2019est ce point pr\u00e9cis qui va enflammer le d\u00e9bat public.<\/p>\n\n\n\n<blockquote class=\"wp-block-quote is-layout-flow wp-block-quote-is-layout-flow\">\n<p class=\"wp-block-paragraph\"><em>Peut vous int\u00e9resser: <a href=\"https:\/\/planipets.com\/blog\/actualite\/lallemagne-taxe-les-chiens-la-france-faisait-de-meme-impots\/\">L\u2019Allemagne taxe les chiens, et si la France faisait de m\u00eame ?<\/a><\/em><\/p>\n<\/blockquote>\n\n\n\n<p class=\"wp-block-paragraph\"><\/p>\n\n\n\n<p class=\"wp-block-paragraph\"><\/p>\n\n\n<div style=\"background-color: #ffd2d2; color: #d8000c; border-left-color: #d8000c; \" class=\"ub-styled-box ub-notification-box wp-block-ub-styled-box\" id=\"ub-styled-box-d25f6eac-fa17-4cbe-8aec-c4ac578b8b9d\">\n<h2 class=\"wp-block-heading\" id=\"ub-styled-box-notification-content-\">\u201cTaxer, c\u2019est d\u00e9courager l\u2019amour\u201d \u2014 la r\u00e9ponse des d\u00e9fenseurs<\/h2>\n\n\n<\/div>\n\n<div style=\"background-color: #ffdd80; color: #eaac00; border-left-color: #eaac00; \" class=\"ub-styled-box ub-notification-box wp-block-ub-styled-box\" id=\"ub-styled-box-675ca285-c713-4d07-b76d-43a46fd19548\">\n<p class=\"wp-block-paragraph\" id=\"ub-styled-box-notification-content-\">Les <a href=\"https:\/\/planipets.com\/blog\/actualite\/formation-des-forces-de-lordre-pour-interventions-animales-un-pas-en-avant-dans-la-protection-des-animaux\/\" data-type=\"post\" data-id=\"15671\"><strong>associations de protection animale<\/strong><\/a> ont vivement r\u00e9agi \u00e0 la d\u00e9cision de Bolzano. Pour elles, cette taxe frappe sans distinction et risque d\u2019<strong>affaiblir le lien entre les habitants et leurs animaux de compagnie<\/strong>. Dans un communiqu\u00e9 relay\u00e9 par plusieurs m\u00e9dias italiens, <strong>Carla Rocchi<\/strong>, pr\u00e9sidente de l\u2019<strong>Ente Nazionale Protezione Animali (ENPA)<\/strong>, a d\u00e9nonc\u00e9 une mesure \u201cinutile et contre-productive\u201d. Selon elle, \u201c<strong><a href=\"https:\/\/planipets.com\/blog\/actualite\/taxe-sur-les-chiens-et-les-chats-ce-que-font-les-autres-pays-dans-le-monde\/\" data-type=\"post\" data-id=\"47072\">taxer les chiens<\/a> ne r\u00e9sout pas les incivilit\u00e9s de quelques-uns<\/strong>, mais risque au contraire de <strong>d\u00e9courager les propri\u00e9taires responsables<\/strong> et de <strong>faire reculer la bienveillance<\/strong> envers les animaux.\u201d<\/p>\n\n\n\n<p class=\"wp-block-paragraph\">Les associations craignent aussi un <strong>effet dissuasif<\/strong> sur le <strong>tourisme accompagn\u00e9 d\u2019animaux<\/strong>, pourtant en hausse depuis plusieurs ann\u00e9es en Italie. Les visiteurs voyageant avec leur chien pourraient \u00e9viter Bolzano pour ne pas s\u2019acquitter d\u2019un imp\u00f4t suppl\u00e9mentaire. D\u2019un point de vue symbolique, cette taxe interroge : en voulant responsabiliser, la ville ne finit-elle pas par <strong>culpabiliser les amoureux des animaux<\/strong> ?<\/p>\n\n\n\n<p class=\"wp-block-paragraph\">Du c\u00f4t\u00e9 des <a href=\"https:\/\/planipets.com\/etablissements?name=V%C3%A9t%C3%A9rinaire&amp;address=&amp;lat=&amp;lng=\"><strong>v\u00e9t\u00e9rinaires<\/strong><\/a> et \u00e9ducateurs, le ton est plus nuanc\u00e9. Certains estiment que le probl\u00e8me ne vient pas du principe d\u2019une contribution, mais de <strong>l\u2019absence de distinction entre les comportements responsables et les n\u00e9gligents<\/strong>. En d\u2019autres termes, la taxe punit tout le monde, sans cibler les v\u00e9ritables contrevenants. Pour <strong>ENPA<\/strong> et d\u2019autres collectifs, la solution passerait plut\u00f4t par une <strong>meilleure sensibilisation<\/strong> et par le renforcement des contr\u00f4les existants, plut\u00f4t que par une taxe uniforme.<\/p>\n\n\n\n<p class=\"wp-block-paragraph\">Bolzano, souvent cit\u00e9e comme <strong>ville pilote en mati\u00e8re de propret\u00e9 urbaine<\/strong>, se retrouve ainsi accus\u00e9e d\u2019envoyer un <strong>mauvais signal \u00e9thique<\/strong> : celui d\u2019une soci\u00e9t\u00e9 o\u00f9 la cohabitation avec les animaux se mon\u00e9tise, au lieu de se construire sur la responsabilit\u00e9 et la p\u00e9dagogie.<\/p>\n\n\n<\/div>\n\n\n<p class=\"wp-block-paragraph\"><\/p>\n\n\n\n<p class=\"wp-block-paragraph\"><\/p>\n\n\n\n<p class=\"wp-block-paragraph\"><\/p>\n\n\n<div style=\"background-color: #d9edf7; color: #31708f; border-left-color: #31708f; \" class=\"ub-styled-box ub-notification-box wp-block-ub-styled-box\" id=\"ub-styled-box-acf0bd77-2a40-4478-81e3-6e7b0403d6fd\">\n<h2 class=\"wp-block-heading\" id=\"ub-styled-box-notification-content-\">Une ville en croisade contre les crottes<\/h2>\n\n\n<\/div>\n\n\n<p class=\"wp-block-paragraph\">\u00c0 Bolzano, la lutte contre les d\u00e9jections canines ne date pas d\u2019hier. Depuis plus d\u2019une d\u00e9cennie, la ville du Tyrol du Sud m\u00e8ne une <strong>v\u00e9ritable croisade pour la propret\u00e9<\/strong> de ses trottoirs et de ses parcs. Campagnes d\u2019affichage, op\u00e9rations de sensibilisation dans les \u00e9coles, renforcement des patrouilles municipales : la mairie n\u2019a cess\u00e9 d\u2019exp\u00e9rimenter de nouvelles m\u00e9thodes pour rappeler aux propri\u00e9taires leurs obligations.<\/p>\n\n\n<div class=\"wp-block-image\">\n<figure class=\"aligncenter size-full\"><img decoding=\"async\" width=\"600\" height=\"600\" src=\"https:\/\/planipets.com\/blog\/wp-content\/uploads\/2025\/10\/taxe-dediee-aux-chiens-4.jpg\" alt=\"Un chien au pelage clair assis dans un parc verdoyant, observant calmement autour de lui. L\u2019image illustre le d\u00e9bat sur la taxe canine \u00e0 Bolzano et la place des chiens dans l\u2019espace public.\" class=\"wp-image-64577\" title=\"\" srcset=\"https:\/\/planipets.com\/blog\/wp-content\/uploads\/2025\/10\/taxe-dediee-aux-chiens-4.jpg 600w, https:\/\/planipets.com\/blog\/wp-content\/uploads\/2025\/10\/taxe-dediee-aux-chiens-4-300x300.jpg 300w, https:\/\/planipets.com\/blog\/wp-content\/uploads\/2025\/10\/taxe-dediee-aux-chiens-4-150x150.jpg 150w, https:\/\/planipets.com\/blog\/wp-content\/uploads\/2025\/10\/taxe-dediee-aux-chiens-4-450x450.jpg 450w, https:\/\/planipets.com\/blog\/wp-content\/uploads\/2025\/10\/taxe-dediee-aux-chiens-4-96x96.jpg 96w\" sizes=\"(max-width: 600px) 100vw, 600px\" \/><figcaption class=\"wp-element-caption\">\u00c0 Bolzano, la municipalit\u00e9 veut responsabiliser les propri\u00e9taires de chiens en instaurant une taxe annuelle de 100 \u20ac. Une d\u00e9cision qui relance la discussion sur la cohabitation entre citoyens et animaux en milieu urbain. \u00ab&nbsp;cr\u00e9dit photo :&nbsp;Planipets M\u00e9dia&nbsp;\u00bb<\/figcaption><\/figure>\n<\/div>\n\n\n<p class=\"wp-block-paragraph\">Malgr\u00e9 ces efforts, le probl\u00e8me persiste. Les services de la ville affirment que le <strong>ramassage incomplet des d\u00e9jections<\/strong> reste l\u2019une des principales plaintes adress\u00e9es \u00e0 la municipalit\u00e9. Les habitants d\u00e9noncent les nuisances visuelles, olfactives et sanitaires, tandis que les associations rappellent que la majorit\u00e9 des ma\u00eetres respectent d\u00e9j\u00e0 les r\u00e8gles. Dans ce climat de tension, la taxe appara\u00eet comme <strong>l\u2019ultime outil<\/strong> pour contraindre les r\u00e9calcitrants.<\/p>\n\n\n\n<blockquote class=\"wp-block-quote is-layout-flow wp-block-quote-is-layout-flow\">\n<p class=\"wp-block-paragraph\">Cette mesure marque aussi le <strong>retour d\u2019un imp\u00f4t ancien<\/strong>, supprim\u00e9 en 2008 pour des raisons d\u2019impopularit\u00e9. \u00c0 l\u2019\u00e9poque, la mairie justifiait son abandon par la volont\u00e9 d\u2019all\u00e9ger la pression fiscale locale. Aujourd\u2019hui, la justification a chang\u00e9 : il ne s\u2019agit plus de faire entrer de l\u2019argent, mais de <strong>\u201crendre la ville plus vivable pour tous\u201d<\/strong>, selon les mots des \u00e9lus.<\/p>\n<\/blockquote>\n\n\n\n<p class=\"wp-block-paragraph\">Les autorit\u00e9s esp\u00e8rent r\u00e9colter plusieurs dizaines de milliers d\u2019euros par an, destin\u00e9s \u00e0 financer le <strong>nettoyage des trottoirs, la cr\u00e9ation de zones canines cl\u00f4tur\u00e9es et l\u2019installation de distributeurs de sacs \u00e0 d\u00e9jections<\/strong>. Mais pour beaucoup, ce projet illustre surtout <strong>l\u2019incapacit\u00e9 chronique des villes \u00e0 g\u00e9rer le vivre-ensemble entre humains et animaux<\/strong> sans recourir \u00e0 la contrainte financi\u00e8re.<\/p>\n\n\n\n<p class=\"wp-block-paragraph\">Dans les rues de Bolzano, le sujet divise. Entre les partisans d\u2019une ville propre \u00e0 tout prix et ceux qui refusent de voir leur compagnon assimil\u00e9 \u00e0 une charge publique, la fracture s\u2019\u00e9largit. Ce qui se joue ici d\u00e9passe la simple question d\u2019hygi\u00e8ne : c\u2019est <strong>le statut m\u00eame de l\u2019animal dans l\u2019espace urbain<\/strong> qui est remis en question.<\/p>\n\n\n\n<blockquote class=\"wp-block-quote is-layout-flow wp-block-quote-is-layout-flow\">\n<p class=\"wp-block-paragraph\"><em>L&#8217;article vous recommande: <a href=\"https:\/\/planipets.com\/blog\/actualite\/quimper-serre-la-vis-chiens-en-laisse-obligatoire-amendes-salees-pour-dejections-et-sanctions-qui-tombent\/\">Quimper serre la vis : chiens en laisse obligatoire, amendes sal\u00e9es pour d\u00e9jections et sanctions qui tombent<\/a><\/em><\/p>\n<\/blockquote>\n\n\n\n<p class=\"wp-block-paragraph\"><\/p>\n\n\n\n<p class=\"wp-block-paragraph\"><\/p>\n\n\n\n<p class=\"wp-block-paragraph\"><\/p>\n\n\n<div style=\"background-color: #d9edf7; color: #31708f; border-left-color: #31708f; \" class=\"ub-styled-box ub-notification-box wp-block-ub-styled-box\" id=\"ub-styled-box-b624cf0b-d01f-4c50-97cf-4539961afde2\">\n<h2 class=\"wp-block-heading\" id=\"ub-styled-box-notification-content-\">Quand aimer un animal devient une ligne dans le budget<\/h2>\n\n\n<\/div>\n\n<div style=\"background-color: #dff0d8; color: #3c763d; border-left-color: #3c763d; \" class=\"ub-styled-box ub-notification-box wp-block-ub-styled-box\" id=\"ub-styled-box-a8d34809-5c48-4aa0-bb78-8fb725babe01\">\n<p class=\"wp-block-paragraph\" id=\"ub-styled-box-notification-content-\">Au-del\u00e0 de la propret\u00e9, cette taxe soul\u00e8ve une question plus profonde : celle de la <strong>valeur du lien entre l\u2019humain et l\u2019animal<\/strong>. \u00c0 Bolzano, la mesure est pr\u00e9sent\u00e9e comme un geste de civisme, mais elle traduit surtout un glissement culturel inqui\u00e9tant. En transformant la possession d\u2019un chien en <strong>source de revenu pour la commune<\/strong>, la ville contribue \u00e0 faire entrer l\u2019attachement animal dans la logique comptable du quotidien.<\/p>\n\n\n\n<p class=\"wp-block-paragraph\">Pour les associations italiennes et plusieurs \u00e9ducateurs canins, cette d\u00e9cision risque de <strong>cr\u00e9er une fracture sociale<\/strong> : entre ceux qui peuvent se permettre de payer pour leur chien et ceux pour qui cette taxe repr\u00e9sentera un poids suppl\u00e9mentaire. Dans un contexte d\u2019inflation et de co\u00fbt de la vie en hausse, certains redoutent que <strong>des <a href=\"https:\/\/planipets.com\/blog\/actualite\/abandons-danimaux-en-hausse-la-crise-economique-et-linflation-impactent-les-proprietaires-danimaux-de-compagnie\/\" data-type=\"post\" data-id=\"8062\">abandons<\/a> augmentent<\/strong> ou que <strong>les <\/strong><a href=\"https:\/\/planipets.com\/blog\/actualite\/adoptions-animaux-de-compagnie\/\" data-type=\"post\" data-id=\"2172\"><strong>adoptions <\/strong><\/a><strong>ralentissent<\/strong><a href=\"https:\/\/planipets.com\/blog\/actualite\/adoptions-animaux-de-compagnie\/\" data-type=\"post\" data-id=\"2172\">.<\/a> L\u2019animal, compagnon affectif par excellence, devient alors une d\u00e9pense \u00e0 calculer plut\u00f4t qu\u2019un membre du foyer.<\/p>\n\n\n\n<p class=\"wp-block-paragraph\">Les critiques rappellent qu\u2019il existe d\u2019autres leviers pour am\u00e9liorer la propret\u00e9 urbaine : la p\u00e9dagogie, la mise \u00e0 disposition de sacs, ou encore des campagnes de responsabilisation positive. En choisissant la voie de la fiscalisation, Bolzano prend le risque d\u2019<strong>assimiler la tendresse \u00e0 une charge<\/strong> et d\u2019ancrer l\u2019id\u00e9e qu\u2019un <a href=\"https:\/\/planipets.com\/blog\/chien\/races-chiens\/animal-de-compagnie-pour-appartement\/\" data-type=\"post\" data-id=\"58440\"><strong>animal domestique<\/strong><\/a> co\u00fbte plus qu\u2019il ne relie.<\/p>\n\n\n\n<p class=\"wp-block-paragraph\">Au-del\u00e0 du d\u00e9bat local, cette d\u00e9cision symbolise une tendance plus large : celle d\u2019une soci\u00e9t\u00e9 qui cherche \u00e0 r\u00e9guler la relation homme animal par des chiffres, des amendes et des taxes, plut\u00f4t que par la compr\u00e9hension et la confiance. \u00c0 force de vouloir nettoyer les trottoirs, certains craignent que l\u2019on <strong>efface peu \u00e0 peu la chaleur de ce lien fragile<\/strong> qui fait de la cohabitation avec les animaux un apprentissage, et non une faute \u00e0 corriger.<\/p>\n\n\n<\/div>\n\n\n<p class=\"wp-block-paragraph\"><\/p>\n\n\n\n<p class=\"wp-block-paragraph\"><\/p>\n\n\n\n<p class=\"wp-block-paragraph\"><\/p>\n\n\n<div style=\"background-color: #d9edf7; color: #31708f; border-left-color: #31708f; \" class=\"ub-styled-box ub-notification-box wp-block-ub-styled-box\" id=\"ub-styled-box-c2d3dc2d-822f-4835-b321-263b70dfb85a\">\n<h2 class=\"wp-block-heading\" id=\"ub-styled-box-notification-content-\">Un chien priv\u00e9 de course peut mourir de tristesse\u2026 un chat priv\u00e9 de repos aussi<\/h2>\n\n\n<\/div>\n\n\n<p class=\"wp-block-paragraph\">Dans le dernier \u00e9pisode de <strong>Rex &amp; Minou<\/strong>, la fiction rejoint l\u2019actualit\u00e9. Tandis que Bolzano taxe la vitalit\u00e9 des chiens, Rex, lui, court pour vivre. Avec son ami <strong>Vignon<\/strong>, il s\u2019\u00e9lance \u00e0 pleine vitesse apr\u00e8s un papillon, haletant de bonheur. \u00c0 quelques m\u00e8tres, <strong>Minou<\/strong> et <strong>Ndrovi<\/strong>, deux chats impassibles, observent la sc\u00e8ne en silence, discutant de peinture et de libert\u00e9. Deux mondes qui cohabitent, deux mani\u00e8res d\u2019exister, mais une m\u00eame id\u00e9e : chaque animal porte en lui un besoin essentiel que nul r\u00e8glement ne devrait contraindre.<\/p>\n\n\n\n<p class=\"wp-block-paragraph\">Pour <strong>Rex<\/strong>, courir n\u2019est pas une distraction, c\u2019est une <strong><a href=\"https:\/\/planipets.com\/blog\/actualite\/rex-minou-14-un-chien-prive-de-course-peut-mourir-de-tristesse-un-chat-prive-de-repos-aussi\/\" data-type=\"post\" data-id=\"64348\">n\u00e9cessit\u00e9 \u00e9motionnelle<\/a><\/strong>. Comme le rappelle <strong>Flavien Bourgeix<\/strong>, \u00e9ducateur <a href=\"https:\/\/planipets.com\/etablissements?name=Comportementaliste&amp;address=&amp;lat=&amp;lng=\"><strong>comportementaliste<\/strong><\/a> \u00e0 Fontainebleau, \u201csans activit\u00e9 physique, un <a href=\"https:\/\/planipets.com\/blog\/actualite\/stress-chez-le-chien\/\" data-type=\"post\" data-id=\"60723\"><strong>chien accumule du stress <\/strong><\/a>qui finit par se transformer en <a href=\"https:\/\/planipets.com\/blog\/chien\/comportement-chien\/chien-qui-aboie\/aboiements-excessifs-des-solutions-enfin-efficaces-infographies\/\" data-type=\"post\" data-id=\"46654\"><strong>aboiements<\/strong>,<\/a> en destructions ou en <a href=\"https:\/\/planipets.com\/blog\/chien\/bien-vivre-avec-son-chien\/anxiete-separation-chez-chien\/\" data-type=\"post\" data-id=\"3514\"><strong>anxi\u00e9t\u00e9<\/strong><\/a>\u201d. \u00c0 l\u2019inverse, un chien qui se d\u00e9pense et joue lib\u00e8re ses tensions, renforce son \u00e9quilibre et pr\u00e9serve son lien avec l\u2019humain.<\/p>\n\n\n\n<p class=\"wp-block-paragraph\">Pendant ce temps, <strong>Minou<\/strong> et <strong>Ndrovi<\/strong> incarnent l\u2019autre versant du <strong><a href=\"https:\/\/planipets.com\/blog\/actualite\/premier-salon-dedie-au-bien-etre-animal-a-meaux-le-salon-des-animeaux\/\" data-type=\"post\" data-id=\"13708\">bien-\u00eatre animal<\/a><\/strong> : celui du <strong>calme<\/strong> et du choix. Selon <strong>Laurence Couret<\/strong>, <a href=\"https:\/\/planipets.com\/etablissements?name=Comportementaliste&amp;address=&amp;lat=&amp;lng=\"><strong>comportementaliste<\/strong><\/a> f\u00e9line \u00e0 Toulouse, \u201cle chat vit dans l\u2019\u00e9conomie d\u2019\u00e9nergie, mais il n\u2019est pas inactif : son repos est une strat\u00e9gie. Le forcer \u00e0 bouger, c\u2019est briser son \u00e9quilibre naturel.\u201d Chez le chat, le bonheur na\u00eet de la libert\u00e9 de d\u00e9cider quand agir, dormir ou contempler.<\/p>\n\n\n\n<p class=\"wp-block-paragraph\">L\u2019\u00e9pisode joue de ce contraste avec tendresse et humour, mais derri\u00e8re les dialogues anim\u00e9s se cache une v\u00e9rit\u00e9 : <strong>imposer un rythme, une r\u00e8gle ou un tarif au vivant, c\u2019est oublier ce qu\u2019il est<\/strong>. \u00c0 travers ses deux h\u00e9ros, <strong><a href=\"https:\/\/planipets.com\/\">Planipets <\/a><\/strong>rappelle que les besoins des animaux ne se mesurent ni en kilom\u00e8tres ni en euros. Les chiens ont besoin d\u2019espace pour courir, les chats d\u2019espace pour r\u00eaver. Leur bien-\u00eatre, comme leur libert\u00e9, ne se taxe pas.<\/p>\n\n\n\n<p class=\"wp-block-paragraph\"><\/p>\n\n\n\n<p class=\"wp-block-paragraph\"><\/p>\n\n\n\n<p class=\"wp-block-paragraph\"><\/p>\n\n\n<div style=\"background-color: #d9edf7; color: #31708f; border-left-color: #31708f; \" class=\"ub-styled-box ub-notification-box wp-block-ub-styled-box\" id=\"ub-styled-box-99e51c34-882c-4215-8d3a-9bf84a2918cd\">\n<h2 class=\"wp-block-heading\" id=\"ub-styled-box-notification-content-\">Le prix d\u2019un trottoir ou celui du respect ?<\/h2>\n\n\n<\/div>\n\n\n<p class=\"wp-block-paragraph\">\u00c0 Bolzano, la mesure entrera en vigueur dans quelques mois. Officiellement, la ville veut financer l\u2019entretien de ses rues. Officieusement, elle ouvre un d\u00e9bat plus large : celui du <strong>vivre-ensemble entre humains et animaux dans l\u2019espace public<\/strong>. Les \u00e9lus affirment qu\u2019il s\u2019agit d\u2019une simple contribution citoyenne. Pourtant, cette taxe pose une question fondamentale : faut-il vraiment <strong>monnayer la cohabitation<\/strong> avec les animaux pour la rendre supportable ?<\/p>\n\n\n<div class=\"wp-block-image\">\n<figure class=\"aligncenter size-full\"><img decoding=\"async\" width=\"600\" height=\"600\" src=\"https:\/\/planipets.com\/blog\/wp-content\/uploads\/2025\/10\/taxe-dediee-aux-chiens-6.jpg\" alt=\"Texte alternatif : Un chien marche en laisse aux c\u00f4t\u00e9s de son gardien sur une place urbaine, symbole du quotidien partag\u00e9 entre habitants et animaux. L\u2019image illustre la d\u00e9cision de la ville de Bolzano d\u2019instaurer une taxe pour les propri\u00e9taires de chiens afin de financer le nettoyage des trottoirs.\" class=\"wp-image-64586\" title=\"\" srcset=\"https:\/\/planipets.com\/blog\/wp-content\/uploads\/2025\/10\/taxe-dediee-aux-chiens-6.jpg 600w, https:\/\/planipets.com\/blog\/wp-content\/uploads\/2025\/10\/taxe-dediee-aux-chiens-6-300x300.jpg 300w, https:\/\/planipets.com\/blog\/wp-content\/uploads\/2025\/10\/taxe-dediee-aux-chiens-6-150x150.jpg 150w, https:\/\/planipets.com\/blog\/wp-content\/uploads\/2025\/10\/taxe-dediee-aux-chiens-6-450x450.jpg 450w, https:\/\/planipets.com\/blog\/wp-content\/uploads\/2025\/10\/taxe-dediee-aux-chiens-6-96x96.jpg 96w\" sizes=\"(max-width: 600px) 100vw, 600px\" \/><figcaption class=\"wp-element-caption\">\u00c0 partir de 2026, Bolzano imposera une taxe de 100 \u20ac par an aux propri\u00e9taires de chiens pour financer le nettoyage des trottoirs, une mesure jug\u00e9e n\u00e9cessaire par la mairie mais critiqu\u00e9e par les associations de protection animale. \u00ab&nbsp;cr\u00e9dit photo :&nbsp;Planipets M\u00e9dia&nbsp;\u00bb<\/figcaption><\/figure>\n<\/div>\n\n\n<p class=\"wp-block-paragraph\">La propret\u00e9 est une responsabilit\u00e9 partag\u00e9e, mais elle ne peut devenir un pr\u00e9texte \u00e0 la <strong>fiscalisation du lien affectif<\/strong>. L\u2019animal n\u2019est pas un service public, ni un luxe urbain. En choisissant la voie de la sanction financi\u00e8re, Bolzano transforme un enjeu de civisme en enjeu \u00e9conomique. Ce choix r\u00e9v\u00e8le un paradoxe : dans une soci\u00e9t\u00e9 qui c\u00e9l\u00e8bre le bien-\u00eatre animal, certains territoires choisissent encore la contrainte plut\u00f4t que l\u2019\u00e9ducation.<\/p>\n\n\n\n<blockquote class=\"wp-block-quote is-layout-flow wp-block-quote-is-layout-flow\">\n<p class=\"wp-block-paragraph\"><em>Les <a href=\"https:\/\/planipets.com\/blog\/actualite\/calvados-scandale-autour-dune-vente-aux-encheres-de-chiens-annulee-leur-avenir-inquiete-toujours\/\" data-type=\"post\" data-id=\"53648\"><strong>d\u00e9fenseurs des animaux<\/strong> <\/a>appellent \u00e0 une approche plus \u00e9quilibr\u00e9e : <strong>sensibiliser, \u00e9quiper, accompagner<\/strong> les ma\u00eetres plut\u00f4t que les taxer. Car la relation entre un \u00eatre humain et son animal ne se corrige pas par un paiement. Elle se construit par la confiance, l\u2019exemple et la compr\u00e9hension.<\/em><\/p>\n<\/blockquote>\n\n\n\n<p class=\"wp-block-paragraph\">\u00c0 la fin, une question demeure : en 2026, \u00e0 Bolzano, <strong>qui paiera vraiment le prix du vivre-ensemble ?<\/strong> Les propri\u00e9taires, les chiens\u2026 ou cette id\u00e9e de respect partag\u00e9 que l\u2019on dit d\u00e9fendre, tout en la r\u00e9duisant \u00e0 une facture annuelle ?<\/p>\n\n\n\n<p class=\"wp-block-paragraph\"><\/p>\n\n\n\n<p class=\"wp-block-paragraph\"><\/p>\n\n\n\n<p class=\"wp-block-paragraph\"><\/p>\n\n\n<div style=\"background-color: #d9edf7; color: #31708f; border-left-color: #31708f; \" class=\"ub-styled-box ub-notification-box wp-block-ub-styled-box\" id=\"ub-styled-box-11e1c459-03fa-4e13-a4e1-6add6105e5ea\">\n<h2 class=\"wp-block-heading\" id=\"ub-styled-box-notification-content-\">Construire plut\u00f4t que contraindre<\/h2>\n\n\n<\/div>\n\n<div style=\"background-color: #dff0d8; color: #3c763d; border-left-color: #3c763d; \" class=\"ub-styled-box ub-notification-box wp-block-ub-styled-box\" id=\"ub-styled-box-eee8c7ef-569e-4d99-98c9-eb4afaabe2f9\">\n<p class=\"wp-block-paragraph\" id=\"ub-styled-box-notification-content-\">L\u2019exemple de Bolzano rappelle \u00e0 quel point la gestion de la<strong> <a href=\"https:\/\/planipets.com\/blog\/actualite\/actualite-celebrites\/lewis-hamilton-roscoe-chien-f1\/\" data-type=\"post\" data-id=\"64244\">pr\u00e9sence animale<\/a><\/strong> dans les villes reste un <strong>enjeu sensible et complexe<\/strong>. Entre exigences d\u2019hygi\u00e8ne, respect du cadre de vie et <a href=\"https:\/\/planipets.com\/blog\/resonance-animale\/vacances-de-macron-en-jetski-pour-nos-animaux-de-compagnie-le-vrai-bonheur-cest-juste-etre-en-famille\/\"><strong>attachement profond aux animaux,<\/strong><\/a> les municipalit\u00e9s marchent sur une ligne \u00e9troite. Certaines choisissent la voie de la <strong>r\u00e9glementation fiscale<\/strong>, d\u2019autres misent sur la <strong>p\u00e9dagogie<\/strong> et la <strong>coop\u00e9ration citoyenne<\/strong>.<\/p>\n\n\n\n<p class=\"wp-block-paragraph\">\u00c0 travers cette affaire, un constat s\u2019impose : le bien-\u00eatre animal ne peut pas se r\u00e9duire \u00e0 une ligne budg\u00e9taire. Les chiens et les chats partagent nos espaces, nos \u00e9motions et nos responsabilit\u00e9s. Leur comportement dans la cit\u00e9 d\u00e9pend avant tout de <strong>l\u2019\u00e9ducation des ma\u00eetres et des am\u00e9nagements adapt\u00e9s<\/strong>, bien plus que d\u2019un imp\u00f4t.<\/p>\n\n\n\n<p class=\"wp-block-paragraph\">Les collectivit\u00e9s qui s\u2019engagent dans des politiques de cohabitation apais\u00e9e, qui investissent dans des parcs, des distributeurs de sacs ou des campagnes de sensibilisation, posent les bases d\u2019un <strong>vivre-ensemble durable<\/strong>. Ces initiatives, souvent discr\u00e8tes, prouvent qu\u2019il est possible de conjuguer <strong>propret\u00e9 publique et respect du vivant<\/strong> sans dresser l\u2019un contre l\u2019autre.<\/p>\n\n\n\n<p class=\"wp-block-paragraph\">Pour <strong><a href=\"https:\/\/planipets.com\/blog\/media\/\">Planipets M\u00e9dia<\/a><\/strong>, informer, relier et responsabiliser reste la priorit\u00e9. Les villes, les professionnels du bien-\u00eatre animal et les citoyens partagent la m\u00eame mission : <strong><a href=\"https:\/\/planipets.com\/blog\/actualite\/dieppe-un-chien-victime-de-sevices-une-association-exige-une-peine-plus-lourde\/\">pr\u00e9server la dignit\u00e9 de l\u2019animal<\/a> tout en respectant les besoins de la collectivit\u00e9<\/strong>. Car une ville propre n\u2019a de sens que si elle reste accueillante \u2014 pour tous ses habitants, y compris ceux qui marchent sur quatre pattes.<\/p>\n\n\n<\/div>\n\n\n<p class=\"wp-block-paragraph\"><\/p>\n\n\n\n<p class=\"wp-block-paragraph\"><\/p>\n\n\n\n<p class=\"wp-block-paragraph\"><\/p>\n\n\n<div style=\"background-color: #d9edf7; color: #31708f; border-left-color: #31708f; \" class=\"ub-styled-box ub-notification-box wp-block-ub-styled-box\" id=\"ub-styled-box-5a653b9e-9369-4c91-8fdf-65d6401c0d34\">\n<h2 class=\"wp-block-heading\" id=\"ub-styled-box-notification-content-\">Foire aux questions \u2013 Taxe canine \u00e0 Bolzano<\/h2>\n\n\n<\/div>\n\n<div class=\"wp-block-ub-content-toggle wp-block-ub-content-toggle-block\" id=\"ub-content-toggle-block-161055bb-4b83-409c-8cdd-f51946679de0\" data-mobilecollapse=\"false\" data-desktopcollapse=\"false\" data-preventcollapse=\"false\" data-showonlyone=\"false\">\n<div class=\"wp-block-ub-content-toggle-accordion\" style=\"border-color: #f1f1f1;\" id=\"ub-content-toggle-panel-block-\">\n\t\t\t<div class=\"wp-block-ub-content-toggle-accordion-title-wrap\" style=\"background-color: #f1f1f1;\" aria-controls=\"ub-content-toggle-panel-0-161055bb-4b83-409c-8cdd-f51946679de0\" tabindex=\"0\">\n\t\t\t<h3 class=\"wp-block-ub-content-toggle-accordion-title ub-content-toggle-title-161055bb-4b83-409c-8cdd-f51946679de0\" style=\"color: #000000; \">Qui devra payer cette taxe sur les chiens ?<\/h3>\n\t\t\t<div class=\"wp-block-ub-content-toggle-accordion-toggle-wrap right\" style=\"color: #000000;\"><span class=\"wp-block-ub-content-toggle-accordion-state-indicator wp-block-ub-chevron-down open\"><\/span><\/div>\n\t\t<\/div>\n\t\t\t<div role=\"region\" aria-expanded=\"true\" class=\"wp-block-ub-content-toggle-accordion-content-wrap\" id=\"ub-content-toggle-panel-0-161055bb-4b83-409c-8cdd-f51946679de0\">\n\n<p class=\"wp-block-paragraph\">Tous les <strong>r\u00e9sidents de Bolzano<\/strong> poss\u00e9dant un chien devront s\u2019acquitter d\u2019une taxe annuelle de <strong>100 euros par animal<\/strong> \u00e0 partir de janvier 2026. Les <strong>touristes<\/strong> accompagn\u00e9s d\u2019un chien paieront une taxe quotidienne de <strong>1,50 euro<\/strong>, comparable \u00e0 une taxe de s\u00e9jour.<\/p>\n\n<\/div>\n\t\t<\/div>\n\n<div class=\"wp-block-ub-content-toggle-accordion\" style=\"border-color: #f1f1f1;\" id=\"ub-content-toggle-panel-block-\">\n\t\t\t<div class=\"wp-block-ub-content-toggle-accordion-title-wrap\" style=\"background-color: #f1f1f1;\" aria-controls=\"ub-content-toggle-panel-1-161055bb-4b83-409c-8cdd-f51946679de0\" tabindex=\"0\">\n\t\t\t<h3 class=\"wp-block-ub-content-toggle-accordion-title ub-content-toggle-title-161055bb-4b83-409c-8cdd-f51946679de0\" style=\"color: #000000; \">Pourquoi cette taxe a-t-elle \u00e9t\u00e9 instaur\u00e9e ?<\/h3>\n\t\t\t<div class=\"wp-block-ub-content-toggle-accordion-toggle-wrap right\" style=\"color: #000000;\"><span class=\"wp-block-ub-content-toggle-accordion-state-indicator wp-block-ub-chevron-down open\"><\/span><\/div>\n\t\t<\/div>\n\t\t\t<div role=\"region\" aria-expanded=\"true\" class=\"wp-block-ub-content-toggle-accordion-content-wrap\" id=\"ub-content-toggle-panel-1-161055bb-4b83-409c-8cdd-f51946679de0\">\n\n<p class=\"wp-block-paragraph\">La municipalit\u00e9 affirme vouloir <strong>financer le nettoyage des trottoirs<\/strong> et des espaces publics souill\u00e9s par les <a href=\"https:\/\/planipets.com\/blog\/actualite\/quimper-serre-la-vis-chiens-en-laisse-obligatoire-amendes-salees-pour-dejections-et-sanctions-qui-tombent\/\" data-type=\"post\" data-id=\"54085\"><strong>d\u00e9jections canines<\/strong><\/a>. Elle estime qu\u2019il est plus juste que ce co\u00fbt soit support\u00e9 par les propri\u00e9taires d\u2019animaux plut\u00f4t que par l\u2019ensemble des contribuables.<\/p>\n\n<\/div>\n\t\t<\/div>\n\n<div class=\"wp-block-ub-content-toggle-accordion\" style=\"border-color: #f1f1f1;\" id=\"ub-content-toggle-panel-block-\">\n\t\t\t<div class=\"wp-block-ub-content-toggle-accordion-title-wrap\" style=\"background-color: #f1f1f1;\" aria-controls=\"ub-content-toggle-panel-2-161055bb-4b83-409c-8cdd-f51946679de0\" tabindex=\"0\">\n\t\t\t<h3 class=\"wp-block-ub-content-toggle-accordion-title ub-content-toggle-title-161055bb-4b83-409c-8cdd-f51946679de0\" style=\"color: #000000; \">Cette taxe existait-elle d\u00e9j\u00e0 ?<\/h3>\n\t\t\t<div class=\"wp-block-ub-content-toggle-accordion-toggle-wrap right\" style=\"color: #000000;\"><span class=\"wp-block-ub-content-toggle-accordion-state-indicator wp-block-ub-chevron-down open\"><\/span><\/div>\n\t\t<\/div>\n\t\t\t<div role=\"region\" aria-expanded=\"true\" class=\"wp-block-ub-content-toggle-accordion-content-wrap\" id=\"ub-content-toggle-panel-2-161055bb-4b83-409c-8cdd-f51946679de0\">\n\n<p class=\"wp-block-paragraph\">Oui. Bolzano avait d\u00e9j\u00e0 instaur\u00e9 une <strong>taxe canine avant 2008<\/strong>, avant de la supprimer pour all\u00e9ger la pression fiscale. La nouvelle mesure r\u00e9tablit cet imp\u00f4t dans un cadre modernis\u00e9 et avec des montants actualis\u00e9s.<\/p>\n\n<\/div>\n\t\t<\/div>\n\n<div class=\"wp-block-ub-content-toggle-accordion\" style=\"border-color: #f1f1f1;\" id=\"ub-content-toggle-panel-block-\">\n\t\t\t<div class=\"wp-block-ub-content-toggle-accordion-title-wrap\" style=\"background-color: #f1f1f1;\" aria-controls=\"ub-content-toggle-panel-3-161055bb-4b83-409c-8cdd-f51946679de0\" tabindex=\"0\">\n\t\t\t<h3 class=\"wp-block-ub-content-toggle-accordion-title ub-content-toggle-title-161055bb-4b83-409c-8cdd-f51946679de0\" style=\"color: #000000; \">Quelles sont les sanctions en cas de non-respect du ramassage des d\u00e9jections ?<\/h3>\n\t\t\t<div class=\"wp-block-ub-content-toggle-accordion-toggle-wrap right\" style=\"color: #000000;\"><span class=\"wp-block-ub-content-toggle-accordion-state-indicator wp-block-ub-chevron-down open\"><\/span><\/div>\n\t\t<\/div>\n\t\t\t<div role=\"region\" aria-expanded=\"true\" class=\"wp-block-ub-content-toggle-accordion-content-wrap\" id=\"ub-content-toggle-panel-3-161055bb-4b83-409c-8cdd-f51946679de0\">\n\n<p class=\"wp-block-paragraph\">Les propri\u00e9taires qui ne ramassent pas les d\u00e9jections de leur chien encourent d\u00e9j\u00e0 des <strong>amendes allant de 200 \u00e0 600 euros<\/strong>. La taxe ne remplace donc pas ces sanctions : elle s\u2019y ajoute comme contribution annuelle ou journali\u00e8re.<\/p>\n\n<\/div>\n\t\t<\/div>\n\n<div class=\"wp-block-ub-content-toggle-accordion\" style=\"border-color: #f1f1f1;\" id=\"ub-content-toggle-panel-block-\">\n\t\t\t<div class=\"wp-block-ub-content-toggle-accordion-title-wrap\" style=\"background-color: #f1f1f1;\" aria-controls=\"ub-content-toggle-panel-4-161055bb-4b83-409c-8cdd-f51946679de0\" tabindex=\"0\">\n\t\t\t<h3 class=\"wp-block-ub-content-toggle-accordion-title ub-content-toggle-title-161055bb-4b83-409c-8cdd-f51946679de0\" style=\"color: #000000; \">Que pensent les d\u00e9fenseurs des animaux de cette d\u00e9cision ?<\/h3>\n\t\t\t<div class=\"wp-block-ub-content-toggle-accordion-toggle-wrap right\" style=\"color: #000000;\"><span class=\"wp-block-ub-content-toggle-accordion-state-indicator wp-block-ub-chevron-down open\"><\/span><\/div>\n\t\t<\/div>\n\t\t\t<div role=\"region\" aria-expanded=\"true\" class=\"wp-block-ub-content-toggle-accordion-content-wrap\" id=\"ub-content-toggle-panel-4-161055bb-4b83-409c-8cdd-f51946679de0\">\n\n<p class=\"wp-block-paragraph\">Les associations, notamment l\u2019<strong>ENPA<\/strong> pr\u00e9sid\u00e9e par <strong>Carla Rocchi<\/strong>, estiment que cette taxe risque de <strong>d\u00e9courager les propri\u00e9taires responsables<\/strong> et de <strong>nuire \u00e0 la relation entre humains et animaux<\/strong>. Elles plaident plut\u00f4t pour des <strong>campagnes de sensibilisation<\/strong> et une meilleure \u00e9ducation des ma\u00eetres.<\/p>\n\n<\/div>\n\t\t<\/div>\n\n<div class=\"wp-block-ub-content-toggle-accordion\" style=\"border-color: #f1f1f1;\" id=\"ub-content-toggle-panel-block-\">\n\t\t\t<div class=\"wp-block-ub-content-toggle-accordion-title-wrap\" style=\"background-color: #f1f1f1;\" aria-controls=\"ub-content-toggle-panel-5-161055bb-4b83-409c-8cdd-f51946679de0\" tabindex=\"0\">\n\t\t\t<h3 class=\"wp-block-ub-content-toggle-accordion-title ub-content-toggle-title-161055bb-4b83-409c-8cdd-f51946679de0\" style=\"color: #000000; \">Les fonds collect\u00e9s serviront ils uniquement au nettoyage ?<\/h3>\n\t\t\t<div class=\"wp-block-ub-content-toggle-accordion-toggle-wrap right\" style=\"color: #000000;\"><span class=\"wp-block-ub-content-toggle-accordion-state-indicator wp-block-ub-chevron-down open\"><\/span><\/div>\n\t\t<\/div>\n\t\t\t<div role=\"region\" aria-expanded=\"true\" class=\"wp-block-ub-content-toggle-accordion-content-wrap\" id=\"ub-content-toggle-panel-5-161055bb-4b83-409c-8cdd-f51946679de0\">\n\n<p class=\"wp-block-paragraph\">Selon la mairie, les recettes permettront de <strong>financer la cr\u00e9ation d\u2019espaces canins<\/strong>, l\u2019installation de <strong>distributeurs de sacs \u00e0 d\u00e9jections<\/strong> et le <strong>renforcement du service de nettoyage municipal<\/strong>. Aucun autre usage n\u2019a \u00e9t\u00e9 annonc\u00e9 pour le moment.<\/p>\n\n<\/div>\n\t\t<\/div>\n\n<div class=\"wp-block-ub-content-toggle-accordion\" style=\"border-color: #f1f1f1;\" id=\"ub-content-toggle-panel-block-\">\n\t\t\t<div class=\"wp-block-ub-content-toggle-accordion-title-wrap\" style=\"background-color: #f1f1f1;\" aria-controls=\"ub-content-toggle-panel-6-161055bb-4b83-409c-8cdd-f51946679de0\" tabindex=\"0\">\n\t\t\t<h3 class=\"wp-block-ub-content-toggle-accordion-title ub-content-toggle-title-161055bb-4b83-409c-8cdd-f51946679de0\" style=\"color: #000000; \">Cette taxe pourrait-elle \u00eatre appliqu\u00e9e ailleurs en Europe ?<\/h3>\n\t\t\t<div class=\"wp-block-ub-content-toggle-accordion-toggle-wrap right\" style=\"color: #000000;\"><span class=\"wp-block-ub-content-toggle-accordion-state-indicator wp-block-ub-chevron-down open\"><\/span><\/div>\n\t\t<\/div>\n\t\t\t<div role=\"region\" aria-expanded=\"true\" class=\"wp-block-ub-content-toggle-accordion-content-wrap\" id=\"ub-content-toggle-panel-6-161055bb-4b83-409c-8cdd-f51946679de0\">\n\n<p class=\"wp-block-paragraph\">Certaines villes allemandes et autrichiennes disposent d\u00e9j\u00e0 de taxes similaires. L\u2019initiative de Bolzano pourrait donc inspirer d\u2019autres communes italiennes ou europ\u00e9ennes confront\u00e9es aux m\u00eames difficult\u00e9s de propret\u00e9 publique.<\/p>\n\n<\/div>\n\t\t<\/div>\n\n<div class=\"wp-block-ub-content-toggle-accordion\" style=\"border-color: #f1f1f1;\" id=\"ub-content-toggle-panel-block-\">\n\t\t\t<div class=\"wp-block-ub-content-toggle-accordion-title-wrap\" style=\"background-color: #f1f1f1;\" aria-controls=\"ub-content-toggle-panel-7-161055bb-4b83-409c-8cdd-f51946679de0\" tabindex=\"0\">\n\t\t\t<h3 class=\"wp-block-ub-content-toggle-accordion-title ub-content-toggle-title-161055bb-4b83-409c-8cdd-f51946679de0\" style=\"color: #000000; \">Les propri\u00e9taires de chats ou d\u2019autres animaux sont-ils concern\u00e9s ?<\/h3>\n\t\t\t<div class=\"wp-block-ub-content-toggle-accordion-toggle-wrap right\" style=\"color: #000000;\"><span class=\"wp-block-ub-content-toggle-accordion-state-indicator wp-block-ub-chevron-down open\"><\/span><\/div>\n\t\t<\/div>\n\t\t\t<div role=\"region\" aria-expanded=\"true\" class=\"wp-block-ub-content-toggle-accordion-content-wrap\" id=\"ub-content-toggle-panel-7-161055bb-4b83-409c-8cdd-f51946679de0\">\n\n<p class=\"wp-block-paragraph\">Non. La mesure s\u2019applique uniquement aux <strong>chiens<\/strong>, consid\u00e9r\u00e9s par la mairie comme les principaux responsables des salissures sur la voie publique.<\/p>\n\n<\/div>\n\t\t<\/div>\n\n<div class=\"wp-block-ub-content-toggle-accordion\" style=\"border-color: #f1f1f1;\" id=\"ub-content-toggle-panel-block-\">\n\t\t\t<div class=\"wp-block-ub-content-toggle-accordion-title-wrap\" style=\"background-color: #f1f1f1;\" aria-controls=\"ub-content-toggle-panel-8-161055bb-4b83-409c-8cdd-f51946679de0\" tabindex=\"0\">\n\t\t\t<h3 class=\"wp-block-ub-content-toggle-accordion-title ub-content-toggle-title-161055bb-4b83-409c-8cdd-f51946679de0\" style=\"color: #000000; \">Que propose Planipets M\u00e9dia face \u00e0 ce type de d\u00e9cision ?<\/h3>\n\t\t\t<div class=\"wp-block-ub-content-toggle-accordion-toggle-wrap right\" style=\"color: #000000;\"><span class=\"wp-block-ub-content-toggle-accordion-state-indicator wp-block-ub-chevron-down open\"><\/span><\/div>\n\t\t<\/div>\n\t\t\t<div role=\"region\" aria-expanded=\"true\" class=\"wp-block-ub-content-toggle-accordion-content-wrap\" id=\"ub-content-toggle-panel-8-161055bb-4b83-409c-8cdd-f51946679de0\">\n\n<p class=\"wp-block-paragraph\">Planipets encourage les villes \u00e0 <strong>privil\u00e9gier la coop\u00e9ration plut\u00f4t que la contrainte<\/strong>, \u00e0 <strong>travailler avec les \u00e9ducateurs et associations locales<\/strong> pour promouvoir une cohabitation respectueuse entre habitants, animaux et espaces publics.<\/p>\n\n<\/div>\n\t\t<\/div>\n<\/div>\n\n\n<p class=\"wp-block-paragraph\"><em><strong>Article r\u00e9dig\u00e9 par Lor\u00e9na Achemoukh pour Planipets M\u00e9dia<\/strong><\/em><\/p>\n\n\n\n<p class=\"wp-block-paragraph\"><\/p>\n\n\n\n<p class=\"wp-block-paragraph\"><\/p>\n\n\n\n<h3 class=\"wp-block-heading\">C\u2019est en partageant qu\u2019on fait bouger les lignes. Partagez \u00e7a sur vos r\u00e9seaux<a href=\"https:\/\/www.facebook.com\/sharer\/sharer.php?u=https%3A%2F%2Fplanipets.com%2Fblog%2Factualite%2Fravel-le-chien-qui-aide-la-justice-a-ecouter-a-donville-les-bains-la-science-sinvite-dans-la-parole-des-enfants%2F&amp;title=Ravel%2C%20le%20chien%20qui%20aide%20la%20justice%20%C3%A0%20%C3%A9couter%20%3A%20%C3%A0%20Donville-les-Bains%2C%20la%20science%20s%E2%80%99invite%20dans%20la%20parole%20des%20enfants\" target=\"_blank\" rel=\"noreferrer noopener\"><\/a><\/h3>\n\n\n<div class=\"wp-block-ub-social-share\" id=\"ub-social-share-95c88901-c57b-4ad7-8b5f-d74ca070f961\">\n\t\t\t<div class=\"social-share-icons align-icons-left orientation-icons-row\"><a aria-label=\"facebook-logo\" target=\"_blank\" rel=\"nofollow\" href=\"https:\/\/www.facebook.com\/sharer\/sharer.php?u=https%3A%2F%2Fplanipets.com%2Fblog%2Fmedias%2F100e-par-an-pour-aimer-son-chien-en-2026-bolzano-fait-payer-lattachement-animal%2F&amp;title=100%E2%82%AC%20par%20an%20pour%20aimer%20son%20chien%20%3A%20en%202026%2C%20Bolzano%20fait%20payer%20l%E2%80%99attachement%20animal\" class=\"ub-social-share-facebook-container\" style=\"border-color: #1877f2; background-color: transparent; box-shadow: none; \">\n\t\t\t\t<span class=\"social-share-icon ub-social-share-facebook\" style=\"width: 30px; height: 30px; \"><svg xmlns=\"http:\/\/www.w3.org\/2000\/svg\" style=\"fill:#1877f2\" fill=\"#1877f2\" width=\"20\" height=\"20\" viewbox=\"0 0 264 512\"><path d=\"M76.7 512V283H0v-91h76.7v-71.7C76.7 42.4 124.3 0 193.8 0c33.3 0 61.9 2.5 70.2 3.6V85h-48.2c-37.8 0-45.1 18-45.1 44.3V192H256l-11.7 91h-73.6v229\"><\/path><\/svg><\/span><span style=\"\">share<\/span>\n\t\t\t<\/a><a aria-label=\"twitter-logo\" target=\"_blank\" rel=\"nofollow\" href=\"http:\/\/twitter.com\/intent\/tweet?url=https%3A%2F%2Fplanipets.com%2Fblog%2Fmedias%2F100e-par-an-pour-aimer-son-chien-en-2026-bolzano-fait-payer-lattachement-animal%2F&amp;text=100%E2%82%AC%20par%20an%20pour%20aimer%20son%20chien%20%3A%20en%202026%2C%20Bolzano%20fait%20payer%20l%E2%80%99attachement%20animal\" class=\"ub-social-share-twitter-container\" style=\"border-color: #1d9bf0; background-color: transparent; box-shadow: none; \">\n\t\t\t\t<span class=\"social-share-icon ub-social-share-twitter\" style=\"width: 30px; height: 30px; \"><svg xmlns=\"http:\/\/www.w3.org\/2000\/svg\" style=\"color:#1d9BF0\" fill=\"#1d9BF0\" width=\"20\" height=\"20\" viewbox=\"0 0 24 24\"><path d=\"M18.901 1.153h3.68l-8.04 9.19L24 22.846h-7.406l-5.8-7.584l-6.638 7.584H.474l8.6-9.83L0 1.154h7.594l5.243 6.932ZM17.61 20.644h2.039L6.486 3.24H4.298Z\"><\/path><\/svg><\/span><span style=\"\">tweet<\/span>\n\t\t\t<\/a><a aria-label=\"linkedin-logo\" target=\"_blank\" rel=\"nofollow\" href=\"https:\/\/www.linkedin.com\/sharing\/share-offsite\/?url=https%3A%2F%2Fplanipets.com%2Fblog%2Fmedias%2F100e-par-an-pour-aimer-son-chien-en-2026-bolzano-fait-payer-lattachement-animal%2F\" class=\"ub-social-share-linkedin-container\" style=\"border-color: #2867b2; background-color: transparent; box-shadow: none; \">\n\t\t\t\t<span class=\"social-share-icon ub-social-share-linkedin\" style=\"width: 30px; height: 30px; \"><svg xmlns=\"http:\/\/www.w3.org\/2000\/svg\" style=\"fill:#2867b2\" fill=\"#2867b2\" width=\"20\" height=\"20\" viewbox=\"0 0 448 512\"><path d=\"M100.3 480H7.4V180.9h92.9V480zM53.8 140.1C24.1 140.1 0 115.5 0 85.8 0 56.1 24.1 32 53.8 32c29.7 0 53.8 24.1 53.8 53.8 0 29.7-24.1 54.3-53.8 54.3zM448 480h-92.7V334.4c0-34.7-.7-79.2-48.3-79.2-48.3 0-55.7 37.7-55.7 76.7V480h-92.8V180.9h89.1v40.8h1.3c12.4-23.5 42.7-48.3 87.9-48.3 94 0 111.3 61.9 111.3 142.3V480z\"><\/path><\/svg><\/span><span style=\"\">share<\/span>\n\t\t\t<\/a><a aria-label=\"pinterest-logo\" target=\"_blank\" rel=\"nofollow\" href=\"https:\/\/pinterest.com\/pin\/create\/button\/?&amp;url=https%3A%2F%2Fplanipets.com%2Fblog%2Fmedias%2F100e-par-an-pour-aimer-son-chien-en-2026-bolzano-fait-payer-lattachement-animal%2F&amp;description=100%E2%82%AC%20par%20an%20pour%20aimer%20son%20chien%20%3A%20en%202026%2C%20Bolzano%20fait%20payer%20l%E2%80%99attachement%20animal&amp;media=https:\/\/planipets.com\/blog\/wp-content\/uploads\/2025\/10\/taxe-dediee-aux-chiens-3-1024x683.jpg\" class=\"ub-social-share-pinterest-container\" style=\"border-color: #e60023; background-color: transparent; box-shadow: none; \">\n\t\t\t\t<span class=\"social-share-icon ub-social-share-pinterest\" style=\"width: 30px; height: 30px; \"><svg xmlns=\"http:\/\/www.w3.org\/2000\/svg\" style=\"fill:#e60023\" fill=\"#e60023\" width=\"20\" height=\"20\" viewbox=\"0 0 384 512\"><path d=\"M204 6.5C101.4 6.5 0 74.9 0 185.6 0 256 39.6 296 63.6 296c9.9 0 15.6-27.6 15.6-35.4 0-9.3-23.7-29.1-23.7-67.8 0-80.4 61.2-137.4 140.4-137.4 68.1 0 118.5 38.7 118.5 109.8 0 53.1-21.3 152.7-90.3 152.7-24.9 0-46.2-18-46.2-43.8 0-37.8 26.4-74.4 26.4-113.4 0-66.2-93.9-54.2-93.9 25.8 0 16.8 2.1 35.4 9.6 50.7-13.8 59.4-42 147.9-42 209.1 0 18.9 2.7 37.5 4.5 56.4 3.4 3.8 1.7 3.4 6.9 1.5 50.4-69 48.6-82.5 71.4-172.8 12.3 23.4 44.1 36 69.3 36 106.2 0 153.9-103.5 153.9-196.8C384 71.3 298.2 6.5 204 6.5z\"><\/path><\/svg><\/span><span style=\"\">pin<\/span>\n\t\t\t<\/a><a aria-label=\"reddit-logo\" target=\"_blank\" rel=\"nofollow\" href=\"http:\/\/www.reddit.com\/submit?url=https%3A%2F%2Fplanipets.com%2Fblog%2Fmedias%2F100e-par-an-pour-aimer-son-chien-en-2026-bolzano-fait-payer-lattachement-animal%2F&amp;title=100%E2%82%AC%20par%20an%20pour%20aimer%20son%20chien%20%3A%20en%202026%2C%20Bolzano%20fait%20payer%20l%E2%80%99attachement%20animal\" class=\"ub-social-share-reddit-container\" style=\"border-color: #ff4500; background-color: transparent; box-shadow: none; \">\n\t\t\t\t<span class=\"social-share-icon ub-social-share-reddit\" style=\"width: 30px; height: 30px; \"><svg xmlns=\"http:\/\/www.w3.org\/2000\/svg\" style=\"fill:#ff4500\" fill=\"#ff4500\" width=\"20\" height=\"20\" viewbox=\"0 0 512 512\"><path d=\"M440.3 203.5c-15 0-28.2 6.2-37.9 15.9-35.7-24.7-83.8-40.6-137.1-42.3L293 52.3l88.2 19.8c0 21.6 17.6 39.2 39.2 39.2 22 0 39.7-18.1 39.7-39.7s-17.6-39.7-39.7-39.7c-15.4 0-28.7 9.3-35.3 22l-97.4-21.6c-4.9-1.3-9.7 2.2-11 7.1L246.3 177c-52.9 2.2-100.5 18.1-136.3 42.8-9.7-10.1-23.4-16.3-38.4-16.3-55.6 0-73.8 74.6-22.9 100.1-1.8 7.9-2.6 16.3-2.6 24.7 0 83.8 94.4 151.7 210.3 151.7 116.4 0 210.8-67.9 210.8-151.7 0-8.4-.9-17.2-3.1-25.1 49.9-25.6 31.5-99.7-23.8-99.7zM129.4 308.9c0-22 17.6-39.7 39.7-39.7 21.6 0 39.2 17.6 39.2 39.7 0 21.6-17.6 39.2-39.2 39.2-22 .1-39.7-17.6-39.7-39.2zm214.3 93.5c-36.4 36.4-139.1 36.4-175.5 0-4-3.5-4-9.7 0-13.7 3.5-3.5 9.7-3.5 13.2 0 27.8 28.5 120 29 149 0 3.5-3.5 9.7-3.5 13.2 0 4.1 4 4.1 10.2.1 13.7zm-.8-54.2c-21.6 0-39.2-17.6-39.2-39.2 0-22 17.6-39.7 39.2-39.7 22 0 39.7 17.6 39.7 39.7-.1 21.5-17.7 39.2-39.7 39.2z\"><\/path><\/svg><\/span><span style=\"\">post<\/span>\n\t\t\t<\/a><a aria-label=\"tumblr-logo\" target=\"_blank\" rel=\"nofollow\" href=\"https:\/\/www.tumblr.com\/widgets\/share\/tool?canonicalUrl=https%3A%2F%2Fplanipets.com%2Fblog%2Fmedias%2F100e-par-an-pour-aimer-son-chien-en-2026-bolzano-fait-payer-lattachement-animal%2F&amp;title=100%E2%82%AC%20par%20an%20pour%20aimer%20son%20chien%20%3A%20en%202026%2C%20Bolzano%20fait%20payer%20l%E2%80%99attachement%20animal\" class=\"ub-social-share-tumblr-container\" style=\"border-color: #001935; background-color: transparent; box-shadow: none; \">\n\t\t\t\t<span class=\"social-share-icon ub-social-share-tumblr\" style=\"width: 30px; height: 30px; \"><svg xmlns=\"http:\/\/www.w3.org\/2000\/svg\" style=\"fill:#001935\" fill=\"#001935\" width=\"20\" height=\"20\" viewbox=\"0 0 320 512\"><path d=\"M309.8 480.3c-13.6 14.5-50 31.7-97.4 31.7-120.8 0-147-88.8-147-140.6v-144H17.9c-5.5 0-10-4.5-10-10v-68c0-7.2 4.5-13.6 11.3-16 62-21.8 81.5-76 84.3-117.1.8-11 6.5-16.3 16.1-16.3h70.9c5.5 0 10 4.5 10 10v115.2h83c5.5 0 10 4.4 10 9.9v81.7c0 5.5-4.5 10-10 10h-83.4V360c0 34.2 23.7 53.6 68 35.8 4.8-1.9 9-3.2 12.7-2.2 3.5.9 5.8 3.4 7.4 7.9l22 64.3c1.8 5 3.3 10.6-.4 14.5z\"><\/path><\/svg><\/span><span style=\"\">share<\/span>\n\t\t\t<\/a><\/div>\n\t\t<\/div>\n\n\n<h3 class=\"wp-block-heading\">Nos lecteurs n\u2019en sont pas rest\u00e9s l\u00e0. Ils ont craqu\u00e9 pour ces autres sujets<a href=\"https:\/\/planipets.com\/blog\/actualite\/ils-apaisent-nos-journees-mais-restent-exclus-pourquoi-nos-chiens-nont-toujours-pas-leur-place-au-travail\/\"><\/a><\/h3>\n\n\n<section class=\"wp-block-ub-post-grid ub-block-post-grid align  is-equal-height preserve-post-image-aspect-ratio\" style=\"\" id=\"ub-post-grid-\"><div class=\"ub-post-grid-items is-grid columns-2\" style=\"row-gap: 32px; column-gap: 32px; \"><article id=\"post-67404\" class=\"ub-post-grid-item post-67404 post type-post status-publish format-standard has-post-thumbnail category-comportement-chien category-accessoires category-adopter-chien tag-animaux tag-chien tag-education tag-fugue tag-securite\" style=\"\"><div class=\"ub-block-post-grid-image\" style=\"\"><a href=\"https:\/\/planipets.com\/blog\/chien\/comportement-chien\/retrouver-chien-fugueur-2\/\" rel=\"bookmark\" aria-hidden=\"true\" tabindex=\"-1\"><img loading=\"lazy\" decoding=\"async\" width=\"1536\" height=\"1024\" src=\"https:\/\/planipets.com\/blog\/wp-content\/uploads\/2026\/04\/Comment-retrouver-rapidement-votre-chien-fugueur-et-eviter-les-recidives-2.png\" class=\"attachment-full size-full\" alt=\"\" style=\"max-width: 600px; \" srcset=\"https:\/\/planipets.com\/blog\/wp-content\/uploads\/2026\/04\/Comment-retrouver-rapidement-votre-chien-fugueur-et-eviter-les-recidives-2.png 1536w, https:\/\/planipets.com\/blog\/wp-content\/uploads\/2026\/04\/Comment-retrouver-rapidement-votre-chien-fugueur-et-eviter-les-recidives-2-300x200.png 300w, https:\/\/planipets.com\/blog\/wp-content\/uploads\/2026\/04\/Comment-retrouver-rapidement-votre-chien-fugueur-et-eviter-les-recidives-2-1024x683.png 1024w, https:\/\/planipets.com\/blog\/wp-content\/uploads\/2026\/04\/Comment-retrouver-rapidement-votre-chien-fugueur-et-eviter-les-recidives-2-768x512.png 768w, https:\/\/planipets.com\/blog\/wp-content\/uploads\/2026\/04\/Comment-retrouver-rapidement-votre-chien-fugueur-et-eviter-les-recidives-2-150x100.png 150w, https:\/\/planipets.com\/blog\/wp-content\/uploads\/2026\/04\/Comment-retrouver-rapidement-votre-chien-fugueur-et-eviter-les-recidives-2-450x300.png 450w, https:\/\/planipets.com\/blog\/wp-content\/uploads\/2026\/04\/Comment-retrouver-rapidement-votre-chien-fugueur-et-eviter-les-recidives-2-1200x800.png 1200w\" sizes=\"(max-width: 1536px) 100vw, 1536px\" title=\"\"><\/a><\/div><div class=\"ub-block-post-grid-text\" style=\"\"><div class=\"ub-block-post-grid-header-content\"><header class=\"ub-block-post-grid-header\"><h2 class=\"ub-block-post-grid-title\"><a style=\"\" href=\"https:\/\/planipets.com\/blog\/chien\/comportement-chien\/retrouver-chien-fugueur-2\/\" rel=\"bookmark\">Comment retrouver rapidement votre chien fugueur et \u00e9viter les r\u00e9cidives<\/a><\/h2><div class=\"ub-block-post-grid-author\" itemprop=\"author\"><a class=\"ub-text-link\" style=\"\" href=\"https:\/\/planipets.com\/blog\/author\/redaction\/\" itemprop=\"url\" rel=\"author\"><span itemprop=\"name\">The Planipets editorial team<\/span><\/a><\/div><time datetime=\"2026-04-28T09:11:07+02:00\" class=\"ub-block-post-grid-date\" style=\"\" itemprop=\"datePublished\">2026-04-28<\/time><\/header><\/div><div class=\"ub-block-post-grid-excerpt\"><div class=\"ub-block-post-grid-excerpt-text\" style=\"\"><p>\u2726 L\u2019essentiel Il ne faut parfois qu\u2019un instant d\u2019inattention \u2014 une porti\u00e8re qui claque, un bruit inattendu \u2014 pour que votre chien disparaisse. Le vide s\u2019installe, l\u2019angoisse serre la gorge. Tout bascule en une fraction de seconde. En bref : N\u2019importe quel ma\u00eetre peut \u00eatre confront\u00e9 \u00e0 la fugue, peu importe le caract\u00e8re de son\u2026<\/p>\n<\/div><p><a class=\"ub-block-post-grid-more-link ub-text-link\" style=\"\" href=\"https:\/\/planipets.com\/blog\/chien\/comportement-chien\/retrouver-chien-fugueur-2\/\" rel=\"bookmark\">Continue Reading <span class=\"screen-reader-text\">Comment retrouver rapidement votre chien fugueur et \u00e9viter les r\u00e9cidives<\/span><\/a><\/p><\/div><\/div><\/article>\n<article id=\"post-67371\" class=\"ub-post-grid-item post-67371 post type-post status-publish format-standard has-post-thumbnail category-races-chiens category-bien-vivre-avec-son-chien category-ce-quon-ne-veut-pas-voir category-chien category-choisir-alimentation-chien category-comportement-chien category-origine-domestication-chien category-sante-chien\" style=\"\"><div class=\"ub-block-post-grid-image\" style=\"\"><a href=\"https:\/\/planipets.com\/blog\/chien\/races-chiens\/laffenpinscher-infographies-pour-tout-savoir-sur-son-histoire-son-temperament-son-education-son-cout-2\/\" rel=\"bookmark\" aria-hidden=\"true\" tabindex=\"-1\"><img loading=\"lazy\" decoding=\"async\" width=\"1200\" height=\"600\" src=\"https:\/\/planipets.com\/blog\/wp-content\/uploads\/2026\/04\/Image-en-avant.jpg\" class=\"attachment-full size-full\" alt=\"Airedale Terrier marchant dans un ruisseau en pleine nature, sur un chemin rural.\" style=\"max-width: 600px; \" srcset=\"https:\/\/planipets.com\/blog\/wp-content\/uploads\/2026\/04\/Image-en-avant.jpg 1200w, https:\/\/planipets.com\/blog\/wp-content\/uploads\/2026\/04\/Image-en-avant-300x150.jpg 300w, https:\/\/planipets.com\/blog\/wp-content\/uploads\/2026\/04\/Image-en-avant-1024x512.jpg 1024w, https:\/\/planipets.com\/blog\/wp-content\/uploads\/2026\/04\/Image-en-avant-768x384.jpg 768w, https:\/\/planipets.com\/blog\/wp-content\/uploads\/2026\/04\/Image-en-avant-150x75.jpg 150w, https:\/\/planipets.com\/blog\/wp-content\/uploads\/2026\/04\/Image-en-avant-450x225.jpg 450w\" sizes=\"(max-width: 1200px) 100vw, 1200px\" title=\"\"><\/a><\/div><div class=\"ub-block-post-grid-text\" style=\"\"><div class=\"ub-block-post-grid-header-content\"><header class=\"ub-block-post-grid-header\"><h2 class=\"ub-block-post-grid-title\"><a style=\"\" href=\"https:\/\/planipets.com\/blog\/chien\/races-chiens\/laffenpinscher-infographies-pour-tout-savoir-sur-son-histoire-son-temperament-son-education-son-cout-2\/\" rel=\"bookmark\">Le Airedale Terrier : infographies pour tout savoir sur son histoire, son temp\u00e9rament, son \u00e9ducation, son co\u00fbt<\/a><\/h2><div class=\"ub-block-post-grid-author\" itemprop=\"author\"><a class=\"ub-text-link\" style=\"\" href=\"https:\/\/planipets.com\/blog\/author\/redaction\/\" itemprop=\"url\" rel=\"author\"><span itemprop=\"name\">The Planipets editorial team<\/span><\/a><\/div><time datetime=\"2026-04-26T13:47:52+02:00\" class=\"ub-block-post-grid-date\" style=\"\" itemprop=\"datePublished\">2026-04-26<\/time><\/header><\/div><div class=\"ub-block-post-grid-excerpt\"><div class=\"ub-block-post-grid-excerpt-text\" style=\"\"><p>L\u2019Affenpinscher, souvent surnomm\u00e9 le \u00ab petit chien-singe \u00bb en raison de son expression faciale unique, est une race de petit chien originaire d\u2019Allemagne. Derri\u00e8re son allure amusante et sa barbe caract\u00e9ristique se cache un compagnon courageux, vif et extr\u00eamement attach\u00e9 \u00e0 ses ma\u00eetres\u2026<\/p>\n<\/div><p><a class=\"ub-block-post-grid-more-link ub-text-link\" style=\"\" href=\"https:\/\/planipets.com\/blog\/chien\/races-chiens\/laffenpinscher-infographies-pour-tout-savoir-sur-son-histoire-son-temperament-son-education-son-cout-2\/\" rel=\"bookmark\">Continue Reading <span class=\"screen-reader-text\">Le Airedale Terrier : infographies pour tout savoir sur son histoire, son temp\u00e9rament, son \u00e9ducation, son co\u00fbt<\/span><\/a><\/p><\/div><\/div><\/article>\n<article id=\"post-67381\" class=\"ub-post-grid-item post-67381 post type-post status-publish format-standard has-post-thumbnail category-chat-qui-miaule category-comportement-chat category-sante-chat tag-chat tag-comportement-felin tag-miaulement tag-sante-animale tag-solutions\" style=\"\"><div class=\"ub-block-post-grid-image\" style=\"\"><a href=\"https:\/\/planipets.com\/blog\/chat\/bien-vivre-avec-son-chat\/chat-qui-miaule\/miaulement-incessant-chat-causes-solutions\/\" rel=\"bookmark\" aria-hidden=\"true\" tabindex=\"-1\"><img loading=\"lazy\" decoding=\"async\" width=\"1536\" height=\"1024\" src=\"https:\/\/planipets.com\/blog\/wp-content\/uploads\/2026\/04\/Miaulement-incessant-chez-le-chat-causes-et-solutions-pour-apaiser-votre-felin.png\" class=\"attachment-full size-full\" alt=\"\" style=\"max-width: 600px; \" srcset=\"https:\/\/planipets.com\/blog\/wp-content\/uploads\/2026\/04\/Miaulement-incessant-chez-le-chat-causes-et-solutions-pour-apaiser-votre-felin.png 1536w, https:\/\/planipets.com\/blog\/wp-content\/uploads\/2026\/04\/Miaulement-incessant-chez-le-chat-causes-et-solutions-pour-apaiser-votre-felin-300x200.png 300w, https:\/\/planipets.com\/blog\/wp-content\/uploads\/2026\/04\/Miaulement-incessant-chez-le-chat-causes-et-solutions-pour-apaiser-votre-felin-1024x683.png 1024w, https:\/\/planipets.com\/blog\/wp-content\/uploads\/2026\/04\/Miaulement-incessant-chez-le-chat-causes-et-solutions-pour-apaiser-votre-felin-768x512.png 768w, https:\/\/planipets.com\/blog\/wp-content\/uploads\/2026\/04\/Miaulement-incessant-chez-le-chat-causes-et-solutions-pour-apaiser-votre-felin-150x100.png 150w, https:\/\/planipets.com\/blog\/wp-content\/uploads\/2026\/04\/Miaulement-incessant-chez-le-chat-causes-et-solutions-pour-apaiser-votre-felin-450x300.png 450w, https:\/\/planipets.com\/blog\/wp-content\/uploads\/2026\/04\/Miaulement-incessant-chez-le-chat-causes-et-solutions-pour-apaiser-votre-felin-1200x800.png 1200w\" sizes=\"(max-width: 1536px) 100vw, 1536px\" title=\"\"><\/a><\/div><div class=\"ub-block-post-grid-text\" style=\"\"><div class=\"ub-block-post-grid-header-content\"><header class=\"ub-block-post-grid-header\"><h2 class=\"ub-block-post-grid-title\"><a style=\"\" href=\"https:\/\/planipets.com\/blog\/chat\/bien-vivre-avec-son-chat\/chat-qui-miaule\/miaulement-incessant-chat-causes-solutions\/\" rel=\"bookmark\">Miaulement incessant chez le chat : causes et solutions pour apaiser votre f\u00e9lin<\/a><\/h2><div class=\"ub-block-post-grid-author\" itemprop=\"author\"><a class=\"ub-text-link\" style=\"\" href=\"https:\/\/planipets.com\/blog\/author\/redaction\/\" itemprop=\"url\" rel=\"author\"><span itemprop=\"name\">The Planipets editorial team<\/span><\/a><\/div><time datetime=\"2026-04-26T13:47:01+02:00\" class=\"ub-block-post-grid-date\" style=\"\" itemprop=\"datePublished\">2026-04-26<\/time><\/header><\/div><div class=\"ub-block-post-grid-excerpt\"><div class=\"ub-block-post-grid-excerpt-text\" style=\"\"><p>\u2726 L\u2019essentiel **Le miaulement incessant de votre chat peut \u00eatre d\u00e9routant et parfois m\u00eame inqui\u00e9tant. Mais comprendre les raisons derri\u00e8re ces vocalisations peut vous aider \u00e0 mieux r\u00e9pondre aux besoins de votre f\u00e9lin.** En bref : Le miaulement peut indiquer des besoins physiologiques ou des probl\u00e8mes de sant\u00e9. Les causes comportementales incluent le stress et\u2026<\/p>\n<\/div><p><a class=\"ub-block-post-grid-more-link ub-text-link\" style=\"\" href=\"https:\/\/planipets.com\/blog\/chat\/bien-vivre-avec-son-chat\/chat-qui-miaule\/miaulement-incessant-chat-causes-solutions\/\" rel=\"bookmark\">Continue Reading <span class=\"screen-reader-text\">Miaulement incessant chez le chat : causes et solutions pour apaiser votre f\u00e9lin<\/span><\/a><\/p><\/div><\/div><\/article>\n<article id=\"post-67365\" class=\"ub-post-grid-item post-67365 post type-post status-publish format-standard has-post-thumbnail category-chat-qui-miaule tag-chat tag-communication-animale tag-comportement-felin tag-emotions-felines tag-miaulements\" style=\"\"><div class=\"ub-block-post-grid-image\" style=\"\"><a href=\"https:\/\/planipets.com\/blog\/chat\/bien-vivre-avec-son-chat\/chat-qui-miaule\/miaulements-chat-decryptage-vocalisations-emotions\/\" rel=\"bookmark\" aria-hidden=\"true\" tabindex=\"-1\"><img loading=\"lazy\" decoding=\"async\" width=\"1536\" height=\"1024\" src=\"https:\/\/planipets.com\/blog\/wp-content\/uploads\/2026\/04\/Miaulements-chez-le-chat-Comprendre-les-vocalisations-et-emotions-felines.png\" class=\"attachment-full size-full\" alt=\"\" style=\"max-width: 600px; \" srcset=\"https:\/\/planipets.com\/blog\/wp-content\/uploads\/2026\/04\/Miaulements-chez-le-chat-Comprendre-les-vocalisations-et-emotions-felines.png 1536w, https:\/\/planipets.com\/blog\/wp-content\/uploads\/2026\/04\/Miaulements-chez-le-chat-Comprendre-les-vocalisations-et-emotions-felines-300x200.png 300w, https:\/\/planipets.com\/blog\/wp-content\/uploads\/2026\/04\/Miaulements-chez-le-chat-Comprendre-les-vocalisations-et-emotions-felines-1024x683.png 1024w, https:\/\/planipets.com\/blog\/wp-content\/uploads\/2026\/04\/Miaulements-chez-le-chat-Comprendre-les-vocalisations-et-emotions-felines-768x512.png 768w, https:\/\/planipets.com\/blog\/wp-content\/uploads\/2026\/04\/Miaulements-chez-le-chat-Comprendre-les-vocalisations-et-emotions-felines-150x100.png 150w, https:\/\/planipets.com\/blog\/wp-content\/uploads\/2026\/04\/Miaulements-chez-le-chat-Comprendre-les-vocalisations-et-emotions-felines-450x300.png 450w, https:\/\/planipets.com\/blog\/wp-content\/uploads\/2026\/04\/Miaulements-chez-le-chat-Comprendre-les-vocalisations-et-emotions-felines-1200x800.png 1200w\" sizes=\"(max-width: 1536px) 100vw, 1536px\" title=\"\"><\/a><\/div><div class=\"ub-block-post-grid-text\" style=\"\"><div class=\"ub-block-post-grid-header-content\"><header class=\"ub-block-post-grid-header\"><h2 class=\"ub-block-post-grid-title\"><a style=\"\" href=\"https:\/\/planipets.com\/blog\/chat\/bien-vivre-avec-son-chat\/chat-qui-miaule\/miaulements-chat-decryptage-vocalisations-emotions\/\" rel=\"bookmark\">Miaulements chez le chat : Comprendre les vocalisations et \u00e9motions f\u00e9lines<\/a><\/h2><div class=\"ub-block-post-grid-author\" itemprop=\"author\"><a class=\"ub-text-link\" style=\"\" href=\"https:\/\/planipets.com\/blog\/author\/\" itemprop=\"url\" rel=\"author\"><span itemprop=\"name\"><\/span><\/a><\/div><time datetime=\"2026-04-15T18:53:34+02:00\" class=\"ub-block-post-grid-date\" style=\"\" itemprop=\"datePublished\">2026-04-15<\/time><\/header><\/div><div class=\"ub-block-post-grid-excerpt\"><div class=\"ub-block-post-grid-excerpt-text\" style=\"\"><p># Miaulements chez le chat : d\u00e9cryptage des vocalisations et des \u00e9motions f\u00e9lines Les propri\u00e9taires de chats pensent souvent comprendre parfaitement les miaulements de leur compagnon. Pourtant, les \u00e9tudes scientifiques r\u00e9v\u00e8lent une r\u00e9alit\u00e9 bien plus complexe : chaque son \u00e9mis par votre f\u00e9lin est un message cod\u00e9, influenc\u00e9 par son \u00e9tat \u00e9motionnel, son environnement et\u2026<\/p>\n<\/div><p><a class=\"ub-block-post-grid-more-link ub-text-link\" style=\"\" href=\"https:\/\/planipets.com\/blog\/chat\/bien-vivre-avec-son-chat\/chat-qui-miaule\/miaulements-chat-decryptage-vocalisations-emotions\/\" rel=\"bookmark\">Continue Reading <span class=\"screen-reader-text\">Miaulements chez le chat : Comprendre les vocalisations et \u00e9motions f\u00e9lines<\/span><\/a><\/p><\/div><\/div><\/article>\n<article id=\"post-67315\" class=\"ub-post-grid-item post-67315 post type-post status-publish format-standard has-post-thumbnail category-races-chiens category-adopter-chien category-bien-vivre-avec-son-chien category-comportement-chien\" style=\"\"><div class=\"ub-block-post-grid-image\" style=\"\"><a href=\"https:\/\/planipets.com\/blog\/chien\/races-chiens\/laffenpinscher-infographies-pour-tout-savoir-sur-son-histoire-son-temperament-son-education-son-cout\/\" rel=\"bookmark\" aria-hidden=\"true\" tabindex=\"-1\"><img loading=\"lazy\" decoding=\"async\" width=\"1200\" height=\"600\" src=\"https:\/\/planipets.com\/blog\/wp-content\/uploads\/2026\/03\/affenpinscher-chien-noir-jouet-herbe.jpg\" class=\"attachment-full size-full\" alt=\"Affenpinscher noir allong\u00e9 dans l\u2019herbe avec un jouet orange\" style=\"max-width: 600px; \" srcset=\"https:\/\/planipets.com\/blog\/wp-content\/uploads\/2026\/03\/affenpinscher-chien-noir-jouet-herbe.jpg 1200w, https:\/\/planipets.com\/blog\/wp-content\/uploads\/2026\/03\/affenpinscher-chien-noir-jouet-herbe-300x150.jpg 300w, https:\/\/planipets.com\/blog\/wp-content\/uploads\/2026\/03\/affenpinscher-chien-noir-jouet-herbe-1024x512.jpg 1024w, https:\/\/planipets.com\/blog\/wp-content\/uploads\/2026\/03\/affenpinscher-chien-noir-jouet-herbe-768x384.jpg 768w, https:\/\/planipets.com\/blog\/wp-content\/uploads\/2026\/03\/affenpinscher-chien-noir-jouet-herbe-150x75.jpg 150w, https:\/\/planipets.com\/blog\/wp-content\/uploads\/2026\/03\/affenpinscher-chien-noir-jouet-herbe-450x225.jpg 450w\" sizes=\"(max-width: 1200px) 100vw, 1200px\" title=\"\"><\/a><\/div><div class=\"ub-block-post-grid-text\" style=\"\"><div class=\"ub-block-post-grid-header-content\"><header class=\"ub-block-post-grid-header\"><h2 class=\"ub-block-post-grid-title\"><a style=\"\" href=\"https:\/\/planipets.com\/blog\/chien\/races-chiens\/laffenpinscher-infographies-pour-tout-savoir-sur-son-histoire-son-temperament-son-education-son-cout\/\" rel=\"bookmark\">L\u2019Affenpinscher : infographies pour tout savoir sur son histoire, son temp\u00e9rament, son \u00e9ducation, son co\u00fbt<\/a><\/h2><div class=\"ub-block-post-grid-author\" itemprop=\"author\"><a class=\"ub-text-link\" style=\"\" href=\"https:\/\/planipets.com\/blog\/author\/redaction\/\" itemprop=\"url\" rel=\"author\"><span itemprop=\"name\">The Planipets editorial team<\/span><\/a><\/div><time datetime=\"2026-03-17T12:46:25+01:00\" class=\"ub-block-post-grid-date\" style=\"\" itemprop=\"datePublished\">2026-03-17<\/time><\/header><\/div><div class=\"ub-block-post-grid-excerpt\"><div class=\"ub-block-post-grid-excerpt-text\" style=\"\"><p>L\u2019Affenpinscher, souvent surnomm\u00e9 le \u00ab petit chien-singe \u00bb en raison de son expression faciale unique, est une race de petit chien originaire d\u2019Allemagne. Derri\u00e8re son allure amusante et sa barbe caract\u00e9ristique se cache un compagnon courageux, vif et extr\u00eamement attach\u00e9 \u00e0 ses ma\u00eetres\u2026<\/p>\n<\/div><p><a class=\"ub-block-post-grid-more-link ub-text-link\" style=\"\" href=\"https:\/\/planipets.com\/blog\/chien\/races-chiens\/laffenpinscher-infographies-pour-tout-savoir-sur-son-histoire-son-temperament-son-education-son-cout\/\" rel=\"bookmark\">Continue Reading <span class=\"screen-reader-text\">L\u2019Affenpinscher : infographies pour tout savoir sur son histoire, son temp\u00e9rament, son \u00e9ducation, son co\u00fbt<\/span><\/a><\/p><\/div><\/div><\/article>\n<article id=\"post-67281\" class=\"ub-post-grid-item post-67281 post type-post status-publish format-standard has-post-thumbnail category-comportement-chien category-bien-vivre-avec-son-chien category-conseils-et-vie-quotidienne\" style=\"\"><div class=\"ub-block-post-grid-image\" style=\"\"><a href=\"https:\/\/planipets.com\/blog\/chien\/comportement-chien\/preparer-son-chien-a-attendre-dehors\/\" rel=\"bookmark\" aria-hidden=\"true\" tabindex=\"-1\"><img loading=\"lazy\" decoding=\"async\" width=\"1200\" height=\"675\" src=\"https:\/\/planipets.com\/blog\/wp-content\/uploads\/2025\/12\/Image-en-avant.jpg\" class=\"attachment-full size-full\" alt=\"Illustration d&#039;un propri\u00e9taire enseignant \u00e0 son chien \u00e0 rester calme avant de partir, avec un geste de &quot;reste&quot;. Cr\u00e9dit photo : Planipets\" style=\"max-width: 600px; \" srcset=\"https:\/\/planipets.com\/blog\/wp-content\/uploads\/2025\/12\/Image-en-avant.jpg 1200w, https:\/\/planipets.com\/blog\/wp-content\/uploads\/2025\/12\/Image-en-avant-300x169.jpg 300w, https:\/\/planipets.com\/blog\/wp-content\/uploads\/2025\/12\/Image-en-avant-1024x576.jpg 1024w, https:\/\/planipets.com\/blog\/wp-content\/uploads\/2025\/12\/Image-en-avant-768x432.jpg 768w, https:\/\/planipets.com\/blog\/wp-content\/uploads\/2025\/12\/Image-en-avant-150x84.jpg 150w, https:\/\/planipets.com\/blog\/wp-content\/uploads\/2025\/12\/Image-en-avant-450x253.jpg 450w\" sizes=\"(max-width: 1200px) 100vw, 1200px\" title=\"\"><\/a><\/div><div class=\"ub-block-post-grid-text\" style=\"\"><div class=\"ub-block-post-grid-header-content\"><header class=\"ub-block-post-grid-header\"><h2 class=\"ub-block-post-grid-title\"><a style=\"\" href=\"https:\/\/planipets.com\/blog\/chien\/comportement-chien\/preparer-son-chien-a-attendre-dehors\/\" rel=\"bookmark\">Comment pr\u00e9parer son chien \u00e0 attendre dehors en toute s\u00e9r\u00e9nit\u00e9 ?<\/a><\/h2><div class=\"ub-block-post-grid-author\" itemprop=\"author\"><a class=\"ub-text-link\" style=\"\" href=\"https:\/\/planipets.com\/blog\/author\/redaction\/\" itemprop=\"url\" rel=\"author\"><span itemprop=\"name\">The Planipets editorial team<\/span><\/a><\/div><time datetime=\"2025-12-08T20:52:56+01:00\" class=\"ub-block-post-grid-date\" style=\"\" itemprop=\"datePublished\">2025-12-08<\/time><\/header><\/div><div class=\"ub-block-post-grid-excerpt\"><div class=\"ub-block-post-grid-excerpt-text\" style=\"\"><p>L\u2019attente en ext\u00e9rieur peut \u00eatre une exp\u00e9rience stressante pour certains chiens, surtout si ce moment est associ\u00e9 \u00e0 de l\u2019anxi\u00e9t\u00e9 ou de l\u2019ennui. Pr\u00e9parer son chien \u00e0 attendre dehors en toute s\u00e9r\u00e9nit\u00e9 est essentiel pour sa tranquillit\u00e9 et pour la v\u00f4tre. Cette pr\u00e9paration ne se fait pas du jour au lendemain, mais avec un peu\u2026<\/p>\n<\/div><p><a class=\"ub-block-post-grid-more-link ub-text-link\" style=\"\" href=\"https:\/\/planipets.com\/blog\/chien\/comportement-chien\/preparer-son-chien-a-attendre-dehors\/\" rel=\"bookmark\">Continue Reading <span class=\"screen-reader-text\">Comment pr\u00e9parer son chien \u00e0 attendre dehors en toute s\u00e9r\u00e9nit\u00e9 ?<\/span><\/a><\/p><\/div><\/div><\/article>\n<\/div><\/section>","protected":false},"excerpt":{"rendered":"<p>\u00c0 Bolzano, au nord de l\u2019Italie, le chien devient officiellement un sujet fiscal. D\u00e8s janvier 2026, les habitants devront s\u2019acquitter de 100\u20ac par an et par animal, tandis que les touristes accompagn\u00e9s de leur compagnon \u00e0 quatre pattes paieront 1,50\u20ac par jour, comme une taxe de s\u00e9jour\u2026 mais pour les chiens. L\u2019objectif affich\u00e9 ? Financer<\/p>\n","protected":false},"author":26,"featured_media":64581,"comment_status":"open","ping_status":"open","sticky":false,"template":"","format":"standard","meta":{"_crdt_document":"","footnotes":"","spc_primary_category":2616},"categories":[2616,47,2617,2634,2633,2629],"tags":[],"class_list":{"0":"post-64569","1":"post","2":"type-post","3":"status-publish","4":"format-standard","5":"has-post-thumbnail","7":"category-medias","8":"category-chien","9":"category-collectivites-bien-etre-animal","10":"category-questionnements-radicaux","11":"category-relations-sous-tension","12":"category-resonance-animale"},"featured_image_src":"https:\/\/planipets.com\/blog\/wp-content\/uploads\/2025\/10\/taxe-dediee-aux-chiens-3.jpg","author_info":{"display_name":"The Planipets editorial team","author_link":"https:\/\/planipets.com\/blog\/author\/redaction\/"},"brizy_media":[],"_links":{"self":[{"href":"https:\/\/planipets.com\/blog\/wp-json\/wp\/v2\/posts\/64569","targetHints":{"allow":["GET"]}}],"collection":[{"href":"https:\/\/planipets.com\/blog\/wp-json\/wp\/v2\/posts"}],"about":[{"href":"https:\/\/planipets.com\/blog\/wp-json\/wp\/v2\/types\/post"}],"author":[{"embeddable":true,"href":"https:\/\/planipets.com\/blog\/wp-json\/wp\/v2\/users\/26"}],"replies":[{"embeddable":true,"href":"https:\/\/planipets.com\/blog\/wp-json\/wp\/v2\/comments?post=64569"}],"version-history":[{"count":10,"href":"https:\/\/planipets.com\/blog\/wp-json\/wp\/v2\/posts\/64569\/revisions"}],"predecessor-version":[{"id":65774,"href":"https:\/\/planipets.com\/blog\/wp-json\/wp\/v2\/posts\/64569\/revisions\/65774"}],"wp:featuredmedia":[{"embeddable":true,"href":"https:\/\/planipets.com\/blog\/wp-json\/wp\/v2\/media\/64581"}],"wp:attachment":[{"href":"https:\/\/planipets.com\/blog\/wp-json\/wp\/v2\/media?parent=64569"}],"wp:term":[{"taxonomy":"category","embeddable":true,"href":"https:\/\/planipets.com\/blog\/wp-json\/wp\/v2\/categories?post=64569"},{"taxonomy":"post_tag","embeddable":true,"href":"https:\/\/planipets.com\/blog\/wp-json\/wp\/v2\/tags?post=64569"}],"curies":[{"name":"wp","href":"https:\/\/api.w.org\/{rel}","templated":true}]}}