{"id":64544,"date":"2025-10-08T16:27:42","date_gmt":"2025-10-08T15:27:42","guid":{"rendered":"https:\/\/planipets.com\/blog\/?p=64544"},"modified":"2025-10-25T18:27:41","modified_gmt":"2025-10-25T16:27:41","slug":"ravel-le-chien-qui-aide-la-justice-a-ecouter-a-donville-les-bains-la-science-sinvite-dans-la-parole-des-enfants","status":"publish","type":"post","link":"https:\/\/planipets.com\/blog\/actualite\/ravel-le-chien-qui-aide-la-justice-a-ecouter-a-donville-les-bains-la-science-sinvite-dans-la-parole-des-enfants\/","title":{"rendered":"Ravel, le chien qui aide la justice \u00e0 \u00e9couter : \u00e0 Donville-les-Bains, la science s\u2019invite dans la parole des enfants"},"content":{"rendered":"\n<p class=\"wp-block-paragraph\">\u00c0 Donville-les-Bains, ce samedi 11 octobre 2025, la <strong>F\u00eate de la science<\/strong> accueillera un rendez-vous aussi \u00e9mouvant qu\u2019instructif. \u00c0 11 h, la <strong>m\u00e9diath\u00e8que municipale<\/strong> recevra <strong>Camille Cagnot<\/strong>, doctorante en psychologie et \u00e9thologie \u00e0 <strong>l\u2019Universit\u00e9 de Caen Normandie<\/strong>, pour une conf\u00e9rence in\u00e9dite intitul\u00e9e <em>\u00ab <a href=\"https:\/\/planipets.com\/blog\/actualite\/comment-teams-le-premier-chien-dassistance-judiciaire-deure-et-loir-revolutionne-laccueil-des-victimes-au-tribunal\/\" data-type=\"post\" data-id=\"50006\"><strong>Chiens d\u2019assistance judiciaire <\/strong><\/a>: \u00e9motions et <a href=\"https:\/\/planipets.com\/blog\/actualite\/la-municipalite-de-sugeres-sengage-en-faveur-du-bien-etre-animal\/\" data-type=\"post\" data-id=\"3310\"><strong>bien-\u00eatre animal <\/strong><\/a>\u00bb<\/em>.<\/p>\n\n\n\n<p class=\"wp-block-paragraph\">L\u2019\u00e9v\u00e9nement est gratuit, accessible d\u00e8s 15 ans, et proposera un dialogue ouvert sur un th\u00e8me encore peu connu du grand public : le <a href=\"https:\/\/planipets.com\/blog\/actualite\/ce-chien-heros-mascotte-dun-college-breton-a-aide-des-victimes-dun-proces-pedophile-et-sapprete-a-rejoindre-un-tribunal-a-tahiti\/\" data-type=\"post\" data-id=\"54454\"><strong>r\u00f4le des chiens dans les proc\u00e9dures judiciaires<\/strong><\/a>.<\/p>\n\n\n\n<p class=\"wp-block-paragraph\">\u00c0 ses c\u00f4t\u00e9s, <strong>Ravel<\/strong>, un chien d\u2019assistance judiciaire, sera pr\u00e9sent pour illustrer concr\u00e8tement ce que la chercheuse \u00e9tudie depuis deux ans : <strong>comment un animal peut aider \u00e0 apaiser, \u00e0 \u00e9couter et \u00e0 restaurer la parole humaine<\/strong>.<\/p>\n\n\n\n<p class=\"wp-block-paragraph\">Sa pr\u00e9sence permettra de comprendre qu\u2019au-del\u00e0 de la tendresse, c\u2019est tout un travail d\u2019observation, de comportement et d\u2019\u00e9quilibre \u00e9motionnel qui se joue dans cette collaboration entre science, justice et bien-\u00eatre animal.<\/p>\n\n\n\n<p class=\"wp-block-paragraph\">L\u2019\u00e9v\u00e9nement s\u2019inscrit dans le cadre de la <strong>34e \u00e9dition de la F\u00eate de la science en Normandie<\/strong>, un rendez-vous r\u00e9gional o\u00f9 la recherche se partage directement avec les citoyens. Une mani\u00e8re pour la Manche de montrer que <strong>la bienveillance peut \u00eatre un champ d\u2019\u00e9tude \u00e0 part enti\u00e8re<\/strong>.<\/p>\n\n\n\n<p class=\"wp-block-paragraph\"><\/p>\n\n\n\n<p class=\"wp-block-paragraph\"><\/p>\n\n\n\n<p class=\"wp-block-paragraph\"><\/p>\n\n\n\n<p class=\"wp-block-paragraph\"><\/p>\n\n\n<div style=\"background-color: #d9edf7; color: #31708f; border-left-color: #31708f; \" class=\"ub-styled-box ub-notification-box wp-block-ub-styled-box\" id=\"ub-styled-box-895ffd24-9d28-4479-926e-98889e83c0a4\">\n<h2 class=\"wp-block-heading\" id=\"0-ravel-le-coll%C3%A8gue-sans-uniforme-qui-aide-%C3%A0-lib%C3%A9rer-la-parole\">Ravel, le coll\u00e8gue sans uniforme qui aide \u00e0 lib\u00e9rer la parole<\/h2>\n\n\n<\/div>\n\n<div style=\"background-color: #f7f7f7; color: #31708f; border-left-color: #31708f; \" class=\"ub-styled-box ub-notification-box wp-block-ub-styled-box\" id=\"ub-styled-box-72f9a0bb-91c8-4d2d-8b77-9f5e31ce1da8\">\n<p class=\"wp-block-paragraph\" id=\"ub-styled-box-notification-content-\">Ravel ne porte pas d\u2019uniforme, mais il fait partie d\u2019une brigade bien r\u00e9elle : celle de la confiance.<br>Ce <a href=\"https:\/\/planipets.com\/blog\/actualite\/chiens-dassistance-a-laval-30-vies-transformees-en-une-seule-journee\/\" data-type=\"post\" data-id=\"61357\"><strong>chien d\u2019assistance judiciaire<\/strong><\/a>, form\u00e9 pour accompagner les gendarmes, <strong>intervient lors d\u2019auditions d\u00e9licates impliquant des victimes, souvent mineures. Sa pr\u00e9sence vise \u00e0 <a href=\"https:\/\/planipets.com\/blog\/actualite\/un-chien-au-college-du-neubourg-un-projet-innovant-pour-reduire-le-stress-et-favoriser-la-reussite-scolaire\/\" data-type=\"post\" data-id=\"50136\">r\u00e9duire le stress<\/a> <\/strong>et \u00e0 favoriser un climat de s\u00e9curit\u00e9 \u00e9motionnelle. Il ne remplace pas les enqu\u00eateurs, il les compl\u00e8te. L\u00e0 o\u00f9 la parole h\u00e9site, il apaise ; l\u00e0 o\u00f9 les souvenirs se fragmentent, il ancre le calme.<\/p>\n\n\n\n<iframe src=\"https:\/\/www.facebook.com\/plugins\/post.php?href=https%3A%2F%2Fweb.facebook.com%2Fpermalink.php%3Fstory_fbid%3Dpfbid01PVjGPad4yU9C4q9HcBFapsqWUvicxGvnyc41EqVgWo4g4DwFuFPR9z5hUgvbbkil%26id%3D100082583568423&amp;show_text=true&amp;width=500\" width=\"500\" height=\"614\" style=\"border:none;overflow:hidden\" scrolling=\"no\" frameborder=\"0\" allowfullscreen=\"true\" allow=\"autoplay; clipboard-write; encrypted-media; picture-in-picture; web-share\"><\/iframe>\n\n\n\n<p class=\"wp-block-paragraph\">Le dispositif est encore en phase d\u2019exp\u00e9rimentation en France, mais les premiers retours de terrain sont encourageants. Les gendarmes qui travaillent avec ces chiens t\u00e9moignent souvent d\u2019une atmosph\u00e8re plus sereine, d\u2019\u00e9changes plus fluides et d\u2019une meilleure expression des \u00e9motions.<br>Pour Camille Cagnot, c\u2019est aussi un formidable outil d\u2019\u00e9tude du comportement : Ravel devient <strong>un r\u00e9v\u00e9lateur de la communication non verbale<\/strong>, celle qui traverse aussi bien les humains que les animaux.<\/p>\n\n\n\n<p class=\"wp-block-paragraph\">Son calme, sa posture et sa neutralit\u00e9 sont le r\u00e9sultat de plusieurs ann\u00e9es d\u2019\u00e9ducation sp\u00e9cialis\u00e9e, orient\u00e9e vers la gestion de l\u2019\u00e9motion et la lecture des signaux faibles. Lors de la conf\u00e9rence, les spectateurs pourront observer comment chaque geste, chaque regard compte, dans un dialogue silencieux mais essentiel entre l\u2019humain et l\u2019animal.<\/p>\n\n\n<\/div>\n\n\n<p class=\"wp-block-paragraph\"><\/p>\n\n\n\n<p class=\"wp-block-paragraph\"><\/p>\n\n\n\n<p class=\"wp-block-paragraph\"><\/p>\n\n\n<div style=\"background-color: #d9edf7; color: #31708f; border-left-color: #31708f; \" class=\"ub-styled-box ub-notification-box wp-block-ub-styled-box\" id=\"ub-styled-box-ed0d74f5-2f4b-4057-b6cf-402bbb2baf48\">\n<h2 class=\"wp-block-heading\" id=\"1-camille-cagnot-la-chercheuse-qui-fait-entrer-l%E2%80%99%C3%A9thologie-dans-la-justice\">Camille Cagnot, la chercheuse qui fait entrer l\u2019\u00e9thologie dans la justice<\/h2>\n\n\n<\/div>\n\n\n<p class=\"wp-block-paragraph\"><strong>Camille Cagnot<\/strong> fait partie de cette nouvelle g\u00e9n\u00e9ration de chercheuses qui m\u00ealent psychologie, \u00e9thologie et approche sociale du <strong><a href=\"https:\/\/planipets.com\/blog\/chien\/adopter-chien\/salon-du-bien-etre-animal-les-regles-essentielles-avant-dadopter-un-animal-de-compagnie\/\" data-type=\"post\" data-id=\"15310\">bien-\u00eatre animal<\/a>.<\/strong> Doctorante au sein du laboratoire <strong>EthoS \u2013 \u00c9thologie animale et humaine<\/strong>, elle travaille sous la direction de <strong><a href=\"https:\/\/planipets.com\/blog\/comportementaliste\/bretagne\/ille-et-vilaine\/cesson-sevigne-35510\/\">chercheurs en comportement animal<\/a><\/strong> et en psychologie de l\u2019\u00e9motion.<\/p>\n\n\n\n<p class=\"wp-block-paragraph\">Son projet, soutenu par <strong>la R\u00e9gion de gendarmerie de Normandie<\/strong>, s\u2019inscrit dans un dispositif exp\u00e9rimental qui vise \u00e0 <strong>mieux comprendre l\u2019impact \u00e9motionnel de la <a href=\"https:\/\/planipets.com\/blog\/actualite\/labrador-au-chevet-des-patients-une-presence-qui-change-le-silence\/\" data-type=\"post\" data-id=\"58960\">pr\u00e9sence animale<\/a> dans les proc\u00e9dures judiciaires.<\/strong><\/p>\n\n\n\n<p class=\"wp-block-paragraph\">Sa th\u00e8se s\u2019articule autour de trois volets compl\u00e9mentaires : l\u2019enfant auditionn\u00e9, le gendarme, et le chien lui-m\u00eame. <\/p>\n\n\n\n<p class=\"wp-block-paragraph\">Elle observe les comportements, analyse les postures et les micro-signaux qui traduisent la peur, la d\u00e9tente ou la confiance. Son objectif n\u2019est pas de prouver une \u201cmagie animale\u201d, mais de d\u00e9montrer scientifiquement que <strong>la relation interesp\u00e8ce peut influencer positivement le climat d\u2019une audition<\/strong>.<\/p>\n\n\n\n<p class=\"wp-block-paragraph\">En mesurant des param\u00e8tres physiologiques comme le rythme cardiaque ou le ton de la voix, la chercheuse \u00e9value objectivement les effets apaisants de la <a href=\"https:\/\/planipets.com\/blog\/actualite\/une-etude-prouve-que-la-presence-dun-chien-peut-reduire-la-douleur-chez-les-personnes-malades\/\" data-type=\"post\" data-id=\"3288\"><strong>pr\u00e9sence du chien<\/strong><\/a>. Lors de sa pr\u00e9sentation \u00e0 Donville-les-Bains, elle reviendra aussi sur son parcours, ses d\u00e9couvertes \u00e0 la <em>Courthouse Dogs Foundation<\/em> aux \u00c9tats-Unis, et sur les diff\u00e9rences culturelles entre les mod\u00e8les fran\u00e7ais et am\u00e9ricains.<\/p>\n\n\n\n<p class=\"wp-block-paragraph\"><\/p>\n\n\n\n<p class=\"wp-block-paragraph\"><\/p>\n\n\n\n<p class=\"wp-block-paragraph\"><\/p>\n\n\n<div style=\"background-color: #d9edf7; color: #31708f; border-left-color: #31708f; \" class=\"ub-styled-box ub-notification-box wp-block-ub-styled-box\" id=\"ub-styled-box-5fea089b-7c0f-4bd5-b01c-c1b3911662fd\">\n<h2 class=\"wp-block-heading\" id=\"2-la-justice-%C3%A0-hauteur-de-truffe-comprendre-par-la-science-ce-que-ressent-le-vivant\">La justice \u00e0 hauteur de truffe : comprendre par la science ce que ressent le vivant<\/h2>\n\n\n<\/div>\n\n\n<p class=\"wp-block-paragraph\">Le dispositif des chiens d\u2019assistance judiciaire est n\u00e9 d\u2019une id\u00e9e simple : <strong>la v\u00e9rit\u00e9 a besoin d\u2019un climat de confiance pour \u00e9merger<\/strong>. Inspir\u00e9 des pratiques d\u00e9j\u00e0 en place en Am\u00e9rique du Nord, il s\u2019adapte progressivement aux sp\u00e9cificit\u00e9s fran\u00e7aises. Camille Cagnot en analyse la mise en \u0153uvre : les postures, les regards, la fa\u00e7on dont les gendarmes s\u2019adressent \u00e0 l\u2019enfant, et surtout la mani\u00e8re dont le <a href=\"https:\/\/planipets.com\/blog\/chien\/comportement-chien\/chien-qui-aboie\/entrainer-son-chien-a-ne-pas-aboyer\/\" data-type=\"post\" data-id=\"46419\"><strong>chien ajuste son comportement.<\/strong><\/a><\/p>\n\n\n\n<p class=\"wp-block-paragraph\">Cette recherche ne vise pas \u00e0 \u201c\u00e9motionaliser\u201d la justice, mais \u00e0 la <strong>rendre plus consciente de la dimension humaine et vivante des auditions<\/strong>. Les \u00e9motions ne sont plus per\u00e7ues comme une faiblesse, mais comme des donn\u00e9es \u00e0 observer, \u00e0 comprendre et \u00e0 accompagner.<\/p>\n\n\n\n<p class=\"wp-block-paragraph\">Gr\u00e2ce \u00e0 une m\u00e9thodologie rigoureuse, la chercheuse \u00e9tudie la synchronisation \u00e9motionnelle entre le chien et les participants : un champ d\u2019\u00e9tude encore rare en Europe. Elle documente aussi la r\u00e9ception institutionnelle du dispositif, ses d\u00e9fis logistiques et les questions \u00e9thiques qu\u2019il soul\u00e8ve : comment concilier efficacit\u00e9 judiciaire et<strong><a href=\"https:\/\/planipets.com\/blog\/actualite\/limportance-croissante-du-bien-etre-des-animaux-de-compagnie-en-france\/\" data-type=\"post\" data-id=\"14255\"> respect du bien-\u00eatre animal<\/a><\/strong> ?<\/p>\n\n\n\n<p class=\"wp-block-paragraph\">Sa d\u00e9marche, \u00e0 la fois scientifique et humaine, ouvre la voie \u00e0 une justice plus apais\u00e9e, o\u00f9 <strong>le dialogue avec le vivant devient un levier de compr\u00e9hension mutuelle.<\/strong><\/p>\n\n\n\n<p class=\"wp-block-paragraph\"><\/p>\n\n\n\n<p class=\"wp-block-paragraph\"><\/p>\n\n\n\n<p class=\"wp-block-paragraph\"><\/p>\n\n\n<div style=\"background-color: #d9edf7; color: #31708f; border-left-color: #31708f; \" class=\"ub-styled-box ub-notification-box wp-block-ub-styled-box\" id=\"ub-styled-box-b198d4a2-f402-4bef-9c61-e239a624b873\">\n<h2 class=\"wp-block-heading\" id=\"3-les-chiens-d%E2%80%99assistance-judiciaire-form%C3%A9s-pour-%C3%A9couter-prot%C3%A9g%C3%A9s-pour-durer\">Les chiens d\u2019assistance judiciaire : form\u00e9s pour \u00e9couter, prot\u00e9g\u00e9s pour durer<\/h2>\n\n\n<\/div>\n\n\n<p class=\"wp-block-paragraph\">Le public de Donville-les-Bains d\u00e9couvrira \u00e9galement l\u2019envers du dispositif : <strong>la formation et le suivi de ces chiens<\/strong>. Ravel, comme ses homologues, a suivi un apprentissage rigoureux, centr\u00e9 sur la stabilit\u00e9 \u00e9motionnelle et la tol\u00e9rance au stress. Il apprend \u00e0 rester neutre face \u00e0 la d\u00e9tresse, \u00e0 adopter une posture rassurante sans se laisser submerger par les \u00e9motions humaines. Chaque d\u00e9tail compte : la respiration, la position du corps, la lenteur des mouvements.<\/p>\n\n\n<div class=\"wp-block-image\">\n<figure class=\"aligncenter size-full\"><img fetchpriority=\"high\" decoding=\"async\" width=\"600\" height=\"600\" src=\"https:\/\/planipets.com\/blog\/wp-content\/uploads\/2025\/10\/Ravel-le-chien-qui-aide-la-justice-a-ecouter-a-Donville-les-Bains-la-science-sinvite-dans-la-parole-des-enfants-2.jpg\" alt=\"Chien d\u2019assistance judiciaire noir assis calmement, symbole de s\u00e9r\u00e9nit\u00e9 et d\u2019\u00e9coute bienveillante dans la justice.\" class=\"wp-image-65800\" title=\"\" srcset=\"https:\/\/planipets.com\/blog\/wp-content\/uploads\/2025\/10\/Ravel-le-chien-qui-aide-la-justice-a-ecouter-a-Donville-les-Bains-la-science-sinvite-dans-la-parole-des-enfants-2.jpg 600w, https:\/\/planipets.com\/blog\/wp-content\/uploads\/2025\/10\/Ravel-le-chien-qui-aide-la-justice-a-ecouter-a-Donville-les-Bains-la-science-sinvite-dans-la-parole-des-enfants-2-300x300.jpg 300w, https:\/\/planipets.com\/blog\/wp-content\/uploads\/2025\/10\/Ravel-le-chien-qui-aide-la-justice-a-ecouter-a-Donville-les-Bains-la-science-sinvite-dans-la-parole-des-enfants-2-150x150.jpg 150w, https:\/\/planipets.com\/blog\/wp-content\/uploads\/2025\/10\/Ravel-le-chien-qui-aide-la-justice-a-ecouter-a-Donville-les-Bains-la-science-sinvite-dans-la-parole-des-enfants-2-450x450.jpg 450w, https:\/\/planipets.com\/blog\/wp-content\/uploads\/2025\/10\/Ravel-le-chien-qui-aide-la-justice-a-ecouter-a-Donville-les-Bains-la-science-sinvite-dans-la-parole-des-enfants-2-96x96.jpg 96w\" sizes=\"(max-width: 600px) 100vw, 600px\" \/><figcaption class=\"wp-element-caption\">Photo d\u2019illustration repr\u00e9sentant un chien d\u2019assistance judiciaire semblable \u00e0 Ravel, form\u00e9 pour apaiser et accompagner les victimes lors des auditions.<br>Cr\u00e9dit photo : Planipets M\u00e9dia \/ Image illustrative<\/figcaption><\/figure>\n<\/div>\n\n\n<p class=\"wp-block-paragraph\">Mais Camille Cagnot va plus loin : elle \u00e9tudie aussi <strong>le v\u00e9cu \u00e9motionnel des chiens eux-m\u00eames<\/strong>.<br>Car accompagner des victimes de violences, m\u00eame sans comprendre les mots, expose l\u2019animal \u00e0 une charge \u00e9motionnelle r\u00e9elle.<\/p>\n\n\n\n<p class=\"wp-block-paragraph\">L\u2019\u00e9thologue observe leurs comportements apr\u00e8s les s\u00e9ances : repos, fatigue, signes de tension. Elle analyse les indicateurs de stress pour identifier les besoins de r\u00e9cup\u00e9ration et pr\u00e9venir toute forme d\u2019usure \u00e9motionnelle.<\/p>\n\n\n\n<p class=\"wp-block-paragraph\">Cette dimension, longtemps n\u00e9glig\u00e9e, fait partie int\u00e9grante de sa recherche : <strong><a href=\"https:\/\/planipets.com\/blog\/actualite\/feux-dartifice-et-animaux-comment-proteger-vos-compagnons-durant-les-festivites-du-nouvel-an-2025\/\" data-type=\"post\" data-id=\"49604\">prot\u00e9ger les animaux <\/a>qui prot\u00e8gent les humains.<\/strong> C\u2019est une approche \u00e9thique et \u00e9quilibr\u00e9e, qui place le bien-\u00eatre animal au c\u0153ur m\u00eame de la r\u00e9flexion judiciaire.<\/p>\n\n\n\n<p class=\"wp-block-paragraph\"><\/p>\n\n\n\n<p class=\"wp-block-paragraph\"><\/p>\n\n\n\n<p class=\"wp-block-paragraph\"><\/p>\n\n\n<div style=\"background-color: #dff0d8; color: #3c763d; border-left-color: #3c763d; \" class=\"ub-styled-box ub-notification-box wp-block-ub-styled-box\" id=\"ub-styled-box-bdb39ce0-99af-4fd7-ad85-8e693fa13853\">\n<h2 class=\"wp-block-heading\" id=\"4-l%E2%80%99%C3%A9coute-du-c%C5%93ur\">L\u2019\u00e9coute du c\u0153ur<\/h2>\n\n\n\n<p class=\"wp-block-paragraph\">Dans la s\u00e9rie <em>Rex &amp; Minou<\/em>, le <a href=\"https:\/\/planipets.com\/blog\/chien\/bien-vivre-avec-son-chien\/les-relations-chien-humain-lamitie-parfaite-ou-un-lien-quasi-parental\/\" data-type=\"post\" data-id=\"59102\"><strong>lien entre humains et animaux<\/strong><\/a> prend une autre forme, mais l\u2019enseignement reste voisin. Rex, le chien, et Minou, le chat, ne participent pas \u00e0 des enqu\u00eates, mais leurs histoires parlent de <strong>ce que les animaux per\u00e7oivent et refl\u00e8tent de nos comportements humains<\/strong>.<\/p>\n\n\n\n<p class=\"wp-block-paragraph\">Leur univers, mi-r\u00e9el mi-po\u00e9tique, illustre l\u2019id\u00e9e que l\u2019animal n\u2019est pas seulement un compagnon : c\u2019est un observateur sensible du monde que nous cr\u00e9ons autour de lui.<\/p>\n\n\n\n<p class=\"wp-block-paragraph\">\u00c0 travers l\u2019humour et la tendresse, la s\u00e9rie met en lumi\u00e8re la m\u00eame \u00e9vidence que la recherche de Camille Cagnot : <strong>les animaux ressentent nos \u00e9motions et r\u00e9agissent \u00e0 notre \u00e9nergie.<\/strong><br>L\u00e0 o\u00f9 la science observe des indicateurs mesurables, Rex et Minou traduisent cette empathie en r\u00e9cits accessibles \u00e0 tous. <\/p>\n\n\n\n<p class=\"wp-block-paragraph\">Le lien est subtil, mais r\u00e9el : que ce soit dans un commissariat ou sur un banc au soleil, les animaux nous rappellent l\u2019importance d\u2019\u00e9couter avant de juger.<\/p>\n\n\n<\/div>\n\n\n<p class=\"wp-block-paragraph\"><\/p>\n\n\n\n<p class=\"wp-block-paragraph\"><\/p>\n\n\n\n<p class=\"wp-block-paragraph\"><\/p>\n\n\n<div style=\"background-color: #d9edf7; color: #31708f; border-left-color: #31708f; \" class=\"ub-styled-box ub-notification-box wp-block-ub-styled-box\" id=\"ub-styled-box-b612af0b-2162-4f92-85f3-1d49e78185f8\">\n<h2 class=\"wp-block-heading\" id=\"5-quand-la-manche-devient-un-laboratoire-de-bienveillance\">Quand la Manche devient un laboratoire de bienveillance<\/h2>\n\n\n<\/div>\n\n\n<p class=\"wp-block-paragraph\">La conf\u00e9rence du 11 octobre s\u2019inscrit dans une dynamique r\u00e9gionale forte : <strong>celle d\u2019une Normandie qui valorise la recherche appliqu\u00e9e au quotidien.<\/strong> \u00c0 Donville-les-Bains, la F\u00eate de la science se veut un moment d\u2019\u00e9changes entre chercheurs, habitants et familles.<\/p>\n\n\n\n<p class=\"wp-block-paragraph\">Ici, pas de jargon, pas de barri\u00e8re : la science se raconte, s\u2019\u00e9coute et se vit. La <strong>Mairie de Donville-les-Bains<\/strong> et l\u2019Universit\u00e9 de Caen Normandie ont souhait\u00e9 offrir un cadre accessible \u00e0 tous, o\u00f9 les citoyens peuvent questionner la recherche et comprendre son utilit\u00e9 sociale.<\/p>\n\n\n\n<p class=\"wp-block-paragraph\">Cet esprit d\u2019ouverture illustre un mouvement plus large : <strong>la r\u00e9conciliation entre la connaissance scientifique et la vie locale.<\/strong> Dans la Manche, on parle de <a href=\"https:\/\/planipets.com\/blog\/actualite\/premier-salon-dedie-au-bien-etre-animal-a-meaux-le-salon-des-animeaux\/\" data-type=\"post\" data-id=\"13708\"><strong>bien-\u00eatre animal<\/strong><\/a> autant que d\u2019\u00e9cologie, de justice ou d\u2019\u00e9ducation. Des conf\u00e9rences comme celle de Camille Cagnot permettent \u00e0 chacun de prendre conscience que les \u00e9motions, qu\u2019elles soient humaines ou animales, sont un sujet d\u2019\u00e9tude s\u00e9rieux.<\/p>\n\n\n\n<p class=\"wp-block-paragraph\">Et si ce territoire devient un \u201claboratoire de bienveillance\u201d, c\u2019est justement parce qu\u2019il choisit de <strong>placer le vivant au centre du d\u00e9bat public.<\/strong> Une approche qui fait \u00e9cho \u00e0 la philosophie m\u00eame de la F\u00eate de la science : comprendre pour mieux respecter.<\/p>\n\n\n\n<p class=\"wp-block-paragraph\"><\/p>\n\n\n\n<p class=\"wp-block-paragraph\"><\/p>\n\n\n\n<p class=\"wp-block-paragraph\"><\/p>\n\n\n<div style=\"background-color: #ffd2d2; color: #d8000c; border-left-color: #d8000c; \" class=\"ub-styled-box ub-notification-box wp-block-ub-styled-box\" id=\"ub-styled-box-5d202394-8a5e-4713-9a7d-f047854d4d91\">\n<h2 class=\"wp-block-heading\" id=\"6-et-demain-des-chiens-dans-les-commissariats-les-%C3%A9coles-les-tribunaux\">Et demain ? Des chiens dans les commissariats, les \u00e9coles, les tribunaux<\/h2>\n\n\n<\/div>\n\n\n<p class=\"wp-block-paragraph\">Le projet \u00e9tudi\u00e9 par Camille Cagnot pourrait avoir des implications durables. En Normandie, plusieurs brigades exp\u00e9rimentent d\u00e9j\u00e0 la <strong><a href=\"https:\/\/planipets.com\/blog\/actualite\/a-perpignan-ura-le-labrador-aide-les-enfants-victimes-a-parler\/\" data-type=\"post\" data-id=\"58487\">pr\u00e9sence de chiens d\u2019assistance judiciaire<\/a><\/strong>, sous le suivi scientifique du laboratoire EthoS. Les donn\u00e9es collect\u00e9es permettront d\u2019\u00e9valuer <strong>l\u2019impact r\u00e9el sur les victimes, les enqu\u00eateurs et les chiens<\/strong>, et de poser les bases d\u2019un cadre national pour ce type d\u2019intervention.<\/p>\n\n\n\n<p class=\"wp-block-paragraph\">Au-del\u00e0 de la justice, ces travaux ouvrent des perspectives dans d\u2019autres milieux : <strong>\u00e9coles, h\u00f4pitaux, maisons de retraite.<\/strong> Partout o\u00f9 le stress, la peur ou la douleur freinent la communication, la <strong><a href=\"https:\/\/planipets.com\/blog\/actualite\/a-lausanne-les-chiens-remplacent-les-calmants-la-therapie-animale-entre-a-lhopital\/\" data-type=\"post\" data-id=\"58181\">pr\u00e9sence animale<\/a> <\/strong>peut devenir un levier d\u2019apaisement.<\/p>\n\n\n<div class=\"wp-block-image\">\n<figure class=\"aligncenter size-full\"><img decoding=\"async\" width=\"600\" height=\"600\" src=\"https:\/\/planipets.com\/blog\/wp-content\/uploads\/2025\/10\/Ravel-le-chien-qui-aide-la-justice-a-ecouter-a-Donville-les-Bains-la-science-sinvite-dans-la-parole-des-enfants-1.jpg\" alt=\"Chien d\u2019assistance judiciaire noir debout, illustrant le calme et la bienveillance dans l\u2019accompagnement des victimes.\" class=\"wp-image-65799\" title=\"\" srcset=\"https:\/\/planipets.com\/blog\/wp-content\/uploads\/2025\/10\/Ravel-le-chien-qui-aide-la-justice-a-ecouter-a-Donville-les-Bains-la-science-sinvite-dans-la-parole-des-enfants-1.jpg 600w, https:\/\/planipets.com\/blog\/wp-content\/uploads\/2025\/10\/Ravel-le-chien-qui-aide-la-justice-a-ecouter-a-Donville-les-Bains-la-science-sinvite-dans-la-parole-des-enfants-1-300x300.jpg 300w, https:\/\/planipets.com\/blog\/wp-content\/uploads\/2025\/10\/Ravel-le-chien-qui-aide-la-justice-a-ecouter-a-Donville-les-Bains-la-science-sinvite-dans-la-parole-des-enfants-1-150x150.jpg 150w, https:\/\/planipets.com\/blog\/wp-content\/uploads\/2025\/10\/Ravel-le-chien-qui-aide-la-justice-a-ecouter-a-Donville-les-Bains-la-science-sinvite-dans-la-parole-des-enfants-1-450x450.jpg 450w, https:\/\/planipets.com\/blog\/wp-content\/uploads\/2025\/10\/Ravel-le-chien-qui-aide-la-justice-a-ecouter-a-Donville-les-Bains-la-science-sinvite-dans-la-parole-des-enfants-1-96x96.jpg 96w\" sizes=\"(max-width: 600px) 100vw, 600px\" \/><figcaption class=\"wp-element-caption\">Photo d\u2019illustration repr\u00e9sentant un chien d\u2019assistance judiciaire comme Ravel, symbole d\u2019\u00e9coute et de s\u00e9r\u00e9nit\u00e9 dans les proc\u00e9dures judiciaires.<br>Cr\u00e9dit photo : Planipets M\u00e9dia \/ Image illustrative<\/figcaption><\/figure>\n<\/div>\n\n\n<p class=\"wp-block-paragraph\">L\u2019enjeu n\u2019est pas seulement \u00e9motionnel, il est soci\u00e9tal : repenser la place du vivant dans nos institutions.<br>Les r\u00e9sultats de cette recherche pourraient nourrir de futures politiques publiques sur la <strong><a href=\"https:\/\/planipets.com\/blog\/actualite\/morbihan-toffee-la-chienne-de-mediation-qui-change-la-vie-des-enfants-de-lime-kergadaud\/\" data-type=\"post\" data-id=\"59424\">m\u00e9diation animale<\/a> <\/strong>et la <strong>pr\u00e9vention du stress<\/strong>.<\/p>\n\n\n\n<p class=\"wp-block-paragraph\">\u00c0 Donville-les-Bains, ce samedi, le public d\u00e9couvrira que derri\u00e8re la douceur d\u2019un chien comme Ravel, <strong>se cache une r\u00e9volution tranquille : celle d\u2019une soci\u00e9t\u00e9 qui r\u00e9apprend \u00e0 \u00e9couter.<\/strong><\/p>\n\n\n\n<p class=\"wp-block-paragraph\"><\/p>\n\n\n\n<p class=\"wp-block-paragraph\"><\/p>\n\n\n\n<p class=\"wp-block-paragraph\"><\/p>\n\n\n<div style=\"background-color: #d9edf7; color: #31708f; border-left-color: #31708f; \" class=\"ub-styled-box ub-notification-box wp-block-ub-styled-box\" id=\"ub-styled-box-1731e47b-7bee-4245-9013-b4294d74d5dd\">\n<h2 class=\"wp-block-heading\" id=\"7-faq-%E2%80%93-tout-comprendre-sur-les-chiens-d%E2%80%99assistance-judiciaire-et-la-recherche-de-donville-les-bains\">FAQ \u2013 Tout comprendre sur les chiens d\u2019assistance judiciaire et la recherche de Donville-les-Bains<\/h2>\n\n\n<\/div>\n\n<div class=\"wp-block-ub-content-toggle wp-block-ub-content-toggle-block\" id=\"ub-content-toggle-block-31e0f487-5321-41c7-8f9a-b7405de20806\" data-mobilecollapse=\"false\" data-desktopcollapse=\"false\" data-preventcollapse=\"false\" data-showonlyone=\"false\">\n<div class=\"wp-block-ub-content-toggle-accordion\" style=\"border-color: #f1f1f1;\" id=\"ub-content-toggle-panel-block-\">\n\t\t\t<div class=\"wp-block-ub-content-toggle-accordion-title-wrap\" style=\"background-color: #f1f1f1;\" aria-controls=\"ub-content-toggle-panel-0-31e0f487-5321-41c7-8f9a-b7405de20806\" tabindex=\"0\">\n\t\t\t<h3 class=\"wp-block-ub-content-toggle-accordion-title ub-content-toggle-title-31e0f487-5321-41c7-8f9a-b7405de20806\" style=\"color: #000000; \">Qu\u2019est-ce qu\u2019un chien d\u2019assistance judiciaire, exactement ?<\/h3>\n\t\t\t<div class=\"wp-block-ub-content-toggle-accordion-toggle-wrap right\" style=\"color: #000000;\"><span class=\"wp-block-ub-content-toggle-accordion-state-indicator wp-block-ub-chevron-down open\"><\/span><\/div>\n\t\t<\/div>\n\t\t\t<div role=\"region\" aria-expanded=\"true\" class=\"wp-block-ub-content-toggle-accordion-content-wrap\" id=\"ub-content-toggle-panel-0-31e0f487-5321-41c7-8f9a-b7405de20806\">\n\n<p class=\"wp-block-paragraph\">Un <strong><a href=\"https:\/\/planipets.com\/blog\/actualite\/chiot-abandonne-a-vaulx-en-velin-son-hurlement-conduit-la-police-a-une-saisie-de-drogue-massive-et-deux-armes-dans-un-appartement-pres-de-lyon\/\" data-type=\"post\" data-id=\"55646\">chien d\u2019assistance judiciaire<\/a><\/strong> est un animal sp\u00e9cialement form\u00e9 pour accompagner les victimes, les t\u00e9moins ou les enfants durant les proc\u00e9dures polici\u00e8res ou judiciaires.<\/p>\n\n\n\n<p class=\"wp-block-paragraph\">Il ne remplace ni le psychologue ni le gendarme : il agit comme <strong>un m\u00e9diateur \u00e9motionnel<\/strong>. Sa pr\u00e9sence permet d\u2019apaiser le stress, de r\u00e9tablir la confiance et d\u2019aider la personne \u00e0 s\u2019exprimer plus librement.<\/p>\n\n<\/div>\n\t\t<\/div>\n\n<div class=\"wp-block-ub-content-toggle-accordion\" style=\"border-color: #f1f1f1;\" id=\"ub-content-toggle-panel-block-\">\n\t\t\t<div class=\"wp-block-ub-content-toggle-accordion-title-wrap\" style=\"background-color: #f1f1f1;\" aria-controls=\"ub-content-toggle-panel-1-31e0f487-5321-41c7-8f9a-b7405de20806\" tabindex=\"0\">\n\t\t\t<h3 class=\"wp-block-ub-content-toggle-accordion-title ub-content-toggle-title-31e0f487-5321-41c7-8f9a-b7405de20806\" style=\"color: #000000; \">Qui est Camille Cagnot, la chercheuse \u00e0 l\u2019origine du projet pr\u00e9sent\u00e9 \u00e0 Donville-les-Bains ?<\/h3>\n\t\t\t<div class=\"wp-block-ub-content-toggle-accordion-toggle-wrap right\" style=\"color: #000000;\"><span class=\"wp-block-ub-content-toggle-accordion-state-indicator wp-block-ub-chevron-down open\"><\/span><\/div>\n\t\t<\/div>\n\t\t\t<div role=\"region\" aria-expanded=\"true\" class=\"wp-block-ub-content-toggle-accordion-content-wrap\" id=\"ub-content-toggle-panel-1-31e0f487-5321-41c7-8f9a-b7405de20806\">\n\n<p class=\"wp-block-paragraph\">Camille Cagnot est doctorante au laboratoire <strong>EthoS (\u00c9thologie animale et humaine)<\/strong>, une unit\u00e9 de recherche rattach\u00e9e au CNRS et \u00e0 l\u2019Universit\u00e9 de Rennes.<\/p>\n\n\n\n<p class=\"wp-block-paragraph\">Elle consacre sa th\u00e8se \u00e0 l\u2019\u00e9tude des \u00e9motions partag\u00e9es entre humains et chiens, notamment dans les contextes sensibles comme les enqu\u00eates judiciaires.<\/p>\n\n\n\n<p class=\"wp-block-paragraph\">Son travail vise \u00e0 <strong>scientifiquement comprendre comment la relation interesp\u00e8ce peut favoriser la reconstruction \u00e9motionnelle<\/strong>.<\/p>\n\n<\/div>\n\t\t<\/div>\n\n<div class=\"wp-block-ub-content-toggle-accordion\" style=\"border-color: #f1f1f1;\" id=\"ub-content-toggle-panel-block-\">\n\t\t\t<div class=\"wp-block-ub-content-toggle-accordion-title-wrap\" style=\"background-color: #f1f1f1;\" aria-controls=\"ub-content-toggle-panel-2-31e0f487-5321-41c7-8f9a-b7405de20806\" tabindex=\"0\">\n\t\t\t<h3 class=\"wp-block-ub-content-toggle-accordion-title ub-content-toggle-title-31e0f487-5321-41c7-8f9a-b7405de20806\" style=\"color: #000000; \">Comment les chiens comme Ravel sont-ils form\u00e9s ?<\/h3>\n\t\t\t<div class=\"wp-block-ub-content-toggle-accordion-toggle-wrap right\" style=\"color: #000000;\"><span class=\"wp-block-ub-content-toggle-accordion-state-indicator wp-block-ub-chevron-down open\"><\/span><\/div>\n\t\t<\/div>\n\t\t\t<div role=\"region\" aria-expanded=\"true\" class=\"wp-block-ub-content-toggle-accordion-content-wrap\" id=\"ub-content-toggle-panel-2-31e0f487-5321-41c7-8f9a-b7405de20806\">\n\n<p class=\"wp-block-paragraph\">Ces chiens suivent plusieurs ann\u00e9es d\u2019apprentissage, souvent dans des centres partenaires des forces de l\u2019ordre. Ils apprennent \u00e0 <strong>rester calmes face \u00e0 la peur, aux cris, aux larmes<\/strong>, \u00e0 adopter des postures apaisantes et \u00e0 ignorer les distractions. Chaque animal est s\u00e9lectionn\u00e9 selon son temp\u00e9rament \u2014 ni trop nerveux, ni trop passif \u2014 et b\u00e9n\u00e9ficie d\u2019un suivi v\u00e9t\u00e9rinaire et comportemental constant.<\/p>\n\n<\/div>\n\t\t<\/div>\n\n<div class=\"wp-block-ub-content-toggle-accordion\" style=\"border-color: #f1f1f1;\" id=\"ub-content-toggle-panel-block-\">\n\t\t\t<div class=\"wp-block-ub-content-toggle-accordion-title-wrap\" style=\"background-color: #f1f1f1;\" aria-controls=\"ub-content-toggle-panel-3-31e0f487-5321-41c7-8f9a-b7405de20806\" tabindex=\"0\">\n\t\t\t<h3 class=\"wp-block-ub-content-toggle-accordion-title ub-content-toggle-title-31e0f487-5321-41c7-8f9a-b7405de20806\" style=\"color: #000000; \">Pourquoi ces chiens ne sont-ils pas encore pr\u00e9sents partout en France ?<\/h3>\n\t\t\t<div class=\"wp-block-ub-content-toggle-accordion-toggle-wrap right\" style=\"color: #000000;\"><span class=\"wp-block-ub-content-toggle-accordion-state-indicator wp-block-ub-chevron-down open\"><\/span><\/div>\n\t\t<\/div>\n\t\t\t<div role=\"region\" aria-expanded=\"true\" class=\"wp-block-ub-content-toggle-accordion-content-wrap\" id=\"ub-content-toggle-panel-3-31e0f487-5321-41c7-8f9a-b7405de20806\">\n\n<p class=\"wp-block-paragraph\">Parce que le dispositif reste exp\u00e9rimental. Il n\u00e9cessite un encadrement strict, une formation sp\u00e9cifique pour les gendarmes et un accompagnement scientifique. Certaines juridictions craignent encore \u201cl\u2019\u00e9motionnel\u201d dans un cadre de justice. Mais les r\u00e9sultats sont encourageants, et plusieurs d\u00e9partements envisagent d\u00e9j\u00e0 d\u2019\u00e9largir le programme d\u00e8s 2026.<\/p>\n\n<\/div>\n\t\t<\/div>\n\n<div class=\"wp-block-ub-content-toggle-accordion\" style=\"border-color: #f1f1f1;\" id=\"ub-content-toggle-panel-block-\">\n\t\t\t<div class=\"wp-block-ub-content-toggle-accordion-title-wrap\" style=\"background-color: #f1f1f1;\" aria-controls=\"ub-content-toggle-panel-4-31e0f487-5321-41c7-8f9a-b7405de20806\" tabindex=\"0\">\n\t\t\t<h3 class=\"wp-block-ub-content-toggle-accordion-title ub-content-toggle-title-31e0f487-5321-41c7-8f9a-b7405de20806\" style=\"color: #000000; \">Quel lien avec la s\u00e9rie <em>Rex &amp; Minou<\/em> sur ?<\/h3>\n\t\t\t<div class=\"wp-block-ub-content-toggle-accordion-toggle-wrap right\" style=\"color: #000000;\"><span class=\"wp-block-ub-content-toggle-accordion-state-indicator wp-block-ub-chevron-down open\"><\/span><\/div>\n\t\t<\/div>\n\t\t\t<div role=\"region\" aria-expanded=\"true\" class=\"wp-block-ub-content-toggle-accordion-content-wrap\" id=\"ub-content-toggle-panel-4-31e0f487-5321-41c7-8f9a-b7405de20806\">\n\n<p class=\"wp-block-paragraph\"><em>Rex &amp; Minou<\/em> ne parle pas de justice, mais du lien \u00e9motionnel entre humains et animaux au quotidien. Leur regard dr\u00f4le et tendre sur la vie animale compl\u00e8te parfaitement le message port\u00e9 par des chiens comme Ravel : <strong>les animaux ne sont pas l\u00e0 pour nous servir, mais pour nous rappeler comment ressentir.<\/strong> Dans les deux cas, il s\u2019agit de r\u00e9apprendre l\u2019\u00e9coute \u2014 celle du c\u0153ur, de la patience et du respect du vivant.<\/p>\n\n<\/div>\n\t\t<\/div>\n<\/div>\n\n\n<p class=\"wp-block-paragraph\"><em><strong>Article r\u00e9dig\u00e9 par Lor\u00e9na Achemoukh pour Planipets M\u00e9dia<\/strong><\/em><\/p>\n\n\n\n<p class=\"wp-block-paragraph\"><\/p>\n\n\n\n<h3 class=\"wp-block-heading\">C\u2019est en partageant qu\u2019on fait bouger les lignes. Partagez \u00e7a sur vos r\u00e9seaux<\/h3>\n\n\n<div class=\"wp-block-ub-social-share\" id=\"ub-social-share-d75dfd37-b20c-4900-9292-7dfb04f8bb03\">\n\t\t\t<div class=\"social-share-icons align-icons-left orientation-icons-row\"><a aria-label=\"facebook-logo\" target=\"_blank\" rel=\"nofollow\" href=\"https:\/\/www.facebook.com\/sharer\/sharer.php?u=https%3A%2F%2Fplanipets.com%2Fblog%2Factualite%2Fravel-le-chien-qui-aide-la-justice-a-ecouter-a-donville-les-bains-la-science-sinvite-dans-la-parole-des-enfants%2F&amp;title=Ravel%2C%20le%20chien%20qui%20aide%20la%20justice%20%C3%A0%20%C3%A9couter%20%3A%20%C3%A0%20Donville-les-Bains%2C%20la%20science%20s%E2%80%99invite%20dans%20la%20parole%20des%20enfants\" class=\"ub-social-share-facebook-container\" style=\"border-color: #1877f2; background-color: transparent; box-shadow: none; \">\n\t\t\t\t<span class=\"social-share-icon ub-social-share-facebook\" style=\"width: 30px; height: 30px; \"><svg xmlns=\"http:\/\/www.w3.org\/2000\/svg\" style=\"fill:#1877f2\" fill=\"#1877f2\" width=\"20\" height=\"20\" viewbox=\"0 0 264 512\"><path d=\"M76.7 512V283H0v-91h76.7v-71.7C76.7 42.4 124.3 0 193.8 0c33.3 0 61.9 2.5 70.2 3.6V85h-48.2c-37.8 0-45.1 18-45.1 44.3V192H256l-11.7 91h-73.6v229\"><\/path><\/svg><\/span><span style=\"\">share<\/span>\n\t\t\t<\/a><a aria-label=\"twitter-logo\" target=\"_blank\" rel=\"nofollow\" href=\"http:\/\/twitter.com\/intent\/tweet?url=https%3A%2F%2Fplanipets.com%2Fblog%2Factualite%2Fravel-le-chien-qui-aide-la-justice-a-ecouter-a-donville-les-bains-la-science-sinvite-dans-la-parole-des-enfants%2F&amp;text=Ravel%2C%20le%20chien%20qui%20aide%20la%20justice%20%C3%A0%20%C3%A9couter%20%3A%20%C3%A0%20Donville-les-Bains%2C%20la%20science%20s%E2%80%99invite%20dans%20la%20parole%20des%20enfants\" class=\"ub-social-share-twitter-container\" style=\"border-color: #1d9bf0; background-color: transparent; box-shadow: none; \">\n\t\t\t\t<span class=\"social-share-icon ub-social-share-twitter\" style=\"width: 30px; height: 30px; \"><svg xmlns=\"http:\/\/www.w3.org\/2000\/svg\" style=\"color:#1d9BF0\" fill=\"#1d9BF0\" width=\"20\" height=\"20\" viewbox=\"0 0 24 24\"><path d=\"M18.901 1.153h3.68l-8.04 9.19L24 22.846h-7.406l-5.8-7.584l-6.638 7.584H.474l8.6-9.83L0 1.154h7.594l5.243 6.932ZM17.61 20.644h2.039L6.486 3.24H4.298Z\"><\/path><\/svg><\/span><span style=\"\">tweet<\/span>\n\t\t\t<\/a><a aria-label=\"linkedin-logo\" target=\"_blank\" rel=\"nofollow\" href=\"https:\/\/www.linkedin.com\/sharing\/share-offsite\/?url=https%3A%2F%2Fplanipets.com%2Fblog%2Factualite%2Fravel-le-chien-qui-aide-la-justice-a-ecouter-a-donville-les-bains-la-science-sinvite-dans-la-parole-des-enfants%2F\" class=\"ub-social-share-linkedin-container\" style=\"border-color: #2867b2; background-color: transparent; box-shadow: none; \">\n\t\t\t\t<span class=\"social-share-icon ub-social-share-linkedin\" style=\"width: 30px; height: 30px; \"><svg xmlns=\"http:\/\/www.w3.org\/2000\/svg\" style=\"fill:#2867b2\" fill=\"#2867b2\" width=\"20\" height=\"20\" viewbox=\"0 0 448 512\"><path d=\"M100.3 480H7.4V180.9h92.9V480zM53.8 140.1C24.1 140.1 0 115.5 0 85.8 0 56.1 24.1 32 53.8 32c29.7 0 53.8 24.1 53.8 53.8 0 29.7-24.1 54.3-53.8 54.3zM448 480h-92.7V334.4c0-34.7-.7-79.2-48.3-79.2-48.3 0-55.7 37.7-55.7 76.7V480h-92.8V180.9h89.1v40.8h1.3c12.4-23.5 42.7-48.3 87.9-48.3 94 0 111.3 61.9 111.3 142.3V480z\"><\/path><\/svg><\/span><span style=\"\">share<\/span>\n\t\t\t<\/a><a aria-label=\"pinterest-logo\" target=\"_blank\" rel=\"nofollow\" href=\"https:\/\/pinterest.com\/pin\/create\/button\/?&amp;url=https%3A%2F%2Fplanipets.com%2Fblog%2Factualite%2Fravel-le-chien-qui-aide-la-justice-a-ecouter-a-donville-les-bains-la-science-sinvite-dans-la-parole-des-enfants%2F&amp;description=Ravel%2C%20le%20chien%20qui%20aide%20la%20justice%20%C3%A0%20%C3%A9couter%20%3A%20%C3%A0%20Donville-les-Bains%2C%20la%20science%20s%E2%80%99invite%20dans%20la%20parole%20des%20enfants&amp;media=https:\/\/planipets.com\/blog\/wp-content\/uploads\/2025\/10\/Ravel-le-chien-qui-aide-la-justice-a-ecouter-a-Donville-les-Bains-la-science-sinvite-dans-la-parole-des-enfants-1024x576.jpg\" class=\"ub-social-share-pinterest-container\" style=\"border-color: #e60023; background-color: transparent; box-shadow: none; \">\n\t\t\t\t<span class=\"social-share-icon ub-social-share-pinterest\" style=\"width: 30px; height: 30px; \"><svg xmlns=\"http:\/\/www.w3.org\/2000\/svg\" style=\"fill:#e60023\" fill=\"#e60023\" width=\"20\" height=\"20\" viewbox=\"0 0 384 512\"><path d=\"M204 6.5C101.4 6.5 0 74.9 0 185.6 0 256 39.6 296 63.6 296c9.9 0 15.6-27.6 15.6-35.4 0-9.3-23.7-29.1-23.7-67.8 0-80.4 61.2-137.4 140.4-137.4 68.1 0 118.5 38.7 118.5 109.8 0 53.1-21.3 152.7-90.3 152.7-24.9 0-46.2-18-46.2-43.8 0-37.8 26.4-74.4 26.4-113.4 0-66.2-93.9-54.2-93.9 25.8 0 16.8 2.1 35.4 9.6 50.7-13.8 59.4-42 147.9-42 209.1 0 18.9 2.7 37.5 4.5 56.4 3.4 3.8 1.7 3.4 6.9 1.5 50.4-69 48.6-82.5 71.4-172.8 12.3 23.4 44.1 36 69.3 36 106.2 0 153.9-103.5 153.9-196.8C384 71.3 298.2 6.5 204 6.5z\"><\/path><\/svg><\/span><span style=\"\">pin<\/span>\n\t\t\t<\/a><a aria-label=\"reddit-logo\" target=\"_blank\" rel=\"nofollow\" href=\"http:\/\/www.reddit.com\/submit?url=https%3A%2F%2Fplanipets.com%2Fblog%2Factualite%2Fravel-le-chien-qui-aide-la-justice-a-ecouter-a-donville-les-bains-la-science-sinvite-dans-la-parole-des-enfants%2F&amp;title=Ravel%2C%20le%20chien%20qui%20aide%20la%20justice%20%C3%A0%20%C3%A9couter%20%3A%20%C3%A0%20Donville-les-Bains%2C%20la%20science%20s%E2%80%99invite%20dans%20la%20parole%20des%20enfants\" class=\"ub-social-share-reddit-container\" style=\"border-color: #ff4500; background-color: transparent; box-shadow: none; \">\n\t\t\t\t<span class=\"social-share-icon ub-social-share-reddit\" style=\"width: 30px; height: 30px; \"><svg xmlns=\"http:\/\/www.w3.org\/2000\/svg\" style=\"fill:#ff4500\" fill=\"#ff4500\" width=\"20\" height=\"20\" viewbox=\"0 0 512 512\"><path d=\"M440.3 203.5c-15 0-28.2 6.2-37.9 15.9-35.7-24.7-83.8-40.6-137.1-42.3L293 52.3l88.2 19.8c0 21.6 17.6 39.2 39.2 39.2 22 0 39.7-18.1 39.7-39.7s-17.6-39.7-39.7-39.7c-15.4 0-28.7 9.3-35.3 22l-97.4-21.6c-4.9-1.3-9.7 2.2-11 7.1L246.3 177c-52.9 2.2-100.5 18.1-136.3 42.8-9.7-10.1-23.4-16.3-38.4-16.3-55.6 0-73.8 74.6-22.9 100.1-1.8 7.9-2.6 16.3-2.6 24.7 0 83.8 94.4 151.7 210.3 151.7 116.4 0 210.8-67.9 210.8-151.7 0-8.4-.9-17.2-3.1-25.1 49.9-25.6 31.5-99.7-23.8-99.7zM129.4 308.9c0-22 17.6-39.7 39.7-39.7 21.6 0 39.2 17.6 39.2 39.7 0 21.6-17.6 39.2-39.2 39.2-22 .1-39.7-17.6-39.7-39.2zm214.3 93.5c-36.4 36.4-139.1 36.4-175.5 0-4-3.5-4-9.7 0-13.7 3.5-3.5 9.7-3.5 13.2 0 27.8 28.5 120 29 149 0 3.5-3.5 9.7-3.5 13.2 0 4.1 4 4.1 10.2.1 13.7zm-.8-54.2c-21.6 0-39.2-17.6-39.2-39.2 0-22 17.6-39.7 39.2-39.7 22 0 39.7 17.6 39.7 39.7-.1 21.5-17.7 39.2-39.7 39.2z\"><\/path><\/svg><\/span><span style=\"\">post<\/span>\n\t\t\t<\/a><a aria-label=\"tumblr-logo\" target=\"_blank\" rel=\"nofollow\" href=\"https:\/\/www.tumblr.com\/widgets\/share\/tool?canonicalUrl=https%3A%2F%2Fplanipets.com%2Fblog%2Factualite%2Fravel-le-chien-qui-aide-la-justice-a-ecouter-a-donville-les-bains-la-science-sinvite-dans-la-parole-des-enfants%2F&amp;title=Ravel%2C%20le%20chien%20qui%20aide%20la%20justice%20%C3%A0%20%C3%A9couter%20%3A%20%C3%A0%20Donville-les-Bains%2C%20la%20science%20s%E2%80%99invite%20dans%20la%20parole%20des%20enfants\" class=\"ub-social-share-tumblr-container\" style=\"border-color: #001935; background-color: transparent; box-shadow: none; \">\n\t\t\t\t<span class=\"social-share-icon ub-social-share-tumblr\" style=\"width: 30px; height: 30px; \"><svg xmlns=\"http:\/\/www.w3.org\/2000\/svg\" style=\"fill:#001935\" fill=\"#001935\" width=\"20\" height=\"20\" viewbox=\"0 0 320 512\"><path d=\"M309.8 480.3c-13.6 14.5-50 31.7-97.4 31.7-120.8 0-147-88.8-147-140.6v-144H17.9c-5.5 0-10-4.5-10-10v-68c0-7.2 4.5-13.6 11.3-16 62-21.8 81.5-76 84.3-117.1.8-11 6.5-16.3 16.1-16.3h70.9c5.5 0 10 4.5 10 10v115.2h83c5.5 0 10 4.4 10 9.9v81.7c0 5.5-4.5 10-10 10h-83.4V360c0 34.2 23.7 53.6 68 35.8 4.8-1.9 9-3.2 12.7-2.2 3.5.9 5.8 3.4 7.4 7.9l22 64.3c1.8 5 3.3 10.6-.4 14.5z\"><\/path><\/svg><\/span><span style=\"\">share<\/span>\n\t\t\t<\/a><\/div>\n\t\t<\/div>\n\n\n<h3 class=\"wp-block-heading\">Nos lecteurs n\u2019en sont pas rest\u00e9s l\u00e0. Ils ont craqu\u00e9 pour ces autres sujets<\/h3>\n\n\n<section class=\"wp-block-ub-post-grid ub-block-post-grid align  is-equal-height preserve-post-image-aspect-ratio\" style=\"\" id=\"ub-post-grid-\"><div class=\"ub-post-grid-items is-grid columns-2\" style=\"row-gap: 32px; column-gap: 32px; \"><article id=\"post-67404\" class=\"ub-post-grid-item post-67404 post type-post status-publish format-standard has-post-thumbnail category-comportement-chien category-accessoires category-adopter-chien tag-animaux tag-chien tag-education tag-fugue tag-securite\" style=\"\"><div class=\"ub-block-post-grid-image\" style=\"\"><a href=\"https:\/\/planipets.com\/blog\/chien\/comportement-chien\/retrouver-chien-fugueur-2\/\" rel=\"bookmark\" aria-hidden=\"true\" tabindex=\"-1\"><img decoding=\"async\" width=\"1536\" height=\"1024\" src=\"https:\/\/planipets.com\/blog\/wp-content\/uploads\/2026\/04\/Comment-retrouver-rapidement-votre-chien-fugueur-et-eviter-les-recidives-2.png\" class=\"attachment-full size-full\" alt=\"\" style=\"max-width: 600px; \" srcset=\"https:\/\/planipets.com\/blog\/wp-content\/uploads\/2026\/04\/Comment-retrouver-rapidement-votre-chien-fugueur-et-eviter-les-recidives-2.png 1536w, https:\/\/planipets.com\/blog\/wp-content\/uploads\/2026\/04\/Comment-retrouver-rapidement-votre-chien-fugueur-et-eviter-les-recidives-2-300x200.png 300w, https:\/\/planipets.com\/blog\/wp-content\/uploads\/2026\/04\/Comment-retrouver-rapidement-votre-chien-fugueur-et-eviter-les-recidives-2-1024x683.png 1024w, https:\/\/planipets.com\/blog\/wp-content\/uploads\/2026\/04\/Comment-retrouver-rapidement-votre-chien-fugueur-et-eviter-les-recidives-2-768x512.png 768w, https:\/\/planipets.com\/blog\/wp-content\/uploads\/2026\/04\/Comment-retrouver-rapidement-votre-chien-fugueur-et-eviter-les-recidives-2-150x100.png 150w, https:\/\/planipets.com\/blog\/wp-content\/uploads\/2026\/04\/Comment-retrouver-rapidement-votre-chien-fugueur-et-eviter-les-recidives-2-450x300.png 450w, https:\/\/planipets.com\/blog\/wp-content\/uploads\/2026\/04\/Comment-retrouver-rapidement-votre-chien-fugueur-et-eviter-les-recidives-2-1200x800.png 1200w\" sizes=\"(max-width: 1536px) 100vw, 1536px\" title=\"\"><\/a><\/div><div class=\"ub-block-post-grid-text\" style=\"\"><div class=\"ub-block-post-grid-header-content\"><header class=\"ub-block-post-grid-header\"><h2 class=\"ub-block-post-grid-title\"><a style=\"\" href=\"https:\/\/planipets.com\/blog\/chien\/comportement-chien\/retrouver-chien-fugueur-2\/\" rel=\"bookmark\">Comment retrouver rapidement votre chien fugueur et \u00e9viter les r\u00e9cidives<\/a><\/h2><div class=\"ub-block-post-grid-author\" itemprop=\"author\"><a class=\"ub-text-link\" style=\"\" href=\"https:\/\/planipets.com\/blog\/author\/redaction\/\" itemprop=\"url\" rel=\"author\"><span itemprop=\"name\">The Planipets editorial team<\/span><\/a><\/div><time datetime=\"2026-04-28T09:11:07+02:00\" class=\"ub-block-post-grid-date\" style=\"\" itemprop=\"datePublished\">2026-04-28<\/time><\/header><\/div><div class=\"ub-block-post-grid-excerpt\"><div class=\"ub-block-post-grid-excerpt-text\" style=\"\"><p>\u2726 L\u2019essentiel Il ne faut parfois qu\u2019un instant d\u2019inattention \u2014 une porti\u00e8re qui claque, un bruit inattendu \u2014 pour que votre chien disparaisse. Le vide s\u2019installe, l\u2019angoisse serre la gorge. Tout bascule en une fraction de seconde. En bref : N\u2019importe quel ma\u00eetre peut \u00eatre confront\u00e9 \u00e0 la fugue, peu importe le caract\u00e8re de son\u2026<\/p>\n<\/div><p><a class=\"ub-block-post-grid-more-link ub-text-link\" style=\"\" href=\"https:\/\/planipets.com\/blog\/chien\/comportement-chien\/retrouver-chien-fugueur-2\/\" rel=\"bookmark\">Continue Reading <span class=\"screen-reader-text\">Comment retrouver rapidement votre chien fugueur et \u00e9viter les r\u00e9cidives<\/span><\/a><\/p><\/div><\/div><\/article>\n<article id=\"post-67371\" class=\"ub-post-grid-item post-67371 post type-post status-publish format-standard has-post-thumbnail category-races-chiens category-bien-vivre-avec-son-chien category-ce-quon-ne-veut-pas-voir category-chien category-choisir-alimentation-chien category-comportement-chien category-origine-domestication-chien category-sante-chien\" style=\"\"><div class=\"ub-block-post-grid-image\" style=\"\"><a href=\"https:\/\/planipets.com\/blog\/chien\/races-chiens\/laffenpinscher-infographies-pour-tout-savoir-sur-son-histoire-son-temperament-son-education-son-cout-2\/\" rel=\"bookmark\" aria-hidden=\"true\" tabindex=\"-1\"><img loading=\"lazy\" decoding=\"async\" width=\"1200\" height=\"600\" src=\"https:\/\/planipets.com\/blog\/wp-content\/uploads\/2026\/04\/Image-en-avant.jpg\" class=\"attachment-full size-full\" alt=\"Airedale Terrier marchant dans un ruisseau en pleine nature, sur un chemin rural.\" style=\"max-width: 600px; \" srcset=\"https:\/\/planipets.com\/blog\/wp-content\/uploads\/2026\/04\/Image-en-avant.jpg 1200w, https:\/\/planipets.com\/blog\/wp-content\/uploads\/2026\/04\/Image-en-avant-300x150.jpg 300w, https:\/\/planipets.com\/blog\/wp-content\/uploads\/2026\/04\/Image-en-avant-1024x512.jpg 1024w, https:\/\/planipets.com\/blog\/wp-content\/uploads\/2026\/04\/Image-en-avant-768x384.jpg 768w, https:\/\/planipets.com\/blog\/wp-content\/uploads\/2026\/04\/Image-en-avant-150x75.jpg 150w, https:\/\/planipets.com\/blog\/wp-content\/uploads\/2026\/04\/Image-en-avant-450x225.jpg 450w\" sizes=\"(max-width: 1200px) 100vw, 1200px\" title=\"\"><\/a><\/div><div class=\"ub-block-post-grid-text\" style=\"\"><div class=\"ub-block-post-grid-header-content\"><header class=\"ub-block-post-grid-header\"><h2 class=\"ub-block-post-grid-title\"><a style=\"\" href=\"https:\/\/planipets.com\/blog\/chien\/races-chiens\/laffenpinscher-infographies-pour-tout-savoir-sur-son-histoire-son-temperament-son-education-son-cout-2\/\" rel=\"bookmark\">Le Airedale Terrier : infographies pour tout savoir sur son histoire, son temp\u00e9rament, son \u00e9ducation, son co\u00fbt<\/a><\/h2><div class=\"ub-block-post-grid-author\" itemprop=\"author\"><a class=\"ub-text-link\" style=\"\" href=\"https:\/\/planipets.com\/blog\/author\/redaction\/\" itemprop=\"url\" rel=\"author\"><span itemprop=\"name\">The Planipets editorial team<\/span><\/a><\/div><time datetime=\"2026-04-26T13:47:52+02:00\" class=\"ub-block-post-grid-date\" style=\"\" itemprop=\"datePublished\">2026-04-26<\/time><\/header><\/div><div class=\"ub-block-post-grid-excerpt\"><div class=\"ub-block-post-grid-excerpt-text\" style=\"\"><p>L\u2019Affenpinscher, souvent surnomm\u00e9 le \u00ab petit chien-singe \u00bb en raison de son expression faciale unique, est une race de petit chien originaire d\u2019Allemagne. Derri\u00e8re son allure amusante et sa barbe caract\u00e9ristique se cache un compagnon courageux, vif et extr\u00eamement attach\u00e9 \u00e0 ses ma\u00eetres\u2026<\/p>\n<\/div><p><a class=\"ub-block-post-grid-more-link ub-text-link\" style=\"\" href=\"https:\/\/planipets.com\/blog\/chien\/races-chiens\/laffenpinscher-infographies-pour-tout-savoir-sur-son-histoire-son-temperament-son-education-son-cout-2\/\" rel=\"bookmark\">Continue Reading <span class=\"screen-reader-text\">Le Airedale Terrier : infographies pour tout savoir sur son histoire, son temp\u00e9rament, son \u00e9ducation, son co\u00fbt<\/span><\/a><\/p><\/div><\/div><\/article>\n<article id=\"post-67381\" class=\"ub-post-grid-item post-67381 post type-post status-publish format-standard has-post-thumbnail category-chat-qui-miaule category-comportement-chat category-sante-chat tag-chat tag-comportement-felin tag-miaulement tag-sante-animale tag-solutions\" style=\"\"><div class=\"ub-block-post-grid-image\" style=\"\"><a href=\"https:\/\/planipets.com\/blog\/chat\/bien-vivre-avec-son-chat\/chat-qui-miaule\/miaulement-incessant-chat-causes-solutions\/\" rel=\"bookmark\" aria-hidden=\"true\" tabindex=\"-1\"><img loading=\"lazy\" decoding=\"async\" width=\"1536\" height=\"1024\" src=\"https:\/\/planipets.com\/blog\/wp-content\/uploads\/2026\/04\/Miaulement-incessant-chez-le-chat-causes-et-solutions-pour-apaiser-votre-felin.png\" class=\"attachment-full size-full\" alt=\"\" style=\"max-width: 600px; \" srcset=\"https:\/\/planipets.com\/blog\/wp-content\/uploads\/2026\/04\/Miaulement-incessant-chez-le-chat-causes-et-solutions-pour-apaiser-votre-felin.png 1536w, https:\/\/planipets.com\/blog\/wp-content\/uploads\/2026\/04\/Miaulement-incessant-chez-le-chat-causes-et-solutions-pour-apaiser-votre-felin-300x200.png 300w, https:\/\/planipets.com\/blog\/wp-content\/uploads\/2026\/04\/Miaulement-incessant-chez-le-chat-causes-et-solutions-pour-apaiser-votre-felin-1024x683.png 1024w, https:\/\/planipets.com\/blog\/wp-content\/uploads\/2026\/04\/Miaulement-incessant-chez-le-chat-causes-et-solutions-pour-apaiser-votre-felin-768x512.png 768w, https:\/\/planipets.com\/blog\/wp-content\/uploads\/2026\/04\/Miaulement-incessant-chez-le-chat-causes-et-solutions-pour-apaiser-votre-felin-150x100.png 150w, https:\/\/planipets.com\/blog\/wp-content\/uploads\/2026\/04\/Miaulement-incessant-chez-le-chat-causes-et-solutions-pour-apaiser-votre-felin-450x300.png 450w, https:\/\/planipets.com\/blog\/wp-content\/uploads\/2026\/04\/Miaulement-incessant-chez-le-chat-causes-et-solutions-pour-apaiser-votre-felin-1200x800.png 1200w\" sizes=\"(max-width: 1536px) 100vw, 1536px\" title=\"\"><\/a><\/div><div class=\"ub-block-post-grid-text\" style=\"\"><div class=\"ub-block-post-grid-header-content\"><header class=\"ub-block-post-grid-header\"><h2 class=\"ub-block-post-grid-title\"><a style=\"\" href=\"https:\/\/planipets.com\/blog\/chat\/bien-vivre-avec-son-chat\/chat-qui-miaule\/miaulement-incessant-chat-causes-solutions\/\" rel=\"bookmark\">Miaulement incessant chez le chat : causes et solutions pour apaiser votre f\u00e9lin<\/a><\/h2><div class=\"ub-block-post-grid-author\" itemprop=\"author\"><a class=\"ub-text-link\" style=\"\" href=\"https:\/\/planipets.com\/blog\/author\/redaction\/\" itemprop=\"url\" rel=\"author\"><span itemprop=\"name\">The Planipets editorial team<\/span><\/a><\/div><time datetime=\"2026-04-26T13:47:01+02:00\" class=\"ub-block-post-grid-date\" style=\"\" itemprop=\"datePublished\">2026-04-26<\/time><\/header><\/div><div class=\"ub-block-post-grid-excerpt\"><div class=\"ub-block-post-grid-excerpt-text\" style=\"\"><p>\u2726 L\u2019essentiel **Le miaulement incessant de votre chat peut \u00eatre d\u00e9routant et parfois m\u00eame inqui\u00e9tant. Mais comprendre les raisons derri\u00e8re ces vocalisations peut vous aider \u00e0 mieux r\u00e9pondre aux besoins de votre f\u00e9lin.** En bref : Le miaulement peut indiquer des besoins physiologiques ou des probl\u00e8mes de sant\u00e9. Les causes comportementales incluent le stress et\u2026<\/p>\n<\/div><p><a class=\"ub-block-post-grid-more-link ub-text-link\" style=\"\" href=\"https:\/\/planipets.com\/blog\/chat\/bien-vivre-avec-son-chat\/chat-qui-miaule\/miaulement-incessant-chat-causes-solutions\/\" rel=\"bookmark\">Continue Reading <span class=\"screen-reader-text\">Miaulement incessant chez le chat : causes et solutions pour apaiser votre f\u00e9lin<\/span><\/a><\/p><\/div><\/div><\/article>\n<article id=\"post-67365\" class=\"ub-post-grid-item post-67365 post type-post status-publish format-standard has-post-thumbnail category-chat-qui-miaule tag-chat tag-communication-animale tag-comportement-felin tag-emotions-felines tag-miaulements\" style=\"\"><div class=\"ub-block-post-grid-image\" style=\"\"><a href=\"https:\/\/planipets.com\/blog\/chat\/bien-vivre-avec-son-chat\/chat-qui-miaule\/miaulements-chat-decryptage-vocalisations-emotions\/\" rel=\"bookmark\" aria-hidden=\"true\" tabindex=\"-1\"><img loading=\"lazy\" decoding=\"async\" width=\"1536\" height=\"1024\" src=\"https:\/\/planipets.com\/blog\/wp-content\/uploads\/2026\/04\/Miaulements-chez-le-chat-Comprendre-les-vocalisations-et-emotions-felines.png\" class=\"attachment-full size-full\" alt=\"\" style=\"max-width: 600px; \" srcset=\"https:\/\/planipets.com\/blog\/wp-content\/uploads\/2026\/04\/Miaulements-chez-le-chat-Comprendre-les-vocalisations-et-emotions-felines.png 1536w, https:\/\/planipets.com\/blog\/wp-content\/uploads\/2026\/04\/Miaulements-chez-le-chat-Comprendre-les-vocalisations-et-emotions-felines-300x200.png 300w, https:\/\/planipets.com\/blog\/wp-content\/uploads\/2026\/04\/Miaulements-chez-le-chat-Comprendre-les-vocalisations-et-emotions-felines-1024x683.png 1024w, https:\/\/planipets.com\/blog\/wp-content\/uploads\/2026\/04\/Miaulements-chez-le-chat-Comprendre-les-vocalisations-et-emotions-felines-768x512.png 768w, https:\/\/planipets.com\/blog\/wp-content\/uploads\/2026\/04\/Miaulements-chez-le-chat-Comprendre-les-vocalisations-et-emotions-felines-150x100.png 150w, https:\/\/planipets.com\/blog\/wp-content\/uploads\/2026\/04\/Miaulements-chez-le-chat-Comprendre-les-vocalisations-et-emotions-felines-450x300.png 450w, https:\/\/planipets.com\/blog\/wp-content\/uploads\/2026\/04\/Miaulements-chez-le-chat-Comprendre-les-vocalisations-et-emotions-felines-1200x800.png 1200w\" sizes=\"(max-width: 1536px) 100vw, 1536px\" title=\"\"><\/a><\/div><div class=\"ub-block-post-grid-text\" style=\"\"><div class=\"ub-block-post-grid-header-content\"><header class=\"ub-block-post-grid-header\"><h2 class=\"ub-block-post-grid-title\"><a style=\"\" href=\"https:\/\/planipets.com\/blog\/chat\/bien-vivre-avec-son-chat\/chat-qui-miaule\/miaulements-chat-decryptage-vocalisations-emotions\/\" rel=\"bookmark\">Miaulements chez le chat : Comprendre les vocalisations et \u00e9motions f\u00e9lines<\/a><\/h2><div class=\"ub-block-post-grid-author\" itemprop=\"author\"><a class=\"ub-text-link\" style=\"\" href=\"https:\/\/planipets.com\/blog\/author\/\" itemprop=\"url\" rel=\"author\"><span itemprop=\"name\"><\/span><\/a><\/div><time datetime=\"2026-04-15T18:53:34+02:00\" class=\"ub-block-post-grid-date\" style=\"\" itemprop=\"datePublished\">2026-04-15<\/time><\/header><\/div><div class=\"ub-block-post-grid-excerpt\"><div class=\"ub-block-post-grid-excerpt-text\" style=\"\"><p># Miaulements chez le chat : d\u00e9cryptage des vocalisations et des \u00e9motions f\u00e9lines Les propri\u00e9taires de chats pensent souvent comprendre parfaitement les miaulements de leur compagnon. Pourtant, les \u00e9tudes scientifiques r\u00e9v\u00e8lent une r\u00e9alit\u00e9 bien plus complexe : chaque son \u00e9mis par votre f\u00e9lin est un message cod\u00e9, influenc\u00e9 par son \u00e9tat \u00e9motionnel, son environnement et\u2026<\/p>\n<\/div><p><a class=\"ub-block-post-grid-more-link ub-text-link\" style=\"\" href=\"https:\/\/planipets.com\/blog\/chat\/bien-vivre-avec-son-chat\/chat-qui-miaule\/miaulements-chat-decryptage-vocalisations-emotions\/\" rel=\"bookmark\">Continue Reading <span class=\"screen-reader-text\">Miaulements chez le chat : Comprendre les vocalisations et \u00e9motions f\u00e9lines<\/span><\/a><\/p><\/div><\/div><\/article>\n<article id=\"post-67315\" class=\"ub-post-grid-item post-67315 post type-post status-publish format-standard has-post-thumbnail category-races-chiens category-adopter-chien category-bien-vivre-avec-son-chien category-comportement-chien\" style=\"\"><div class=\"ub-block-post-grid-image\" style=\"\"><a href=\"https:\/\/planipets.com\/blog\/chien\/races-chiens\/laffenpinscher-infographies-pour-tout-savoir-sur-son-histoire-son-temperament-son-education-son-cout\/\" rel=\"bookmark\" aria-hidden=\"true\" tabindex=\"-1\"><img loading=\"lazy\" decoding=\"async\" width=\"1200\" height=\"600\" src=\"https:\/\/planipets.com\/blog\/wp-content\/uploads\/2026\/03\/affenpinscher-chien-noir-jouet-herbe.jpg\" class=\"attachment-full size-full\" alt=\"Affenpinscher noir allong\u00e9 dans l\u2019herbe avec un jouet orange\" style=\"max-width: 600px; \" srcset=\"https:\/\/planipets.com\/blog\/wp-content\/uploads\/2026\/03\/affenpinscher-chien-noir-jouet-herbe.jpg 1200w, https:\/\/planipets.com\/blog\/wp-content\/uploads\/2026\/03\/affenpinscher-chien-noir-jouet-herbe-300x150.jpg 300w, https:\/\/planipets.com\/blog\/wp-content\/uploads\/2026\/03\/affenpinscher-chien-noir-jouet-herbe-1024x512.jpg 1024w, https:\/\/planipets.com\/blog\/wp-content\/uploads\/2026\/03\/affenpinscher-chien-noir-jouet-herbe-768x384.jpg 768w, https:\/\/planipets.com\/blog\/wp-content\/uploads\/2026\/03\/affenpinscher-chien-noir-jouet-herbe-150x75.jpg 150w, https:\/\/planipets.com\/blog\/wp-content\/uploads\/2026\/03\/affenpinscher-chien-noir-jouet-herbe-450x225.jpg 450w\" sizes=\"(max-width: 1200px) 100vw, 1200px\" title=\"\"><\/a><\/div><div class=\"ub-block-post-grid-text\" style=\"\"><div class=\"ub-block-post-grid-header-content\"><header class=\"ub-block-post-grid-header\"><h2 class=\"ub-block-post-grid-title\"><a style=\"\" href=\"https:\/\/planipets.com\/blog\/chien\/races-chiens\/laffenpinscher-infographies-pour-tout-savoir-sur-son-histoire-son-temperament-son-education-son-cout\/\" rel=\"bookmark\">L\u2019Affenpinscher : infographies pour tout savoir sur son histoire, son temp\u00e9rament, son \u00e9ducation, son co\u00fbt<\/a><\/h2><div class=\"ub-block-post-grid-author\" itemprop=\"author\"><a class=\"ub-text-link\" style=\"\" href=\"https:\/\/planipets.com\/blog\/author\/redaction\/\" itemprop=\"url\" rel=\"author\"><span itemprop=\"name\">The Planipets editorial team<\/span><\/a><\/div><time datetime=\"2026-03-17T12:46:25+01:00\" class=\"ub-block-post-grid-date\" style=\"\" itemprop=\"datePublished\">2026-03-17<\/time><\/header><\/div><div class=\"ub-block-post-grid-excerpt\"><div class=\"ub-block-post-grid-excerpt-text\" style=\"\"><p>L\u2019Affenpinscher, souvent surnomm\u00e9 le \u00ab petit chien-singe \u00bb en raison de son expression faciale unique, est une race de petit chien originaire d\u2019Allemagne. Derri\u00e8re son allure amusante et sa barbe caract\u00e9ristique se cache un compagnon courageux, vif et extr\u00eamement attach\u00e9 \u00e0 ses ma\u00eetres\u2026<\/p>\n<\/div><p><a class=\"ub-block-post-grid-more-link ub-text-link\" style=\"\" href=\"https:\/\/planipets.com\/blog\/chien\/races-chiens\/laffenpinscher-infographies-pour-tout-savoir-sur-son-histoire-son-temperament-son-education-son-cout\/\" rel=\"bookmark\">Continue Reading <span class=\"screen-reader-text\">L\u2019Affenpinscher : infographies pour tout savoir sur son histoire, son temp\u00e9rament, son \u00e9ducation, son co\u00fbt<\/span><\/a><\/p><\/div><\/div><\/article>\n<article id=\"post-67281\" class=\"ub-post-grid-item post-67281 post type-post status-publish format-standard has-post-thumbnail category-comportement-chien category-bien-vivre-avec-son-chien category-conseils-et-vie-quotidienne\" style=\"\"><div class=\"ub-block-post-grid-image\" style=\"\"><a href=\"https:\/\/planipets.com\/blog\/chien\/comportement-chien\/preparer-son-chien-a-attendre-dehors\/\" rel=\"bookmark\" aria-hidden=\"true\" tabindex=\"-1\"><img loading=\"lazy\" decoding=\"async\" width=\"1200\" height=\"675\" src=\"https:\/\/planipets.com\/blog\/wp-content\/uploads\/2025\/12\/Image-en-avant.jpg\" class=\"attachment-full size-full\" alt=\"Illustration d&#039;un propri\u00e9taire enseignant \u00e0 son chien \u00e0 rester calme avant de partir, avec un geste de &quot;reste&quot;. Cr\u00e9dit photo : Planipets\" style=\"max-width: 600px; \" srcset=\"https:\/\/planipets.com\/blog\/wp-content\/uploads\/2025\/12\/Image-en-avant.jpg 1200w, https:\/\/planipets.com\/blog\/wp-content\/uploads\/2025\/12\/Image-en-avant-300x169.jpg 300w, https:\/\/planipets.com\/blog\/wp-content\/uploads\/2025\/12\/Image-en-avant-1024x576.jpg 1024w, https:\/\/planipets.com\/blog\/wp-content\/uploads\/2025\/12\/Image-en-avant-768x432.jpg 768w, https:\/\/planipets.com\/blog\/wp-content\/uploads\/2025\/12\/Image-en-avant-150x84.jpg 150w, https:\/\/planipets.com\/blog\/wp-content\/uploads\/2025\/12\/Image-en-avant-450x253.jpg 450w\" sizes=\"(max-width: 1200px) 100vw, 1200px\" title=\"\"><\/a><\/div><div class=\"ub-block-post-grid-text\" style=\"\"><div class=\"ub-block-post-grid-header-content\"><header class=\"ub-block-post-grid-header\"><h2 class=\"ub-block-post-grid-title\"><a style=\"\" href=\"https:\/\/planipets.com\/blog\/chien\/comportement-chien\/preparer-son-chien-a-attendre-dehors\/\" rel=\"bookmark\">Comment pr\u00e9parer son chien \u00e0 attendre dehors en toute s\u00e9r\u00e9nit\u00e9 ?<\/a><\/h2><div class=\"ub-block-post-grid-author\" itemprop=\"author\"><a class=\"ub-text-link\" style=\"\" href=\"https:\/\/planipets.com\/blog\/author\/redaction\/\" itemprop=\"url\" rel=\"author\"><span itemprop=\"name\">The Planipets editorial team<\/span><\/a><\/div><time datetime=\"2025-12-08T20:52:56+01:00\" class=\"ub-block-post-grid-date\" style=\"\" itemprop=\"datePublished\">2025-12-08<\/time><\/header><\/div><div class=\"ub-block-post-grid-excerpt\"><div class=\"ub-block-post-grid-excerpt-text\" style=\"\"><p>L\u2019attente en ext\u00e9rieur peut \u00eatre une exp\u00e9rience stressante pour certains chiens, surtout si ce moment est associ\u00e9 \u00e0 de l\u2019anxi\u00e9t\u00e9 ou de l\u2019ennui. Pr\u00e9parer son chien \u00e0 attendre dehors en toute s\u00e9r\u00e9nit\u00e9 est essentiel pour sa tranquillit\u00e9 et pour la v\u00f4tre. Cette pr\u00e9paration ne se fait pas du jour au lendemain, mais avec un peu\u2026<\/p>\n<\/div><p><a class=\"ub-block-post-grid-more-link ub-text-link\" style=\"\" href=\"https:\/\/planipets.com\/blog\/chien\/comportement-chien\/preparer-son-chien-a-attendre-dehors\/\" rel=\"bookmark\">Continue Reading <span class=\"screen-reader-text\">Comment pr\u00e9parer son chien \u00e0 attendre dehors en toute s\u00e9r\u00e9nit\u00e9 ?<\/span><\/a><\/p><\/div><\/div><\/article>\n<\/div><\/section>","protected":false},"excerpt":{"rendered":"<p>\u00c0 Donville-les-Bains, ce samedi 11 octobre 2025, la F\u00eate de la science accueillera un rendez-vous aussi \u00e9mouvant qu\u2019instructif. \u00c0 11 h, la m\u00e9diath\u00e8que municipale recevra Camille Cagnot, doctorante en psychologie et \u00e9thologie \u00e0 l\u2019Universit\u00e9 de Caen Normandie, pour une conf\u00e9rence in\u00e9dite intitul\u00e9e \u00ab Chiens d\u2019assistance judiciaire : \u00e9motions et bien-\u00eatre animal \u00bb. L\u2019\u00e9v\u00e9nement est gratuit,<\/p>\n","protected":false},"author":26,"featured_media":65797,"comment_status":"open","ping_status":"open","sticky":false,"template":"","format":"standard","meta":{"_crdt_document":"","footnotes":"","spc_primary_category":2617},"categories":[2617,47,210,2616,2634,2629],"tags":[],"class_list":{"0":"post-64544","1":"post","2":"type-post","3":"status-publish","4":"format-standard","5":"has-post-thumbnail","7":"category-collectivites-bien-etre-animal","8":"category-chien","9":"category-education-ludique-animaux","10":"category-medias","11":"category-questionnements-radicaux","12":"category-resonance-animale"},"featured_image_src":"https:\/\/planipets.com\/blog\/wp-content\/uploads\/2025\/10\/Ravel-le-chien-qui-aide-la-justice-a-ecouter-a-Donville-les-Bains-la-science-sinvite-dans-la-parole-des-enfants.jpg","author_info":{"display_name":"The Planipets editorial team","author_link":"https:\/\/planipets.com\/blog\/author\/redaction\/"},"brizy_media":[],"_links":{"self":[{"href":"https:\/\/planipets.com\/blog\/wp-json\/wp\/v2\/posts\/64544","targetHints":{"allow":["GET"]}}],"collection":[{"href":"https:\/\/planipets.com\/blog\/wp-json\/wp\/v2\/posts"}],"about":[{"href":"https:\/\/planipets.com\/blog\/wp-json\/wp\/v2\/types\/post"}],"author":[{"embeddable":true,"href":"https:\/\/planipets.com\/blog\/wp-json\/wp\/v2\/users\/26"}],"replies":[{"embeddable":true,"href":"https:\/\/planipets.com\/blog\/wp-json\/wp\/v2\/comments?post=64544"}],"version-history":[{"count":12,"href":"https:\/\/planipets.com\/blog\/wp-json\/wp\/v2\/posts\/64544\/revisions"}],"predecessor-version":[{"id":65801,"href":"https:\/\/planipets.com\/blog\/wp-json\/wp\/v2\/posts\/64544\/revisions\/65801"}],"wp:featuredmedia":[{"embeddable":true,"href":"https:\/\/planipets.com\/blog\/wp-json\/wp\/v2\/media\/65797"}],"wp:attachment":[{"href":"https:\/\/planipets.com\/blog\/wp-json\/wp\/v2\/media?parent=64544"}],"wp:term":[{"taxonomy":"category","embeddable":true,"href":"https:\/\/planipets.com\/blog\/wp-json\/wp\/v2\/categories?post=64544"},{"taxonomy":"post_tag","embeddable":true,"href":"https:\/\/planipets.com\/blog\/wp-json\/wp\/v2\/tags?post=64544"}],"curies":[{"name":"wp","href":"https:\/\/api.w.org\/{rel}","templated":true}]}}