{"id":64473,"date":"2025-10-07T16:19:03","date_gmt":"2025-10-07T15:19:03","guid":{"rendered":"https:\/\/planipets.com\/blog\/?p=64473"},"modified":"2025-10-27T07:51:39","modified_gmt":"2025-10-27T06:51:39","slug":"ils-apaisent-nos-journees-mais-restent-exclus-pourquoi-nos-chiens-nont-toujours-pas-leur-place-au-travail","status":"publish","type":"post","link":"https:\/\/planipets.com\/blog\/actualite\/ils-apaisent-nos-journees-mais-restent-exclus-pourquoi-nos-chiens-nont-toujours-pas-leur-place-au-travail\/","title":{"rendered":"Ils apaisent nos journ\u00e9es mais restent exclus : pourquoi nos chiens n\u2019ont toujours pas leur place au travail"},"content":{"rendered":"\n<p class=\"wp-block-paragraph\">Cet article n\u2019est pas une ode \u00e0 la mignonnerie. C\u2019est un plaidoyer\u2026<\/p>\n\n\n\n<p class=\"wp-block-paragraph\">Chaque matin, derri\u00e8re des portes closes, se joue un <strong>drame silencieux que personne ne filme<\/strong>. Des millions de chiens, comme Filou, Muffin ou Naya, regardent leur humain enfiler son manteau, prendre ses cl\u00e9s, refermer la porte \u2014 et dispara\u00eetre jusqu\u2019au soir. Pendant ce temps, les open spaces bruissent de r\u00e9unions \u201cbien-\u00eatre\u201d, de \u201cteam building\u201d, et de <strong>postures zen d\u00e9connect\u00e9es du r\u00e9el<\/strong>.<\/p>\n\n\n\n<p class=\"wp-block-paragraph\">Dans certaines entreprises pionni\u00e8res, comme Nespresso France, <strong>les chiens ont enfin gagn\u00e9 leur badge d\u2019entr\u00e9e<\/strong>. Et le changement ne se mesure pas qu\u2019en wagons de caresses : c\u2019est tout le climat humain qui s\u2019adoucit, les tensions qui s\u2019apaisent, les sourires qui reviennent. Mais ces exemples restent <strong>l\u2019exception d\u2019un syst\u00e8me encore fig\u00e9 dans l\u2019absurde<\/strong> : celui qui croit qu\u2019un animal n\u2019a pas sa place dans le \u201cmonde s\u00e9rieux\u201d du travail.<\/p>\n\n\n\n<p class=\"wp-block-paragraph\">Cet article n\u2019est pas une ode \u00e0 la mignonnerie. C\u2019est un plaidoyer \u2014 pour la reconnaissance du lien invisible qui unit l\u2019humain et son compagnon, m\u00eame entre deux visioconf\u00e9rences. Parce qu\u2019au fond, <strong>ce qu\u2019un chien apporte au bureau, ce n\u2019est pas du poil sur la moquette. C\u2019est de l\u2019\u00e2me dans les couloirs.<\/strong><\/p>\n\n\n<div class=\"wp-block-image\">\n<figure class=\"aligncenter size-full\"><img fetchpriority=\"high\" decoding=\"async\" width=\"600\" height=\"600\" src=\"https:\/\/planipets.com\/blog\/wp-content\/uploads\/2025\/10\/chien-dans-un-bureau-3.jpg\" alt=\"Un chien assis dans un bureau moderne observe attentivement autour de lui pendant que son propri\u00e9taire travaille \u00e0 son poste, illustrant la vigilance et la pr\u00e9sence apaisante des animaux au travail.\" class=\"wp-image-64497\" title=\"\" srcset=\"https:\/\/planipets.com\/blog\/wp-content\/uploads\/2025\/10\/chien-dans-un-bureau-3.jpg 600w, https:\/\/planipets.com\/blog\/wp-content\/uploads\/2025\/10\/chien-dans-un-bureau-3-300x300.jpg 300w, https:\/\/planipets.com\/blog\/wp-content\/uploads\/2025\/10\/chien-dans-un-bureau-3-150x150.jpg 150w, https:\/\/planipets.com\/blog\/wp-content\/uploads\/2025\/10\/chien-dans-un-bureau-3-450x450.jpg 450w, https:\/\/planipets.com\/blog\/wp-content\/uploads\/2025\/10\/chien-dans-un-bureau-3-96x96.jpg 96w\" sizes=\"(max-width: 600px) 100vw, 600px\" \/><figcaption class=\"wp-element-caption\">Entre concentration et s\u00e9r\u00e9nit\u00e9, le chien veille tandis que son humain travaille. Dans un espace souvent domin\u00e9 par les \u00e9crans, sa simple pr\u00e9sence ram\u00e8ne le vivant au centre du bureau. \u00ab&nbsp;cr\u00e9dit photo :&nbsp;Planipets M\u00e9dia&nbsp;\u00bb<\/figcaption><\/figure>\n<\/div>\n\n\n<p class=\"wp-block-paragraph\"><\/p>\n\n\n\n<p class=\"wp-block-paragraph\"><\/p>\n\n\n\n<p class=\"wp-block-paragraph\"><\/p>\n\n\n\n<p class=\"wp-block-paragraph\"><\/p>\n\n\n<div style=\"background-color: #d9edf7; color: #31708f; border-left-color: #31708f; \" class=\"ub-styled-box ub-notification-box wp-block-ub-styled-box\" id=\"ub-styled-box-f2ee84c3-efb9-402f-9031-ebbc7aea90a1\">\n<h2 class=\"wp-block-heading\" id=\"0-%E2%80%9Cfilou-derri%C3%A8re-la-porte%E2%80%9D-la-culpabilit%C3%A9-silencieuse-de-millions-de-salari%C3%A9s\">\u201cFilou derri\u00e8re la porte\u201d : la culpabilit\u00e9 silencieuse de millions de salari\u00e9s<\/h2>\n\n\n<\/div>\n\n\n<p class=\"wp-block-paragraph\">Chaque matin, <strong>la m\u00eame sc\u00e8ne, le m\u00eame pincement au c\u0153ur<\/strong>. Valentine, cadre dynamique, referme la porte de son pavillon. De l\u2019autre c\u00f4t\u00e9, Filou, son golden retriever, reste fig\u00e9, les yeux pleins d\u2019incompr\u00e9hension. Il ne sait pas ce que veut dire \u201cboulot\u201d, mais il sait ce que veut dire \u201cabsence\u201d.<\/p>\n\n\n\n<p class=\"wp-block-paragraph\">Dans tout le pays, <strong>des millions de chiens vivent cette attente muette<\/strong>. Ils entendent les cl\u00e9s tourner, le moteur s\u2019\u00e9loigner, le silence s\u2019installer. Ils guettent un retour, un bruit familier, un pas sur le gravier. Et pendant ce temps, leurs humains jonglent entre mails urgents, r\u00e9unions tendues et notifications sans fin \u2014 <strong>en \u00e9touffant cette petite culpabilit\u00e9 qui gratte l\u2019\u00e2me<\/strong>.<\/p>\n\n\n\n<p class=\"wp-block-paragraph\">\u201cJe pars le matin comme si de rien n\u2019\u00e9tait, mais j\u2019ai toujours l\u2019impression de trahir quelqu\u2019un\u201d, confie Valentine. Une phrase simple, mais universelle. Car derri\u00e8re chaque open space bien climatis\u00e9 se cache <strong>un salon vide, une gamelle pleine et un c\u0153ur qui attend<\/strong>.<\/p>\n\n\n\n<p class=\"wp-block-paragraph\">Et pourtant, ces s\u00e9parations ne sont pas une fatalit\u00e9. Certaines entreprises commencent \u00e0 comprendre que <strong>le bien-\u00eatre au travail ne se r\u00e9sume pas \u00e0 un baby-foot ou un atelier yoga<\/strong>, mais \u00e0 la possibilit\u00e9 d\u2019emmener un peu de chaleur vivante avec soi.<\/p>\n\n\n\n<p class=\"wp-block-paragraph\">Alors pourquoi tant d\u2019entre elles ferment-elles encore la porte \u00e0 ceux qui apaisent tout simplement notre humanit\u00e9 ?<\/p>\n\n\n\n<p class=\"wp-block-paragraph\"><\/p>\n\n\n\n<p class=\"wp-block-paragraph\"><\/p>\n\n\n\n<p class=\"wp-block-paragraph\"><\/p>\n\n\n<div style=\"background-color: #d9edf7; color: #31708f; border-left-color: #31708f; \" class=\"ub-styled-box ub-notification-box wp-block-ub-styled-box\" id=\"ub-styled-box-bb0a0cee-66b5-4530-a901-9abe93754e26\">\n<h2 class=\"wp-block-heading\" id=\"ub-styled-box-notification-content-\">\u201cChiens bienvenus\u201d : quand quelques entreprises osent la tendresse<\/h2>\n\n\n<\/div>\n\n<div style=\"background-color: #f7f7f7; color: #31708f; border-left-color: #31708f; \" class=\"ub-styled-box ub-notification-box wp-block-ub-styled-box\" id=\"ub-styled-box-416b4067-1649-456b-9c5a-75ec16fdd2c0\">\n<p class=\"wp-block-paragraph\" id=\"ub-styled-box-notification-content-\">Dans le XVe arrondissement de Paris, chez <strong>Nespresso France<\/strong>, un nouveau type de collaborateur fait son entr\u00e9e chaque matin : il a quatre pattes, un badge nominatif et un regard capable de d\u00e9samorcer n\u2019importe quelle tension. Depuis 2022, l\u2019entreprise permet \u00e0 ses salari\u00e9s de venir travailler <strong>accompagn\u00e9s de leur chien<\/strong>. Et le r\u00e9sultat d\u00e9passe toutes les attentes : <strong>moins de stress, plus d\u2019\u00e9changes, une atmosph\u00e8re apais\u00e9e<\/strong>.<\/p>\n\n\n\n<p class=\"wp-block-paragraph\">\u201cQuand Muffin est l\u00e0, tout le monde sourit, m\u00eame ceux qui ne me parlaient jamais avant\u201d, raconte Alain, cadre commercial. \u201cElle cr\u00e9e du lien sans rien dire.\u201d<\/p>\n\n\n\n<p class=\"wp-block-paragraph\">Ce que les experts en management appellent <em>soft skills<\/em>, Muffin le pratique naturellement : <strong>\u00e9couter sans juger, sentir les \u00e9motions, calmer sans parler<\/strong>.<\/p>\n\n\n\n<p class=\"wp-block-paragraph\">Ces bureaux \u201cdog friendly\u201d ne sont pas un caprice de start-up californienne. Ce sont <strong>des espaces qui r\u00e9apprennent \u00e0 respirer<\/strong>, \u00e0 reconnecter les \u00e9quipes autrement qu\u2019\u00e0 travers des KPI.<br>Un chien sous un bureau, c\u2019est un rythme cardiaque qui ralentit, une voix qui se pose, <strong>une humanit\u00e9 qui se r\u00e9invite entre deux mails<\/strong>.<\/p>\n\n\n\n<p class=\"wp-block-paragraph\">Et pourtant, ces exemples restent encore rares en France.<br>L\u00e0 o\u00f9 les pays nordiques ou anglo-saxons ont compris que <strong><a href=\"https:\/\/planipets.com\/blog\/actualite\/labrador-au-chevet-des-patients-une-presence-qui-change-le-silence\/\" data-type=\"post\" data-id=\"58960\">le bien-\u00eatre passe aussi par la pr\u00e9sence animale<\/a><\/strong>, beaucoup d\u2019entreprises fran\u00e7aises continuent de craindre la \u201cdistraction\u201d ou les \u201callergies\u201d.<br>Mais la vraie allergie, au fond, n\u2019est-elle pas celle <strong>au vivant<\/strong> ?<\/p>\n\n\n<\/div>\n\n\n<p class=\"wp-block-paragraph\"><\/p>\n\n\n\n<p class=\"wp-block-paragraph\"><\/p>\n\n\n\n<p class=\"wp-block-paragraph\"><\/p>\n\n\n<div style=\"background-color: #ffd2d2; color: #d8000c; border-left-color: #d8000c; \" class=\"ub-styled-box ub-notification-box wp-block-ub-styled-box\" id=\"ub-styled-box-951da70b-ee7f-42fc-a8e5-f0998b7a5690\">\n<h2 class=\"wp-block-heading\" id=\"ub-styled-box-notification-content-\">\u201cL\u2019animal qui soigne\u201d : l\u2019effet antistress prouv\u00e9 par la science<\/h2>\n\n\n<\/div>\n\n\n<p class=\"wp-block-paragraph\">Ce n\u2019est plus une intuition, c\u2019est une <strong>r\u00e9alit\u00e9 biologique<\/strong>. Des dizaines d\u2019\u00e9tudes en neurosciences comportementales l\u2019ont confirm\u00e9 : <strong>la simple<a href=\"https:\/\/planipets.com\/blog\/chien\/adopter-chien\/apres-60-ans-ou-a-20-ans-peut-on-vraiment-encore-adopter-un-chien-la-reponse-choque-copy\/\" data-type=\"post\" data-id=\"62371\"> pr\u00e9sence d\u2019un chien<\/a><\/strong> fait baisser le taux de cortisol \u2014 l\u2019hormone du stress \u2014 et <strong>augmente la dopamine<\/strong>, celle du plaisir et de la concentration. Autrement dit, un chien au bureau ne rend pas seulement les gens plus d\u00e9tendus : il les rend <strong>plus humains<\/strong>.<\/p>\n\n\n\n<p class=\"wp-block-paragraph\">Le cerveau humain r\u00e9agit \u00e0 la pr\u00e9sence d\u2019un animal comme \u00e0 un signal de s\u00e9curit\u00e9. Une respiration plus lente, un regard sans menace, un contact doux\u2026 Tout cela <strong>d\u00e9sactive les r\u00e9flexes de d\u00e9fense<\/strong> qui s\u2019activent dans un environnement professionnel souvent per\u00e7u comme hostile ou comp\u00e9titif.<\/p>\n\n\n\n<blockquote class=\"wp-block-quote is-layout-flow wp-block-quote-is-layout-flow\">\n<p class=\"wp-block-paragraph\">\u201cUn chien ne juge pas, ne note pas, ne parle pas trop fort. Il \u00e9quilibre ce que l\u2019entreprise d\u00e9r\u00e8gle.\u201d<\/p>\n<\/blockquote>\n\n\n\n<p class=\"wp-block-paragraph\">Les psychologues du travail parlent d\u00e9sormais de <strong>co-r\u00e9gulation \u00e9motionnelle<\/strong> : un ph\u00e9nom\u00e8ne o\u00f9 le calme d\u2019un animal vient r\u00e9guler les \u00e9motions d\u2019un groupe. Dans une salle de r\u00e9union, un chien qui dort paisiblement peut suffire \u00e0 r\u00e9duire la tension entre coll\u00e8gues \u2014 <strong>un effet que ni le management participatif ni les plantes vertes ne parviennent \u00e0 reproduire<\/strong>.<\/p>\n\n\n<div class=\"wp-block-image\">\n<figure class=\"aligncenter size-full\"><img decoding=\"async\" width=\"600\" height=\"600\" src=\"https:\/\/planipets.com\/blog\/wp-content\/uploads\/2025\/10\/chien-dans-un-bureau-1.jpg\" alt=\"Un chien marche joyeusement dans un parc aux c\u00f4t\u00e9s de son propri\u00e9taire, symbole du lien fort entre d\u00e9tente, nature et \u00e9quilibre avant une journ\u00e9e de travail.\" class=\"wp-image-64495\" title=\"\" srcset=\"https:\/\/planipets.com\/blog\/wp-content\/uploads\/2025\/10\/chien-dans-un-bureau-1.jpg 600w, https:\/\/planipets.com\/blog\/wp-content\/uploads\/2025\/10\/chien-dans-un-bureau-1-300x300.jpg 300w, https:\/\/planipets.com\/blog\/wp-content\/uploads\/2025\/10\/chien-dans-un-bureau-1-150x150.jpg 150w, https:\/\/planipets.com\/blog\/wp-content\/uploads\/2025\/10\/chien-dans-un-bureau-1-450x450.jpg 450w, https:\/\/planipets.com\/blog\/wp-content\/uploads\/2025\/10\/chien-dans-un-bureau-1-96x96.jpg 96w\" sizes=\"(max-width: 600px) 100vw, 600px\" \/><figcaption class=\"wp-element-caption\">Quelques minutes d\u2019air frais suffisent parfois \u00e0 tout changer. La promenade du matin, ce moment simple entre un humain et son chien, devient le premier geste de bien-\u00eatre avant d\u2019entrer au bureau. \u00ab&nbsp;cr\u00e9dit photo :&nbsp;Planipets M\u00e9dia&nbsp;\u00bb<\/figcaption><\/figure>\n<\/div>\n\n\n<p class=\"wp-block-paragraph\">Et si le vrai secret de la productivit\u00e9 n\u2019\u00e9tait pas la technologie, mais <strong>la tendresse<\/strong> ? Travailler avec un chien, c\u2019est accepter qu\u2019un regard puisse gu\u00e9rir plus vite qu\u2019un discours. C\u2019est reconna\u00eetre que <strong>le soin n\u2019a pas toujours besoin de mots<\/strong>.<\/p>\n\n\n\n<p class=\"wp-block-paragraph\"><\/p>\n\n\n\n<p class=\"wp-block-paragraph\"><\/p>\n\n\n\n<p class=\"wp-block-paragraph\"><\/p>\n\n\n<div style=\"background-color: #d9edf7; color: #31708f; border-left-color: #31708f; \" class=\"ub-styled-box ub-notification-box wp-block-ub-styled-box\" id=\"ub-styled-box-c2103e90-1dfc-4140-b27d-071647998892\">\n<h2 class=\"wp-block-heading\" id=\"ub-styled-box-notification-content-\">\u201cMais pas dans mon open space !\u201d : les r\u00e9sistances absurdes<\/h2>\n\n\n<\/div>\n\n\n<p class=\"wp-block-paragraph\">Allergies, hygi\u00e8ne, distractions, s\u00e9curit\u00e9\u2026 Les arguments tombent les uns apr\u00e8s les autres comme des cartes fatigu\u00e9es. Dans beaucoup d\u2019entreprises fran\u00e7aises, <strong>le chien reste l\u2019invit\u00e9 ind\u00e9sirable<\/strong>, celui qu\u2019on tol\u00e8re en mascotte sur les mugs internes, mais qu\u2019on refuse de voir marcher dans les couloirs.<\/p>\n\n\n\n<p class=\"wp-block-paragraph\">Les directions redoutent les \u201caccidents\u201d, les poils sur la moquette, les \u201cconflits d\u2019usage\u201d. Mais dans les faits, <strong>ce qui d\u00e9range vraiment, c\u2019est l\u2019impr\u00e9vu \u00e9motionnel<\/strong>. Un chien, c\u2019est un \u00eatre vivant qui ressent, qui respire, qui bouge \u2014 bref, <strong>tout ce qu\u2019un bureau aseptis\u00e9 a oubli\u00e9 d\u2019\u00eatre<\/strong>.<\/p>\n\n\n\n<blockquote class=\"wp-block-quote is-layout-flow wp-block-quote-is-layout-flow\">\n<p class=\"wp-block-paragraph\">\u201cOn veut du bien-\u00eatre, mais pas trop de vie. On veut du calme, mais pas de c\u0153ur.\u201d<\/p>\n<\/blockquote>\n\n\n\n<p class=\"wp-block-paragraph\">Les RH distribuent des \u201cpacks zen\u201d, des ateliers respiration, des conf\u00e9rences sur la \u201cpleine conscience\u201d.<br>Mais d\u00e8s qu\u2019on propose de <strong>remplacer une lampe aromatique par un chien<\/strong>, le malaise s\u2019installe.<br>Comme si le vrai apaisement faisait peur, parce qu\u2019il ne se contr\u00f4le pas.<\/p>\n\n\n\n<p class=\"wp-block-paragraph\">Pendant ce temps, certains salari\u00e9s pr\u00e9f\u00e8rent poser un jour de cong\u00e9 plut\u00f4t que de laisser leur animal seul. D\u2019autres cachent leur chienne dans la voiture le matin, la visitent \u00e0 la pause d\u00e9jeuner, <strong>vivent leur attachement comme une faute professionnelle<\/strong>.<\/p>\n\n\n\n<p class=\"wp-block-paragraph\">Et si, derri\u00e8re ces r\u00e9sistances, se cachait <strong>la peur la plus humaine de toutes : celle du vivant, du lien, de la tendresse visible ?<\/strong><\/p>\n\n\n\n<p class=\"wp-block-paragraph\"><\/p>\n\n\n\n<p class=\"wp-block-paragraph\"><\/p>\n\n\n\n<p class=\"wp-block-paragraph\"><\/p>\n\n\n<div style=\"background-color: #d9edf7; color: #31708f; border-left-color: #31708f; \" class=\"ub-styled-box ub-notification-box wp-block-ub-styled-box\" id=\"ub-styled-box-5b69af5e-f992-4324-9ca0-4e5cc4c7a23c\">\n<h2 class=\"wp-block-heading\" id=\"ub-styled-box-notification-content-\">Courir, se reposer, exister : la double le\u00e7on des animaux qu\u2019on pr\u00e9tend comprendre<\/h2>\n\n\n<\/div>\n\n<div style=\"background-color: #dff0d8; color: #3c763d; border-left-color: #3c763d; \" class=\"ub-styled-box ub-notification-box wp-block-ub-styled-box\" id=\"ub-styled-box-f69cb48f-0e9a-415d-a262-b79a9b7d7d99\">\n<p class=\"wp-block-paragraph\" id=\"ub-styled-box-notification-content-\">Il y a ceux qui courent apr\u00e8s le papillon, haletants de bonheur. Et ceux qui pr\u00e9f\u00e8rent le regarder passer, sans bouger une oreille. Dans le dernier \u00e9pisode de <em>Rex &amp; Minou<\/em>, cette sc\u00e8ne anodine entre deux chiens et deux chats devient <strong>une fable sur le rythme du vivant<\/strong>, une r\u00e9flexion que tout bureau moderne devrait m\u00e9diter avant d\u2019interdire la pr\u00e9sence animale.<\/p>\n\n\n\n<p class=\"wp-block-paragraph\">D\u2019un c\u00f4t\u00e9, Rex et Vignon, les chiens, <strong>incarnent le besoin vital d\u2019activit\u00e9<\/strong>. Pour eux, courir n\u2019est pas une distraction, c\u2019est <strong>une condition d\u2019\u00e9quilibre \u00e9motionnel<\/strong>. Leur joie a quelque chose de brut, d\u2019indispensable : c\u2019est le souffle m\u00eame de la vie qui circule.<\/p>\n\n\n\n<p class=\"wp-block-paragraph\">\u00c0 l\u2019inverse, Minou et Ndrovi, les chats, contemplent, analysent, m\u00e9ditent. Leur immobilit\u00e9 n\u2019est pas paresse, mais <strong>sagesse \u00e9nerg\u00e9tique<\/strong>. Le chat ne s\u2019ennuie pas : il r\u00e9cup\u00e8re, observe, attend que le monde revienne \u00e0 lui.<\/p>\n\n\n\n<p class=\"wp-block-paragraph\">Deux mondes, deux philosophies, <strong>une m\u00eame v\u00e9rit\u00e9<\/strong> : <a href=\"https:\/\/planipets.com\/blog\/actualite\/rex-minou-14-un-chien-prive-de-course-peut-mourir-de-tristesse-un-chat-prive-de-repos-aussi\/\"><strong>priver un animal de ce qui le d\u00e9finit<\/strong><\/a>, c\u2019est le condamner lentement.<\/p>\n\n\n\n<blockquote class=\"wp-block-quote is-layout-flow wp-block-quote-is-layout-flow\">\n<p class=\"wp-block-paragraph\">\u201cUn chien priv\u00e9 de course peut mourir de tristesse\u2026 un chat priv\u00e9 de repos aussi.\u201d<\/p>\n<\/blockquote>\n\n\n\n<p class=\"wp-block-paragraph\">Cette phrase r\u00e9sume toute la tension de notre \u00e9poque. Car dans nos vies humaines chronom\u00e9tr\u00e9es, nous imposons souvent <strong>nos cadences absurdes \u00e0 ceux qui vivent \u00e0 un autre rythme<\/strong>. On exige du chien qu\u2019il reste calme toute la journ\u00e9e, du chat qu\u2019il soit c\u00e2lin sur commande. Et quand ils protestent, on parle de \u201c<a href=\"https:\/\/planipets.com\/blog\/chien\/sante-chien\/comportement-agite-apres-castration-comment-calmer-son-chien\/\" data-type=\"post\" data-id=\"60643\"><strong>troubles du comportement<\/strong><\/a>\u201d.<\/p>\n\n\n\n<p class=\"wp-block-paragraph\">Pourtant, comme le rappelle l\u2019\u00e9ducateur canin <strong>Flavien Bourgeix<\/strong>, \u201cle jeu, ce n\u2019est pas d\u00e9fouler, c\u2019est construire.\u201d <\/p>\n\n\n\n<p class=\"wp-block-paragraph\">Et la comportementaliste f\u00e9line <strong>Laurence Couret<\/strong> ajoute : \u201cLe chat heureux n\u2019ob\u00e9it pas, il choisit.\u201d<br>Deux visions compl\u00e9mentaires, deux appels \u00e0 <strong>respecter la biologie \u00e9motionnelle du vivant<\/strong>.<\/p>\n\n\n\n<p class=\"wp-block-paragraph\">Ce que l\u2019\u00e9pisode illustre avec po\u00e9sie, c\u2019est que <strong>le bien-\u00eatre n\u2019a pas une seule forme<\/strong>. Il peut \u00eatre mouvement ou immobilit\u00e9, \u00e9nergie ou contemplation. Et si cette v\u00e9rit\u00e9 s\u2019appliquait aussi\u2026 \u00e0 nous ? Car peut-\u00eatre qu\u2019en laissant nos chiens courir et nos chats se reposer, nous apprendrions enfin <strong>\u00e0 respirer au bon rythme \u2014 le n\u00f4tre, pas celui impos\u00e9 par la productivit\u00e9.<\/strong><\/p>\n\n\n<\/div>\n\n\n<p class=\"wp-block-paragraph\"><\/p>\n\n\n\n<p class=\"wp-block-paragraph\"><\/p>\n\n\n\n<p class=\"wp-block-paragraph\"><\/p>\n\n\n<div style=\"background-color: #d9edf7; color: #31708f; border-left-color: #31708f; \" class=\"ub-styled-box ub-notification-box wp-block-ub-styled-box\" id=\"ub-styled-box-d32f06dd-11e6-4e6f-b833-df2aeefacf61\">\n<h2 class=\"wp-block-heading\" id=\"ub-styled-box-notification-content-\">Et si le bien-\u00eatre animal commen\u00e7ait dans nos bureaux ?<\/h2>\n\n\n<\/div>\n\n\n<p class=\"wp-block-paragraph\">On parle de bien-\u00eatre au travail, de pr\u00e9vention du burn-out, de sant\u00e9 mentale\u2026 mais on oublie souvent la part animale en nous. Celle qui, comme Rex, a besoin de mouvement. Celle qui, comme Minou, r\u00e9clame le silence. Celle qui, chaque jour, se plie \u00e0 un rythme qui n\u2019est pas le sien \u2014 la cadence froide des ordinateurs et des agendas partag\u00e9s.<\/p>\n\n\n\n<p class=\"wp-block-paragraph\">Et si le<strong> <a href=\"https:\/\/planipets.com\/blog\/actualite\/la-municipalite-de-sugeres-sengage-en-faveur-du-bien-etre-animal\/\" data-type=\"post\" data-id=\"3310\">bien-\u00eatre animal<\/a><\/strong><a href=\"https:\/\/planipets.com\/blog\/actualite\/la-municipalite-de-sugeres-sengage-en-faveur-du-bien-etre-animal\/\" data-type=\"post\" data-id=\"3310\"> <\/a>n\u2019\u00e9tait pas seulement une question d\u2019\u00e9thique, mais un miroir tendu \u00e0 notre propre mal-\u00eatre collectif ? Car accueillir un chien dans un bureau, c\u2019est bien plus qu\u2019une faveur accord\u00e9e \u00e0 un salari\u00e9 : c\u2019est un acte de civilisation. Cela signifie reconna\u00eetre que le travail ne doit pas exclure la vie, mais s\u2019y accorder.<\/p>\n\n\n\n<p class=\"wp-block-paragraph\">Quand une entreprise ouvre ses portes \u00e0 un animal, elle ouvre en r\u00e9alit\u00e9 la possibilit\u00e9 d\u2019une autre relation au temps. Les pauses deviennent r\u00e9elles, les \u00e9changes plus sinc\u00e8res, les tensions moins tranch\u00e9es. Un chien qui s\u2019\u00e9tire rappelle qu\u2019il faut se lever. Un chat qui somnole montre que le repos n\u2019est pas une perte de temps, mais une forme d\u2019intelligence.<\/p>\n\n\n\n<p class=\"wp-block-paragraph\">L\u2019animal ne travaille pas, il vit. Et c\u2019est pour cela qu\u2019il nous gu\u00e9rit. \u00c0 une \u00e9poque o\u00f9 tout s\u2019acc\u00e9l\u00e8re, leur pr\u00e9sence agit comme un ralentisseur d\u2019\u00e2me. Dans un monde qui parle de \u201cperformance durable\u201d, ils incarnent la performance sensible : celle qui ne se mesure pas en chiffres, mais en respiration retrouv\u00e9e. Et si demain, les open spaces laissaient une place pour une gamelle et un coussin ? Peut-\u00eatre que ce jour-l\u00e0, le travail recommencera \u00e0 ressembler \u00e0 la vie.<\/p>\n\n\n\n<p class=\"wp-block-paragraph\"><\/p>\n\n\n\n<p class=\"wp-block-paragraph\"><\/p>\n\n\n\n<p class=\"wp-block-paragraph\"><\/p>\n\n\n<div style=\"background-color: #d9edf7; color: #31708f; border-left-color: #31708f; \" class=\"ub-styled-box ub-notification-box wp-block-ub-styled-box\" id=\"ub-styled-box-df1119ef-f13a-4fc0-9692-a964d9b5231c\">\n<h2 class=\"wp-block-heading\" id=\"ub-styled-box-notification-content-\">Le futur du travail sera \u00e9motionnel ou ne sera pas<\/h2>\n\n\n<\/div>\n\n<div style=\"background-color: #f7f7f7; color: #31708f; border-left-color: #31708f; \" class=\"ub-styled-box ub-notification-box wp-block-ub-styled-box\" id=\"ub-styled-box-c2a0fa4d-7411-4287-88f6-e5411d0522a6\">\n<p class=\"wp-block-paragraph\" id=\"ub-styled-box-notification-content-\">Nous avons cru que la technologie allait nous lib\u00e9rer. Qu\u2019elle allait nous donner du temps, du sens, du souffle. Mais le paradoxe est l\u00e0 : <strong>plus nos outils se perfectionnent, plus nous oublions de respirer<\/strong>. Le travail s\u2019est digitalis\u00e9, d\u00e9mat\u00e9rialis\u00e9, d\u00e9shumanis\u00e9\u2026 jusqu\u2019\u00e0 devenir une suite d\u2019objectifs o\u00f9 l\u2019\u00e9motion est per\u00e7ue comme une faiblesse.<\/p>\n\n\n\n<p class=\"wp-block-paragraph\">Or, l\u2019\u00e9motion n\u2019est pas une faiblesse \u2014 <strong>c\u2019est le langage du vivant<\/strong>. Et dans ce langage, les animaux sont nos ma\u00eetres. Le chien ressent avant de raisonner. Le chat choisit avant d\u2019ob\u00e9ir. Ils incarnent ce que nous avons perdu : la capacit\u00e9 d\u2019agir en accord avec nos besoins profonds.<\/p>\n\n\n\n<p class=\"wp-block-paragraph\">Quand un chien entre dans un bureau, ce n\u2019est pas une distraction : c\u2019est un rappel. <strong>Un rappel que la productivit\u00e9 ne vaut rien sans pr\u00e9sence<\/strong>, que l\u2019efficacit\u00e9 n\u2019a aucun sens sans empathie. Un animal ne mesure pas la performance, il la ressent. Il sait si l\u2019ambiance est saine, si les gens vont bien, si le lieu respire. En ce sens, il est le <a href=\"https:\/\/planipets.com\/blog\/actualite\/aubervilliers-la-france-ouvre-son-premier-musee-entierement-dedie-au-chien\/\" data-type=\"post\" data-id=\"59861\"><strong>meilleur barom\u00e8tre social<\/strong><\/a> qu\u2019une entreprise puisse esp\u00e9rer.<\/p>\n\n\n<div class=\"wp-block-image\">\n<figure class=\"aligncenter size-full\"><img decoding=\"async\" width=\"600\" height=\"600\" src=\"https:\/\/planipets.com\/blog\/wp-content\/uploads\/2025\/10\/chien-dans-un-bureau-2.jpg\" alt=\"Deux personnes travaillent sur leurs ordinateurs dans un bureau moderne, pendant qu\u2019un chien calme repose \u00e0 leurs c\u00f4t\u00e9s, symbole du bien-\u00eatre animal int\u00e9gr\u00e9 \u00e0 la vie professionnelle.\" class=\"wp-image-64496\" title=\"\" srcset=\"https:\/\/planipets.com\/blog\/wp-content\/uploads\/2025\/10\/chien-dans-un-bureau-2.jpg 600w, https:\/\/planipets.com\/blog\/wp-content\/uploads\/2025\/10\/chien-dans-un-bureau-2-300x300.jpg 300w, https:\/\/planipets.com\/blog\/wp-content\/uploads\/2025\/10\/chien-dans-un-bureau-2-150x150.jpg 150w, https:\/\/planipets.com\/blog\/wp-content\/uploads\/2025\/10\/chien-dans-un-bureau-2-450x450.jpg 450w, https:\/\/planipets.com\/blog\/wp-content\/uploads\/2025\/10\/chien-dans-un-bureau-2-96x96.jpg 96w\" sizes=\"(max-width: 600px) 100vw, 600px\" \/><figcaption class=\"wp-element-caption\">Dans cet open space lumineux, la pr\u00e9sence d\u2019un chien transforme l\u2019ambiance : les id\u00e9es circulent mieux, le stress diminue, et la coop\u00e9ration devient plus naturelle. \u00ab\u00a0cr\u00e9dit photo :\u00a0Planipets M\u00e9dia\u00a0\u00bb<\/figcaption><\/figure>\n<\/div>\n\n\n<p class=\"wp-block-paragraph\">Les entreprises du futur ne seront pas seulement num\u00e9riques ou \u00e9cologiques \u2014 <strong>elles seront \u00e9motionnelles<\/strong>. Elles comprendront que la sant\u00e9 mentale n\u2019est pas une option RH mais une condition de survie collective. Et dans cette \u00e9quation, les animaux ne sont pas des figurants attendrissants : ils sont les t\u00e9moins d\u2019un \u00e9quilibre retrouv\u00e9 entre raison et instinct.<\/p>\n\n\n\n<p class=\"wp-block-paragraph\">Peut-\u00eatre que la prochaine r\u00e9volution du travail ne viendra pas d\u2019une IA plus intelligente, mais d\u2019un chien qui dort paisiblement sous une table de r\u00e9union. Parce que <strong>le vrai progr\u00e8s ne se code pas, il se caresse<\/strong>.<\/p>\n\n\n<\/div>\n\n\n<p class=\"wp-block-paragraph\"><\/p>\n\n\n\n<p class=\"wp-block-paragraph\"><\/p>\n\n\n\n<p class=\"wp-block-paragraph\"><\/p>\n\n\n<div style=\"background-color: #d9edf7; color: #31708f; border-left-color: #31708f; \" class=\"ub-styled-box ub-notification-box wp-block-ub-styled-box\" id=\"ub-styled-box-6447dc8f-1d38-4cae-847a-d7787c80f8ab\">\n<h2 class=\"wp-block-heading\" id=\"ub-styled-box-notification-content-\">FAQ \u2014 Pour aller plus loin<\/h2>\n\n\n<\/div>\n\n<div class=\"wp-block-ub-content-toggle wp-block-ub-content-toggle-block\" id=\"ub-content-toggle-block-88a0cdce-4314-490e-a8d4-7a0b16df448c\" data-mobilecollapse=\"false\" data-desktopcollapse=\"false\" data-preventcollapse=\"false\" data-showonlyone=\"false\">\n<div class=\"wp-block-ub-content-toggle-accordion\" style=\"border-color: #f1f1f1;\" id=\"ub-content-toggle-panel-block-\">\n\t\t\t<div class=\"wp-block-ub-content-toggle-accordion-title-wrap\" style=\"background-color: #f1f1f1;\" aria-controls=\"ub-content-toggle-panel-0-88a0cdce-4314-490e-a8d4-7a0b16df448c\" tabindex=\"0\">\n\t\t\t<h3 class=\"wp-block-ub-content-toggle-accordion-title ub-content-toggle-title-88a0cdce-4314-490e-a8d4-7a0b16df448c\" style=\"color: #000000; \">Travailler avec son chien, est-ce vraiment possible en France ?<\/h3>\n\t\t\t<div class=\"wp-block-ub-content-toggle-accordion-toggle-wrap right\" style=\"color: #000000;\"><span class=\"wp-block-ub-content-toggle-accordion-state-indicator wp-block-ub-chevron-down open\"><\/span><\/div>\n\t\t<\/div>\n\t\t\t<div role=\"region\" aria-expanded=\"true\" class=\"wp-block-ub-content-toggle-accordion-content-wrap\" id=\"ub-content-toggle-panel-0-88a0cdce-4314-490e-a8d4-7a0b16df448c\">\n\n<p class=\"wp-block-paragraph\">Oui, mais encore trop peu. Certaines entreprises, comme Nespresso France ou quelques start-ups conscientes, ont compris que <strong><a href=\"https:\/\/planipets.com\/blog\/actualite\/a-strasbourg-ces-commerces-cartonnent-en-travaillant-avec-leurs-chiens-bien-etre-et-clientele-fidele-au-rendez-vous\/\" data-type=\"post\" data-id=\"55415\">le bien-\u00eatre animal et le bien-\u00eatre humain vont de pair<\/a><\/strong>. Avec un peu de bon sens \u2014 zones calmes, r\u00e8gles d\u2019hygi\u00e8ne simples, concertation d\u2019\u00e9quipe \u2014 c\u2019est tout \u00e0 fait possible. Le vrai obstacle n\u2019est pas logistique, il est culturel.<\/p>\n\n<\/div>\n\t\t<\/div>\n\n<div class=\"wp-block-ub-content-toggle-accordion\" style=\"border-color: #f1f1f1;\" id=\"ub-content-toggle-panel-block-\">\n\t\t\t<div class=\"wp-block-ub-content-toggle-accordion-title-wrap\" style=\"background-color: #f1f1f1;\" aria-controls=\"ub-content-toggle-panel-1-88a0cdce-4314-490e-a8d4-7a0b16df448c\" tabindex=\"0\">\n\t\t\t<h3 class=\"wp-block-ub-content-toggle-accordion-title ub-content-toggle-title-88a0cdce-4314-490e-a8d4-7a0b16df448c\" style=\"color: #000000; \">Et pour les chats ?<\/h3>\n\t\t\t<div class=\"wp-block-ub-content-toggle-accordion-toggle-wrap right\" style=\"color: #000000;\"><span class=\"wp-block-ub-content-toggle-accordion-state-indicator wp-block-ub-chevron-down open\"><\/span><\/div>\n\t\t<\/div>\n\t\t\t<div role=\"region\" aria-expanded=\"true\" class=\"wp-block-ub-content-toggle-accordion-content-wrap\" id=\"ub-content-toggle-panel-1-88a0cdce-4314-490e-a8d4-7a0b16df448c\">\n\n<p class=\"wp-block-paragraph\">Les chats sont plus discrets, plus territoriaux. Ils n\u2019ont pas besoin d\u2019\u00eatre partout, mais ils savent trouver leur place quand on la leur laisse. Minou dirait : <em>\u201cOn n\u2019a pas besoin d\u2019\u00eatre invit\u00e9s, on sait o\u00f9 se poser.\u201d<\/em> Leur pr\u00e9sence apaise, inspire, et rappelle qu\u2019il existe mille fa\u00e7ons d\u2019\u00eatre ensemble \u2014 <strong>m\u00eame dans le silence<\/strong>.<\/p>\n\n<\/div>\n\t\t<\/div>\n\n<div class=\"wp-block-ub-content-toggle-accordion\" style=\"border-color: #f1f1f1;\" id=\"ub-content-toggle-panel-block-\">\n\t\t\t<div class=\"wp-block-ub-content-toggle-accordion-title-wrap\" style=\"background-color: #f1f1f1;\" aria-controls=\"ub-content-toggle-panel-2-88a0cdce-4314-490e-a8d4-7a0b16df448c\" tabindex=\"0\">\n\t\t\t<h3 class=\"wp-block-ub-content-toggle-accordion-title ub-content-toggle-title-88a0cdce-4314-490e-a8d4-7a0b16df448c\" style=\"color: #000000; \">Est-ce que la pr\u00e9sence d\u2019un animal am\u00e9liore vraiment la productivit\u00e9 ?<\/h3>\n\t\t\t<div class=\"wp-block-ub-content-toggle-accordion-toggle-wrap right\" style=\"color: #000000;\"><span class=\"wp-block-ub-content-toggle-accordion-state-indicator wp-block-ub-chevron-down open\"><\/span><\/div>\n\t\t<\/div>\n\t\t\t<div role=\"region\" aria-expanded=\"true\" class=\"wp-block-ub-content-toggle-accordion-content-wrap\" id=\"ub-content-toggle-panel-2-88a0cdce-4314-490e-a8d4-7a0b16df448c\">\n\n<p class=\"wp-block-paragraph\">Pas toujours au sens strict des chiffres, mais <strong>oui dans la dur\u00e9e<\/strong>. Moins de stress, plus de coh\u00e9sion, moins de conflits internes, davantage de motivation et de sinc\u00e9rit\u00e9. Les \u00e9tudes le prouvent, mais surtout, les visages le confirment. Ce que l\u2019animal apporte, aucun s\u00e9minaire de \u201cteam building\u201d ne peut l\u2019imiter : <strong>une \u00e9nergie simple, authentique, vivante.<\/strong><\/p>\n\n<\/div>\n\t\t<\/div>\n\n<div class=\"wp-block-ub-content-toggle-accordion\" style=\"border-color: #f1f1f1;\" id=\"ub-content-toggle-panel-block-\">\n\t\t\t<div class=\"wp-block-ub-content-toggle-accordion-title-wrap\" style=\"background-color: #f1f1f1;\" aria-controls=\"ub-content-toggle-panel-3-88a0cdce-4314-490e-a8d4-7a0b16df448c\" tabindex=\"0\">\n\t\t\t<h3 class=\"wp-block-ub-content-toggle-accordion-title ub-content-toggle-title-88a0cdce-4314-490e-a8d4-7a0b16df448c\" style=\"color: #000000; \">Quelle le\u00e7on tirer de l\u2019\u00e9pisode de Rex et Minou ?<\/h3>\n\t\t\t<div class=\"wp-block-ub-content-toggle-accordion-toggle-wrap right\" style=\"color: #000000;\"><span class=\"wp-block-ub-content-toggle-accordion-state-indicator wp-block-ub-chevron-down open\"><\/span><\/div>\n\t\t<\/div>\n\t\t\t<div role=\"region\" aria-expanded=\"true\" class=\"wp-block-ub-content-toggle-accordion-content-wrap\" id=\"ub-content-toggle-panel-3-88a0cdce-4314-490e-a8d4-7a0b16df448c\">\n\n<p class=\"wp-block-paragraph\">Que le bonheur n\u2019a pas qu\u2019un seul tempo. Le chien a besoin d\u2019action, le chat de calme \u2014 et tous deux ont besoin d\u2019\u00eatre compris. Leur \u00e9quilibre est une m\u00e9taphore du n\u00f4tre : <strong>respecter le rythme de l\u2019autre, c\u2019est d\u00e9j\u00e0 aimer.<\/strong><\/p>\n\n<\/div>\n\t\t<\/div>\n\n<div class=\"wp-block-ub-content-toggle-accordion\" style=\"border-color: #f1f1f1;\" id=\"ub-content-toggle-panel-block-\">\n\t\t\t<div class=\"wp-block-ub-content-toggle-accordion-title-wrap\" style=\"background-color: #f1f1f1;\" aria-controls=\"ub-content-toggle-panel-4-88a0cdce-4314-490e-a8d4-7a0b16df448c\" tabindex=\"0\">\n\t\t\t<h3 class=\"wp-block-ub-content-toggle-accordion-title ub-content-toggle-title-88a0cdce-4314-490e-a8d4-7a0b16df448c\" style=\"color: #000000; \">Que nous enseignent les animaux sur le travail ?<\/h3>\n\t\t\t<div class=\"wp-block-ub-content-toggle-accordion-toggle-wrap right\" style=\"color: #000000;\"><span class=\"wp-block-ub-content-toggle-accordion-state-indicator wp-block-ub-chevron-down open\"><\/span><\/div>\n\t\t<\/div>\n\t\t\t<div role=\"region\" aria-expanded=\"true\" class=\"wp-block-ub-content-toggle-accordion-content-wrap\" id=\"ub-content-toggle-panel-4-88a0cdce-4314-490e-a8d4-7a0b16df448c\">\n\n<p class=\"wp-block-paragraph\">Que nous sommes faits pour sentir, respirer, nous relier. Que la vraie performance est \u00e9motionnelle. Et que <strong>le futur du travail, s\u2019il veut redevenir humain, devra accepter la pr\u00e9sence du vivant \u2014 poils, silences et regards compris.<\/strong><\/p>\n\n<\/div>\n\t\t<\/div>\n<\/div>\n\n\n<p class=\"wp-block-paragraph\"><strong>Tribune r\u00e9dig\u00e9e par Val\u00e9rie Vanbiervliet pour Planipets M\u00e9dia <\/strong><\/p>\n\n\n\n<h3 class=\"wp-block-heading\">C\u2019est en partageant qu\u2019on fait bouger les lignes. Partagez \u00e7a sur vos r\u00e9seaux<\/h3>\n\n\n<div class=\"wp-block-ub-social-share\" id=\"ub-social-share-a23286d6-bfc7-4dc0-9079-080dd814b825\">\n\t\t\t<div class=\"social-share-icons align-icons-left orientation-icons-row\"><a aria-label=\"facebook-logo\" target=\"_blank\" rel=\"nofollow\" href=\"https:\/\/www.facebook.com\/sharer\/sharer.php?u=https%3A%2F%2Fplanipets.com%2Fblog%2Factualite%2Fils-apaisent-nos-journees-mais-restent-exclus-pourquoi-nos-chiens-nont-toujours-pas-leur-place-au-travail%2F&amp;title=Ils%20apaisent%20nos%20journ%C3%A9es%20mais%20restent%20exclus%20%3A%20pourquoi%20nos%20chiens%20n%E2%80%99ont%20toujours%20pas%20leur%20place%20au%20travail\" class=\"ub-social-share-facebook-container\" style=\"border-color: #1877f2; background-color: transparent; box-shadow: none; \">\n\t\t\t\t<span class=\"social-share-icon ub-social-share-facebook\" style=\"width: 30px; height: 30px; \"><svg xmlns=\"http:\/\/www.w3.org\/2000\/svg\" style=\"fill:#1877f2\" fill=\"#1877f2\" width=\"20\" height=\"20\" viewbox=\"0 0 264 512\"><path d=\"M76.7 512V283H0v-91h76.7v-71.7C76.7 42.4 124.3 0 193.8 0c33.3 0 61.9 2.5 70.2 3.6V85h-48.2c-37.8 0-45.1 18-45.1 44.3V192H256l-11.7 91h-73.6v229\"><\/path><\/svg><\/span><span style=\"\">share<\/span>\n\t\t\t<\/a><a aria-label=\"twitter-logo\" target=\"_blank\" rel=\"nofollow\" href=\"http:\/\/twitter.com\/intent\/tweet?url=https%3A%2F%2Fplanipets.com%2Fblog%2Factualite%2Fils-apaisent-nos-journees-mais-restent-exclus-pourquoi-nos-chiens-nont-toujours-pas-leur-place-au-travail%2F&amp;text=Ils%20apaisent%20nos%20journ%C3%A9es%20mais%20restent%20exclus%20%3A%20pourquoi%20nos%20chiens%20n%E2%80%99ont%20toujours%20pas%20leur%20place%20au%20travail\" class=\"ub-social-share-twitter-container\" style=\"border-color: #1d9bf0; background-color: transparent; box-shadow: none; \">\n\t\t\t\t<span class=\"social-share-icon ub-social-share-twitter\" style=\"width: 30px; height: 30px; \"><svg xmlns=\"http:\/\/www.w3.org\/2000\/svg\" style=\"color:#1d9BF0\" fill=\"#1d9BF0\" width=\"20\" height=\"20\" viewbox=\"0 0 24 24\"><path d=\"M18.901 1.153h3.68l-8.04 9.19L24 22.846h-7.406l-5.8-7.584l-6.638 7.584H.474l8.6-9.83L0 1.154h7.594l5.243 6.932ZM17.61 20.644h2.039L6.486 3.24H4.298Z\"><\/path><\/svg><\/span><span style=\"\">tweet<\/span>\n\t\t\t<\/a><a aria-label=\"linkedin-logo\" target=\"_blank\" rel=\"nofollow\" href=\"https:\/\/www.linkedin.com\/sharing\/share-offsite\/?url=https%3A%2F%2Fplanipets.com%2Fblog%2Factualite%2Fils-apaisent-nos-journees-mais-restent-exclus-pourquoi-nos-chiens-nont-toujours-pas-leur-place-au-travail%2F\" class=\"ub-social-share-linkedin-container\" style=\"border-color: #2867b2; background-color: transparent; box-shadow: none; \">\n\t\t\t\t<span class=\"social-share-icon ub-social-share-linkedin\" style=\"width: 30px; height: 30px; \"><svg xmlns=\"http:\/\/www.w3.org\/2000\/svg\" style=\"fill:#2867b2\" fill=\"#2867b2\" width=\"20\" height=\"20\" viewbox=\"0 0 448 512\"><path d=\"M100.3 480H7.4V180.9h92.9V480zM53.8 140.1C24.1 140.1 0 115.5 0 85.8 0 56.1 24.1 32 53.8 32c29.7 0 53.8 24.1 53.8 53.8 0 29.7-24.1 54.3-53.8 54.3zM448 480h-92.7V334.4c0-34.7-.7-79.2-48.3-79.2-48.3 0-55.7 37.7-55.7 76.7V480h-92.8V180.9h89.1v40.8h1.3c12.4-23.5 42.7-48.3 87.9-48.3 94 0 111.3 61.9 111.3 142.3V480z\"><\/path><\/svg><\/span><span style=\"\">share<\/span>\n\t\t\t<\/a><a aria-label=\"pinterest-logo\" target=\"_blank\" rel=\"nofollow\" href=\"https:\/\/pinterest.com\/pin\/create\/button\/?&amp;url=https%3A%2F%2Fplanipets.com%2Fblog%2Factualite%2Fils-apaisent-nos-journees-mais-restent-exclus-pourquoi-nos-chiens-nont-toujours-pas-leur-place-au-travail%2F&amp;description=Ils%20apaisent%20nos%20journ%C3%A9es%20mais%20restent%20exclus%20%3A%20pourquoi%20nos%20chiens%20n%E2%80%99ont%20toujours%20pas%20leur%20place%20au%20travail&amp;media=https:\/\/planipets.com\/blog\/wp-content\/uploads\/2025\/10\/chien-dans-un-bureau-4-1024x683.jpg\" class=\"ub-social-share-pinterest-container\" style=\"border-color: #e60023; background-color: transparent; box-shadow: none; \">\n\t\t\t\t<span class=\"social-share-icon ub-social-share-pinterest\" style=\"width: 30px; height: 30px; \"><svg xmlns=\"http:\/\/www.w3.org\/2000\/svg\" style=\"fill:#e60023\" fill=\"#e60023\" width=\"20\" height=\"20\" viewbox=\"0 0 384 512\"><path d=\"M204 6.5C101.4 6.5 0 74.9 0 185.6 0 256 39.6 296 63.6 296c9.9 0 15.6-27.6 15.6-35.4 0-9.3-23.7-29.1-23.7-67.8 0-80.4 61.2-137.4 140.4-137.4 68.1 0 118.5 38.7 118.5 109.8 0 53.1-21.3 152.7-90.3 152.7-24.9 0-46.2-18-46.2-43.8 0-37.8 26.4-74.4 26.4-113.4 0-66.2-93.9-54.2-93.9 25.8 0 16.8 2.1 35.4 9.6 50.7-13.8 59.4-42 147.9-42 209.1 0 18.9 2.7 37.5 4.5 56.4 3.4 3.8 1.7 3.4 6.9 1.5 50.4-69 48.6-82.5 71.4-172.8 12.3 23.4 44.1 36 69.3 36 106.2 0 153.9-103.5 153.9-196.8C384 71.3 298.2 6.5 204 6.5z\"><\/path><\/svg><\/span><span style=\"\">pin<\/span>\n\t\t\t<\/a><a aria-label=\"reddit-logo\" target=\"_blank\" rel=\"nofollow\" href=\"http:\/\/www.reddit.com\/submit?url=https%3A%2F%2Fplanipets.com%2Fblog%2Factualite%2Fils-apaisent-nos-journees-mais-restent-exclus-pourquoi-nos-chiens-nont-toujours-pas-leur-place-au-travail%2F&amp;title=Ils%20apaisent%20nos%20journ%C3%A9es%20mais%20restent%20exclus%20%3A%20pourquoi%20nos%20chiens%20n%E2%80%99ont%20toujours%20pas%20leur%20place%20au%20travail\" class=\"ub-social-share-reddit-container\" style=\"border-color: #ff4500; background-color: transparent; box-shadow: none; \">\n\t\t\t\t<span class=\"social-share-icon ub-social-share-reddit\" style=\"width: 30px; height: 30px; \"><svg xmlns=\"http:\/\/www.w3.org\/2000\/svg\" style=\"fill:#ff4500\" fill=\"#ff4500\" width=\"20\" height=\"20\" viewbox=\"0 0 512 512\"><path d=\"M440.3 203.5c-15 0-28.2 6.2-37.9 15.9-35.7-24.7-83.8-40.6-137.1-42.3L293 52.3l88.2 19.8c0 21.6 17.6 39.2 39.2 39.2 22 0 39.7-18.1 39.7-39.7s-17.6-39.7-39.7-39.7c-15.4 0-28.7 9.3-35.3 22l-97.4-21.6c-4.9-1.3-9.7 2.2-11 7.1L246.3 177c-52.9 2.2-100.5 18.1-136.3 42.8-9.7-10.1-23.4-16.3-38.4-16.3-55.6 0-73.8 74.6-22.9 100.1-1.8 7.9-2.6 16.3-2.6 24.7 0 83.8 94.4 151.7 210.3 151.7 116.4 0 210.8-67.9 210.8-151.7 0-8.4-.9-17.2-3.1-25.1 49.9-25.6 31.5-99.7-23.8-99.7zM129.4 308.9c0-22 17.6-39.7 39.7-39.7 21.6 0 39.2 17.6 39.2 39.7 0 21.6-17.6 39.2-39.2 39.2-22 .1-39.7-17.6-39.7-39.2zm214.3 93.5c-36.4 36.4-139.1 36.4-175.5 0-4-3.5-4-9.7 0-13.7 3.5-3.5 9.7-3.5 13.2 0 27.8 28.5 120 29 149 0 3.5-3.5 9.7-3.5 13.2 0 4.1 4 4.1 10.2.1 13.7zm-.8-54.2c-21.6 0-39.2-17.6-39.2-39.2 0-22 17.6-39.7 39.2-39.7 22 0 39.7 17.6 39.7 39.7-.1 21.5-17.7 39.2-39.7 39.2z\"><\/path><\/svg><\/span><span style=\"\">post<\/span>\n\t\t\t<\/a><a aria-label=\"tumblr-logo\" target=\"_blank\" rel=\"nofollow\" href=\"https:\/\/www.tumblr.com\/widgets\/share\/tool?canonicalUrl=https%3A%2F%2Fplanipets.com%2Fblog%2Factualite%2Fils-apaisent-nos-journees-mais-restent-exclus-pourquoi-nos-chiens-nont-toujours-pas-leur-place-au-travail%2F&amp;title=Ils%20apaisent%20nos%20journ%C3%A9es%20mais%20restent%20exclus%20%3A%20pourquoi%20nos%20chiens%20n%E2%80%99ont%20toujours%20pas%20leur%20place%20au%20travail\" class=\"ub-social-share-tumblr-container\" style=\"border-color: #001935; background-color: transparent; box-shadow: none; \">\n\t\t\t\t<span class=\"social-share-icon ub-social-share-tumblr\" style=\"width: 30px; height: 30px; \"><svg xmlns=\"http:\/\/www.w3.org\/2000\/svg\" style=\"fill:#001935\" fill=\"#001935\" width=\"20\" height=\"20\" viewbox=\"0 0 320 512\"><path d=\"M309.8 480.3c-13.6 14.5-50 31.7-97.4 31.7-120.8 0-147-88.8-147-140.6v-144H17.9c-5.5 0-10-4.5-10-10v-68c0-7.2 4.5-13.6 11.3-16 62-21.8 81.5-76 84.3-117.1.8-11 6.5-16.3 16.1-16.3h70.9c5.5 0 10 4.5 10 10v115.2h83c5.5 0 10 4.4 10 9.9v81.7c0 5.5-4.5 10-10 10h-83.4V360c0 34.2 23.7 53.6 68 35.8 4.8-1.9 9-3.2 12.7-2.2 3.5.9 5.8 3.4 7.4 7.9l22 64.3c1.8 5 3.3 10.6-.4 14.5z\"><\/path><\/svg><\/span><span style=\"\">share<\/span>\n\t\t\t<\/a><\/div>\n\t\t<\/div>\n\n\n<h3 class=\"wp-block-heading\">Nos lecteurs n\u2019en sont pas rest\u00e9s l\u00e0. Ils ont craqu\u00e9 pour ces autres sujets<\/h3>\n\n\n<section class=\"wp-block-ub-post-grid ub-block-post-grid align  is-equal-height preserve-post-image-aspect-ratio\" style=\"\" id=\"ub-post-grid-\"><div class=\"ub-post-grid-items is-grid columns-2\" style=\"row-gap: 32px; column-gap: 32px; \"><article id=\"post-67404\" class=\"ub-post-grid-item post-67404 post type-post status-publish format-standard has-post-thumbnail category-comportement-chien category-accessoires category-adopter-chien tag-animaux tag-chien tag-education tag-fugue tag-securite\" style=\"\"><div class=\"ub-block-post-grid-image\" style=\"\"><a href=\"https:\/\/planipets.com\/blog\/chien\/comportement-chien\/retrouver-chien-fugueur-2\/\" rel=\"bookmark\" aria-hidden=\"true\" tabindex=\"-1\"><img loading=\"lazy\" decoding=\"async\" width=\"1536\" height=\"1024\" src=\"https:\/\/planipets.com\/blog\/wp-content\/uploads\/2026\/04\/Comment-retrouver-rapidement-votre-chien-fugueur-et-eviter-les-recidives-2.png\" class=\"attachment-full size-full\" alt=\"\" style=\"max-width: 600px; \" srcset=\"https:\/\/planipets.com\/blog\/wp-content\/uploads\/2026\/04\/Comment-retrouver-rapidement-votre-chien-fugueur-et-eviter-les-recidives-2.png 1536w, https:\/\/planipets.com\/blog\/wp-content\/uploads\/2026\/04\/Comment-retrouver-rapidement-votre-chien-fugueur-et-eviter-les-recidives-2-300x200.png 300w, https:\/\/planipets.com\/blog\/wp-content\/uploads\/2026\/04\/Comment-retrouver-rapidement-votre-chien-fugueur-et-eviter-les-recidives-2-1024x683.png 1024w, https:\/\/planipets.com\/blog\/wp-content\/uploads\/2026\/04\/Comment-retrouver-rapidement-votre-chien-fugueur-et-eviter-les-recidives-2-768x512.png 768w, https:\/\/planipets.com\/blog\/wp-content\/uploads\/2026\/04\/Comment-retrouver-rapidement-votre-chien-fugueur-et-eviter-les-recidives-2-150x100.png 150w, https:\/\/planipets.com\/blog\/wp-content\/uploads\/2026\/04\/Comment-retrouver-rapidement-votre-chien-fugueur-et-eviter-les-recidives-2-450x300.png 450w, https:\/\/planipets.com\/blog\/wp-content\/uploads\/2026\/04\/Comment-retrouver-rapidement-votre-chien-fugueur-et-eviter-les-recidives-2-1200x800.png 1200w\" sizes=\"(max-width: 1536px) 100vw, 1536px\" title=\"\"><\/a><\/div><div class=\"ub-block-post-grid-text\" style=\"\"><div class=\"ub-block-post-grid-header-content\"><header class=\"ub-block-post-grid-header\"><h2 class=\"ub-block-post-grid-title\"><a style=\"\" href=\"https:\/\/planipets.com\/blog\/chien\/comportement-chien\/retrouver-chien-fugueur-2\/\" rel=\"bookmark\">Comment retrouver rapidement votre chien fugueur et \u00e9viter les r\u00e9cidives<\/a><\/h2><div class=\"ub-block-post-grid-author\" itemprop=\"author\"><a class=\"ub-text-link\" style=\"\" href=\"https:\/\/planipets.com\/blog\/author\/redaction\/\" itemprop=\"url\" rel=\"author\"><span itemprop=\"name\">The Planipets editorial team<\/span><\/a><\/div><time datetime=\"2026-04-28T09:11:07+02:00\" class=\"ub-block-post-grid-date\" style=\"\" itemprop=\"datePublished\">2026-04-28<\/time><\/header><\/div><div class=\"ub-block-post-grid-excerpt\"><div class=\"ub-block-post-grid-excerpt-text\" style=\"\"><p>\u2726 L\u2019essentiel Il ne faut parfois qu\u2019un instant d\u2019inattention \u2014 une porti\u00e8re qui claque, un bruit inattendu \u2014 pour que votre chien disparaisse. Le vide s\u2019installe, l\u2019angoisse serre la gorge. Tout bascule en une fraction de seconde. En bref : N\u2019importe quel ma\u00eetre peut \u00eatre confront\u00e9 \u00e0 la fugue, peu importe le caract\u00e8re de son\u2026<\/p>\n<\/div><p><a class=\"ub-block-post-grid-more-link ub-text-link\" style=\"\" href=\"https:\/\/planipets.com\/blog\/chien\/comportement-chien\/retrouver-chien-fugueur-2\/\" rel=\"bookmark\">Continue Reading <span class=\"screen-reader-text\">Comment retrouver rapidement votre chien fugueur et \u00e9viter les r\u00e9cidives<\/span><\/a><\/p><\/div><\/div><\/article>\n<article id=\"post-67371\" class=\"ub-post-grid-item post-67371 post type-post status-publish format-standard has-post-thumbnail category-races-chiens category-bien-vivre-avec-son-chien category-ce-quon-ne-veut-pas-voir category-chien category-choisir-alimentation-chien category-comportement-chien category-origine-domestication-chien category-sante-chien\" style=\"\"><div class=\"ub-block-post-grid-image\" style=\"\"><a href=\"https:\/\/planipets.com\/blog\/chien\/races-chiens\/laffenpinscher-infographies-pour-tout-savoir-sur-son-histoire-son-temperament-son-education-son-cout-2\/\" rel=\"bookmark\" aria-hidden=\"true\" tabindex=\"-1\"><img loading=\"lazy\" decoding=\"async\" width=\"1200\" height=\"600\" src=\"https:\/\/planipets.com\/blog\/wp-content\/uploads\/2026\/04\/Image-en-avant.jpg\" class=\"attachment-full size-full\" alt=\"Airedale Terrier marchant dans un ruisseau en pleine nature, sur un chemin rural.\" style=\"max-width: 600px; \" srcset=\"https:\/\/planipets.com\/blog\/wp-content\/uploads\/2026\/04\/Image-en-avant.jpg 1200w, https:\/\/planipets.com\/blog\/wp-content\/uploads\/2026\/04\/Image-en-avant-300x150.jpg 300w, https:\/\/planipets.com\/blog\/wp-content\/uploads\/2026\/04\/Image-en-avant-1024x512.jpg 1024w, https:\/\/planipets.com\/blog\/wp-content\/uploads\/2026\/04\/Image-en-avant-768x384.jpg 768w, https:\/\/planipets.com\/blog\/wp-content\/uploads\/2026\/04\/Image-en-avant-150x75.jpg 150w, https:\/\/planipets.com\/blog\/wp-content\/uploads\/2026\/04\/Image-en-avant-450x225.jpg 450w\" sizes=\"(max-width: 1200px) 100vw, 1200px\" title=\"\"><\/a><\/div><div class=\"ub-block-post-grid-text\" style=\"\"><div class=\"ub-block-post-grid-header-content\"><header class=\"ub-block-post-grid-header\"><h2 class=\"ub-block-post-grid-title\"><a style=\"\" href=\"https:\/\/planipets.com\/blog\/chien\/races-chiens\/laffenpinscher-infographies-pour-tout-savoir-sur-son-histoire-son-temperament-son-education-son-cout-2\/\" rel=\"bookmark\">Le Airedale Terrier : infographies pour tout savoir sur son histoire, son temp\u00e9rament, son \u00e9ducation, son co\u00fbt<\/a><\/h2><div class=\"ub-block-post-grid-author\" itemprop=\"author\"><a class=\"ub-text-link\" style=\"\" href=\"https:\/\/planipets.com\/blog\/author\/redaction\/\" itemprop=\"url\" rel=\"author\"><span itemprop=\"name\">The Planipets editorial team<\/span><\/a><\/div><time datetime=\"2026-04-26T13:47:52+02:00\" class=\"ub-block-post-grid-date\" style=\"\" itemprop=\"datePublished\">2026-04-26<\/time><\/header><\/div><div class=\"ub-block-post-grid-excerpt\"><div class=\"ub-block-post-grid-excerpt-text\" style=\"\"><p>L\u2019Affenpinscher, souvent surnomm\u00e9 le \u00ab petit chien-singe \u00bb en raison de son expression faciale unique, est une race de petit chien originaire d\u2019Allemagne. Derri\u00e8re son allure amusante et sa barbe caract\u00e9ristique se cache un compagnon courageux, vif et extr\u00eamement attach\u00e9 \u00e0 ses ma\u00eetres\u2026<\/p>\n<\/div><p><a class=\"ub-block-post-grid-more-link ub-text-link\" style=\"\" href=\"https:\/\/planipets.com\/blog\/chien\/races-chiens\/laffenpinscher-infographies-pour-tout-savoir-sur-son-histoire-son-temperament-son-education-son-cout-2\/\" rel=\"bookmark\">Continue Reading <span class=\"screen-reader-text\">Le Airedale Terrier : infographies pour tout savoir sur son histoire, son temp\u00e9rament, son \u00e9ducation, son co\u00fbt<\/span><\/a><\/p><\/div><\/div><\/article>\n<article id=\"post-67381\" class=\"ub-post-grid-item post-67381 post type-post status-publish format-standard has-post-thumbnail category-chat-qui-miaule category-comportement-chat category-sante-chat tag-chat tag-comportement-felin tag-miaulement tag-sante-animale tag-solutions\" style=\"\"><div class=\"ub-block-post-grid-image\" style=\"\"><a href=\"https:\/\/planipets.com\/blog\/chat\/bien-vivre-avec-son-chat\/chat-qui-miaule\/miaulement-incessant-chat-causes-solutions\/\" rel=\"bookmark\" aria-hidden=\"true\" tabindex=\"-1\"><img loading=\"lazy\" decoding=\"async\" width=\"1536\" height=\"1024\" src=\"https:\/\/planipets.com\/blog\/wp-content\/uploads\/2026\/04\/Miaulement-incessant-chez-le-chat-causes-et-solutions-pour-apaiser-votre-felin.png\" class=\"attachment-full size-full\" alt=\"\" style=\"max-width: 600px; \" srcset=\"https:\/\/planipets.com\/blog\/wp-content\/uploads\/2026\/04\/Miaulement-incessant-chez-le-chat-causes-et-solutions-pour-apaiser-votre-felin.png 1536w, https:\/\/planipets.com\/blog\/wp-content\/uploads\/2026\/04\/Miaulement-incessant-chez-le-chat-causes-et-solutions-pour-apaiser-votre-felin-300x200.png 300w, https:\/\/planipets.com\/blog\/wp-content\/uploads\/2026\/04\/Miaulement-incessant-chez-le-chat-causes-et-solutions-pour-apaiser-votre-felin-1024x683.png 1024w, https:\/\/planipets.com\/blog\/wp-content\/uploads\/2026\/04\/Miaulement-incessant-chez-le-chat-causes-et-solutions-pour-apaiser-votre-felin-768x512.png 768w, https:\/\/planipets.com\/blog\/wp-content\/uploads\/2026\/04\/Miaulement-incessant-chez-le-chat-causes-et-solutions-pour-apaiser-votre-felin-150x100.png 150w, https:\/\/planipets.com\/blog\/wp-content\/uploads\/2026\/04\/Miaulement-incessant-chez-le-chat-causes-et-solutions-pour-apaiser-votre-felin-450x300.png 450w, https:\/\/planipets.com\/blog\/wp-content\/uploads\/2026\/04\/Miaulement-incessant-chez-le-chat-causes-et-solutions-pour-apaiser-votre-felin-1200x800.png 1200w\" sizes=\"(max-width: 1536px) 100vw, 1536px\" title=\"\"><\/a><\/div><div class=\"ub-block-post-grid-text\" style=\"\"><div class=\"ub-block-post-grid-header-content\"><header class=\"ub-block-post-grid-header\"><h2 class=\"ub-block-post-grid-title\"><a style=\"\" href=\"https:\/\/planipets.com\/blog\/chat\/bien-vivre-avec-son-chat\/chat-qui-miaule\/miaulement-incessant-chat-causes-solutions\/\" rel=\"bookmark\">Miaulement incessant chez le chat : causes et solutions pour apaiser votre f\u00e9lin<\/a><\/h2><div class=\"ub-block-post-grid-author\" itemprop=\"author\"><a class=\"ub-text-link\" style=\"\" href=\"https:\/\/planipets.com\/blog\/author\/redaction\/\" itemprop=\"url\" rel=\"author\"><span itemprop=\"name\">The Planipets editorial team<\/span><\/a><\/div><time datetime=\"2026-04-26T13:47:01+02:00\" class=\"ub-block-post-grid-date\" style=\"\" itemprop=\"datePublished\">2026-04-26<\/time><\/header><\/div><div class=\"ub-block-post-grid-excerpt\"><div class=\"ub-block-post-grid-excerpt-text\" style=\"\"><p>\u2726 L\u2019essentiel **Le miaulement incessant de votre chat peut \u00eatre d\u00e9routant et parfois m\u00eame inqui\u00e9tant. Mais comprendre les raisons derri\u00e8re ces vocalisations peut vous aider \u00e0 mieux r\u00e9pondre aux besoins de votre f\u00e9lin.** En bref : Le miaulement peut indiquer des besoins physiologiques ou des probl\u00e8mes de sant\u00e9. Les causes comportementales incluent le stress et\u2026<\/p>\n<\/div><p><a class=\"ub-block-post-grid-more-link ub-text-link\" style=\"\" href=\"https:\/\/planipets.com\/blog\/chat\/bien-vivre-avec-son-chat\/chat-qui-miaule\/miaulement-incessant-chat-causes-solutions\/\" rel=\"bookmark\">Continue Reading <span class=\"screen-reader-text\">Miaulement incessant chez le chat : causes et solutions pour apaiser votre f\u00e9lin<\/span><\/a><\/p><\/div><\/div><\/article>\n<article id=\"post-67365\" class=\"ub-post-grid-item post-67365 post type-post status-publish format-standard has-post-thumbnail category-chat-qui-miaule tag-chat tag-communication-animale tag-comportement-felin tag-emotions-felines tag-miaulements\" style=\"\"><div class=\"ub-block-post-grid-image\" style=\"\"><a href=\"https:\/\/planipets.com\/blog\/chat\/bien-vivre-avec-son-chat\/chat-qui-miaule\/miaulements-chat-decryptage-vocalisations-emotions\/\" rel=\"bookmark\" aria-hidden=\"true\" tabindex=\"-1\"><img loading=\"lazy\" decoding=\"async\" width=\"1536\" height=\"1024\" src=\"https:\/\/planipets.com\/blog\/wp-content\/uploads\/2026\/04\/Miaulements-chez-le-chat-Comprendre-les-vocalisations-et-emotions-felines.png\" class=\"attachment-full size-full\" alt=\"\" style=\"max-width: 600px; \" srcset=\"https:\/\/planipets.com\/blog\/wp-content\/uploads\/2026\/04\/Miaulements-chez-le-chat-Comprendre-les-vocalisations-et-emotions-felines.png 1536w, https:\/\/planipets.com\/blog\/wp-content\/uploads\/2026\/04\/Miaulements-chez-le-chat-Comprendre-les-vocalisations-et-emotions-felines-300x200.png 300w, https:\/\/planipets.com\/blog\/wp-content\/uploads\/2026\/04\/Miaulements-chez-le-chat-Comprendre-les-vocalisations-et-emotions-felines-1024x683.png 1024w, https:\/\/planipets.com\/blog\/wp-content\/uploads\/2026\/04\/Miaulements-chez-le-chat-Comprendre-les-vocalisations-et-emotions-felines-768x512.png 768w, https:\/\/planipets.com\/blog\/wp-content\/uploads\/2026\/04\/Miaulements-chez-le-chat-Comprendre-les-vocalisations-et-emotions-felines-150x100.png 150w, https:\/\/planipets.com\/blog\/wp-content\/uploads\/2026\/04\/Miaulements-chez-le-chat-Comprendre-les-vocalisations-et-emotions-felines-450x300.png 450w, https:\/\/planipets.com\/blog\/wp-content\/uploads\/2026\/04\/Miaulements-chez-le-chat-Comprendre-les-vocalisations-et-emotions-felines-1200x800.png 1200w\" sizes=\"(max-width: 1536px) 100vw, 1536px\" title=\"\"><\/a><\/div><div class=\"ub-block-post-grid-text\" style=\"\"><div class=\"ub-block-post-grid-header-content\"><header class=\"ub-block-post-grid-header\"><h2 class=\"ub-block-post-grid-title\"><a style=\"\" href=\"https:\/\/planipets.com\/blog\/chat\/bien-vivre-avec-son-chat\/chat-qui-miaule\/miaulements-chat-decryptage-vocalisations-emotions\/\" rel=\"bookmark\">Miaulements chez le chat : Comprendre les vocalisations et \u00e9motions f\u00e9lines<\/a><\/h2><div class=\"ub-block-post-grid-author\" itemprop=\"author\"><a class=\"ub-text-link\" style=\"\" href=\"https:\/\/planipets.com\/blog\/author\/\" itemprop=\"url\" rel=\"author\"><span itemprop=\"name\"><\/span><\/a><\/div><time datetime=\"2026-04-15T18:53:34+02:00\" class=\"ub-block-post-grid-date\" style=\"\" itemprop=\"datePublished\">2026-04-15<\/time><\/header><\/div><div class=\"ub-block-post-grid-excerpt\"><div class=\"ub-block-post-grid-excerpt-text\" style=\"\"><p># Miaulements chez le chat : d\u00e9cryptage des vocalisations et des \u00e9motions f\u00e9lines Les propri\u00e9taires de chats pensent souvent comprendre parfaitement les miaulements de leur compagnon. Pourtant, les \u00e9tudes scientifiques r\u00e9v\u00e8lent une r\u00e9alit\u00e9 bien plus complexe : chaque son \u00e9mis par votre f\u00e9lin est un message cod\u00e9, influenc\u00e9 par son \u00e9tat \u00e9motionnel, son environnement et\u2026<\/p>\n<\/div><p><a class=\"ub-block-post-grid-more-link ub-text-link\" style=\"\" href=\"https:\/\/planipets.com\/blog\/chat\/bien-vivre-avec-son-chat\/chat-qui-miaule\/miaulements-chat-decryptage-vocalisations-emotions\/\" rel=\"bookmark\">Continue Reading <span class=\"screen-reader-text\">Miaulements chez le chat : Comprendre les vocalisations et \u00e9motions f\u00e9lines<\/span><\/a><\/p><\/div><\/div><\/article>\n<article id=\"post-67315\" class=\"ub-post-grid-item post-67315 post type-post status-publish format-standard has-post-thumbnail category-races-chiens category-adopter-chien category-bien-vivre-avec-son-chien category-comportement-chien\" style=\"\"><div class=\"ub-block-post-grid-image\" style=\"\"><a href=\"https:\/\/planipets.com\/blog\/chien\/races-chiens\/laffenpinscher-infographies-pour-tout-savoir-sur-son-histoire-son-temperament-son-education-son-cout\/\" rel=\"bookmark\" aria-hidden=\"true\" tabindex=\"-1\"><img loading=\"lazy\" decoding=\"async\" width=\"1200\" height=\"600\" src=\"https:\/\/planipets.com\/blog\/wp-content\/uploads\/2026\/03\/affenpinscher-chien-noir-jouet-herbe.jpg\" class=\"attachment-full size-full\" alt=\"Affenpinscher noir allong\u00e9 dans l\u2019herbe avec un jouet orange\" style=\"max-width: 600px; \" srcset=\"https:\/\/planipets.com\/blog\/wp-content\/uploads\/2026\/03\/affenpinscher-chien-noir-jouet-herbe.jpg 1200w, https:\/\/planipets.com\/blog\/wp-content\/uploads\/2026\/03\/affenpinscher-chien-noir-jouet-herbe-300x150.jpg 300w, https:\/\/planipets.com\/blog\/wp-content\/uploads\/2026\/03\/affenpinscher-chien-noir-jouet-herbe-1024x512.jpg 1024w, https:\/\/planipets.com\/blog\/wp-content\/uploads\/2026\/03\/affenpinscher-chien-noir-jouet-herbe-768x384.jpg 768w, https:\/\/planipets.com\/blog\/wp-content\/uploads\/2026\/03\/affenpinscher-chien-noir-jouet-herbe-150x75.jpg 150w, https:\/\/planipets.com\/blog\/wp-content\/uploads\/2026\/03\/affenpinscher-chien-noir-jouet-herbe-450x225.jpg 450w\" sizes=\"(max-width: 1200px) 100vw, 1200px\" title=\"\"><\/a><\/div><div class=\"ub-block-post-grid-text\" style=\"\"><div class=\"ub-block-post-grid-header-content\"><header class=\"ub-block-post-grid-header\"><h2 class=\"ub-block-post-grid-title\"><a style=\"\" href=\"https:\/\/planipets.com\/blog\/chien\/races-chiens\/laffenpinscher-infographies-pour-tout-savoir-sur-son-histoire-son-temperament-son-education-son-cout\/\" rel=\"bookmark\">L\u2019Affenpinscher : infographies pour tout savoir sur son histoire, son temp\u00e9rament, son \u00e9ducation, son co\u00fbt<\/a><\/h2><div class=\"ub-block-post-grid-author\" itemprop=\"author\"><a class=\"ub-text-link\" style=\"\" href=\"https:\/\/planipets.com\/blog\/author\/redaction\/\" itemprop=\"url\" rel=\"author\"><span itemprop=\"name\">The Planipets editorial team<\/span><\/a><\/div><time datetime=\"2026-03-17T12:46:25+01:00\" class=\"ub-block-post-grid-date\" style=\"\" itemprop=\"datePublished\">2026-03-17<\/time><\/header><\/div><div class=\"ub-block-post-grid-excerpt\"><div class=\"ub-block-post-grid-excerpt-text\" style=\"\"><p>L\u2019Affenpinscher, souvent surnomm\u00e9 le \u00ab petit chien-singe \u00bb en raison de son expression faciale unique, est une race de petit chien originaire d\u2019Allemagne. Derri\u00e8re son allure amusante et sa barbe caract\u00e9ristique se cache un compagnon courageux, vif et extr\u00eamement attach\u00e9 \u00e0 ses ma\u00eetres\u2026<\/p>\n<\/div><p><a class=\"ub-block-post-grid-more-link ub-text-link\" style=\"\" href=\"https:\/\/planipets.com\/blog\/chien\/races-chiens\/laffenpinscher-infographies-pour-tout-savoir-sur-son-histoire-son-temperament-son-education-son-cout\/\" rel=\"bookmark\">Continue Reading <span class=\"screen-reader-text\">L\u2019Affenpinscher : infographies pour tout savoir sur son histoire, son temp\u00e9rament, son \u00e9ducation, son co\u00fbt<\/span><\/a><\/p><\/div><\/div><\/article>\n<article id=\"post-67281\" class=\"ub-post-grid-item post-67281 post type-post status-publish format-standard has-post-thumbnail category-comportement-chien category-bien-vivre-avec-son-chien category-conseils-et-vie-quotidienne\" style=\"\"><div class=\"ub-block-post-grid-image\" style=\"\"><a href=\"https:\/\/planipets.com\/blog\/chien\/comportement-chien\/preparer-son-chien-a-attendre-dehors\/\" rel=\"bookmark\" aria-hidden=\"true\" tabindex=\"-1\"><img loading=\"lazy\" decoding=\"async\" width=\"1200\" height=\"675\" src=\"https:\/\/planipets.com\/blog\/wp-content\/uploads\/2025\/12\/Image-en-avant.jpg\" class=\"attachment-full size-full\" alt=\"Illustration d&#039;un propri\u00e9taire enseignant \u00e0 son chien \u00e0 rester calme avant de partir, avec un geste de &quot;reste&quot;. Cr\u00e9dit photo : Planipets\" style=\"max-width: 600px; \" srcset=\"https:\/\/planipets.com\/blog\/wp-content\/uploads\/2025\/12\/Image-en-avant.jpg 1200w, https:\/\/planipets.com\/blog\/wp-content\/uploads\/2025\/12\/Image-en-avant-300x169.jpg 300w, https:\/\/planipets.com\/blog\/wp-content\/uploads\/2025\/12\/Image-en-avant-1024x576.jpg 1024w, https:\/\/planipets.com\/blog\/wp-content\/uploads\/2025\/12\/Image-en-avant-768x432.jpg 768w, https:\/\/planipets.com\/blog\/wp-content\/uploads\/2025\/12\/Image-en-avant-150x84.jpg 150w, https:\/\/planipets.com\/blog\/wp-content\/uploads\/2025\/12\/Image-en-avant-450x253.jpg 450w\" sizes=\"(max-width: 1200px) 100vw, 1200px\" title=\"\"><\/a><\/div><div class=\"ub-block-post-grid-text\" style=\"\"><div class=\"ub-block-post-grid-header-content\"><header class=\"ub-block-post-grid-header\"><h2 class=\"ub-block-post-grid-title\"><a style=\"\" href=\"https:\/\/planipets.com\/blog\/chien\/comportement-chien\/preparer-son-chien-a-attendre-dehors\/\" rel=\"bookmark\">Comment pr\u00e9parer son chien \u00e0 attendre dehors en toute s\u00e9r\u00e9nit\u00e9 ?<\/a><\/h2><div class=\"ub-block-post-grid-author\" itemprop=\"author\"><a class=\"ub-text-link\" style=\"\" href=\"https:\/\/planipets.com\/blog\/author\/redaction\/\" itemprop=\"url\" rel=\"author\"><span itemprop=\"name\">The Planipets editorial team<\/span><\/a><\/div><time datetime=\"2025-12-08T20:52:56+01:00\" class=\"ub-block-post-grid-date\" style=\"\" itemprop=\"datePublished\">2025-12-08<\/time><\/header><\/div><div class=\"ub-block-post-grid-excerpt\"><div class=\"ub-block-post-grid-excerpt-text\" style=\"\"><p>L\u2019attente en ext\u00e9rieur peut \u00eatre une exp\u00e9rience stressante pour certains chiens, surtout si ce moment est associ\u00e9 \u00e0 de l\u2019anxi\u00e9t\u00e9 ou de l\u2019ennui. Pr\u00e9parer son chien \u00e0 attendre dehors en toute s\u00e9r\u00e9nit\u00e9 est essentiel pour sa tranquillit\u00e9 et pour la v\u00f4tre. Cette pr\u00e9paration ne se fait pas du jour au lendemain, mais avec un peu\u2026<\/p>\n<\/div><p><a class=\"ub-block-post-grid-more-link ub-text-link\" style=\"\" href=\"https:\/\/planipets.com\/blog\/chien\/comportement-chien\/preparer-son-chien-a-attendre-dehors\/\" rel=\"bookmark\">Continue Reading <span class=\"screen-reader-text\">Comment pr\u00e9parer son chien \u00e0 attendre dehors en toute s\u00e9r\u00e9nit\u00e9 ?<\/span><\/a><\/p><\/div><\/div><\/article>\n<\/div><\/section>","protected":false},"excerpt":{"rendered":"<p>Cet article n\u2019est pas une ode \u00e0 la mignonnerie. C\u2019est un plaidoyer\u2026 Chaque matin, derri\u00e8re des portes closes, se joue un drame silencieux que personne ne filme. Des millions de chiens, comme Filou, Muffin ou Naya, regardent leur humain enfiler son manteau, prendre ses cl\u00e9s, refermer la porte \u2014 et dispara\u00eetre jusqu\u2019au soir. Pendant ce<\/p>\n","protected":false},"author":26,"featured_media":64498,"comment_status":"open","ping_status":"open","sticky":false,"template":"","format":"standard","meta":{"_crdt_document":"","footnotes":"","spc_primary_category":2616},"categories":[2616,47,2617,2634,2633,2629],"tags":[],"class_list":{"0":"post-64473","1":"post","2":"type-post","3":"status-publish","4":"format-standard","5":"has-post-thumbnail","7":"category-medias","8":"category-chien","9":"category-collectivites-bien-etre-animal","10":"category-questionnements-radicaux","11":"category-relations-sous-tension","12":"category-resonance-animale"},"featured_image_src":"https:\/\/planipets.com\/blog\/wp-content\/uploads\/2025\/10\/chien-dans-un-bureau-4.jpg","author_info":{"display_name":"The Planipets editorial team","author_link":"https:\/\/planipets.com\/blog\/author\/redaction\/"},"brizy_media":[],"_links":{"self":[{"href":"https:\/\/planipets.com\/blog\/wp-json\/wp\/v2\/posts\/64473","targetHints":{"allow":["GET"]}}],"collection":[{"href":"https:\/\/planipets.com\/blog\/wp-json\/wp\/v2\/posts"}],"about":[{"href":"https:\/\/planipets.com\/blog\/wp-json\/wp\/v2\/types\/post"}],"author":[{"embeddable":true,"href":"https:\/\/planipets.com\/blog\/wp-json\/wp\/v2\/users\/26"}],"replies":[{"embeddable":true,"href":"https:\/\/planipets.com\/blog\/wp-json\/wp\/v2\/comments?post=64473"}],"version-history":[{"count":10,"href":"https:\/\/planipets.com\/blog\/wp-json\/wp\/v2\/posts\/64473\/revisions"}],"predecessor-version":[{"id":65966,"href":"https:\/\/planipets.com\/blog\/wp-json\/wp\/v2\/posts\/64473\/revisions\/65966"}],"wp:featuredmedia":[{"embeddable":true,"href":"https:\/\/planipets.com\/blog\/wp-json\/wp\/v2\/media\/64498"}],"wp:attachment":[{"href":"https:\/\/planipets.com\/blog\/wp-json\/wp\/v2\/media?parent=64473"}],"wp:term":[{"taxonomy":"category","embeddable":true,"href":"https:\/\/planipets.com\/blog\/wp-json\/wp\/v2\/categories?post=64473"},{"taxonomy":"post_tag","embeddable":true,"href":"https:\/\/planipets.com\/blog\/wp-json\/wp\/v2\/tags?post=64473"}],"curies":[{"name":"wp","href":"https:\/\/api.w.org\/{rel}","templated":true}]}}