{"id":61613,"date":"2025-07-09T17:32:11","date_gmt":"2025-07-09T16:32:11","guid":{"rendered":"https:\/\/planipets.com\/blog\/?p=61613"},"modified":"2025-07-09T17:32:13","modified_gmt":"2025-07-09T16:32:13","slug":"affame-enferme-abandonne-kouma-un-chien-laisse-seul-a-elbeuf-sauve-par-les-voisins","status":"publish","type":"post","link":"https:\/\/planipets.com\/blog\/actualite\/affame-enferme-abandonne-kouma-un-chien-laisse-seul-a-elbeuf-sauve-par-les-voisins\/","title":{"rendered":"Affam\u00e9, enferm\u00e9, abandonn\u00e9 : Kouma, un chien laiss\u00e9 seul \u00e0 Elbeuf, sauv\u00e9 par les voisins"},"content":{"rendered":"\n<p class=\"wp-block-paragraph\"><strong>Lundi 7 juillet 2025<\/strong>, un chien de race akita a fr\u00f4l\u00e9 la mort \u00e0 Elbeuf (Seine-Maritime), retrouv\u00e9 <strong>maigre, affaibli, et enferm\u00e9 dans un appartement rempli d\u2019excr\u00e9ments<\/strong>. Gr\u00e2ce \u00e0 la vigilance des voisins et \u00e0 l\u2019intervention coordonn\u00e9e des services municipaux et de la SPA, Kouma a \u00e9t\u00e9 sauv\u00e9 \u00e0 temps. Un cas de n\u00e9gligence grave, mais pas isol\u00e9, qui rappelle la n\u00e9cessit\u00e9 d&#8217;une vigilance constante, surtout en p\u00e9riode estivale.<\/p>\n\n\n<div style=\"background-color: #d9edf7; color: #31708f; border-left-color: #31708f; \" class=\"ub-styled-box ub-notification-box wp-block-ub-styled-box\" id=\"ub-styled-box-dee73a48-374c-47fa-b495-998b7cb4b922\">\n<h2 class=\"wp-block-heading\" id=\"ub-styled-box-notification-content-\">Enferm\u00e9 pendant des jours : l\u2019alerte vitale est venue du voisinage<\/h2>\n\n\n<\/div>\n\n\n<p class=\"wp-block-paragraph\">C\u2019est dans la <strong>rue Sevaistre-A\u00een\u00e9<\/strong>, au c\u0153ur du centre-ville d\u2019<strong>Elbeuf<\/strong>, que des voisins donnent l\u2019alerte : un chien est <strong>seul depuis plusieurs jours<\/strong>, sans signe de pr\u00e9sence humaine. <strong>La police municipale<\/strong>, apr\u00e8s accord de la <strong>police nationale<\/strong>, intervient le lundi 7 juillet 2025. Gr\u00e2ce \u00e0 l\u2019aide du bailleur, les agents entrent dans l\u2019appartement.<\/p>\n\n\n\n<p class=\"wp-block-paragraph\">Selon <strong>Thomas Caillot<\/strong>, adjoint au maire en charge de la tranquillit\u00e9 publique, les forces de l\u2019ordre d\u00e9couvrent <strong>un chien au milieu de nombreux excr\u00e9ments<\/strong>. Kouma, <strong>non agressif mais tr\u00e8s affaibli<\/strong>, semblait avoir \u00e9t\u00e9 laiss\u00e9 avec quelques vivres des gamelles vides sur place en t\u00e9moignaient mais cela n\u2019a pas suffi \u00e0 \u00e9viter la malnutrition.<\/p>\n\n\n<div style=\"background-color: #f7f7f7; color: #31708f; border-left-color: #31708f; \" class=\"ub-styled-box ub-notification-box wp-block-ub-styled-box\" id=\"ub-styled-box-734e7797-98d7-43db-b7d0-75843dcadc75\">\n<p class=\"wp-block-paragraph\" id=\"ub-styled-box-notification-content-\"><strong>Pourrait vous int\u00e9resser :<\/strong> <a href=\"https:\/\/planipets.com\/blog\/actualite\/chien-traine-derriere-une-voiture-en-belgique-la-vengeance-enflamme-la-maison-du-proprietaire\/\">Chien tra\u00een\u00e9 derri\u00e8re une voiture en Belgique : la vengeance enflamme la maison du propri\u00e9taire<\/a><\/p>\n\n\n<\/div>\n\n\n<p class=\"wp-block-paragraph\"><\/p>\n\n\n<div style=\"background-color: #dff0d8; color: #3c763d; border-left-color: #3c763d; \" class=\"ub-styled-box ub-notification-box wp-block-ub-styled-box\" id=\"ub-styled-box-52f56108-ad12-4e3e-aaee-4c90f4e63c6e\">\n<h2 class=\"wp-block-heading\" id=\"ub-styled-box-notification-content-\">Kouma amaigri, griffes longues : un signal corporel de d\u00e9tresse<\/h2>\n\n\n<\/div>\n\n\n<figure class=\"wp-block-image size-large\"><img fetchpriority=\"high\" decoding=\"async\" width=\"1024\" height=\"1024\" src=\"https:\/\/planipets.com\/blog\/wp-content\/uploads\/2025\/07\/Affame-enferme-abandonne-Kouma-un-chien-laisse-seul-a-Elbeuf-sauve-par-les-voisins-1-1024x1024.jpg\" alt=\"Chien akita amaigri attach\u00e9 en laisse, buvant dans une gamelle sur un trottoir mouill\u00e9 \u00e0 Elbeuf apr\u00e8s son sauvetage\" class=\"wp-image-61615\" title=\"\" srcset=\"https:\/\/planipets.com\/blog\/wp-content\/uploads\/2025\/07\/Affame-enferme-abandonne-Kouma-un-chien-laisse-seul-a-Elbeuf-sauve-par-les-voisins-1-1024x1024.jpg 1024w, https:\/\/planipets.com\/blog\/wp-content\/uploads\/2025\/07\/Affame-enferme-abandonne-Kouma-un-chien-laisse-seul-a-Elbeuf-sauve-par-les-voisins-1-300x300.jpg 300w, https:\/\/planipets.com\/blog\/wp-content\/uploads\/2025\/07\/Affame-enferme-abandonne-Kouma-un-chien-laisse-seul-a-Elbeuf-sauve-par-les-voisins-1-150x150.jpg 150w, https:\/\/planipets.com\/blog\/wp-content\/uploads\/2025\/07\/Affame-enferme-abandonne-Kouma-un-chien-laisse-seul-a-Elbeuf-sauve-par-les-voisins-1-768x768.jpg 768w, https:\/\/planipets.com\/blog\/wp-content\/uploads\/2025\/07\/Affame-enferme-abandonne-Kouma-un-chien-laisse-seul-a-Elbeuf-sauve-par-les-voisins-1-450x450.jpg 450w, https:\/\/planipets.com\/blog\/wp-content\/uploads\/2025\/07\/Affame-enferme-abandonne-Kouma-un-chien-laisse-seul-a-Elbeuf-sauve-par-les-voisins-1-1200x1200.jpg 1200w, https:\/\/planipets.com\/blog\/wp-content\/uploads\/2025\/07\/Affame-enferme-abandonne-Kouma-un-chien-laisse-seul-a-Elbeuf-sauve-par-les-voisins-1-96x96.jpg 96w, https:\/\/planipets.com\/blog\/wp-content\/uploads\/2025\/07\/Affame-enferme-abandonne-Kouma-un-chien-laisse-seul-a-Elbeuf-sauve-par-les-voisins-1.jpg 1300w\" sizes=\"(max-width: 1024px) 100vw, 1024px\" \/><figcaption class=\"wp-element-caption\">Kouma, le chien sauv\u00e9 \u00e0 Elbeuf, retrouve des forces apr\u00e8s plusieurs jours d\u2019abandon sans eau ni nourriture.<\/figcaption><\/figure>\n\n\n\n<p class=\"wp-block-paragraph\">Kouma est un <strong>akita inu<\/strong>, une race japonaise connue pour son endurance et sa loyaut\u00e9. \u00c0 son sauvetage, le chien pr\u00e9sente <strong>un amaigrissement important<\/strong>, des <strong>griffes anormalement longues<\/strong> et un \u00e9tat physique inqui\u00e9tant. <strong>Selon <a href=\"https:\/\/actu.fr\/normandie\/elbeuf_76231\/laisse-seul-pendant-des-jours-dans-un-appartement-pres-de-rouen-kouma-a-ete-sauve-juste-a-temps_62890907.html\" target=\"_blank\" rel=\"noopener\">actu.fr<\/a><\/strong>, certains intervenants s\u2019inqui\u00e9taient de <strong>l\u2019\u00e9tat de ses reins<\/strong> au moment de son \u00e9vacuation.<\/p>\n\n\n\n<p class=\"wp-block-paragraph\">Des v\u00e9t\u00e9rinaires sont rapidement mobilis\u00e9s. Finalement, les examens \u00e9cartent une pathologie grave. Kouma est <strong>jug\u00e9 en bonne sant\u00e9 relative<\/strong>, compte tenu des conditions extr\u00eames qu\u2019il a endur\u00e9es.<\/p>\n\n\n\n<p class=\"wp-block-paragraph\"><\/p>\n\n\n<div style=\"background-color: #d9edf7; color: #31708f; border-left-color: #31708f; \" class=\"ub-styled-box ub-notification-box wp-block-ub-styled-box\" id=\"ub-styled-box-a8ecc03f-e6fa-4433-a6b5-a06193315227\">\n<h2 class=\"wp-block-heading\" id=\"ub-styled-box-notification-content-\">L\u2019abandon animalier, un ph\u00e9nom\u00e8ne estival silencieux mais massif<\/h2>\n\n\n<\/div>\n\n\n<p class=\"wp-block-paragraph\">Chaque \u00e9t\u00e9, les cas d\u2019animaux laiss\u00e9s seuls explosent. Selon la <strong><a href=\"https:\/\/www.30millionsdamis.fr\/actualites\/article\/25038-la-france-sur-le-podium-de-labandon-la-medaille-dor-de-la-honte\/\" target=\"_blank\" rel=\"noopener\">Fondation 30 Millions d\u2019Amis<\/a><\/strong>, <strong>plus de 60 000 animaux sont abandonn\u00e9s entre juin et ao\u00fbt<\/strong> en France, souvent par n\u00e9gligence ou d\u00e9part en vacances. Dans <strong>pr\u00e8s de 40 %<\/strong> des cas recens\u00e9s par les refuges, il s\u2019agit d\u2019animaux enferm\u00e9s dans des logements ou attach\u00e9s sans ressources.<\/p>\n\n\n\n<p class=\"wp-block-paragraph\">Le cas de Kouma rappelle que <strong>l\u2019enfermement prolong\u00e9 est une forme de maltraitance<\/strong>. Selon la loi, l\u2019abandon est puni de <strong>trois ans de prison<\/strong> et <strong>45 000 euros d\u2019amende<\/strong> (<a href=\"https:\/\/www.service-public.fr\/particuliers\/vosdroits\/F31859?utm_source=chatgpt.com\" target=\"_blank\" rel=\"noopener\">article 521-1 du Code p\u00e9nal<\/a>).<\/p>\n\n\n<div style=\"background-color: #f7f7f7; color: #31708f; border-left-color: #31708f; \" class=\"ub-styled-box ub-notification-box wp-block-ub-styled-box\" id=\"ub-styled-box-6dea8833-e9bf-464f-906b-20e22375901d\">\n<p class=\"wp-block-paragraph\" id=\"ub-styled-box-notification-content-\"><strong>Pourrait vous int\u00e9resser :<\/strong> <a href=\"https:\/\/planipets.com\/blog\/actualite\/canicule-abandon-un-chien-retrouve-en-etat-critique-a-la-ciotat-les-policiers-decouvrent-linsoutenable\/\">Canicule + abandon : un chien retrouv\u00e9 en \u00e9tat critique \u00e0 La Ciotat, les policiers d\u00e9couvrent l\u2019insoutenable<\/a><\/p>\n\n\n<\/div>\n\n\n<p class=\"wp-block-paragraph\"><\/p>\n\n\n<div style=\"background-color: #dff0d8; color: #3c763d; border-left-color: #3c763d; \" class=\"ub-styled-box ub-notification-box wp-block-ub-styled-box\" id=\"ub-styled-box-a6dc2c90-768d-4cde-b00a-111424e86155\">\n<h2 class=\"wp-block-heading\" id=\"ub-styled-box-notification-content-\">Sauv\u00e9, soign\u00e9, et d\u00e9sormais en attente d\u2019un foyer aimant<\/h2>\n\n\n<\/div>\n\n\n<iframe src=\"https:\/\/www.facebook.com\/plugins\/post.php?href=https%3A%2F%2Fwww.facebook.com%2Fcappaassociation%2Fposts%2Fpfbid07Dsro4ftsCN8Rt9tKCCpbFZXUNPoZQnfKyReG5LEfBhznh6AmhMBTLQLXbf4iyG4l&#038;show_text=true&#038;width=500\" width=\"500\" height=\"744\" style=\"border:none;overflow:hidden\" scrolling=\"no\" frameborder=\"0\" allowfullscreen=\"true\" allow=\"autoplay; clipboard-write; encrypted-media; picture-in-picture; web-share\"><\/iframe>\n\n\n\n<p class=\"wp-block-paragraph\">Apr\u00e8s avoir pass\u00e9 sa premi\u00e8re nuit dans une structure de la Ville, Kouma a \u00e9t\u00e9 transf\u00e9r\u00e9 \u00e0 la <strong>SPA du Havre<\/strong>, la plus proche ayant une place disponible. L\u2019association prendra en charge <strong>son placement dans une nouvelle famille<\/strong>, en garantissant un cadre affectif et s\u00e9curis\u00e9.<\/p>\n\n\n\n<p class=\"wp-block-paragraph\">Malgr\u00e9 les conditions extr\u00eames qu\u2019il a subies, Kouma est <strong>rest\u00e9 calme et sociable<\/strong>. Ce comportement a facilit\u00e9 sa prise en charge. Il incarne aujourd\u2019hui l\u2019image d\u2019un rescap\u00e9 pr\u00eat \u00e0 \u00e9crire une nouvelle histoire.<\/p>\n\n\n\n<p class=\"wp-block-paragraph\"><\/p>\n\n\n<div style=\"background-color: #d9edf7; color: #31708f; border-left-color: #31708f; \" class=\"ub-styled-box ub-notification-box wp-block-ub-styled-box\" id=\"ub-styled-box-30a2a8ff-e054-421b-8f31-136a12a61854\">\n<h2 class=\"wp-block-heading\" id=\"ub-styled-box-notification-content-\">Un cas local, un enjeu national<\/h2>\n\n\n<\/div>\n\n\n<p class=\"wp-block-paragraph\">L\u2019histoire de Kouma, bien que localis\u00e9e \u00e0 Elbeuf, <strong>r\u00e9sonne \u00e0 l\u2019\u00e9chelle nationale<\/strong>. Elle illustre \u00e0 quel point <strong>les signaux d\u2019alerte venus du voisinage sont essentiels<\/strong>. Sans l\u2019intervention rapide de riverains, le chien n\u2019aurait peut-\u00eatre pas surv\u00e9cu.<\/p>\n\n\n\n<p class=\"wp-block-paragraph\">Elle souligne aussi l\u2019urgence d\u2019une r\u00e9forme plus rigoureuse sur la <strong>d\u00e9tention responsable d\u2019animaux<\/strong>, notamment via l\u2019id\u00e9e d\u2019un <strong>permis de d\u00e9tention<\/strong>, comme le demandent de plus en plus d\u2019associations.<\/p>\n\n\n\n<p class=\"wp-block-paragraph\">Enfin, cette affaire rappelle que <strong>la maltraitance ne prend pas toujours la forme de coups<\/strong> : l\u2019indiff\u00e9rence, l\u2019oubli, ou l\u2019absence prolong\u00e9e peuvent \u00eatre tout aussi meurtriers.<\/p>\n\n\n\n<p class=\"wp-block-paragraph\"><strong>Kouma, lui, a eu une chance que beaucoup d\u2019autres n\u2019ont pas.<\/strong><\/p>\n\n\n\n<p class=\"wp-block-paragraph\"><\/p>\n\n\n\n<h2 class=\"wp-block-heading\">C&#8217;est en partageant qu&#8217;on fait bouger les lignes . Partagez \u00e7a sur vos r\u00e9seaux&nbsp;<\/h2>\n\n\n<div class=\"wp-block-ub-social-share\" id=\"ub-social-share-046ef786-f4a2-4020-b043-ae35ef3c4626\">\n\t\t\t<div class=\"social-share-icons align-icons-left orientation-icons-row\"><a aria-label=\"facebook-logo\" target=\"_blank\" rel=\"nofollow\" href=\"https:\/\/www.facebook.com\/sharer\/sharer.php?u=https%3A%2F%2Fplanipets.com%2Fblog%2Factualite%2Faffame-enferme-abandonne-kouma-un-chien-laisse-seul-a-elbeuf-sauve-par-les-voisins%2F&amp;title=Affam%C3%A9%2C%20enferm%C3%A9%2C%20abandonn%C3%A9%20%3A%20Kouma%2C%20un%20chien%20laiss%C3%A9%20seul%20%C3%A0%20Elbeuf%2C%20sauv%C3%A9%20par%20les%20voisins\" class=\"ub-social-share-facebook-container\" style=\"border-color: #1877f2; background-color: transparent; box-shadow: none; \">\n\t\t\t\t<span class=\"social-share-icon ub-social-share-facebook\" style=\"width: 30px; height: 30px; \"><svg xmlns=\"http:\/\/www.w3.org\/2000\/svg\" style=\"fill:#1877f2\" fill=\"#1877f2\" width=\"20\" height=\"20\" viewbox=\"0 0 264 512\"><path d=\"M76.7 512V283H0v-91h76.7v-71.7C76.7 42.4 124.3 0 193.8 0c33.3 0 61.9 2.5 70.2 3.6V85h-48.2c-37.8 0-45.1 18-45.1 44.3V192H256l-11.7 91h-73.6v229\"><\/path><\/svg><\/span><span style=\"\">share<\/span>\n\t\t\t<\/a><a aria-label=\"twitter-logo\" target=\"_blank\" rel=\"nofollow\" href=\"http:\/\/twitter.com\/intent\/tweet?url=https%3A%2F%2Fplanipets.com%2Fblog%2Factualite%2Faffame-enferme-abandonne-kouma-un-chien-laisse-seul-a-elbeuf-sauve-par-les-voisins%2F&amp;text=Affam%C3%A9%2C%20enferm%C3%A9%2C%20abandonn%C3%A9%20%3A%20Kouma%2C%20un%20chien%20laiss%C3%A9%20seul%20%C3%A0%20Elbeuf%2C%20sauv%C3%A9%20par%20les%20voisins\" class=\"ub-social-share-twitter-container\" style=\"border-color: #1d9bf0; background-color: transparent; box-shadow: none; \">\n\t\t\t\t<span class=\"social-share-icon ub-social-share-twitter\" style=\"width: 30px; height: 30px; \"><svg xmlns=\"http:\/\/www.w3.org\/2000\/svg\" style=\"color:#1d9BF0\" fill=\"#1d9BF0\" width=\"20\" height=\"20\" viewbox=\"0 0 24 24\"><path d=\"M18.901 1.153h3.68l-8.04 9.19L24 22.846h-7.406l-5.8-7.584l-6.638 7.584H.474l8.6-9.83L0 1.154h7.594l5.243 6.932ZM17.61 20.644h2.039L6.486 3.24H4.298Z\"><\/path><\/svg><\/span><span style=\"\">tweet<\/span>\n\t\t\t<\/a><a aria-label=\"linkedin-logo\" target=\"_blank\" rel=\"nofollow\" href=\"https:\/\/www.linkedin.com\/sharing\/share-offsite\/?url=https%3A%2F%2Fplanipets.com%2Fblog%2Factualite%2Faffame-enferme-abandonne-kouma-un-chien-laisse-seul-a-elbeuf-sauve-par-les-voisins%2F\" class=\"ub-social-share-linkedin-container\" style=\"border-color: #2867b2; background-color: transparent; box-shadow: none; \">\n\t\t\t\t<span class=\"social-share-icon ub-social-share-linkedin\" style=\"width: 30px; height: 30px; \"><svg xmlns=\"http:\/\/www.w3.org\/2000\/svg\" style=\"fill:#2867b2\" fill=\"#2867b2\" width=\"20\" height=\"20\" viewbox=\"0 0 448 512\"><path d=\"M100.3 480H7.4V180.9h92.9V480zM53.8 140.1C24.1 140.1 0 115.5 0 85.8 0 56.1 24.1 32 53.8 32c29.7 0 53.8 24.1 53.8 53.8 0 29.7-24.1 54.3-53.8 54.3zM448 480h-92.7V334.4c0-34.7-.7-79.2-48.3-79.2-48.3 0-55.7 37.7-55.7 76.7V480h-92.8V180.9h89.1v40.8h1.3c12.4-23.5 42.7-48.3 87.9-48.3 94 0 111.3 61.9 111.3 142.3V480z\"><\/path><\/svg><\/span><span style=\"\">share<\/span>\n\t\t\t<\/a><a aria-label=\"pinterest-logo\" target=\"_blank\" rel=\"nofollow\" href=\"https:\/\/pinterest.com\/pin\/create\/button\/?&amp;url=https%3A%2F%2Fplanipets.com%2Fblog%2Factualite%2Faffame-enferme-abandonne-kouma-un-chien-laisse-seul-a-elbeuf-sauve-par-les-voisins%2F&amp;description=Affam%C3%A9%2C%20enferm%C3%A9%2C%20abandonn%C3%A9%20%3A%20Kouma%2C%20un%20chien%20laiss%C3%A9%20seul%20%C3%A0%20Elbeuf%2C%20sauv%C3%A9%20par%20les%20voisins&amp;media=https:\/\/planipets.com\/blog\/wp-content\/uploads\/2025\/07\/Affame-enferme-abandonne-Kouma-un-chien-laisse-seul-a-Elbeuf-sauve-par-les-voisins-1024x683.jpg\" class=\"ub-social-share-pinterest-container\" style=\"border-color: #e60023; background-color: transparent; box-shadow: none; \">\n\t\t\t\t<span class=\"social-share-icon ub-social-share-pinterest\" style=\"width: 30px; height: 30px; \"><svg xmlns=\"http:\/\/www.w3.org\/2000\/svg\" style=\"fill:#e60023\" fill=\"#e60023\" width=\"20\" height=\"20\" viewbox=\"0 0 384 512\"><path d=\"M204 6.5C101.4 6.5 0 74.9 0 185.6 0 256 39.6 296 63.6 296c9.9 0 15.6-27.6 15.6-35.4 0-9.3-23.7-29.1-23.7-67.8 0-80.4 61.2-137.4 140.4-137.4 68.1 0 118.5 38.7 118.5 109.8 0 53.1-21.3 152.7-90.3 152.7-24.9 0-46.2-18-46.2-43.8 0-37.8 26.4-74.4 26.4-113.4 0-66.2-93.9-54.2-93.9 25.8 0 16.8 2.1 35.4 9.6 50.7-13.8 59.4-42 147.9-42 209.1 0 18.9 2.7 37.5 4.5 56.4 3.4 3.8 1.7 3.4 6.9 1.5 50.4-69 48.6-82.5 71.4-172.8 12.3 23.4 44.1 36 69.3 36 106.2 0 153.9-103.5 153.9-196.8C384 71.3 298.2 6.5 204 6.5z\"><\/path><\/svg><\/span><span style=\"\">pin<\/span>\n\t\t\t<\/a><a aria-label=\"reddit-logo\" target=\"_blank\" rel=\"nofollow\" href=\"http:\/\/www.reddit.com\/submit?url=https%3A%2F%2Fplanipets.com%2Fblog%2Factualite%2Faffame-enferme-abandonne-kouma-un-chien-laisse-seul-a-elbeuf-sauve-par-les-voisins%2F&amp;title=Affam%C3%A9%2C%20enferm%C3%A9%2C%20abandonn%C3%A9%20%3A%20Kouma%2C%20un%20chien%20laiss%C3%A9%20seul%20%C3%A0%20Elbeuf%2C%20sauv%C3%A9%20par%20les%20voisins\" class=\"ub-social-share-reddit-container\" style=\"border-color: #ff4500; background-color: transparent; box-shadow: none; \">\n\t\t\t\t<span class=\"social-share-icon ub-social-share-reddit\" style=\"width: 30px; height: 30px; \"><svg xmlns=\"http:\/\/www.w3.org\/2000\/svg\" style=\"fill:#ff4500\" fill=\"#ff4500\" width=\"20\" height=\"20\" viewbox=\"0 0 512 512\"><path d=\"M440.3 203.5c-15 0-28.2 6.2-37.9 15.9-35.7-24.7-83.8-40.6-137.1-42.3L293 52.3l88.2 19.8c0 21.6 17.6 39.2 39.2 39.2 22 0 39.7-18.1 39.7-39.7s-17.6-39.7-39.7-39.7c-15.4 0-28.7 9.3-35.3 22l-97.4-21.6c-4.9-1.3-9.7 2.2-11 7.1L246.3 177c-52.9 2.2-100.5 18.1-136.3 42.8-9.7-10.1-23.4-16.3-38.4-16.3-55.6 0-73.8 74.6-22.9 100.1-1.8 7.9-2.6 16.3-2.6 24.7 0 83.8 94.4 151.7 210.3 151.7 116.4 0 210.8-67.9 210.8-151.7 0-8.4-.9-17.2-3.1-25.1 49.9-25.6 31.5-99.7-23.8-99.7zM129.4 308.9c0-22 17.6-39.7 39.7-39.7 21.6 0 39.2 17.6 39.2 39.7 0 21.6-17.6 39.2-39.2 39.2-22 .1-39.7-17.6-39.7-39.2zm214.3 93.5c-36.4 36.4-139.1 36.4-175.5 0-4-3.5-4-9.7 0-13.7 3.5-3.5 9.7-3.5 13.2 0 27.8 28.5 120 29 149 0 3.5-3.5 9.7-3.5 13.2 0 4.1 4 4.1 10.2.1 13.7zm-.8-54.2c-21.6 0-39.2-17.6-39.2-39.2 0-22 17.6-39.7 39.2-39.7 22 0 39.7 17.6 39.7 39.7-.1 21.5-17.7 39.2-39.7 39.2z\"><\/path><\/svg><\/span><span style=\"\">post<\/span>\n\t\t\t<\/a><a aria-label=\"tumblr-logo\" target=\"_blank\" rel=\"nofollow\" href=\"https:\/\/www.tumblr.com\/widgets\/share\/tool?canonicalUrl=https%3A%2F%2Fplanipets.com%2Fblog%2Factualite%2Faffame-enferme-abandonne-kouma-un-chien-laisse-seul-a-elbeuf-sauve-par-les-voisins%2F&amp;title=Affam%C3%A9%2C%20enferm%C3%A9%2C%20abandonn%C3%A9%20%3A%20Kouma%2C%20un%20chien%20laiss%C3%A9%20seul%20%C3%A0%20Elbeuf%2C%20sauv%C3%A9%20par%20les%20voisins\" class=\"ub-social-share-tumblr-container\" style=\"border-color: #001935; background-color: transparent; box-shadow: none; \">\n\t\t\t\t<span class=\"social-share-icon ub-social-share-tumblr\" style=\"width: 30px; height: 30px; \"><svg xmlns=\"http:\/\/www.w3.org\/2000\/svg\" style=\"fill:#001935\" fill=\"#001935\" width=\"20\" height=\"20\" viewbox=\"0 0 320 512\"><path d=\"M309.8 480.3c-13.6 14.5-50 31.7-97.4 31.7-120.8 0-147-88.8-147-140.6v-144H17.9c-5.5 0-10-4.5-10-10v-68c0-7.2 4.5-13.6 11.3-16 62-21.8 81.5-76 84.3-117.1.8-11 6.5-16.3 16.1-16.3h70.9c5.5 0 10 4.5 10 10v115.2h83c5.5 0 10 4.4 10 9.9v81.7c0 5.5-4.5 10-10 10h-83.4V360c0 34.2 23.7 53.6 68 35.8 4.8-1.9 9-3.2 12.7-2.2 3.5.9 5.8 3.4 7.4 7.9l22 64.3c1.8 5 3.3 10.6-.4 14.5z\"><\/path><\/svg><\/span><span style=\"\">share<\/span>\n\t\t\t<\/a><\/div>\n\t\t<\/div>\n\n\n<h2 class=\"wp-block-heading\">Nos lecteurs n&#8217;en sont pas rest\u00e9s l\u00e0 . Ils ont craqu\u00e9 pour ces autres sujets<\/h2>\n\n\n<section class=\"wp-block-ub-post-grid ub-block-post-grid align  is-equal-height preserve-post-image-aspect-ratio\" style=\"\" id=\"ub-post-grid-\"><div class=\"ub-post-grid-items is-grid columns-2\" style=\"row-gap: 32px; column-gap: 32px; \"><article id=\"post-67644\" class=\"ub-post-grid-item post-67644 post type-post status-publish format-standard has-post-thumbnail category-choisir-alimentation-chien\" style=\"\"><div class=\"ub-block-post-grid-image\" style=\"\"><a href=\"https:\/\/planipets.com\/blog\/choisir-alimentation-chien\/pourquoi-privilegier-les-friandises-naturelles-pour-votre-chien\/\" rel=\"bookmark\" aria-hidden=\"true\" tabindex=\"-1\"><img decoding=\"async\" width=\"1170\" height=\"780\" src=\"https:\/\/planipets.com\/blog\/wp-content\/uploads\/2026\/08\/Friandises-saines-pour-chien-comment-bien-les-choisir-.avif\" class=\"attachment-full size-full\" alt=\"\" style=\"max-width: 600px; \" srcset=\"https:\/\/planipets.com\/blog\/wp-content\/uploads\/2026\/08\/Friandises-saines-pour-chien-comment-bien-les-choisir-.avif 1170w, https:\/\/planipets.com\/blog\/wp-content\/uploads\/2026\/08\/Friandises-saines-pour-chien-comment-bien-les-choisir--300x200.jpg 300w, https:\/\/planipets.com\/blog\/wp-content\/uploads\/2026\/08\/Friandises-saines-pour-chien-comment-bien-les-choisir--1024x683.jpg 1024w, https:\/\/planipets.com\/blog\/wp-content\/uploads\/2026\/08\/Friandises-saines-pour-chien-comment-bien-les-choisir--768x512.jpg 768w, https:\/\/planipets.com\/blog\/wp-content\/uploads\/2026\/08\/Friandises-saines-pour-chien-comment-bien-les-choisir--150x100.jpg 150w, https:\/\/planipets.com\/blog\/wp-content\/uploads\/2026\/08\/Friandises-saines-pour-chien-comment-bien-les-choisir--450x300.jpg 450w\" sizes=\"(max-width: 1170px) 100vw, 1170px\" title=\"\"><\/a><\/div><div class=\"ub-block-post-grid-text\" style=\"\"><div class=\"ub-block-post-grid-header-content\"><header class=\"ub-block-post-grid-header\"><h2 class=\"ub-block-post-grid-title\"><a style=\"\" href=\"https:\/\/planipets.com\/blog\/choisir-alimentation-chien\/pourquoi-privilegier-les-friandises-naturelles-pour-votre-chien\/\" rel=\"bookmark\">Pourquoi privil\u00e9gier les friandises naturelles pour votre chien ?<\/a><\/h2><div class=\"ub-block-post-grid-author\" itemprop=\"author\"><a class=\"ub-text-link\" style=\"\" href=\"https:\/\/planipets.com\/blog\/author\/redaction\/\" itemprop=\"url\" rel=\"author\"><span itemprop=\"name\">The Planipets editorial team<\/span><\/a><\/div><time datetime=\"2026-08-26T17:40:05+02:00\" class=\"ub-block-post-grid-date\" style=\"\" itemprop=\"datePublished\">2026-08-26<\/time><\/header><\/div><div class=\"ub-block-post-grid-excerpt\"><div class=\"ub-block-post-grid-excerpt-text\" style=\"\"><p>L\u2019apprentissage d\u2019un chien repose en grande partie sur la motivation et la r\u00e9compense. Pour capter son attention lors des s\u00e9ances de dressage, la friandise reste un outil incontournable. Cependant, toutes les r\u00e9compenses ne se valent pas sur le plan nutritionnel. Choisir une option saine permet d\u2019associer \u00e9ducation positive et bien-\u00eatre physique. Associer l\u2019apprentissage du chien\u2026<\/p>\n<\/div><p><a class=\"ub-block-post-grid-more-link ub-text-link\" style=\"\" href=\"https:\/\/planipets.com\/blog\/choisir-alimentation-chien\/pourquoi-privilegier-les-friandises-naturelles-pour-votre-chien\/\" rel=\"bookmark\">Continue Reading <span class=\"screen-reader-text\">Pourquoi privil\u00e9gier les friandises naturelles pour votre chien ?<\/span><\/a><\/p><\/div><\/div><\/article>\n<article id=\"post-67633\" class=\"ub-post-grid-item post-67633 post type-post status-publish format-standard has-post-thumbnail category-actualite\" style=\"\"><div class=\"ub-block-post-grid-image\" style=\"\"><a href=\"https:\/\/planipets.com\/blog\/actualite\/cataire-pour-chat-quels-effets-et-comment-bien-lutiliser\/\" rel=\"bookmark\" aria-hidden=\"true\" tabindex=\"-1\"><img decoding=\"async\" width=\"1200\" height=\"600\" src=\"https:\/\/planipets.com\/blog\/wp-content\/uploads\/2026\/08\/cataire-chat.jpg\" class=\"attachment-full size-full\" alt=\"cataire chat\" style=\"max-width: 600px; \" srcset=\"https:\/\/planipets.com\/blog\/wp-content\/uploads\/2026\/08\/cataire-chat.jpg 1200w, https:\/\/planipets.com\/blog\/wp-content\/uploads\/2026\/08\/cataire-chat-300x150.jpg 300w, https:\/\/planipets.com\/blog\/wp-content\/uploads\/2026\/08\/cataire-chat-1024x512.jpg 1024w, https:\/\/planipets.com\/blog\/wp-content\/uploads\/2026\/08\/cataire-chat-768x384.jpg 768w, https:\/\/planipets.com\/blog\/wp-content\/uploads\/2026\/08\/cataire-chat-150x75.jpg 150w, https:\/\/planipets.com\/blog\/wp-content\/uploads\/2026\/08\/cataire-chat-450x225.jpg 450w\" sizes=\"(max-width: 1200px) 100vw, 1200px\" title=\"\"><\/a><\/div><div class=\"ub-block-post-grid-text\" style=\"\"><div class=\"ub-block-post-grid-header-content\"><header class=\"ub-block-post-grid-header\"><h2 class=\"ub-block-post-grid-title\"><a style=\"\" href=\"https:\/\/planipets.com\/blog\/actualite\/cataire-pour-chat-quels-effets-et-comment-bien-lutiliser\/\" rel=\"bookmark\">Cataire pour chat : quels effets et comment bien l\u2019utiliser ?<\/a><\/h2><div class=\"ub-block-post-grid-author\" itemprop=\"author\"><a class=\"ub-text-link\" style=\"\" href=\"https:\/\/planipets.com\/blog\/author\/redaction\/\" itemprop=\"url\" rel=\"author\"><span itemprop=\"name\">The Planipets editorial team<\/span><\/a><\/div><time datetime=\"2026-08-19T18:49:02+02:00\" class=\"ub-block-post-grid-date\" style=\"\" itemprop=\"datePublished\">2026-08-19<\/time><\/header><\/div><div class=\"ub-block-post-grid-excerpt\"><div class=\"ub-block-post-grid-excerpt-text\" style=\"\"><p>La cataire est une plante bien connue des propri\u00e9taires de chats, mais ses effets restent parfois mal compris. Certains chats se roulent dessus avec enthousiasme, d\u2019autres la mordillent, la l\u00e8chent ou deviennent soudain tr\u00e8s joueurs. \u00c0 l\u2019inverse, quelques chats y restent totalement indiff\u00e9rents. Cette plante naturelle peut \u00eatre int\u00e9ressante pour stimuler l\u2019activit\u00e9, enrichir l\u2019environnement et\u2026<\/p>\n<\/div><p><a class=\"ub-block-post-grid-more-link ub-text-link\" style=\"\" href=\"https:\/\/planipets.com\/blog\/actualite\/cataire-pour-chat-quels-effets-et-comment-bien-lutiliser\/\" rel=\"bookmark\">Continue Reading <span class=\"screen-reader-text\">Cataire pour chat : quels effets et comment bien l\u2019utiliser ?<\/span><\/a><\/p><\/div><\/div><\/article>\n<article id=\"post-67582\" class=\"ub-post-grid-item post-67582 post type-post status-publish format-standard has-post-thumbnail category-actualite category-collectivites-bien-etre-animal category-conseils-et-vie-quotidienne category-professionnel-planipets category-sante-chat category-sante-chien tag-animaux tag-chien tag-education tag-fugue tag-securite\" style=\"\"><div class=\"ub-block-post-grid-image\" style=\"\"><a href=\"https:\/\/planipets.com\/blog\/actualite\/info-clinique-veterinaire\/\" rel=\"bookmark\" aria-hidden=\"true\" tabindex=\"-1\"><img loading=\"lazy\" decoding=\"async\" width=\"1200\" height=\"600\" src=\"https:\/\/planipets.com\/blog\/wp-content\/uploads\/2026\/05\/Soins-veterinaires-a-domicile.jpg\" class=\"attachment-full size-full\" alt=\"Soins v\u00e9t\u00e9rinaires \u00e0 domicile avec une v\u00e9t\u00e9rinaire examinant un Golden Retriever dans un salon r\u00e9sidentiel.\" style=\"max-width: 600px; \" srcset=\"https:\/\/planipets.com\/blog\/wp-content\/uploads\/2026\/05\/Soins-veterinaires-a-domicile.jpg 1200w, https:\/\/planipets.com\/blog\/wp-content\/uploads\/2026\/05\/Soins-veterinaires-a-domicile-300x150.jpg 300w, https:\/\/planipets.com\/blog\/wp-content\/uploads\/2026\/05\/Soins-veterinaires-a-domicile-1024x512.jpg 1024w, https:\/\/planipets.com\/blog\/wp-content\/uploads\/2026\/05\/Soins-veterinaires-a-domicile-768x384.jpg 768w, https:\/\/planipets.com\/blog\/wp-content\/uploads\/2026\/05\/Soins-veterinaires-a-domicile-150x75.jpg 150w, https:\/\/planipets.com\/blog\/wp-content\/uploads\/2026\/05\/Soins-veterinaires-a-domicile-450x225.jpg 450w\" sizes=\"(max-width: 1200px) 100vw, 1200px\" title=\"\"><\/a><\/div><div class=\"ub-block-post-grid-text\" style=\"\"><div class=\"ub-block-post-grid-header-content\"><header class=\"ub-block-post-grid-header\"><h2 class=\"ub-block-post-grid-title\"><a style=\"\" href=\"https:\/\/planipets.com\/blog\/actualite\/info-clinique-veterinaire\/\" rel=\"bookmark\">Clinique v\u00e9t\u00e9rinaire \u00e0 Paris : urgences, tarifs et crit\u00e8res pour choisir la bonne adresse<\/a><\/h2><div class=\"ub-block-post-grid-author\" itemprop=\"author\"><a class=\"ub-text-link\" style=\"\" href=\"https:\/\/planipets.com\/blog\/author\/redaction\/\" itemprop=\"url\" rel=\"author\"><span itemprop=\"name\">The Planipets editorial team<\/span><\/a><\/div><time datetime=\"2026-05-13T13:35:19+02:00\" class=\"ub-block-post-grid-date\" style=\"\" itemprop=\"datePublished\">2026-05-13<\/time><\/header><\/div><div class=\"ub-block-post-grid-excerpt\"><div class=\"ub-block-post-grid-excerpt-text\" style=\"\"><p>Trouver une clinique v\u00e9t\u00e9rinaire \u00e0 Paris peut sembler simple au premier abord. La capitale compte de nombreux \u00e9tablissements, des cabinets de quartier, des cliniques sp\u00e9cialis\u00e9es, des services d\u2019urgence et des structures capables d\u2019assurer des soins plus techniques. Pourtant, lorsqu\u2019un animal ne va pas bien, le choix devient vite plus d\u00e9licat. Un chien qui boite soudainement,\u2026<\/p>\n<\/div><p><a class=\"ub-block-post-grid-more-link ub-text-link\" style=\"\" href=\"https:\/\/planipets.com\/blog\/actualite\/info-clinique-veterinaire\/\" rel=\"bookmark\">Continue Reading <span class=\"screen-reader-text\">Clinique v\u00e9t\u00e9rinaire \u00e0 Paris : urgences, tarifs et crit\u00e8res pour choisir la bonne adresse<\/span><\/a><\/p><\/div><\/div><\/article>\n<article id=\"post-67592\" class=\"ub-post-grid-item post-67592 post type-post status-publish format-standard has-post-thumbnail category-races-chiens category-adopter-chien category-bien-vivre-avec-son-chien category-chien category-choisir-alimentation-chien category-comportement-chien category-origine-domestication-chien category-sante-chien\" style=\"\"><div class=\"ub-block-post-grid-image\" style=\"\"><a href=\"https:\/\/planipets.com\/blog\/chien\/races-chiens\/laffenpinscher-infographies-pour-tout-savoir-sur-son-histoire-son-temperament-son-education-son-cout-2-2-2\/\" rel=\"bookmark\" aria-hidden=\"true\" tabindex=\"-1\"><img loading=\"lazy\" decoding=\"async\" width=\"1200\" height=\"600\" src=\"https:\/\/planipets.com\/blog\/wp-content\/uploads\/2026\/05\/Alano-espagnol-en-nature.jpg\" class=\"attachment-full size-full\" alt=\"Alano espagnol debout dans un paysage montagneux avec une posture puissante et vigilante.\" style=\"max-width: 600px; \" srcset=\"https:\/\/planipets.com\/blog\/wp-content\/uploads\/2026\/05\/Alano-espagnol-en-nature.jpg 1200w, https:\/\/planipets.com\/blog\/wp-content\/uploads\/2026\/05\/Alano-espagnol-en-nature-300x150.jpg 300w, https:\/\/planipets.com\/blog\/wp-content\/uploads\/2026\/05\/Alano-espagnol-en-nature-1024x512.jpg 1024w, https:\/\/planipets.com\/blog\/wp-content\/uploads\/2026\/05\/Alano-espagnol-en-nature-768x384.jpg 768w, https:\/\/planipets.com\/blog\/wp-content\/uploads\/2026\/05\/Alano-espagnol-en-nature-150x75.jpg 150w, https:\/\/planipets.com\/blog\/wp-content\/uploads\/2026\/05\/Alano-espagnol-en-nature-450x225.jpg 450w\" sizes=\"(max-width: 1200px) 100vw, 1200px\" title=\"\"><\/a><\/div><div class=\"ub-block-post-grid-text\" style=\"\"><div class=\"ub-block-post-grid-header-content\"><header class=\"ub-block-post-grid-header\"><h2 class=\"ub-block-post-grid-title\"><a style=\"\" href=\"https:\/\/planipets.com\/blog\/chien\/races-chiens\/laffenpinscher-infographies-pour-tout-savoir-sur-son-histoire-son-temperament-son-education-son-cout-2-2-2\/\" rel=\"bookmark\">L\u2019Alano espagnol : infographies pour tout savoir sur son histoire, son temp\u00e9rament, son \u00e9ducation, son co\u00fbt<\/a><\/h2><div class=\"ub-block-post-grid-author\" itemprop=\"author\"><a class=\"ub-text-link\" style=\"\" href=\"https:\/\/planipets.com\/blog\/author\/redaction\/\" itemprop=\"url\" rel=\"author\"><span itemprop=\"name\">The Planipets editorial team<\/span><\/a><\/div><time datetime=\"2026-05-12T08:57:10+02:00\" class=\"ub-block-post-grid-date\" style=\"\" itemprop=\"datePublished\">2026-05-12<\/time><\/header><\/div><div class=\"ub-block-post-grid-excerpt\"><div class=\"ub-block-post-grid-excerpt-text\" style=\"\"><p>Photo d\u2019illustration d\u2019un Alano Espagnol, chien robuste et endurant, mettant en avant sa fid\u00e9lit\u00e9 et ses aptitudes de travail. Cr\u00e9dit photo : Planipets M\u00e9dia L\u2019Alano espagnol, aussi appel\u00e9 Alano Espa\u00f1ol ou parfois Bulldog espagnol, est un chien puissant, rustique et profond\u00e9ment loyal. Ancien chien de travail utilis\u00e9 en Espagne pour la conduite du b\u00e9tail, la\u2026<\/p>\n<\/div><p><a class=\"ub-block-post-grid-more-link ub-text-link\" style=\"\" href=\"https:\/\/planipets.com\/blog\/chien\/races-chiens\/laffenpinscher-infographies-pour-tout-savoir-sur-son-histoire-son-temperament-son-education-son-cout-2-2-2\/\" rel=\"bookmark\">Continue Reading <span class=\"screen-reader-text\">L\u2019Alano espagnol : infographies pour tout savoir sur son histoire, son temp\u00e9rament, son \u00e9ducation, son co\u00fbt<\/span><\/a><\/p><\/div><\/div><\/article>\n<article id=\"post-67412\" class=\"ub-post-grid-item post-67412 post type-post status-publish format-standard has-post-thumbnail category-bien-vivre-avec-son-chien category-comportement-chien category-education-ludique-animaux category-sante-chien tag-chien tag-education-canine tag-promenade tag-rappel tag-securite\" style=\"\"><div class=\"ub-block-post-grid-image\" style=\"\"><a href=\"https:\/\/planipets.com\/blog\/chien\/bien-vivre-avec-son-chien\/promenade-sans-laisse-chien-disparaitre\/\" rel=\"bookmark\" aria-hidden=\"true\" tabindex=\"-1\"><img loading=\"lazy\" decoding=\"async\" width=\"1536\" height=\"1024\" src=\"https:\/\/planipets.com\/blog\/wp-content\/uploads\/2026\/04\/Promenade-sans-laisse-pourquoi-votre-chien-peut-disparaitre-sans-prevenir-2.png\" class=\"attachment-full size-full\" alt=\"\" style=\"max-width: 600px; \" srcset=\"https:\/\/planipets.com\/blog\/wp-content\/uploads\/2026\/04\/Promenade-sans-laisse-pourquoi-votre-chien-peut-disparaitre-sans-prevenir-2.png 1536w, https:\/\/planipets.com\/blog\/wp-content\/uploads\/2026\/04\/Promenade-sans-laisse-pourquoi-votre-chien-peut-disparaitre-sans-prevenir-2-300x200.png 300w, https:\/\/planipets.com\/blog\/wp-content\/uploads\/2026\/04\/Promenade-sans-laisse-pourquoi-votre-chien-peut-disparaitre-sans-prevenir-2-1024x683.png 1024w, https:\/\/planipets.com\/blog\/wp-content\/uploads\/2026\/04\/Promenade-sans-laisse-pourquoi-votre-chien-peut-disparaitre-sans-prevenir-2-768x512.png 768w, https:\/\/planipets.com\/blog\/wp-content\/uploads\/2026\/04\/Promenade-sans-laisse-pourquoi-votre-chien-peut-disparaitre-sans-prevenir-2-150x100.png 150w, https:\/\/planipets.com\/blog\/wp-content\/uploads\/2026\/04\/Promenade-sans-laisse-pourquoi-votre-chien-peut-disparaitre-sans-prevenir-2-450x300.png 450w, https:\/\/planipets.com\/blog\/wp-content\/uploads\/2026\/04\/Promenade-sans-laisse-pourquoi-votre-chien-peut-disparaitre-sans-prevenir-2-1200x800.png 1200w\" sizes=\"(max-width: 1536px) 100vw, 1536px\" title=\"\"><\/a><\/div><div class=\"ub-block-post-grid-text\" style=\"\"><div class=\"ub-block-post-grid-header-content\"><header class=\"ub-block-post-grid-header\"><h2 class=\"ub-block-post-grid-title\"><a style=\"\" href=\"https:\/\/planipets.com\/blog\/chien\/bien-vivre-avec-son-chien\/promenade-sans-laisse-chien-disparaitre\/\" rel=\"bookmark\">Promenade sans laisse : pourquoi votre chien peut dispara\u00eetre sans pr\u00e9venir (et comment \u00e9viter \u00e7a)<\/a><\/h2><div class=\"ub-block-post-grid-author\" itemprop=\"author\"><a class=\"ub-text-link\" style=\"\" href=\"https:\/\/planipets.com\/blog\/author\/redaction\/\" itemprop=\"url\" rel=\"author\"><span itemprop=\"name\">The Planipets editorial team<\/span><\/a><\/div><time datetime=\"2026-05-05T13:06:28+02:00\" class=\"ub-block-post-grid-date\" style=\"\" itemprop=\"datePublished\">2026-05-05<\/time><\/header><\/div><div class=\"ub-block-post-grid-excerpt\"><div class=\"ub-block-post-grid-excerpt-text\" style=\"\"><p>Tout semble sous contr\u00f4le. Votre chien marche tranquillement \u00e0 vos c\u00f4t\u00e9s, libre et d\u00e9tendu. Puis soudain, en une fraction de seconde, il s\u2019\u00e9vapore. Aucun signe annonciateur, aucun doute, juste un d\u00e9part brusque et inattendu. En bref Un chien sans laisse peut s\u2019enfuir sans avertir, m\u00eame s\u2019il r\u00e9pond habituellement au rappel. Certains stimuli peuvent court-circuiter tout\u2026<\/p>\n<\/div><p><a class=\"ub-block-post-grid-more-link ub-text-link\" style=\"\" href=\"https:\/\/planipets.com\/blog\/chien\/bien-vivre-avec-son-chien\/promenade-sans-laisse-chien-disparaitre\/\" rel=\"bookmark\">Continue Reading <span class=\"screen-reader-text\">Promenade sans laisse : pourquoi votre chien peut dispara\u00eetre sans pr\u00e9venir (et comment \u00e9viter \u00e7a)<\/span><\/a><\/p><\/div><\/div><\/article>\n<article id=\"post-67404\" class=\"ub-post-grid-item post-67404 post type-post status-publish format-standard has-post-thumbnail category-comportement-chien category-accessoires category-adopter-chien tag-animaux tag-chien tag-education tag-fugue tag-securite\" style=\"\"><div class=\"ub-block-post-grid-image\" style=\"\"><a href=\"https:\/\/planipets.com\/blog\/chien\/comportement-chien\/retrouver-chien-fugueur-2\/\" rel=\"bookmark\" aria-hidden=\"true\" tabindex=\"-1\"><img loading=\"lazy\" decoding=\"async\" width=\"1536\" height=\"1024\" src=\"https:\/\/planipets.com\/blog\/wp-content\/uploads\/2026\/04\/Comment-retrouver-rapidement-votre-chien-fugueur-et-eviter-les-recidives-2.png\" class=\"attachment-full size-full\" alt=\"\" style=\"max-width: 600px; \" srcset=\"https:\/\/planipets.com\/blog\/wp-content\/uploads\/2026\/04\/Comment-retrouver-rapidement-votre-chien-fugueur-et-eviter-les-recidives-2.png 1536w, https:\/\/planipets.com\/blog\/wp-content\/uploads\/2026\/04\/Comment-retrouver-rapidement-votre-chien-fugueur-et-eviter-les-recidives-2-300x200.png 300w, https:\/\/planipets.com\/blog\/wp-content\/uploads\/2026\/04\/Comment-retrouver-rapidement-votre-chien-fugueur-et-eviter-les-recidives-2-1024x683.png 1024w, https:\/\/planipets.com\/blog\/wp-content\/uploads\/2026\/04\/Comment-retrouver-rapidement-votre-chien-fugueur-et-eviter-les-recidives-2-768x512.png 768w, https:\/\/planipets.com\/blog\/wp-content\/uploads\/2026\/04\/Comment-retrouver-rapidement-votre-chien-fugueur-et-eviter-les-recidives-2-150x100.png 150w, https:\/\/planipets.com\/blog\/wp-content\/uploads\/2026\/04\/Comment-retrouver-rapidement-votre-chien-fugueur-et-eviter-les-recidives-2-450x300.png 450w, https:\/\/planipets.com\/blog\/wp-content\/uploads\/2026\/04\/Comment-retrouver-rapidement-votre-chien-fugueur-et-eviter-les-recidives-2-1200x800.png 1200w\" sizes=\"(max-width: 1536px) 100vw, 1536px\" title=\"\"><\/a><\/div><div class=\"ub-block-post-grid-text\" style=\"\"><div class=\"ub-block-post-grid-header-content\"><header class=\"ub-block-post-grid-header\"><h2 class=\"ub-block-post-grid-title\"><a style=\"\" href=\"https:\/\/planipets.com\/blog\/chien\/comportement-chien\/retrouver-chien-fugueur-2\/\" rel=\"bookmark\">Comment retrouver rapidement votre chien fugueur et \u00e9viter les r\u00e9cidives<\/a><\/h2><div class=\"ub-block-post-grid-author\" itemprop=\"author\"><a class=\"ub-text-link\" style=\"\" href=\"https:\/\/planipets.com\/blog\/author\/redaction\/\" itemprop=\"url\" rel=\"author\"><span itemprop=\"name\">The Planipets editorial team<\/span><\/a><\/div><time datetime=\"2026-04-28T09:11:07+02:00\" class=\"ub-block-post-grid-date\" style=\"\" itemprop=\"datePublished\">2026-04-28<\/time><\/header><\/div><div class=\"ub-block-post-grid-excerpt\"><div class=\"ub-block-post-grid-excerpt-text\" style=\"\"><p>\u2726 L\u2019essentiel Il ne faut parfois qu\u2019un instant d\u2019inattention \u2014 une porti\u00e8re qui claque, un bruit inattendu \u2014 pour que votre chien disparaisse. Le vide s\u2019installe, l\u2019angoisse serre la gorge. Tout bascule en une fraction de seconde. En bref : N\u2019importe quel ma\u00eetre peut \u00eatre confront\u00e9 \u00e0 la fugue, peu importe le caract\u00e8re de son\u2026<\/p>\n<\/div><p><a class=\"ub-block-post-grid-more-link ub-text-link\" style=\"\" href=\"https:\/\/planipets.com\/blog\/chien\/comportement-chien\/retrouver-chien-fugueur-2\/\" rel=\"bookmark\">Continue Reading <span class=\"screen-reader-text\">Comment retrouver rapidement votre chien fugueur et \u00e9viter les r\u00e9cidives<\/span><\/a><\/p><\/div><\/div><\/article>\n<\/div><\/section>","protected":false},"excerpt":{"rendered":"<p>Lundi 7 juillet 2025, un chien de race akita a fr\u00f4l\u00e9 la mort \u00e0 Elbeuf (Seine-Maritime), retrouv\u00e9 maigre, affaibli, et enferm\u00e9 dans un appartement rempli d\u2019excr\u00e9ments. Gr\u00e2ce \u00e0 la vigilance des voisins et \u00e0 l\u2019intervention coordonn\u00e9e des services municipaux et de la SPA, Kouma a \u00e9t\u00e9 sauv\u00e9 \u00e0 temps. Un cas de n\u00e9gligence grave, mais<\/p>\n","protected":false},"author":26,"featured_media":61616,"comment_status":"open","ping_status":"open","sticky":false,"template":"","format":"standard","meta":{"_crdt_document":"","footnotes":"","spc_primary_category":65},"categories":[65],"tags":[],"class_list":{"0":"post-61613","1":"post","2":"type-post","3":"status-publish","4":"format-standard","5":"has-post-thumbnail","7":"category-actualite"},"featured_image_src":"https:\/\/planipets.com\/blog\/wp-content\/uploads\/2025\/07\/Affame-enferme-abandonne-Kouma-un-chien-laisse-seul-a-Elbeuf-sauve-par-les-voisins.jpg","author_info":{"display_name":"The Planipets editorial team","author_link":"https:\/\/planipets.com\/blog\/author\/redaction\/"},"brizy_media":[],"_links":{"self":[{"href":"https:\/\/planipets.com\/blog\/wp-json\/wp\/v2\/posts\/61613","targetHints":{"allow":["GET"]}}],"collection":[{"href":"https:\/\/planipets.com\/blog\/wp-json\/wp\/v2\/posts"}],"about":[{"href":"https:\/\/planipets.com\/blog\/wp-json\/wp\/v2\/types\/post"}],"author":[{"embeddable":true,"href":"https:\/\/planipets.com\/blog\/wp-json\/wp\/v2\/users\/26"}],"replies":[{"embeddable":true,"href":"https:\/\/planipets.com\/blog\/wp-json\/wp\/v2\/comments?post=61613"}],"version-history":[{"count":1,"href":"https:\/\/planipets.com\/blog\/wp-json\/wp\/v2\/posts\/61613\/revisions"}],"predecessor-version":[{"id":61617,"href":"https:\/\/planipets.com\/blog\/wp-json\/wp\/v2\/posts\/61613\/revisions\/61617"}],"wp:featuredmedia":[{"embeddable":true,"href":"https:\/\/planipets.com\/blog\/wp-json\/wp\/v2\/media\/61616"}],"wp:attachment":[{"href":"https:\/\/planipets.com\/blog\/wp-json\/wp\/v2\/media?parent=61613"}],"wp:term":[{"taxonomy":"category","embeddable":true,"href":"https:\/\/planipets.com\/blog\/wp-json\/wp\/v2\/categories?post=61613"},{"taxonomy":"post_tag","embeddable":true,"href":"https:\/\/planipets.com\/blog\/wp-json\/wp\/v2\/tags?post=61613"}],"curies":[{"name":"wp","href":"https:\/\/api.w.org\/{rel}","templated":true}]}}