{"id":61610,"date":"2025-07-09T13:58:33","date_gmt":"2025-07-09T12:58:33","guid":{"rendered":"https:\/\/planipets.com\/blog\/?p=61610"},"modified":"2025-07-09T17:04:04","modified_gmt":"2025-07-09T16:04:04","slug":"chien-traine-derriere-une-voiture-en-belgique-la-vengeance-enflamme-la-maison-du-proprietaire","status":"publish","type":"post","link":"https:\/\/planipets.com\/blog\/actualite\/chien-traine-derriere-une-voiture-en-belgique-la-vengeance-enflamme-la-maison-du-proprietaire\/","title":{"rendered":"Chien tra\u00een\u00e9 derri\u00e8re une voiture en Belgique : la vengeance enflamme la maison du propri\u00e9taire"},"content":{"rendered":"\n<p class=\"wp-block-paragraph\"><strong>Vendredi 4 juillet 2025<\/strong>, une sc\u00e8ne d\u2019une violence rare secoue la Belgique et d\u00e9cha\u00eene les r\u00e9seaux sociaux. Une automobiliste filme un chien mort tra\u00een\u00e9 par une voiture en pleine route, provoquant l&#8217;indignation g\u00e9n\u00e9rale. Mais l\u2019histoire bascule dans un engrenage inattendu : vengeance en ligne, traque num\u00e9rique, puis incendie du domicile du propri\u00e9taire. Ce fait divers spectaculaire illustre les limites br\u00fblantes entre justice, \u00e9motion collective et d\u00e9rive punitive.<\/p>\n\n\n<div style=\"background-color: #d9edf7; color: #31708f; border-left-color: #31708f; \" class=\"ub-styled-box ub-notification-box wp-block-ub-styled-box\" id=\"ub-styled-box-bf17de99-6fe7-42bc-a222-39279ea775a7\">\n<h2 class=\"wp-block-heading\" id=\"ub-styled-box-notification-content-\">Un acte choquant film\u00e9 et diffus\u00e9 : l&#8217;horreur r\u00e9v\u00e9l\u00e9e sur Facebook<\/h2>\n\n\n<\/div>\n\n\n<p class=\"wp-block-paragraph\">Sur une route entre <strong>Dalhem et Vis\u00e9<\/strong>, en Belgique, une automobiliste assiste \u00e0 une sc\u00e8ne insoutenable. Devant elle, un 4&#215;4 roule \u00e0 plus de <strong>80 km\/h<\/strong>, tra\u00eenant derri\u00e8re lui un <strong>berger allemand mort<\/strong> suspendu par une laisse accroch\u00e9e \u00e0 la fen\u00eatre. La conductrice, <strong>Victoria<\/strong>, tente d&#8217;interpeller le conducteur par des klaxons r\u00e9p\u00e9t\u00e9s, avant de s&#8217;arr\u00eater \u00e0 sa hauteur.<\/p>\n\n\n\n<blockquote class=\"wp-block-quote is-layout-flow wp-block-quote-is-layout-flow\">\n<p class=\"wp-block-paragraph\"><em>L\u2019homme sort de son v\u00e9hicule et r\u00e9pond, sans \u00e9motion : <strong>\u00ab Je fais ce que je veux, c\u2019est mon chien \u00bb<\/strong>. <\/em><\/p>\n<\/blockquote>\n\n\n\n<p class=\"wp-block-paragraph\">Victoria filme la sc\u00e8ne et la publie sur Facebook. La vid\u00e9o devient rapidement virale.<\/p>\n\n\n<div style=\"background-color: #f7f7f7; color: #31708f; border-left-color: #31708f; \" class=\"ub-styled-box ub-notification-box wp-block-ub-styled-box\" id=\"ub-styled-box-25a9f01f-43f3-43c0-9097-72f279847c6f\">\n<p class=\"wp-block-paragraph\" id=\"ub-styled-box-notification-content-\"><strong>Pourrait vous int\u00e9resser : <\/strong><a href=\"https:\/\/planipets.com\/blog\/actualite\/canicule-abandon-un-chien-retrouve-en-etat-critique-a-la-ciotat-les-policiers-decouvrent-linsoutenable\/\">Canicule + abandon : un chien retrouv\u00e9 en \u00e9tat critique \u00e0 La Ciotat, les policiers d\u00e9couvrent l\u2019insoutenable<\/a><\/p>\n\n\n<\/div>\n\n\n<p class=\"wp-block-paragraph\"><\/p>\n\n\n<div style=\"background-color: #dff0d8; color: #3c763d; border-left-color: #3c763d; \" class=\"ub-styled-box ub-notification-box wp-block-ub-styled-box\" id=\"ub-styled-box-b5f4b50a-3548-450a-9e5d-e6f65fdfaee5\">\n<h2 class=\"wp-block-heading\" id=\"ub-styled-box-notification-content-\">La traque en ligne s\u2019enclenche : identifi\u00e9, retrouv\u00e9, expos\u00e9<\/h2>\n\n\n<\/div>\n\n\n<iframe src=\"https:\/\/www.facebook.com\/plugins\/post.php?href=https%3A%2F%2Fwww.facebook.com%2Fdanielle.malemprez.1%2Fposts%2Fpfbid02YaicwNYQiT9my3wgW34ZuBgWfGyhHYTfgDsNnPqviKGCHpj1P6kqg21VFNksBvKdl&#038;show_text=true&#038;width=500\" width=\"500\" height=\"712\" style=\"border:none;overflow:hidden\" scrolling=\"no\" frameborder=\"0\" allowfullscreen=\"true\" allow=\"autoplay; clipboard-write; encrypted-media; picture-in-picture; web-share\"><\/iframe>\n\n\n\n<p class=\"wp-block-paragraph\">Bien que <strong>la plaque d&#8217;immatriculation soit flout\u00e9e<\/strong>, les internautes croisent les donn\u00e9es, retrouvent <strong>l&#8217;identit\u00e9 du conducteur<\/strong>, son visage, et <strong>son adresse<\/strong>. Les r\u00e9seaux sociaux s&#8217;enflamment.<\/p>\n\n\n\n<blockquote class=\"wp-block-quote is-layout-flow wp-block-quote-is-layout-flow\">\n<p class=\"wp-block-paragraph\">Son nom circule, sa photo est diffus\u00e9e avec des messages violents comme : \u00ab <em>Voici le visage de l&#8217;homme qui a tir\u00e9 son chien derri\u00e8re sa voiture !<\/em> \u00bb<\/p>\n<\/blockquote>\n\n\n\n<p class=\"wp-block-paragraph\"><\/p>\n\n\n\n<p class=\"wp-block-paragraph\">Selon <strong><a href=\"https:\/\/www.lefigaro.fr\/faits-divers\/belgique-un-homme-traine-son-chien-mort-derriere-sa-voiture-des-internautes-mettent-le-feu-a-sa-maison-20250709\" target=\"_blank\" rel=\"noopener\">Le Figaro<\/a><\/strong>, la police belge contacte rapidement l\u2019homme pour lui conseiller de <strong>quitter temporairement son domicile<\/strong> et de <strong>se retirer des r\u00e9seaux sociaux<\/strong>. Il ne le fait pas.<\/p>\n\n\n\n<p class=\"wp-block-paragraph\"><\/p>\n\n\n<div style=\"background-color: #d9edf7; color: #31708f; border-left-color: #31708f; \" class=\"ub-styled-box ub-notification-box wp-block-ub-styled-box\" id=\"ub-styled-box-50dcc622-e6b0-4ed2-891b-93fe067201c7\">\n<h2 class=\"wp-block-heading\" id=\"ub-styled-box-notification-content-\">De la d\u00e9nonciation \u00e0 la vengeance : sa maison incendi\u00e9e dans la nuit<\/h2>\n\n\n<\/div>\n\n\n<p class=\"wp-block-paragraph\">Dans la nuit de <strong>dimanche \u00e0 lundi<\/strong>, vers <strong>1h30 du matin<\/strong>, un incendie se d\u00e9clare dans la maison de l\u2019homme, alors qu\u2019il dormait \u00e0 l\u2019\u00e9tage. Il parvient \u00e0 s\u2019\u00e9chapper \u00e0 temps. Sur la porte de garage, un tag le qualifie de <strong>\u00ab Tueur de chien \u00bb<\/strong>. Il s&#8217;agit clairement d&#8217;une <strong>action cibl\u00e9e par vengeance<\/strong>.<\/p>\n\n\n\n<blockquote class=\"wp-block-quote is-layout-flow wp-block-quote-is-layout-flow\">\n<p class=\"wp-block-paragraph\">Le bourgmestre d&#8217;<strong>Oupeye<\/strong>, <strong>Serge Fillot<\/strong>, lance un appel \u00e0 l\u2019apaisement : \u00ab <em>Le citoyen ne se fait pas justice lui-m\u00eame. <\/em>\u00bb<\/p>\n<\/blockquote>\n\n\n\n<p class=\"wp-block-paragraph\">Il annonce le <strong>renforcement de la s\u00e9curit\u00e9 autour de l\u2019homme<\/strong>, \u00e0 son domicile comme sur son lieu de travail.<\/p>\n\n\n<div style=\"background-color: #f7f7f7; color: #31708f; border-left-color: #31708f; \" class=\"ub-styled-box ub-notification-box wp-block-ub-styled-box\" id=\"ub-styled-box-e09dded7-e780-42e7-80b9-41cad2f7b474\">\n<p class=\"wp-block-paragraph\" id=\"ub-styled-box-notification-content-\"><strong>Pourrait vous int\u00e9resser :<\/strong> <a href=\"https:\/\/planipets.com\/blog\/actualite\/ils-se-sont-acharnes-a-les-lapider-deux-hommes-juges-pour-maltraitance-animale-apres-avoir-tue-et-jete-des-chiens-dans-une-riviere\/\">\u00ab Ils se sont acharn\u00e9s \u00e0 les lapider \u00bb : Deux hommes jug\u00e9s pour maltraitance animale apr\u00e8s avoir tu\u00e9 et jet\u00e9 des chiens dans une rivi\u00e8re<\/a><\/p>\n\n\n<\/div>\n\n\n<p class=\"wp-block-paragraph\"><\/p>\n\n\n<div style=\"background-color: #dff0d8; color: #3c763d; border-left-color: #3c763d; \" class=\"ub-styled-box ub-notification-box wp-block-ub-styled-box\" id=\"ub-styled-box-33d4c4d2-026e-40f9-b3ba-5ac8f478d3aa\">\n<h2 class=\"wp-block-heading\" id=\"ub-styled-box-notification-content-\">L\u2019homme se d\u00e9fend : un \u00ab accident \u00bb selon lui<\/h2>\n\n\n<\/div>\n\n\n<div style=\"position:relative;padding-bottom:56.25%;height:0;overflow:hidden;\">\n  <iframe src=\"https:\/\/geo.dailymotion.com\/player.html?video=x9mjlb2\"\n    style=\"width:100%; height:100%; position:absolute; left:0px; top:0px; overflow:hidden; border:none;\"\n    allowfullscreen\n    title=\"Dailymotion Video Player\"\n    allow=\"web-share\">\n  <\/iframe>\n<\/div>\n\n\n\n<p class=\"wp-block-paragraph\">Le lendemain des faits, <strong>le propri\u00e9taire du chien<\/strong> se pr\u00e9sente \u00e0 la <strong>police d&#8217;Hermalle<\/strong>. Il affirme qu&#8217;il s&#8217;agit d&#8217;un <strong>accident<\/strong>. D&#8217;apr\u00e8s sa version, il aurait laiss\u00e9 son chien <strong>dans le coffre du v\u00e9hicule, attach\u00e9 par sa laisse<\/strong>, avant de partir au caf\u00e9. Revenu \u00e0 sa voiture vers <strong>22h<\/strong>, il ne se serait pas rendu compte que l&#8217;animal avait <strong>saut\u00e9 par la fen\u00eatre<\/strong>.<\/p>\n\n\n\n<p class=\"wp-block-paragraph\">Il dit avoir r\u00e9alis\u00e9 la situation uniquement apr\u00e8s les <strong>appels de phares de la conductrice<\/strong>. Il aurait alors d\u00e9tach\u00e9 l\u2019animal, l\u2019aurait mis dans le coffre, puis serait reparti.<\/p>\n\n\n\n<p class=\"wp-block-paragraph\">Une <strong>enqu\u00eate judiciaire<\/strong> a \u00e9t\u00e9 ouverte. La justice belge rappelle que la <strong>maltraitance animale<\/strong> est passible de <strong>8 jours \u00e0 3 ans d&#8217;emprisonnement<\/strong> et\/ou <strong>800 \u00e0 8.000.000 euros d&#8217;amende<\/strong>, ainsi que le <strong>retrait du permis de d\u00e9tention d\u2019animal<\/strong>.<\/p>\n\n\n\n<p class=\"wp-block-paragraph\"><\/p>\n\n\n<div style=\"background-color: #d9edf7; color: #31708f; border-left-color: #31708f; \" class=\"ub-styled-box ub-notification-box wp-block-ub-styled-box\" id=\"ub-styled-box-fd46f577-7e8b-4c75-8c83-1503442b3753\">\n<h2 class=\"wp-block-heading\" id=\"ub-styled-box-notification-content-\">R\u00e9seaux sociaux : quand la justice populaire vire \u00e0 la justice incendiaire<\/h2>\n\n\n<\/div>\n\n\n<p class=\"wp-block-paragraph\">Cet \u00e9pisode extr\u00eame questionne la <strong>limite entre indignation collective et violences punitives<\/strong>. Ce n&#8217;est pas la premi\u00e8re fois que des faits de maltraitance animale d\u00e9clenchent des actes de <strong>justice priv\u00e9e<\/strong>.<\/p>\n\n\n\n<p class=\"wp-block-paragraph\">Historiquement, les cas les plus viraux, comme ceux de chiens battus ou abandonn\u00e9s en vid\u00e9o, provoquent des <strong>mouvements massifs en ligne<\/strong>. Mais ici, <strong>la vengeance a franchi le cap du virtuel<\/strong>, avec des cons\u00e9quences graves.<\/p>\n\n\n\n<p class=\"wp-block-paragraph\">Ce fait divers est aussi un sympt\u00f4me d\u2019un probl\u00e8me plus profond : la <strong>col\u00e8re sociale face \u00e0 l\u2019impunit\u00e9 per\u00e7ue<\/strong> autour de la maltraitance animale. En Belgique comme en France, les condamnations sont jug\u00e9es <strong>trop rares ou trop l\u00e9g\u00e8res<\/strong>.<\/p>\n\n\n<div style=\"background-color: #f7f7f7; color: #31708f; border-left-color: #31708f; \" class=\"ub-styled-box ub-notification-box wp-block-ub-styled-box\" id=\"ub-styled-box-c5fdb1c3-2762-402a-be32-c893e3a274f7\">\n<p class=\"wp-block-paragraph\" id=\"ub-styled-box-notification-content-\"><strong>Pourrait vous int\u00e9resser :<\/strong> <a href=\"https:\/\/planipets.com\/blog\/actualite\/justice-en-ardeche-sept-chiens-de-chasse-tues-un-jugement-tres-attendu\/\">Justice en Ard\u00e8che : sept chiens de chasse tu\u00e9s, un jugement tr\u00e8s attendu<\/a><\/p>\n\n\n<\/div>\n\n\n<p class=\"wp-block-paragraph\"><\/p>\n\n\n<div style=\"background-color: #dff0d8; color: #3c763d; border-left-color: #3c763d; \" class=\"ub-styled-box ub-notification-box wp-block-ub-styled-box\" id=\"ub-styled-box-eb58e365-ba0d-42a0-a63b-2bbc0bed855e\">\n<h2 class=\"wp-block-heading\" id=\"ub-styled-box-notification-content-\">L\u2019\u00e9motion animale, levier de mobilisation populaire<\/h2>\n\n\n<\/div>\n\n\n<p class=\"wp-block-paragraph\">Selon une \u00e9tude de la <a href=\"https:\/\/www.sciencesetavenir.fr\/animaux\/6-mesures-phares-reclamees-par-les-francais-pour-la-protection-animale_121304\" target=\"_blank\" rel=\"noopener\">Fondation 30 Millions d\u2019Amis <\/a>, <strong>70 % des Fran\u00e7ais<\/strong> estiment que les peines pour maltraitance animale sont <strong>insuffisantes<\/strong>. Et <strong>une vid\u00e9o de maltraitance sur les r\u00e9seaux sociaux<\/strong> engendre en moyenne <strong>plus de 200 000 partages<\/strong> lorsqu\u2019elle contient une dimension visuelle forte.<\/p>\n\n\n\n<p class=\"wp-block-paragraph\">Ce cas belge ne fait que confirmer une dynamique d\u00e9j\u00e0 observ\u00e9e : la <strong>sensibilit\u00e9 envers les animaux<\/strong> est \u00e9motionnellement tr\u00e8s mobilisatrice. Mais cette sensibilit\u00e9, lorsqu\u2019elle se traduit en vengeance, <strong>devient hors-la-loi<\/strong>.<\/p>\n\n\n<div style=\"background-color: #d9edf7; color: #31708f; border-left-color: #31708f; \" class=\"ub-styled-box ub-notification-box wp-block-ub-styled-box\" id=\"ub-styled-box-75b6a710-50d9-4fb8-9533-a8ab4dacf188\">\n<h2 class=\"wp-block-heading\" id=\"ub-styled-box-notification-content-\">Un chien tra\u00een\u00e9, un homme incendi\u00e9, une soci\u00e9t\u00e9 \u00e0 vif<\/h2>\n\n\n<\/div>\n\n\n<p class=\"wp-block-paragraph\">Ce fait divers gla\u00e7ant, relay\u00e9  avec pr\u00e9cision, met en lumi\u00e8re les <strong>fractures morales<\/strong> de notre \u00e9poque : entre d\u00e9go\u00fbt de la cruaut\u00e9, soif de justice, et dangers de l\u2019emballement num\u00e9rique.<\/p>\n\n\n\n<p class=\"wp-block-paragraph\">Si la <strong>maltraitance animale<\/strong> doit \u00eatre punie, elle ne peut \u00eatre pr\u00e9texte \u00e0 <strong>l\u2019incitation \u00e0 la violence<\/strong>. La r\u00e9volte populaire digitale peut \u00eatre un moteur d\u2019alerte, mais non un d\u00e9tonateur d\u2019incendie. L\u2019\u00e9quilibre reste \u00e0 trouver.<\/p>\n\n\n\n<p class=\"wp-block-paragraph\"><strong>Reste \u00e0 savoir si la justice saura punir l\u2019homme&#8230; sans \u00e9chauffer une soci\u00e9t\u00e9 d\u00e9j\u00e0 br\u00fblante.<\/strong><\/p>\n\n\n\n<p class=\"wp-block-paragraph\"><\/p>\n\n\n\n<h2 class=\"wp-block-heading\">C&#8217;est en partageant qu&#8217;on fait bouger les lignes . Partagez \u00e7a sur vos r\u00e9seaux&nbsp;<\/h2>\n\n\n<div class=\"wp-block-ub-social-share\" id=\"ub-social-share-a256ed18-41c7-4620-8146-42b7aa4fb2a3\">\n\t\t\t<div class=\"social-share-icons align-icons-left orientation-icons-row\"><a aria-label=\"facebook-logo\" target=\"_blank\" rel=\"nofollow\" href=\"https:\/\/www.facebook.com\/sharer\/sharer.php?u=https%3A%2F%2Fplanipets.com%2Fblog%2Factualite%2Fchien-traine-derriere-une-voiture-en-belgique-la-vengeance-enflamme-la-maison-du-proprietaire%2F&amp;title=Chien%20tra%C3%AEn%C3%A9%20derri%C3%A8re%20une%20voiture%20en%20Belgique%20%3A%20la%20vengeance%20enflamme%20la%20maison%20du%20propri%C3%A9taire\" class=\"ub-social-share-facebook-container\" style=\"border-color: #1877f2; background-color: transparent; box-shadow: none; \">\n\t\t\t\t<span class=\"social-share-icon ub-social-share-facebook\" style=\"width: 30px; height: 30px; \"><svg xmlns=\"http:\/\/www.w3.org\/2000\/svg\" style=\"fill:#1877f2\" fill=\"#1877f2\" width=\"20\" height=\"20\" viewbox=\"0 0 264 512\"><path d=\"M76.7 512V283H0v-91h76.7v-71.7C76.7 42.4 124.3 0 193.8 0c33.3 0 61.9 2.5 70.2 3.6V85h-48.2c-37.8 0-45.1 18-45.1 44.3V192H256l-11.7 91h-73.6v229\"><\/path><\/svg><\/span><span style=\"\">share<\/span>\n\t\t\t<\/a><a aria-label=\"twitter-logo\" target=\"_blank\" rel=\"nofollow\" href=\"http:\/\/twitter.com\/intent\/tweet?url=https%3A%2F%2Fplanipets.com%2Fblog%2Factualite%2Fchien-traine-derriere-une-voiture-en-belgique-la-vengeance-enflamme-la-maison-du-proprietaire%2F&amp;text=Chien%20tra%C3%AEn%C3%A9%20derri%C3%A8re%20une%20voiture%20en%20Belgique%20%3A%20la%20vengeance%20enflamme%20la%20maison%20du%20propri%C3%A9taire\" class=\"ub-social-share-twitter-container\" style=\"border-color: #1d9bf0; background-color: transparent; box-shadow: none; \">\n\t\t\t\t<span class=\"social-share-icon ub-social-share-twitter\" style=\"width: 30px; height: 30px; \"><svg xmlns=\"http:\/\/www.w3.org\/2000\/svg\" style=\"color:#1d9BF0\" fill=\"#1d9BF0\" width=\"20\" height=\"20\" viewbox=\"0 0 24 24\"><path d=\"M18.901 1.153h3.68l-8.04 9.19L24 22.846h-7.406l-5.8-7.584l-6.638 7.584H.474l8.6-9.83L0 1.154h7.594l5.243 6.932ZM17.61 20.644h2.039L6.486 3.24H4.298Z\"><\/path><\/svg><\/span><span style=\"\">tweet<\/span>\n\t\t\t<\/a><a aria-label=\"linkedin-logo\" target=\"_blank\" rel=\"nofollow\" href=\"https:\/\/www.linkedin.com\/sharing\/share-offsite\/?url=https%3A%2F%2Fplanipets.com%2Fblog%2Factualite%2Fchien-traine-derriere-une-voiture-en-belgique-la-vengeance-enflamme-la-maison-du-proprietaire%2F\" class=\"ub-social-share-linkedin-container\" style=\"border-color: #2867b2; background-color: transparent; box-shadow: none; \">\n\t\t\t\t<span class=\"social-share-icon ub-social-share-linkedin\" style=\"width: 30px; height: 30px; \"><svg xmlns=\"http:\/\/www.w3.org\/2000\/svg\" style=\"fill:#2867b2\" fill=\"#2867b2\" width=\"20\" height=\"20\" viewbox=\"0 0 448 512\"><path d=\"M100.3 480H7.4V180.9h92.9V480zM53.8 140.1C24.1 140.1 0 115.5 0 85.8 0 56.1 24.1 32 53.8 32c29.7 0 53.8 24.1 53.8 53.8 0 29.7-24.1 54.3-53.8 54.3zM448 480h-92.7V334.4c0-34.7-.7-79.2-48.3-79.2-48.3 0-55.7 37.7-55.7 76.7V480h-92.8V180.9h89.1v40.8h1.3c12.4-23.5 42.7-48.3 87.9-48.3 94 0 111.3 61.9 111.3 142.3V480z\"><\/path><\/svg><\/span><span style=\"\">share<\/span>\n\t\t\t<\/a><a aria-label=\"pinterest-logo\" target=\"_blank\" rel=\"nofollow\" href=\"https:\/\/pinterest.com\/pin\/create\/button\/?&amp;url=https%3A%2F%2Fplanipets.com%2Fblog%2Factualite%2Fchien-traine-derriere-une-voiture-en-belgique-la-vengeance-enflamme-la-maison-du-proprietaire%2F&amp;description=Chien%20tra%C3%AEn%C3%A9%20derri%C3%A8re%20une%20voiture%20en%20Belgique%20%3A%20la%20vengeance%20enflamme%20la%20maison%20du%20propri%C3%A9taire&amp;media=https:\/\/planipets.com\/blog\/wp-content\/uploads\/2025\/07\/Chien-traine-derriere-une-voiture-en-Belgique-la-vengeance-enflamme-la-maison-du-proprietaire-1024x683.jpg\" class=\"ub-social-share-pinterest-container\" style=\"border-color: #e60023; background-color: transparent; box-shadow: none; \">\n\t\t\t\t<span class=\"social-share-icon ub-social-share-pinterest\" style=\"width: 30px; height: 30px; \"><svg xmlns=\"http:\/\/www.w3.org\/2000\/svg\" style=\"fill:#e60023\" fill=\"#e60023\" width=\"20\" height=\"20\" viewbox=\"0 0 384 512\"><path d=\"M204 6.5C101.4 6.5 0 74.9 0 185.6 0 256 39.6 296 63.6 296c9.9 0 15.6-27.6 15.6-35.4 0-9.3-23.7-29.1-23.7-67.8 0-80.4 61.2-137.4 140.4-137.4 68.1 0 118.5 38.7 118.5 109.8 0 53.1-21.3 152.7-90.3 152.7-24.9 0-46.2-18-46.2-43.8 0-37.8 26.4-74.4 26.4-113.4 0-66.2-93.9-54.2-93.9 25.8 0 16.8 2.1 35.4 9.6 50.7-13.8 59.4-42 147.9-42 209.1 0 18.9 2.7 37.5 4.5 56.4 3.4 3.8 1.7 3.4 6.9 1.5 50.4-69 48.6-82.5 71.4-172.8 12.3 23.4 44.1 36 69.3 36 106.2 0 153.9-103.5 153.9-196.8C384 71.3 298.2 6.5 204 6.5z\"><\/path><\/svg><\/span><span style=\"\">pin<\/span>\n\t\t\t<\/a><a aria-label=\"reddit-logo\" target=\"_blank\" rel=\"nofollow\" href=\"http:\/\/www.reddit.com\/submit?url=https%3A%2F%2Fplanipets.com%2Fblog%2Factualite%2Fchien-traine-derriere-une-voiture-en-belgique-la-vengeance-enflamme-la-maison-du-proprietaire%2F&amp;title=Chien%20tra%C3%AEn%C3%A9%20derri%C3%A8re%20une%20voiture%20en%20Belgique%20%3A%20la%20vengeance%20enflamme%20la%20maison%20du%20propri%C3%A9taire\" class=\"ub-social-share-reddit-container\" style=\"border-color: #ff4500; background-color: transparent; box-shadow: none; \">\n\t\t\t\t<span class=\"social-share-icon ub-social-share-reddit\" style=\"width: 30px; height: 30px; \"><svg xmlns=\"http:\/\/www.w3.org\/2000\/svg\" style=\"fill:#ff4500\" fill=\"#ff4500\" width=\"20\" height=\"20\" viewbox=\"0 0 512 512\"><path d=\"M440.3 203.5c-15 0-28.2 6.2-37.9 15.9-35.7-24.7-83.8-40.6-137.1-42.3L293 52.3l88.2 19.8c0 21.6 17.6 39.2 39.2 39.2 22 0 39.7-18.1 39.7-39.7s-17.6-39.7-39.7-39.7c-15.4 0-28.7 9.3-35.3 22l-97.4-21.6c-4.9-1.3-9.7 2.2-11 7.1L246.3 177c-52.9 2.2-100.5 18.1-136.3 42.8-9.7-10.1-23.4-16.3-38.4-16.3-55.6 0-73.8 74.6-22.9 100.1-1.8 7.9-2.6 16.3-2.6 24.7 0 83.8 94.4 151.7 210.3 151.7 116.4 0 210.8-67.9 210.8-151.7 0-8.4-.9-17.2-3.1-25.1 49.9-25.6 31.5-99.7-23.8-99.7zM129.4 308.9c0-22 17.6-39.7 39.7-39.7 21.6 0 39.2 17.6 39.2 39.7 0 21.6-17.6 39.2-39.2 39.2-22 .1-39.7-17.6-39.7-39.2zm214.3 93.5c-36.4 36.4-139.1 36.4-175.5 0-4-3.5-4-9.7 0-13.7 3.5-3.5 9.7-3.5 13.2 0 27.8 28.5 120 29 149 0 3.5-3.5 9.7-3.5 13.2 0 4.1 4 4.1 10.2.1 13.7zm-.8-54.2c-21.6 0-39.2-17.6-39.2-39.2 0-22 17.6-39.7 39.2-39.7 22 0 39.7 17.6 39.7 39.7-.1 21.5-17.7 39.2-39.7 39.2z\"><\/path><\/svg><\/span><span style=\"\">post<\/span>\n\t\t\t<\/a><a aria-label=\"tumblr-logo\" target=\"_blank\" rel=\"nofollow\" href=\"https:\/\/www.tumblr.com\/widgets\/share\/tool?canonicalUrl=https%3A%2F%2Fplanipets.com%2Fblog%2Factualite%2Fchien-traine-derriere-une-voiture-en-belgique-la-vengeance-enflamme-la-maison-du-proprietaire%2F&amp;title=Chien%20tra%C3%AEn%C3%A9%20derri%C3%A8re%20une%20voiture%20en%20Belgique%20%3A%20la%20vengeance%20enflamme%20la%20maison%20du%20propri%C3%A9taire\" class=\"ub-social-share-tumblr-container\" style=\"border-color: #001935; background-color: transparent; box-shadow: none; \">\n\t\t\t\t<span class=\"social-share-icon ub-social-share-tumblr\" style=\"width: 30px; height: 30px; \"><svg xmlns=\"http:\/\/www.w3.org\/2000\/svg\" style=\"fill:#001935\" fill=\"#001935\" width=\"20\" height=\"20\" viewbox=\"0 0 320 512\"><path d=\"M309.8 480.3c-13.6 14.5-50 31.7-97.4 31.7-120.8 0-147-88.8-147-140.6v-144H17.9c-5.5 0-10-4.5-10-10v-68c0-7.2 4.5-13.6 11.3-16 62-21.8 81.5-76 84.3-117.1.8-11 6.5-16.3 16.1-16.3h70.9c5.5 0 10 4.5 10 10v115.2h83c5.5 0 10 4.4 10 9.9v81.7c0 5.5-4.5 10-10 10h-83.4V360c0 34.2 23.7 53.6 68 35.8 4.8-1.9 9-3.2 12.7-2.2 3.5.9 5.8 3.4 7.4 7.9l22 64.3c1.8 5 3.3 10.6-.4 14.5z\"><\/path><\/svg><\/span><span style=\"\">share<\/span>\n\t\t\t<\/a><\/div>\n\t\t<\/div>\n\n\n<h2 class=\"wp-block-heading\">Nos lecteurs n&#8217;en sont pas rest\u00e9s l\u00e0 . Ils ont craqu\u00e9 pour ces autres sujets<\/h2>\n\n\n<section class=\"wp-block-ub-post-grid ub-block-post-grid align  is-equal-height preserve-post-image-aspect-ratio\" style=\"\" id=\"ub-post-grid-\"><div class=\"ub-post-grid-items is-grid columns-2\" style=\"row-gap: 32px; column-gap: 32px; \"><article id=\"post-67644\" class=\"ub-post-grid-item post-67644 post type-post status-publish format-standard has-post-thumbnail category-choisir-alimentation-chien\" style=\"\"><div class=\"ub-block-post-grid-image\" style=\"\"><a href=\"https:\/\/planipets.com\/blog\/choisir-alimentation-chien\/pourquoi-privilegier-les-friandises-naturelles-pour-votre-chien\/\" rel=\"bookmark\" aria-hidden=\"true\" tabindex=\"-1\"><img fetchpriority=\"high\" decoding=\"async\" width=\"1170\" height=\"780\" src=\"https:\/\/planipets.com\/blog\/wp-content\/uploads\/2026\/08\/Friandises-saines-pour-chien-comment-bien-les-choisir-.avif\" class=\"attachment-full size-full\" alt=\"\" style=\"max-width: 600px; \" srcset=\"https:\/\/planipets.com\/blog\/wp-content\/uploads\/2026\/08\/Friandises-saines-pour-chien-comment-bien-les-choisir-.avif 1170w, https:\/\/planipets.com\/blog\/wp-content\/uploads\/2026\/08\/Friandises-saines-pour-chien-comment-bien-les-choisir--300x200.jpg 300w, https:\/\/planipets.com\/blog\/wp-content\/uploads\/2026\/08\/Friandises-saines-pour-chien-comment-bien-les-choisir--1024x683.jpg 1024w, https:\/\/planipets.com\/blog\/wp-content\/uploads\/2026\/08\/Friandises-saines-pour-chien-comment-bien-les-choisir--768x512.jpg 768w, https:\/\/planipets.com\/blog\/wp-content\/uploads\/2026\/08\/Friandises-saines-pour-chien-comment-bien-les-choisir--150x100.jpg 150w, https:\/\/planipets.com\/blog\/wp-content\/uploads\/2026\/08\/Friandises-saines-pour-chien-comment-bien-les-choisir--450x300.jpg 450w\" sizes=\"(max-width: 1170px) 100vw, 1170px\" title=\"\"><\/a><\/div><div class=\"ub-block-post-grid-text\" style=\"\"><div class=\"ub-block-post-grid-header-content\"><header class=\"ub-block-post-grid-header\"><h2 class=\"ub-block-post-grid-title\"><a style=\"\" href=\"https:\/\/planipets.com\/blog\/choisir-alimentation-chien\/pourquoi-privilegier-les-friandises-naturelles-pour-votre-chien\/\" rel=\"bookmark\">Pourquoi privil\u00e9gier les friandises naturelles pour votre chien ?<\/a><\/h2><div class=\"ub-block-post-grid-author\" itemprop=\"author\"><a class=\"ub-text-link\" style=\"\" href=\"https:\/\/planipets.com\/blog\/author\/redaction\/\" itemprop=\"url\" rel=\"author\"><span itemprop=\"name\">The Planipets editorial team<\/span><\/a><\/div><time datetime=\"2026-08-26T17:40:05+02:00\" class=\"ub-block-post-grid-date\" style=\"\" itemprop=\"datePublished\">2026-08-26<\/time><\/header><\/div><div class=\"ub-block-post-grid-excerpt\"><div class=\"ub-block-post-grid-excerpt-text\" style=\"\"><p>L\u2019apprentissage d\u2019un chien repose en grande partie sur la motivation et la r\u00e9compense. Pour capter son attention lors des s\u00e9ances de dressage, la friandise reste un outil incontournable. Cependant, toutes les r\u00e9compenses ne se valent pas sur le plan nutritionnel. Choisir une option saine permet d\u2019associer \u00e9ducation positive et bien-\u00eatre physique. Associer l\u2019apprentissage du chien\u2026<\/p>\n<\/div><p><a class=\"ub-block-post-grid-more-link ub-text-link\" style=\"\" href=\"https:\/\/planipets.com\/blog\/choisir-alimentation-chien\/pourquoi-privilegier-les-friandises-naturelles-pour-votre-chien\/\" rel=\"bookmark\">Continue Reading <span class=\"screen-reader-text\">Pourquoi privil\u00e9gier les friandises naturelles pour votre chien ?<\/span><\/a><\/p><\/div><\/div><\/article>\n<article id=\"post-67633\" class=\"ub-post-grid-item post-67633 post type-post status-publish format-standard has-post-thumbnail category-actualite\" style=\"\"><div class=\"ub-block-post-grid-image\" style=\"\"><a href=\"https:\/\/planipets.com\/blog\/actualite\/cataire-pour-chat-quels-effets-et-comment-bien-lutiliser\/\" rel=\"bookmark\" aria-hidden=\"true\" tabindex=\"-1\"><img decoding=\"async\" width=\"1200\" height=\"600\" src=\"https:\/\/planipets.com\/blog\/wp-content\/uploads\/2026\/08\/cataire-chat.jpg\" class=\"attachment-full size-full\" alt=\"cataire chat\" style=\"max-width: 600px; \" srcset=\"https:\/\/planipets.com\/blog\/wp-content\/uploads\/2026\/08\/cataire-chat.jpg 1200w, https:\/\/planipets.com\/blog\/wp-content\/uploads\/2026\/08\/cataire-chat-300x150.jpg 300w, https:\/\/planipets.com\/blog\/wp-content\/uploads\/2026\/08\/cataire-chat-1024x512.jpg 1024w, https:\/\/planipets.com\/blog\/wp-content\/uploads\/2026\/08\/cataire-chat-768x384.jpg 768w, https:\/\/planipets.com\/blog\/wp-content\/uploads\/2026\/08\/cataire-chat-150x75.jpg 150w, https:\/\/planipets.com\/blog\/wp-content\/uploads\/2026\/08\/cataire-chat-450x225.jpg 450w\" sizes=\"(max-width: 1200px) 100vw, 1200px\" title=\"\"><\/a><\/div><div class=\"ub-block-post-grid-text\" style=\"\"><div class=\"ub-block-post-grid-header-content\"><header class=\"ub-block-post-grid-header\"><h2 class=\"ub-block-post-grid-title\"><a style=\"\" href=\"https:\/\/planipets.com\/blog\/actualite\/cataire-pour-chat-quels-effets-et-comment-bien-lutiliser\/\" rel=\"bookmark\">Cataire pour chat : quels effets et comment bien l\u2019utiliser ?<\/a><\/h2><div class=\"ub-block-post-grid-author\" itemprop=\"author\"><a class=\"ub-text-link\" style=\"\" href=\"https:\/\/planipets.com\/blog\/author\/redaction\/\" itemprop=\"url\" rel=\"author\"><span itemprop=\"name\">The Planipets editorial team<\/span><\/a><\/div><time datetime=\"2026-08-19T18:49:02+02:00\" class=\"ub-block-post-grid-date\" style=\"\" itemprop=\"datePublished\">2026-08-19<\/time><\/header><\/div><div class=\"ub-block-post-grid-excerpt\"><div class=\"ub-block-post-grid-excerpt-text\" style=\"\"><p>La cataire est une plante bien connue des propri\u00e9taires de chats, mais ses effets restent parfois mal compris. Certains chats se roulent dessus avec enthousiasme, d\u2019autres la mordillent, la l\u00e8chent ou deviennent soudain tr\u00e8s joueurs. \u00c0 l\u2019inverse, quelques chats y restent totalement indiff\u00e9rents. Cette plante naturelle peut \u00eatre int\u00e9ressante pour stimuler l\u2019activit\u00e9, enrichir l\u2019environnement et\u2026<\/p>\n<\/div><p><a class=\"ub-block-post-grid-more-link ub-text-link\" style=\"\" href=\"https:\/\/planipets.com\/blog\/actualite\/cataire-pour-chat-quels-effets-et-comment-bien-lutiliser\/\" rel=\"bookmark\">Continue Reading <span class=\"screen-reader-text\">Cataire pour chat : quels effets et comment bien l\u2019utiliser ?<\/span><\/a><\/p><\/div><\/div><\/article>\n<article id=\"post-67582\" class=\"ub-post-grid-item post-67582 post type-post status-publish format-standard has-post-thumbnail category-actualite category-collectivites-bien-etre-animal category-conseils-et-vie-quotidienne category-professionnel-planipets category-sante-chat category-sante-chien tag-animaux tag-chien tag-education tag-fugue tag-securite\" style=\"\"><div class=\"ub-block-post-grid-image\" style=\"\"><a href=\"https:\/\/planipets.com\/blog\/actualite\/info-clinique-veterinaire\/\" rel=\"bookmark\" aria-hidden=\"true\" tabindex=\"-1\"><img decoding=\"async\" width=\"1200\" height=\"600\" src=\"https:\/\/planipets.com\/blog\/wp-content\/uploads\/2026\/05\/Soins-veterinaires-a-domicile.jpg\" class=\"attachment-full size-full\" alt=\"Soins v\u00e9t\u00e9rinaires \u00e0 domicile avec une v\u00e9t\u00e9rinaire examinant un Golden Retriever dans un salon r\u00e9sidentiel.\" style=\"max-width: 600px; \" srcset=\"https:\/\/planipets.com\/blog\/wp-content\/uploads\/2026\/05\/Soins-veterinaires-a-domicile.jpg 1200w, https:\/\/planipets.com\/blog\/wp-content\/uploads\/2026\/05\/Soins-veterinaires-a-domicile-300x150.jpg 300w, https:\/\/planipets.com\/blog\/wp-content\/uploads\/2026\/05\/Soins-veterinaires-a-domicile-1024x512.jpg 1024w, https:\/\/planipets.com\/blog\/wp-content\/uploads\/2026\/05\/Soins-veterinaires-a-domicile-768x384.jpg 768w, https:\/\/planipets.com\/blog\/wp-content\/uploads\/2026\/05\/Soins-veterinaires-a-domicile-150x75.jpg 150w, https:\/\/planipets.com\/blog\/wp-content\/uploads\/2026\/05\/Soins-veterinaires-a-domicile-450x225.jpg 450w\" sizes=\"(max-width: 1200px) 100vw, 1200px\" title=\"\"><\/a><\/div><div class=\"ub-block-post-grid-text\" style=\"\"><div class=\"ub-block-post-grid-header-content\"><header class=\"ub-block-post-grid-header\"><h2 class=\"ub-block-post-grid-title\"><a style=\"\" href=\"https:\/\/planipets.com\/blog\/actualite\/info-clinique-veterinaire\/\" rel=\"bookmark\">Clinique v\u00e9t\u00e9rinaire \u00e0 Paris : urgences, tarifs et crit\u00e8res pour choisir la bonne adresse<\/a><\/h2><div class=\"ub-block-post-grid-author\" itemprop=\"author\"><a class=\"ub-text-link\" style=\"\" href=\"https:\/\/planipets.com\/blog\/author\/redaction\/\" itemprop=\"url\" rel=\"author\"><span itemprop=\"name\">The Planipets editorial team<\/span><\/a><\/div><time datetime=\"2026-05-13T13:35:19+02:00\" class=\"ub-block-post-grid-date\" style=\"\" itemprop=\"datePublished\">2026-05-13<\/time><\/header><\/div><div class=\"ub-block-post-grid-excerpt\"><div class=\"ub-block-post-grid-excerpt-text\" style=\"\"><p>Trouver une clinique v\u00e9t\u00e9rinaire \u00e0 Paris peut sembler simple au premier abord. La capitale compte de nombreux \u00e9tablissements, des cabinets de quartier, des cliniques sp\u00e9cialis\u00e9es, des services d\u2019urgence et des structures capables d\u2019assurer des soins plus techniques. Pourtant, lorsqu\u2019un animal ne va pas bien, le choix devient vite plus d\u00e9licat. Un chien qui boite soudainement,\u2026<\/p>\n<\/div><p><a class=\"ub-block-post-grid-more-link ub-text-link\" style=\"\" href=\"https:\/\/planipets.com\/blog\/actualite\/info-clinique-veterinaire\/\" rel=\"bookmark\">Continue Reading <span class=\"screen-reader-text\">Clinique v\u00e9t\u00e9rinaire \u00e0 Paris : urgences, tarifs et crit\u00e8res pour choisir la bonne adresse<\/span><\/a><\/p><\/div><\/div><\/article>\n<article id=\"post-67592\" class=\"ub-post-grid-item post-67592 post type-post status-publish format-standard has-post-thumbnail category-races-chiens category-adopter-chien category-bien-vivre-avec-son-chien category-chien category-choisir-alimentation-chien category-comportement-chien category-origine-domestication-chien category-sante-chien\" style=\"\"><div class=\"ub-block-post-grid-image\" style=\"\"><a href=\"https:\/\/planipets.com\/blog\/chien\/races-chiens\/laffenpinscher-infographies-pour-tout-savoir-sur-son-histoire-son-temperament-son-education-son-cout-2-2-2\/\" rel=\"bookmark\" aria-hidden=\"true\" tabindex=\"-1\"><img loading=\"lazy\" decoding=\"async\" width=\"1200\" height=\"600\" src=\"https:\/\/planipets.com\/blog\/wp-content\/uploads\/2026\/05\/Alano-espagnol-en-nature.jpg\" class=\"attachment-full size-full\" alt=\"Alano espagnol debout dans un paysage montagneux avec une posture puissante et vigilante.\" style=\"max-width: 600px; \" srcset=\"https:\/\/planipets.com\/blog\/wp-content\/uploads\/2026\/05\/Alano-espagnol-en-nature.jpg 1200w, https:\/\/planipets.com\/blog\/wp-content\/uploads\/2026\/05\/Alano-espagnol-en-nature-300x150.jpg 300w, https:\/\/planipets.com\/blog\/wp-content\/uploads\/2026\/05\/Alano-espagnol-en-nature-1024x512.jpg 1024w, https:\/\/planipets.com\/blog\/wp-content\/uploads\/2026\/05\/Alano-espagnol-en-nature-768x384.jpg 768w, https:\/\/planipets.com\/blog\/wp-content\/uploads\/2026\/05\/Alano-espagnol-en-nature-150x75.jpg 150w, https:\/\/planipets.com\/blog\/wp-content\/uploads\/2026\/05\/Alano-espagnol-en-nature-450x225.jpg 450w\" sizes=\"(max-width: 1200px) 100vw, 1200px\" title=\"\"><\/a><\/div><div class=\"ub-block-post-grid-text\" style=\"\"><div class=\"ub-block-post-grid-header-content\"><header class=\"ub-block-post-grid-header\"><h2 class=\"ub-block-post-grid-title\"><a style=\"\" href=\"https:\/\/planipets.com\/blog\/chien\/races-chiens\/laffenpinscher-infographies-pour-tout-savoir-sur-son-histoire-son-temperament-son-education-son-cout-2-2-2\/\" rel=\"bookmark\">L\u2019Alano espagnol : infographies pour tout savoir sur son histoire, son temp\u00e9rament, son \u00e9ducation, son co\u00fbt<\/a><\/h2><div class=\"ub-block-post-grid-author\" itemprop=\"author\"><a class=\"ub-text-link\" style=\"\" href=\"https:\/\/planipets.com\/blog\/author\/redaction\/\" itemprop=\"url\" rel=\"author\"><span itemprop=\"name\">The Planipets editorial team<\/span><\/a><\/div><time datetime=\"2026-05-12T08:57:10+02:00\" class=\"ub-block-post-grid-date\" style=\"\" itemprop=\"datePublished\">2026-05-12<\/time><\/header><\/div><div class=\"ub-block-post-grid-excerpt\"><div class=\"ub-block-post-grid-excerpt-text\" style=\"\"><p>Photo d\u2019illustration d\u2019un Alano Espagnol, chien robuste et endurant, mettant en avant sa fid\u00e9lit\u00e9 et ses aptitudes de travail. Cr\u00e9dit photo : Planipets M\u00e9dia L\u2019Alano espagnol, aussi appel\u00e9 Alano Espa\u00f1ol ou parfois Bulldog espagnol, est un chien puissant, rustique et profond\u00e9ment loyal. Ancien chien de travail utilis\u00e9 en Espagne pour la conduite du b\u00e9tail, la\u2026<\/p>\n<\/div><p><a class=\"ub-block-post-grid-more-link ub-text-link\" style=\"\" href=\"https:\/\/planipets.com\/blog\/chien\/races-chiens\/laffenpinscher-infographies-pour-tout-savoir-sur-son-histoire-son-temperament-son-education-son-cout-2-2-2\/\" rel=\"bookmark\">Continue Reading <span class=\"screen-reader-text\">L\u2019Alano espagnol : infographies pour tout savoir sur son histoire, son temp\u00e9rament, son \u00e9ducation, son co\u00fbt<\/span><\/a><\/p><\/div><\/div><\/article>\n<article id=\"post-67412\" class=\"ub-post-grid-item post-67412 post type-post status-publish format-standard has-post-thumbnail category-bien-vivre-avec-son-chien category-comportement-chien category-education-ludique-animaux category-sante-chien tag-chien tag-education-canine tag-promenade tag-rappel tag-securite\" style=\"\"><div class=\"ub-block-post-grid-image\" style=\"\"><a href=\"https:\/\/planipets.com\/blog\/chien\/bien-vivre-avec-son-chien\/promenade-sans-laisse-chien-disparaitre\/\" rel=\"bookmark\" aria-hidden=\"true\" tabindex=\"-1\"><img loading=\"lazy\" decoding=\"async\" width=\"1536\" height=\"1024\" src=\"https:\/\/planipets.com\/blog\/wp-content\/uploads\/2026\/04\/Promenade-sans-laisse-pourquoi-votre-chien-peut-disparaitre-sans-prevenir-2.png\" class=\"attachment-full size-full\" alt=\"\" style=\"max-width: 600px; \" srcset=\"https:\/\/planipets.com\/blog\/wp-content\/uploads\/2026\/04\/Promenade-sans-laisse-pourquoi-votre-chien-peut-disparaitre-sans-prevenir-2.png 1536w, https:\/\/planipets.com\/blog\/wp-content\/uploads\/2026\/04\/Promenade-sans-laisse-pourquoi-votre-chien-peut-disparaitre-sans-prevenir-2-300x200.png 300w, https:\/\/planipets.com\/blog\/wp-content\/uploads\/2026\/04\/Promenade-sans-laisse-pourquoi-votre-chien-peut-disparaitre-sans-prevenir-2-1024x683.png 1024w, https:\/\/planipets.com\/blog\/wp-content\/uploads\/2026\/04\/Promenade-sans-laisse-pourquoi-votre-chien-peut-disparaitre-sans-prevenir-2-768x512.png 768w, https:\/\/planipets.com\/blog\/wp-content\/uploads\/2026\/04\/Promenade-sans-laisse-pourquoi-votre-chien-peut-disparaitre-sans-prevenir-2-150x100.png 150w, https:\/\/planipets.com\/blog\/wp-content\/uploads\/2026\/04\/Promenade-sans-laisse-pourquoi-votre-chien-peut-disparaitre-sans-prevenir-2-450x300.png 450w, https:\/\/planipets.com\/blog\/wp-content\/uploads\/2026\/04\/Promenade-sans-laisse-pourquoi-votre-chien-peut-disparaitre-sans-prevenir-2-1200x800.png 1200w\" sizes=\"(max-width: 1536px) 100vw, 1536px\" title=\"\"><\/a><\/div><div class=\"ub-block-post-grid-text\" style=\"\"><div class=\"ub-block-post-grid-header-content\"><header class=\"ub-block-post-grid-header\"><h2 class=\"ub-block-post-grid-title\"><a style=\"\" href=\"https:\/\/planipets.com\/blog\/chien\/bien-vivre-avec-son-chien\/promenade-sans-laisse-chien-disparaitre\/\" rel=\"bookmark\">Promenade sans laisse : pourquoi votre chien peut dispara\u00eetre sans pr\u00e9venir (et comment \u00e9viter \u00e7a)<\/a><\/h2><div class=\"ub-block-post-grid-author\" itemprop=\"author\"><a class=\"ub-text-link\" style=\"\" href=\"https:\/\/planipets.com\/blog\/author\/redaction\/\" itemprop=\"url\" rel=\"author\"><span itemprop=\"name\">The Planipets editorial team<\/span><\/a><\/div><time datetime=\"2026-05-05T13:06:28+02:00\" class=\"ub-block-post-grid-date\" style=\"\" itemprop=\"datePublished\">2026-05-05<\/time><\/header><\/div><div class=\"ub-block-post-grid-excerpt\"><div class=\"ub-block-post-grid-excerpt-text\" style=\"\"><p>Tout semble sous contr\u00f4le. Votre chien marche tranquillement \u00e0 vos c\u00f4t\u00e9s, libre et d\u00e9tendu. Puis soudain, en une fraction de seconde, il s\u2019\u00e9vapore. Aucun signe annonciateur, aucun doute, juste un d\u00e9part brusque et inattendu. En bref Un chien sans laisse peut s\u2019enfuir sans avertir, m\u00eame s\u2019il r\u00e9pond habituellement au rappel. Certains stimuli peuvent court-circuiter tout\u2026<\/p>\n<\/div><p><a class=\"ub-block-post-grid-more-link ub-text-link\" style=\"\" href=\"https:\/\/planipets.com\/blog\/chien\/bien-vivre-avec-son-chien\/promenade-sans-laisse-chien-disparaitre\/\" rel=\"bookmark\">Continue Reading <span class=\"screen-reader-text\">Promenade sans laisse : pourquoi votre chien peut dispara\u00eetre sans pr\u00e9venir (et comment \u00e9viter \u00e7a)<\/span><\/a><\/p><\/div><\/div><\/article>\n<article id=\"post-67404\" class=\"ub-post-grid-item post-67404 post type-post status-publish format-standard has-post-thumbnail category-comportement-chien category-accessoires category-adopter-chien tag-animaux tag-chien tag-education tag-fugue tag-securite\" style=\"\"><div class=\"ub-block-post-grid-image\" style=\"\"><a href=\"https:\/\/planipets.com\/blog\/chien\/comportement-chien\/retrouver-chien-fugueur-2\/\" rel=\"bookmark\" aria-hidden=\"true\" tabindex=\"-1\"><img loading=\"lazy\" decoding=\"async\" width=\"1536\" height=\"1024\" src=\"https:\/\/planipets.com\/blog\/wp-content\/uploads\/2026\/04\/Comment-retrouver-rapidement-votre-chien-fugueur-et-eviter-les-recidives-2.png\" class=\"attachment-full size-full\" alt=\"\" style=\"max-width: 600px; \" srcset=\"https:\/\/planipets.com\/blog\/wp-content\/uploads\/2026\/04\/Comment-retrouver-rapidement-votre-chien-fugueur-et-eviter-les-recidives-2.png 1536w, https:\/\/planipets.com\/blog\/wp-content\/uploads\/2026\/04\/Comment-retrouver-rapidement-votre-chien-fugueur-et-eviter-les-recidives-2-300x200.png 300w, https:\/\/planipets.com\/blog\/wp-content\/uploads\/2026\/04\/Comment-retrouver-rapidement-votre-chien-fugueur-et-eviter-les-recidives-2-1024x683.png 1024w, https:\/\/planipets.com\/blog\/wp-content\/uploads\/2026\/04\/Comment-retrouver-rapidement-votre-chien-fugueur-et-eviter-les-recidives-2-768x512.png 768w, https:\/\/planipets.com\/blog\/wp-content\/uploads\/2026\/04\/Comment-retrouver-rapidement-votre-chien-fugueur-et-eviter-les-recidives-2-150x100.png 150w, https:\/\/planipets.com\/blog\/wp-content\/uploads\/2026\/04\/Comment-retrouver-rapidement-votre-chien-fugueur-et-eviter-les-recidives-2-450x300.png 450w, https:\/\/planipets.com\/blog\/wp-content\/uploads\/2026\/04\/Comment-retrouver-rapidement-votre-chien-fugueur-et-eviter-les-recidives-2-1200x800.png 1200w\" sizes=\"(max-width: 1536px) 100vw, 1536px\" title=\"\"><\/a><\/div><div class=\"ub-block-post-grid-text\" style=\"\"><div class=\"ub-block-post-grid-header-content\"><header class=\"ub-block-post-grid-header\"><h2 class=\"ub-block-post-grid-title\"><a style=\"\" href=\"https:\/\/planipets.com\/blog\/chien\/comportement-chien\/retrouver-chien-fugueur-2\/\" rel=\"bookmark\">Comment retrouver rapidement votre chien fugueur et \u00e9viter les r\u00e9cidives<\/a><\/h2><div class=\"ub-block-post-grid-author\" itemprop=\"author\"><a class=\"ub-text-link\" style=\"\" href=\"https:\/\/planipets.com\/blog\/author\/redaction\/\" itemprop=\"url\" rel=\"author\"><span itemprop=\"name\">The Planipets editorial team<\/span><\/a><\/div><time datetime=\"2026-04-28T09:11:07+02:00\" class=\"ub-block-post-grid-date\" style=\"\" itemprop=\"datePublished\">2026-04-28<\/time><\/header><\/div><div class=\"ub-block-post-grid-excerpt\"><div class=\"ub-block-post-grid-excerpt-text\" style=\"\"><p>\u2726 L\u2019essentiel Il ne faut parfois qu\u2019un instant d\u2019inattention \u2014 une porti\u00e8re qui claque, un bruit inattendu \u2014 pour que votre chien disparaisse. Le vide s\u2019installe, l\u2019angoisse serre la gorge. Tout bascule en une fraction de seconde. En bref : N\u2019importe quel ma\u00eetre peut \u00eatre confront\u00e9 \u00e0 la fugue, peu importe le caract\u00e8re de son\u2026<\/p>\n<\/div><p><a class=\"ub-block-post-grid-more-link ub-text-link\" style=\"\" href=\"https:\/\/planipets.com\/blog\/chien\/comportement-chien\/retrouver-chien-fugueur-2\/\" rel=\"bookmark\">Continue Reading <span class=\"screen-reader-text\">Comment retrouver rapidement votre chien fugueur et \u00e9viter les r\u00e9cidives<\/span><\/a><\/p><\/div><\/div><\/article>\n<\/div><\/section>","protected":false},"excerpt":{"rendered":"<p>Vendredi 4 juillet 2025, une sc\u00e8ne d\u2019une violence rare secoue la Belgique et d\u00e9cha\u00eene les r\u00e9seaux sociaux. Une automobiliste filme un chien mort tra\u00een\u00e9 par une voiture en pleine route, provoquant l&#8217;indignation g\u00e9n\u00e9rale. Mais l\u2019histoire bascule dans un engrenage inattendu : vengeance en ligne, traque num\u00e9rique, puis incendie du domicile du propri\u00e9taire. Ce fait divers<\/p>\n","protected":false},"author":26,"featured_media":61611,"comment_status":"open","ping_status":"open","sticky":false,"template":"","format":"standard","meta":{"_crdt_document":"","footnotes":"","spc_primary_category":65},"categories":[65],"tags":[],"class_list":{"0":"post-61610","1":"post","2":"type-post","3":"status-publish","4":"format-standard","5":"has-post-thumbnail","7":"category-actualite"},"featured_image_src":"https:\/\/planipets.com\/blog\/wp-content\/uploads\/2025\/07\/Chien-traine-derriere-une-voiture-en-Belgique-la-vengeance-enflamme-la-maison-du-proprietaire.jpg","author_info":{"display_name":"The Planipets editorial team","author_link":"https:\/\/planipets.com\/blog\/author\/redaction\/"},"brizy_media":[],"_links":{"self":[{"href":"https:\/\/planipets.com\/blog\/wp-json\/wp\/v2\/posts\/61610","targetHints":{"allow":["GET"]}}],"collection":[{"href":"https:\/\/planipets.com\/blog\/wp-json\/wp\/v2\/posts"}],"about":[{"href":"https:\/\/planipets.com\/blog\/wp-json\/wp\/v2\/types\/post"}],"author":[{"embeddable":true,"href":"https:\/\/planipets.com\/blog\/wp-json\/wp\/v2\/users\/26"}],"replies":[{"embeddable":true,"href":"https:\/\/planipets.com\/blog\/wp-json\/wp\/v2\/comments?post=61610"}],"version-history":[{"count":2,"href":"https:\/\/planipets.com\/blog\/wp-json\/wp\/v2\/posts\/61610\/revisions"}],"predecessor-version":[{"id":61614,"href":"https:\/\/planipets.com\/blog\/wp-json\/wp\/v2\/posts\/61610\/revisions\/61614"}],"wp:featuredmedia":[{"embeddable":true,"href":"https:\/\/planipets.com\/blog\/wp-json\/wp\/v2\/media\/61611"}],"wp:attachment":[{"href":"https:\/\/planipets.com\/blog\/wp-json\/wp\/v2\/media?parent=61610"}],"wp:term":[{"taxonomy":"category","embeddable":true,"href":"https:\/\/planipets.com\/blog\/wp-json\/wp\/v2\/categories?post=61610"},{"taxonomy":"post_tag","embeddable":true,"href":"https:\/\/planipets.com\/blog\/wp-json\/wp\/v2\/tags?post=61610"}],"curies":[{"name":"wp","href":"https:\/\/api.w.org\/{rel}","templated":true}]}}