{"id":61462,"date":"2025-07-04T15:03:41","date_gmt":"2025-07-04T14:03:41","guid":{"rendered":"https:\/\/planipets.com\/blog\/?p=61462"},"modified":"2025-07-04T15:03:43","modified_gmt":"2025-07-04T14:03:43","slug":"canicule-le-refuge-damilly-appelle-a-laide-pour-ses-animaux-en-detresse","status":"publish","type":"post","link":"https:\/\/planipets.com\/blog\/actualite\/canicule-le-refuge-damilly-appelle-a-laide-pour-ses-animaux-en-detresse\/","title":{"rendered":"Canicule : Le refuge d&#8217;Amilly appelle \u00e0 l&#8217;aide pour ses animaux en d\u00e9tresse"},"content":{"rendered":"\n<p class=\"wp-block-paragraph\">Pendant longtemps, les <strong>appels des refuges<\/strong> en p\u00e9riode de <strong>canicule<\/strong> restaient dans l&#8217;ombre. Quelques lignes dans la presse locale, quelques partages sur les r\u00e9seaux sociaux, puis plus rien. Mais cette fois, \u00e0 <strong>Amilly<\/strong>, dans l&#8217;<strong>Eure-et-Loir<\/strong>, les choses sont diff\u00e9rentes. Parce que les <strong>temp\u00e9ratures battent des records<\/strong>. Parce que le <strong>refuge est plein<\/strong>. Parce que la <strong>souffrance des animaux<\/strong> ne peut plus \u00eatre ignor\u00e9e.<\/p>\n\n\n\n<p class=\"wp-block-paragraph\">Le <strong>2 juillet 2025<\/strong>, alors que le mercure approche les <strong>40\u00b0C<\/strong>, les \u00e9quipes de la <strong>SPA d\u2019Amilly<\/strong> lancent un <strong>cri d\u2019alarme<\/strong>. Leurs <strong>moyens sont limit\u00e9s<\/strong>. Leurs <strong>pensionnaires en danger<\/strong>. Et leur appel, cette fois, doit \u00eatre <strong>entendu<\/strong>.<\/p>\n\n\n<div style=\"background-color: #d9edf7; color: #31708f; border-left-color: #31708f; \" class=\"ub-styled-box ub-notification-box wp-block-ub-styled-box\" id=\"ub-styled-box-34724e8d-08d4-4776-b3cc-566bc28335f9\">\n<h2 class=\"wp-block-heading\" id=\"ub-styled-box-notification-content-\">Le d\u00e9fi de la chaleur extr\u00eame<\/h2>\n\n\n<\/div>\n\n\n<p class=\"wp-block-paragraph\">Le refuge d&#8217;Amilly est en <strong>\u00e9tat d&#8217;alerte<\/strong>. Les <strong>temp\u00e9ratures fr\u00f4lant les 40\u00b0C<\/strong> rendent la situation <strong>insupportable<\/strong> pour les <strong>56 chiens et chats<\/strong> qui y vivent. Le <strong>manque de moyens<\/strong> et d&#8217;<strong>\u00e9quipements adapt\u00e9s<\/strong> met en p\u00e9ril leur <strong>bien-\u00eatre<\/strong>. Situ\u00e9 en p\u00e9riph\u00e9rie de <strong>Chartres<\/strong>, le refuge dispose de <strong>locaux inadapt\u00e9s<\/strong>, notamment la pi\u00e8ce de quarantaine et l&#8217;infirmerie, o\u00f9 les animaux les plus <strong>fragiles souffrent particuli\u00e8rement<\/strong>. \u00ab Ces animaux souffrent \u00e9norm\u00e9ment \u00bb, d\u00e9plore <strong>Sabine M\u00e9tayer-Vivier<\/strong>, pr\u00e9sidente de la SPA d\u2019Amilly.<\/p>\n\n\n\n<figure class=\"wp-block-image size-full\"><img fetchpriority=\"high\" decoding=\"async\" width=\"600\" height=\"600\" src=\"https:\/\/planipets.com\/blog\/wp-content\/uploads\/2025\/07\/Canicule-Le-refuge-dAmilly-appelle-a-laide-pour-ses-animaux-en-detresse-1-.jpg\" alt=\"Chien en refuge pendant la canicule \u00e0 Amilly\" class=\"wp-image-61459\" title=\"\" srcset=\"https:\/\/planipets.com\/blog\/wp-content\/uploads\/2025\/07\/Canicule-Le-refuge-dAmilly-appelle-a-laide-pour-ses-animaux-en-detresse-1-.jpg 600w, https:\/\/planipets.com\/blog\/wp-content\/uploads\/2025\/07\/Canicule-Le-refuge-dAmilly-appelle-a-laide-pour-ses-animaux-en-detresse-1--300x300.jpg 300w, https:\/\/planipets.com\/blog\/wp-content\/uploads\/2025\/07\/Canicule-Le-refuge-dAmilly-appelle-a-laide-pour-ses-animaux-en-detresse-1--150x150.jpg 150w, https:\/\/planipets.com\/blog\/wp-content\/uploads\/2025\/07\/Canicule-Le-refuge-dAmilly-appelle-a-laide-pour-ses-animaux-en-detresse-1--450x450.jpg 450w, https:\/\/planipets.com\/blog\/wp-content\/uploads\/2025\/07\/Canicule-Le-refuge-dAmilly-appelle-a-laide-pour-ses-animaux-en-detresse-1--96x96.jpg 96w\" sizes=\"(max-width: 600px) 100vw, 600px\" \/><figcaption class=\"wp-element-caption\">M\u00eame \u00e0 l\u2019ombre, la temp\u00e9rature reste difficilement supportable pour les pensionnaires du refuge en p\u00e9riode de canicule.<\/figcaption><\/figure>\n\n\n\n<p class=\"wp-block-paragraph\"><\/p>\n\n\n<div style=\"background-color: #dff0d8; color: #3c763d; border-left-color: #3c763d; \" class=\"ub-styled-box ub-notification-box wp-block-ub-styled-box\" id=\"ub-styled-box-26cc4bb2-a3f1-4267-8de3-ad535add799a\">\n<h2 class=\"wp-block-heading\" id=\"ub-styled-box-notification-content-\">Un appel \u00e0 la solidarit\u00e9 face \u00e0 l&#8217;urgence<\/h2>\n\n\n<\/div>\n\n\n<p class=\"wp-block-paragraph\">Dans cette situation critique, la <strong>SPA d\u2019Amilly<\/strong> appelle \u00e0 la <strong>mobilisation<\/strong>. Les <strong>besoins sont simples<\/strong>, mais <strong>urgents<\/strong> : <strong>tapis r\u00e9frig\u00e9rants<\/strong>, <strong>brumisateurs<\/strong>, <strong>piscines pour chiens<\/strong>. Sans ces \u00e9quipements, les animaux les plus faibles risquent des <strong>coups de chaleur fatals<\/strong>. \u00ab Nous avons besoin de moyens suppl\u00e9mentaires pour leur offrir un minimum de confort \u00bb, alerte Sabine. L\u2019appel concerne aussi les <strong>dons financiers<\/strong> pour permettre au refuge d\u2019assurer ses <strong>soins quotidiens<\/strong> dans des <strong>conditions extr\u00eames<\/strong>.<\/p>\n\n\n\n<p class=\"wp-block-paragraph\"><\/p>\n\n\n\n<p class=\"wp-block-paragraph\"><\/p>\n\n\n<div style=\"background-color: #d9edf7; color: #31708f; border-left-color: #31708f; \" class=\"ub-styled-box ub-notification-box wp-block-ub-styled-box\" id=\"ub-styled-box-b6cae592-ae2c-482b-920b-23d1a4830b57\">\n<h2 class=\"wp-block-heading\" id=\"ub-styled-box-notification-content-\">Risques sanitaires et saturation<\/h2>\n\n\n<\/div>\n\n\n<figure class=\"wp-block-image size-full\"><img decoding=\"async\" width=\"600\" height=\"600\" src=\"https:\/\/planipets.com\/blog\/wp-content\/uploads\/2025\/07\/Canicule-Le-refuge-dAmilly-appelle-a-laide-pour-ses-animaux-en-detresse-2-.jpg\" alt=\"Chiens en refuge hydrat\u00e9s pendant la canicule \u00e0 Amilly\" class=\"wp-image-61460\" title=\"\" srcset=\"https:\/\/planipets.com\/blog\/wp-content\/uploads\/2025\/07\/Canicule-Le-refuge-dAmilly-appelle-a-laide-pour-ses-animaux-en-detresse-2-.jpg 600w, https:\/\/planipets.com\/blog\/wp-content\/uploads\/2025\/07\/Canicule-Le-refuge-dAmilly-appelle-a-laide-pour-ses-animaux-en-detresse-2--300x300.jpg 300w, https:\/\/planipets.com\/blog\/wp-content\/uploads\/2025\/07\/Canicule-Le-refuge-dAmilly-appelle-a-laide-pour-ses-animaux-en-detresse-2--150x150.jpg 150w, https:\/\/planipets.com\/blog\/wp-content\/uploads\/2025\/07\/Canicule-Le-refuge-dAmilly-appelle-a-laide-pour-ses-animaux-en-detresse-2--450x450.jpg 450w, https:\/\/planipets.com\/blog\/wp-content\/uploads\/2025\/07\/Canicule-Le-refuge-dAmilly-appelle-a-laide-pour-ses-animaux-en-detresse-2--96x96.jpg 96w\" sizes=\"(max-width: 600px) 100vw, 600px\" \/><figcaption class=\"wp-element-caption\">L\u2019acc\u00e8s constant \u00e0 l\u2019eau fra\u00eeche reste l\u2019un des gestes les plus vitaux pour pr\u00e9server la sant\u00e9 des chiens durant les fortes chaleurs.<\/figcaption><\/figure>\n\n\n\n<p class=\"wp-block-paragraph\">La <strong>canicule<\/strong> n\u2019est pas qu\u2019un <strong>inconfort<\/strong>, elle aggrave les <strong>probl\u00e8mes sanitaires<\/strong>. <strong>Typhus<\/strong>, <strong>coryza<\/strong> : les <strong>maladies infectieuses<\/strong> se d\u00e9veloppent plus vite avec la chaleur. Les <strong>chatons<\/strong>, au syst\u00e8me immunitaire <strong>fragile<\/strong>, sont en <strong>premi\u00e8re ligne<\/strong>. Les <strong>chiens<\/strong>, quant \u00e0 eux, subissent des <strong>br\u00fblures aux coussinets<\/strong> lorsque le sol atteint parfois <strong>50\u00b0C<\/strong>. Le <strong>refuge<\/strong>, <strong>satur\u00e9<\/strong> avec <strong>56 chiens<\/strong> et une <strong>trentaine de chats<\/strong>, ne peut plus accueillir de <strong>nouveaux animaux<\/strong>, malgr\u00e9 la recrudescence des <strong>abandons estivaux<\/strong>. Deux chiens partagent parfois le m\u00eame <strong>box<\/strong>, par <strong>n\u00e9cessit\u00e9<\/strong>. Et si une <strong>centaine de chats<\/strong> sont plac\u00e9s en <strong>famille d\u2019accueil<\/strong>, cela reste <strong>insuffisant<\/strong>.<\/p>\n\n\n\n<p class=\"wp-block-paragraph\"><\/p>\n\n\n<div style=\"background-color: #dff0d8; color: #3c763d; border-left-color: #3c763d; \" class=\"ub-styled-box ub-notification-box wp-block-ub-styled-box\" id=\"ub-styled-box-f0ef55a7-d66b-46e4-ad6e-c98128661c74\">\n<h2 class=\"wp-block-heading\" id=\"ub-styled-box-notification-content-\">Un signal d\u2019alarme pour notre soci\u00e9t\u00e9<\/h2>\n\n\n<\/div>\n\n\n<figure class=\"wp-block-image size-full\"><img decoding=\"async\" width=\"600\" height=\"600\" src=\"https:\/\/planipets.com\/blog\/wp-content\/uploads\/2025\/07\/Canicule-Le-refuge-dAmilly-appelle-a-laide-pour-ses-animaux-en-detresse-3-.jpg\" alt=\"B\u00e9n\u00e9vole rafra\u00eechissant un chien au refuge d\u2019Amilly pendant la canicule\" class=\"wp-image-61461\" title=\"\" srcset=\"https:\/\/planipets.com\/blog\/wp-content\/uploads\/2025\/07\/Canicule-Le-refuge-dAmilly-appelle-a-laide-pour-ses-animaux-en-detresse-3-.jpg 600w, https:\/\/planipets.com\/blog\/wp-content\/uploads\/2025\/07\/Canicule-Le-refuge-dAmilly-appelle-a-laide-pour-ses-animaux-en-detresse-3--300x300.jpg 300w, https:\/\/planipets.com\/blog\/wp-content\/uploads\/2025\/07\/Canicule-Le-refuge-dAmilly-appelle-a-laide-pour-ses-animaux-en-detresse-3--150x150.jpg 150w, https:\/\/planipets.com\/blog\/wp-content\/uploads\/2025\/07\/Canicule-Le-refuge-dAmilly-appelle-a-laide-pour-ses-animaux-en-detresse-3--450x450.jpg 450w, https:\/\/planipets.com\/blog\/wp-content\/uploads\/2025\/07\/Canicule-Le-refuge-dAmilly-appelle-a-laide-pour-ses-animaux-en-detresse-3--96x96.jpg 96w\" sizes=\"(max-width: 600px) 100vw, 600px\" \/><figcaption class=\"wp-element-caption\">Au refuge d\u2019Amilly, les b\u00e9n\u00e9voles se relaient pour rafra\u00eechir les chiens \u00e0 l\u2019aide de brumisateurs et limiter les coups de chaleur.<\/figcaption><\/figure>\n\n\n\n<p class=\"wp-block-paragraph\">Ce qui se passe \u00e0 <strong>Amilly<\/strong> d\u00e9passe le <strong>cadre local<\/strong>. C\u2019est un <strong>r\u00e9v\u00e9lateur<\/strong>. D\u2019un <strong>paradoxe<\/strong> : nous disons <strong>aimer les animaux<\/strong>, les reconna\u00eetre comme des <strong>\u00eatres sensibles<\/strong>, mais leur <strong>souffrance<\/strong> ne devient visible qu\u2019en <strong>p\u00e9riode de crise<\/strong>. Le refuge d\u2019Amilly refl\u00e8te un <strong>mod\u00e8le \u00e0 bout de souffle<\/strong>, o\u00f9 la <strong>protection animale<\/strong> repose sur des <strong>structures d\u00e9bord\u00e9es<\/strong>, <strong>sous-dot\u00e9es<\/strong>, souvent <strong>isol\u00e9es<\/strong>. La canicule ne fait que <strong>rendre visible<\/strong> ce que l\u2019on tol\u00e8re en silence toute l\u2019ann\u00e9e.<\/p>\n\n\n\n<p class=\"wp-block-paragraph\">Face \u00e0 cette r\u00e9alit\u00e9, il est <strong>urgent<\/strong> de repenser notre <strong>engagement<\/strong>. Pas seulement par <strong>empathie ponctuelle<\/strong>, mais par <strong>responsabilit\u00e9 collective<\/strong>. Ce que nous <strong>choisissons d\u2019ignorer aujourd\u2019hui<\/strong>, fa\u00e7onnera ce que nous <strong>accepterons demain<\/strong>.<\/p>\n\n\n\n<p class=\"wp-block-paragraph\"><\/p>\n\n\n\n<p class=\"wp-block-paragraph\"><\/p>\n\n\n<div style=\"background-color: #d9edf7; color: #31708f; border-left-color: #31708f; \" class=\"ub-styled-box ub-notification-box wp-block-ub-styled-box\" id=\"ub-styled-box-2009fc4c-20e5-4a86-93a6-53ba917f2eb4\">\n<h2 class=\"wp-block-heading\" id=\"ub-styled-box-notification-content-\">Comment aider ?<\/h2>\n\n\n<\/div>\n\n\n<p class=\"wp-block-paragraph\"><strong>Planipets<\/strong> invite la communaut\u00e9 \u00e0 soutenir ces <strong>refuges<\/strong> par des <strong>dons mat\u00e9riels<\/strong>, <strong>financiers<\/strong> ou en <strong>adoptant un animal<\/strong>. Chaque <strong>geste compte<\/strong> pour am\u00e9liorer les <strong>conditions de vie<\/strong> de ces animaux et permettre aux <strong>refuges comme celui d\u2019Amilly<\/strong> de poursuivre leur <strong>mission vitale<\/strong>, au-del\u00e0 des <strong>crises climatiques<\/strong>.<\/p>\n\n\n\n<p class=\"wp-block-paragraph\"><\/p>\n\n\n\n<p class=\"wp-block-paragraph\"><\/p>\n\n\n\n<div style=\"background-color:#f5f5f5;padding:20px;border-radius:8px;margin-top:40px;text-align:center;\">\n  <h3 style=\"margin-bottom:10px;font-size:20px;\">\ud83d\udc3e Vous avez une histoire \u00e0 raconter ?<\/h3>\n  <p style=\"font-size:16px;line-height:1.5em;margin-bottom:20px;\">\n    Une situation marquante avec votre animal, un moment fort, un doute, une \u00e9motion ?\n    <br>\n    Planipets M\u00e9dia donne la parole aux propri\u00e9taires qui vivent des choses vraies.\n  <\/p>\n  <a href=\"https:\/\/planipets.com\/contact\" style=\"background-color:#4caf50;color:#fff;text-decoration:none;padding:12px 24px;border-radius:5px;font-size:16px;display:inline-block;\">\n    \u270d Racontez-la ici\n\u00a0\u00a0<\/a>\n<\/div>\n","protected":false},"excerpt":{"rendered":"<p>Pendant longtemps, les appels des refuges en p\u00e9riode de canicule restaient dans l&#8217;ombre. Quelques lignes dans la presse locale, quelques partages sur les r\u00e9seaux sociaux, puis plus rien. Mais cette fois, \u00e0 Amilly, dans l&#8217;Eure-et-Loir, les choses sont diff\u00e9rentes. Parce que les temp\u00e9ratures battent des records. Parce que le refuge est plein. Parce que la<\/p>\n","protected":false},"author":26,"featured_media":61458,"comment_status":"open","ping_status":"open","sticky":false,"template":"","format":"standard","meta":{"_crdt_document":"","footnotes":"","spc_primary_category":65},"categories":[65,2616],"tags":[],"class_list":{"0":"post-61462","1":"post","2":"type-post","3":"status-publish","4":"format-standard","5":"has-post-thumbnail","7":"category-actualite","8":"category-medias"},"featured_image_src":"https:\/\/planipets.com\/blog\/wp-content\/uploads\/2025\/07\/Canicule-Le-refuge-dAmilly-appelle-a-laide-pour-ses-animaux-en-detresse.jpg","author_info":{"display_name":"The Planipets editorial team","author_link":"https:\/\/planipets.com\/blog\/author\/redaction\/"},"brizy_media":[],"_links":{"self":[{"href":"https:\/\/planipets.com\/blog\/wp-json\/wp\/v2\/posts\/61462","targetHints":{"allow":["GET"]}}],"collection":[{"href":"https:\/\/planipets.com\/blog\/wp-json\/wp\/v2\/posts"}],"about":[{"href":"https:\/\/planipets.com\/blog\/wp-json\/wp\/v2\/types\/post"}],"author":[{"embeddable":true,"href":"https:\/\/planipets.com\/blog\/wp-json\/wp\/v2\/users\/26"}],"replies":[{"embeddable":true,"href":"https:\/\/planipets.com\/blog\/wp-json\/wp\/v2\/comments?post=61462"}],"version-history":[{"count":3,"href":"https:\/\/planipets.com\/blog\/wp-json\/wp\/v2\/posts\/61462\/revisions"}],"predecessor-version":[{"id":61485,"href":"https:\/\/planipets.com\/blog\/wp-json\/wp\/v2\/posts\/61462\/revisions\/61485"}],"wp:featuredmedia":[{"embeddable":true,"href":"https:\/\/planipets.com\/blog\/wp-json\/wp\/v2\/media\/61458"}],"wp:attachment":[{"href":"https:\/\/planipets.com\/blog\/wp-json\/wp\/v2\/media?parent=61462"}],"wp:term":[{"taxonomy":"category","embeddable":true,"href":"https:\/\/planipets.com\/blog\/wp-json\/wp\/v2\/categories?post=61462"},{"taxonomy":"post_tag","embeddable":true,"href":"https:\/\/planipets.com\/blog\/wp-json\/wp\/v2\/tags?post=61462"}],"curies":[{"name":"wp","href":"https:\/\/api.w.org\/{rel}","templated":true}]}}