{"id":60271,"date":"2025-06-02T08:34:03","date_gmt":"2025-06-02T07:34:03","guid":{"rendered":"https:\/\/planipets.com\/blog\/?p=60271"},"modified":"2025-06-02T08:40:22","modified_gmt":"2025-06-02T07:40:22","slug":"pourquoi-les-pros-du-soin-animalier-nosent-pas-poser-de-limites-et-comment-cela-les-fragilise","status":"publish","type":"post","link":"https:\/\/planipets.com\/blog\/professionnel-planipets\/pourquoi-les-pros-du-soin-animalier-nosent-pas-poser-de-limites-et-comment-cela-les-fragilise\/","title":{"rendered":"Pourquoi les pros du soin animalier n&#8217;osent pas poser de limites (et comment cela les fragilise)"},"content":{"rendered":"\n<h2 class=\"wp-block-heading\" id=\"0-le-silence-qui-use\">Le silence qui use<\/h2>\n\n\n<div style=\"background-color: #f7f7f7; color: #31708f; border-left-color: #31708f; \" class=\"ub-styled-box ub-notification-box wp-block-ub-styled-box\" id=\"ub-styled-box-37ab0c07-4143-4a96-a713-2dca1ee48174\">\n<p class=\"wp-block-paragraph\" id=\"ub-styled-box-notification-content-\"><strong>Dans les m\u00e9tiers du soin animalier, fixer une limite devrait \u00eatre un acte banal<\/strong>. Pourtant, pour beaucoup de professionnels, dire non est devenu une source d\u2019angoisse. Ils s\u2019adaptent, encaissent, r\u00e9pondent \u00e0 toute heure, d\u00e9calent leurs rendez-vous sans compensation, acceptent les retards, les changements de derni\u00e8re minute, les ajustements de tarifs \u00e0 la vol\u00e9e. Parfois, ils le font en souriant. Mais ce sourire est souvent une armure.<\/p>\n\n\n\n<figure class=\"wp-block-image size-large\"><img fetchpriority=\"high\" decoding=\"async\" width=\"1024\" height=\"683\" src=\"https:\/\/planipets.com\/blog\/wp-content\/uploads\/2025\/06\/poser-des-limites-en-tant-que-pro-du-bien-etre-animal-1024x683.jpg\" alt=\"\" class=\"wp-image-60334\" title=\"\" srcset=\"https:\/\/planipets.com\/blog\/wp-content\/uploads\/2025\/06\/poser-des-limites-en-tant-que-pro-du-bien-etre-animal-1024x683.jpg 1024w, https:\/\/planipets.com\/blog\/wp-content\/uploads\/2025\/06\/poser-des-limites-en-tant-que-pro-du-bien-etre-animal-300x200.jpg 300w, https:\/\/planipets.com\/blog\/wp-content\/uploads\/2025\/06\/poser-des-limites-en-tant-que-pro-du-bien-etre-animal-768x512.jpg 768w, https:\/\/planipets.com\/blog\/wp-content\/uploads\/2025\/06\/poser-des-limites-en-tant-que-pro-du-bien-etre-animal-150x100.jpg 150w, https:\/\/planipets.com\/blog\/wp-content\/uploads\/2025\/06\/poser-des-limites-en-tant-que-pro-du-bien-etre-animal-450x300.jpg 450w, https:\/\/planipets.com\/blog\/wp-content\/uploads\/2025\/06\/poser-des-limites-en-tant-que-pro-du-bien-etre-animal.jpg 1200w\" sizes=\"(max-width: 1024px) 100vw, 1024px\" \/><\/figure>\n\n\n\n<p class=\"wp-block-paragraph\">Cette mani\u00e8re de fonctionner ne rel\u00e8ve pas de la g\u00e9n\u00e9rosit\u00e9. Elle rel\u00e8ve d\u2019un conditionnement progressif, nourri par la peur de perdre un client, d\u2019obtenir une mauvaise note en ligne ou de passer pour quelqu&#8217;un de peu compr\u00e9hensif. <\/p>\n\n\n<\/div>\n\n\n<p class=\"wp-block-paragraph\"><\/p>\n\n\n\n<p class=\"wp-block-paragraph\"><\/p>\n\n\n\n<p class=\"wp-block-paragraph\"><\/p>\n\n\n<div style=\"background-color: #ffdd80; color: #eaac00; border-left-color: #eaac00; \" class=\"ub-styled-box ub-notification-box wp-block-ub-styled-box\" id=\"ub-styled-box-b51242fb-d682-4d83-aaec-42c93f397213\">\n<h2 class=\"wp-block-heading\" id=\"1-une-%C3%A9conomie-de-leffacement\">Une \u00e9conomie de l&#8217;effacement<\/h2>\n\n\n<\/div>\n\n\n<p class=\"wp-block-paragraph\">Et c\u2019est justement ce climat de peur et de culpabilisation qui \u00e9touffe toute vell\u00e9it\u00e9 de poser des limites, transformant le professionnel en prestataire \u00e0 la merci de la moindre insatisfaction.<\/p>\n\n\n\n<figure class=\"wp-block-image size-large\"><img decoding=\"async\" width=\"1024\" height=\"683\" src=\"https:\/\/planipets.com\/blog\/wp-content\/uploads\/2025\/05\/Pourquoi-les-pros-du-soin-animalier-nosent-pas-poser-de-limites-1024x683.jpg\" alt=\"\" class=\"wp-image-60315\" title=\"\" srcset=\"https:\/\/planipets.com\/blog\/wp-content\/uploads\/2025\/05\/Pourquoi-les-pros-du-soin-animalier-nosent-pas-poser-de-limites-1024x683.jpg 1024w, https:\/\/planipets.com\/blog\/wp-content\/uploads\/2025\/05\/Pourquoi-les-pros-du-soin-animalier-nosent-pas-poser-de-limites-300x200.jpg 300w, https:\/\/planipets.com\/blog\/wp-content\/uploads\/2025\/05\/Pourquoi-les-pros-du-soin-animalier-nosent-pas-poser-de-limites-768x512.jpg 768w, https:\/\/planipets.com\/blog\/wp-content\/uploads\/2025\/05\/Pourquoi-les-pros-du-soin-animalier-nosent-pas-poser-de-limites-150x100.jpg 150w, https:\/\/planipets.com\/blog\/wp-content\/uploads\/2025\/05\/Pourquoi-les-pros-du-soin-animalier-nosent-pas-poser-de-limites-450x300.jpg 450w, https:\/\/planipets.com\/blog\/wp-content\/uploads\/2025\/05\/Pourquoi-les-pros-du-soin-animalier-nosent-pas-poser-de-limites.jpg 1200w\" sizes=\"(max-width: 1024px) 100vw, 1024px\" \/><\/figure>\n\n\n\n<p class=\"wp-block-paragraph\">Dans un secteur o\u00f9 l\u2019empathie et la passion sont au coeur de la posture professionnelle, poser une limite est parfois per\u00e7u comme un manquement \u00e0 l\u2019engagement. Ce raisonnement est non seulement injuste, mais profond\u00e9ment destructeur.<\/p>\n\n\n\n<p class=\"wp-block-paragraph\"><\/p>\n\n\n\n<p class=\"wp-block-paragraph\"><\/p>\n\n\n\n<h2 class=\"wp-block-heading\" id=\"2-une-fragilit%C3%A9-structurelle\">Une fragilit\u00e9 structurelle<\/h2>\n\n\n\n<p class=\"wp-block-paragraph\">Il faut comprendre que cette logique ne na\u00eet pas chez un seul individu. Elle s&#8217;installe dans l&#8217;\u00e9cosyst\u00e8me tout entier. Le professionnel du bien-\u00eatre animal ne travaille pas dans un cadre prot\u00e9g\u00e9.<\/p>\n\n\n<div style=\"background-color: #ffd2d2; color: #d8000c; border-left-color: #d8000c; \" class=\"ub-styled-box ub-notification-box wp-block-ub-styled-box\" id=\"ub-styled-box-988c09cd-0420-447e-a98b-b74bb936a5eb\">\n<p class=\"wp-block-paragraph\" id=\"ub-styled-box-notification-content-\"><em>Il n\u2019existe pas de convention collective r\u00e9glementaire, peu de syndicats, peu de leviers juridiques accessibles. Le rapport au client est souvent direct, d\u00e9pourvu de m\u00e9diation. En cas de litige, il n\u2019y a pas de service contentieux. En cas de non-paiement, peu de recours efficaces. Cette fragilit\u00e9 syst\u00e9mique oblige les pros \u00e0 s\u2019auto-discipliner \u00e0 l\u2019exc\u00e8s.<\/em><\/p>\n\n\n<\/div>\n\n\n<p class=\"wp-block-paragraph\"><\/p>\n\n\n\n<p class=\"wp-block-paragraph\"><\/p>\n\n\n\n<p class=\"wp-block-paragraph\"><\/p>\n\n\n\n<h2 class=\"wp-block-heading\" id=\"3-lauto-effacement-en-action\">L&#8217;auto-effacement en action<\/h2>\n\n\n\n<p class=\"wp-block-paragraph\">Ce qu\u2019on appelle parfois \u00ab souplesse \u00bb est en r\u00e9alit\u00e9 une forme d\u2019auto-effacement. Et il prend des formes multiples : accepter de travailler le week-end sans majoration, r\u00e9pondre \u00e0 des sollicitations hors horaires, proposer des rendez-vous d\u00e9plac\u00e9s sans facturer de frais, accepter qu\u2019une prestation soit r\u00e9duite mais pas son co\u00fbt.<\/p>\n\n\n\n<p class=\"wp-block-paragraph\">Le plus troublant, c\u2019est que ces gestes sont rarement per\u00e7us comme des sacrifices. Ils sont devenus des r\u00e9flexes, int\u00e9rioris\u00e9s comme le prix \u00e0 payer pour \u00ab<em> rester aimable<\/em> \u00bb ou \u00ab <em>garder une bonne image<\/em> \u00bb.<\/p>\n\n\n\n<p class=\"wp-block-paragraph\"><\/p>\n\n\n\n<p class=\"wp-block-paragraph\"><\/p>\n\n\n\n<p class=\"wp-block-paragraph\"><\/p>\n\n\n<div style=\"background-color: #ffdd80; color: #eaac00; border-left-color: #eaac00; \" class=\"ub-styled-box ub-notification-box wp-block-ub-styled-box\" id=\"ub-styled-box-fd59408c-b5ab-46b1-9638-def9cd30fcc4\">\n<h2 class=\"wp-block-heading\" id=\"4-des-cons%C3%A9quences-lourdes\">Des cons\u00e9quences lourdes<\/h2>\n\n\n<\/div>\n\n\n<p class=\"wp-block-paragraph\">Mais ce prix-l\u00e0 est \u00e9lev\u00e9. Il ronge la l\u00e9gitimit\u00e9 du professionnel \u00e0 exister comme tel. Il brouille les rep\u00e8res : est-ce que je peux vraiment facturer cette relance ? Est-ce que j\u2019ai le droit de refuser un rendez-vous hors horaires ? Est-ce que je suis l\u00e9gitime \u00e0 demander un acompte ?<\/p>\n\n\n\n<p class=\"wp-block-paragraph\">Ce doute permanent devient une norme invisible, accept\u00e9e, jamais verbalis\u00e9e. Et pourtant, il n\u2019a rien de normal.<\/p>\n\n\n\n<p class=\"wp-block-paragraph\"><\/p>\n\n\n\n<p class=\"wp-block-paragraph\"><\/p>\n\n\n\n<p class=\"wp-block-paragraph\"><\/p>\n\n\n<div style=\"background-color: #d9edf7; color: #31708f; border-left-color: #31708f; \" class=\"ub-styled-box ub-notification-box wp-block-ub-styled-box\" id=\"ub-styled-box-5f5cdc23-6d57-45c9-a986-9c479831a7b9\">\n<h2 class=\"wp-block-heading\" id=\"5-un-contraste-avec-dautres-secteurs\">Un contraste avec d&#8217;autres secteurs<\/h2>\n\n\n<\/div>\n\n\n<p class=\"wp-block-paragraph\">Dans d\u2019autres secteurs, la posture de fermet\u00e9 est per\u00e7ue comme professionnelle. Personne ne remet en cause le tarif d\u2019un m\u00e9decin, le d\u00e9lai d\u2019un avocat ou le devis d\u2019un plombier.<\/p>\n\n\n\n<p class=\"wp-block-paragraph\">Mais chez les pros du soin animalier, l\u2019absence de cadre collectif fait reposer toute la responsabilit\u00e9 sur les \u00e9paules de l&#8217;individu. Il devient seul garant de sa valeur. Il doit \u00e0 la fois soigner, rassurer, expliquer, s\u2019adapter, absorber les retards, les humeurs, les doutes, sans jamais perdre la ma\u00eetrise de son image.<\/p>\n\n\n\n<p class=\"wp-block-paragraph\">C\u2019est \u00e0 la fois un service et une mise en sc\u00e8ne. Et cette double exigence fatigue.<\/p>\n\n\n\n<p class=\"wp-block-paragraph\"><\/p>\n\n\n\n<p class=\"wp-block-paragraph\"><\/p>\n\n\n\n<p class=\"wp-block-paragraph\"><\/p>\n\n\n<div style=\"background-color: #dff0d8; color: #3c763d; border-left-color: #3c763d; \" class=\"ub-styled-box ub-notification-box wp-block-ub-styled-box\" id=\"ub-styled-box-fdca4cb4-982c-4f31-b8f0-42d676859665\">\n<h2 class=\"wp-block-heading\" id=\"ub-styled-box-notification-content-\">Revaloriser le cadre<\/h2>\n\n\n\n<p class=\"wp-block-paragraph\">Il est temps de sortir de cette logique. Non pas en opposant pros et clients, mais en posant un constat clair : un professionnel a le droit de poser un cadre. Il a le droit de refuser un rendez-vous s\u2019il ne respecte pas les conditions. Il a le droit de ne pas r\u00e9pondre hors horaires. Il a le droit de faire payer un devis, un d\u00e9placement, une annulation tardive.<\/p>\n\n\n\n<p class=\"wp-block-paragraph\">Ces droits ne sont pas une offense. Ce sont des conditions minimales d\u2019existence professionnelle.<\/p>\n\n\n<\/div>\n\n<div class=\"wp-block-image\">\n<figure class=\"aligncenter size-full\"><img decoding=\"async\" width=\"600\" height=\"600\" src=\"https:\/\/planipets.com\/blog\/wp-content\/uploads\/2025\/05\/Pourquoi-les-pros-du-soin-animalier-nosent-pas-poser-de-limites-1.jpg\" alt=\"\" class=\"wp-image-60316\" title=\"\" srcset=\"https:\/\/planipets.com\/blog\/wp-content\/uploads\/2025\/05\/Pourquoi-les-pros-du-soin-animalier-nosent-pas-poser-de-limites-1.jpg 600w, https:\/\/planipets.com\/blog\/wp-content\/uploads\/2025\/05\/Pourquoi-les-pros-du-soin-animalier-nosent-pas-poser-de-limites-1-300x300.jpg 300w, https:\/\/planipets.com\/blog\/wp-content\/uploads\/2025\/05\/Pourquoi-les-pros-du-soin-animalier-nosent-pas-poser-de-limites-1-150x150.jpg 150w, https:\/\/planipets.com\/blog\/wp-content\/uploads\/2025\/05\/Pourquoi-les-pros-du-soin-animalier-nosent-pas-poser-de-limites-1-450x450.jpg 450w, https:\/\/planipets.com\/blog\/wp-content\/uploads\/2025\/05\/Pourquoi-les-pros-du-soin-animalier-nosent-pas-poser-de-limites-1-96x96.jpg 96w\" sizes=\"(max-width: 600px) 100vw, 600px\" \/><\/figure>\n<\/div>\n\n\n<p class=\"wp-block-paragraph\"><\/p>\n\n\n\n<p class=\"wp-block-paragraph\"><\/p>\n\n\n<div style=\"background-color: #f7f7f7; color: #31708f; border-left-color: #31708f; \" class=\"ub-styled-box ub-notification-box wp-block-ub-styled-box\" id=\"ub-styled-box-8d5ba748-2716-48e7-8989-12d766f7488d\">\n<h2 class=\"wp-block-heading\" id=\"ub-styled-box-notification-content-\">Une responsabilit\u00e9 collective<\/h2>\n\n\n\n<p class=\"wp-block-paragraph\">C\u2019est aussi \u00e0 l\u2019\u00e9cosyst\u00e8me de s\u2019adapter : plateformes, outils, collectifs. <a href=\"http:\/\/pro.planipets.com\">Planipets Pro<\/a>, \u00e0 son \u00e9chelle, tente de cr\u00e9er un cadre qui prot\u00e8ge le professionnel avant m\u00eame que la situation d\u00e9g\u00e9n\u00e8re.<\/p>\n\n\n\n<p class=\"wp-block-paragraph\">Mais au-del\u00e0 de toute solution technique, c\u2019est une culture qu\u2019il faut reconstruire. Une culture o\u00f9 le respect des r\u00e8gles n\u2019est pas un luxe mais une base. Une culture o\u00f9 la bienveillance ne signifie pas renoncement.<\/p>\n\n\n\n<p class=\"wp-block-paragraph\">Une culture o\u00f9 les pros du soin animalier peuvent exercer leur m\u00e9tier sans devoir constamment renoncer \u00e0 eux-m\u00eames pour para\u00eetre aimables.<\/p>\n\n\n<\/div>\n\n\n<p class=\"wp-block-paragraph\"><\/p>\n\n\n\n<p class=\"wp-block-paragraph\"><\/p>\n\n\n\n<p class=\"wp-block-paragraph\"><\/p>\n\n\n\n<h2 class=\"wp-block-heading\" id=\"7-fixer-une-limite-cest-pr%C3%A9server-sa-mission\">Fixer une limite, c&#8217;est pr\u00e9server sa mission<\/h2>\n\n\n\n<p class=\"wp-block-paragraph\">Fixer une limite, ce n\u2019est pas dire non \u00e0 l\u2019autre. <strong>C\u2019est dire oui \u00e0 soi<\/strong>, \u00e0 sa valeur, \u00e0 la durabilit\u00e9 de son engagement.<\/p>\n\n\n\n<p class=\"wp-block-paragraph\">Et dans un m\u00e9tier o\u00f9 l\u2019on soigne les animaux, cela devrait \u00eatre un droit fondamental : celui de ne pas se perdre soi-m\u00eame en chemin.<\/p>\n\n\n\n<p class=\"wp-block-paragraph\"><strong>R\u00e9dig\u00e9 par Nasser ALI SAID pour Planipets Media<\/strong><\/p>\n\n\n\n<p class=\"wp-block-paragraph\"><\/p>\n\n\n\n<p class=\"wp-block-paragraph\"><\/p>\n\n\n\n<div style=\"background-color:#f5f5f5;padding:20px;border-radius:8px;margin-top:40px;text-align:center;\">\n  <h3 style=\"margin-bottom:10px;font-size:20px;\">\ud83d\udc3e Vous avez une histoire \u00e0 raconter ?<\/h3>\n  <p style=\"font-size:16px;line-height:1.5em;margin-bottom:20px;\">\n    Une situation marquante avec votre animal, un moment fort, un doute, une \u00e9motion ?\n    <br>\n    Planipets M\u00e9dia donne la parole aux propri\u00e9taires qui vivent des choses vraies.\n  <\/p>\n  <a href=\"https:\/\/planipets.com\/contact\" style=\"background-color:#4caf50;color:#fff;text-decoration:none;padding:12px 24px;border-radius:5px;font-size:16px;display:inline-block;\">\n    \u270d Racontez-la ici\n\u00a0\u00a0<\/a>\n<\/div>\n","protected":false},"excerpt":{"rendered":"<p>Le silence qui use Et c\u2019est justement ce climat de peur et de culpabilisation qui \u00e9touffe toute vell\u00e9it\u00e9 de poser des limites, transformant le professionnel en prestataire \u00e0 la merci de la moindre insatisfaction. Dans un secteur o\u00f9 l\u2019empathie et la passion sont au coeur de la posture professionnelle, poser une limite est parfois per\u00e7u<\/p>\n","protected":false},"author":26,"featured_media":60314,"comment_status":"open","ping_status":"open","sticky":false,"template":"","format":"standard","meta":{"_crdt_document":"","footnotes":"","spc_primary_category":2035},"categories":[2035,2616],"tags":[],"class_list":{"0":"post-60271","1":"post","2":"type-post","3":"status-publish","4":"format-standard","5":"has-post-thumbnail","7":"category-professionnel-planipets","8":"category-medias"},"featured_image_src":"https:\/\/planipets.com\/blog\/wp-content\/uploads\/2025\/05\/Pourquoi-les-pros-du-soin-animalier-nosent-pas-poser-de-limites-2.jpg","author_info":{"display_name":"The Planipets editorial team","author_link":"https:\/\/planipets.com\/blog\/author\/redaction\/"},"brizy_media":[],"_links":{"self":[{"href":"https:\/\/planipets.com\/blog\/wp-json\/wp\/v2\/posts\/60271","targetHints":{"allow":["GET"]}}],"collection":[{"href":"https:\/\/planipets.com\/blog\/wp-json\/wp\/v2\/posts"}],"about":[{"href":"https:\/\/planipets.com\/blog\/wp-json\/wp\/v2\/types\/post"}],"author":[{"embeddable":true,"href":"https:\/\/planipets.com\/blog\/wp-json\/wp\/v2\/users\/26"}],"replies":[{"embeddable":true,"href":"https:\/\/planipets.com\/blog\/wp-json\/wp\/v2\/comments?post=60271"}],"version-history":[{"count":10,"href":"https:\/\/planipets.com\/blog\/wp-json\/wp\/v2\/posts\/60271\/revisions"}],"predecessor-version":[{"id":60338,"href":"https:\/\/planipets.com\/blog\/wp-json\/wp\/v2\/posts\/60271\/revisions\/60338"}],"wp:featuredmedia":[{"embeddable":true,"href":"https:\/\/planipets.com\/blog\/wp-json\/wp\/v2\/media\/60314"}],"wp:attachment":[{"href":"https:\/\/planipets.com\/blog\/wp-json\/wp\/v2\/media?parent=60271"}],"wp:term":[{"taxonomy":"category","embeddable":true,"href":"https:\/\/planipets.com\/blog\/wp-json\/wp\/v2\/categories?post=60271"},{"taxonomy":"post_tag","embeddable":true,"href":"https:\/\/planipets.com\/blog\/wp-json\/wp\/v2\/tags?post=60271"}],"curies":[{"name":"wp","href":"https:\/\/api.w.org\/{rel}","templated":true}]}}