{"id":60269,"date":"2025-06-01T05:53:56","date_gmt":"2025-06-01T04:53:56","guid":{"rendered":"https:\/\/planipets.com\/blog\/?p=60269"},"modified":"2025-06-01T05:58:12","modified_gmt":"2025-06-01T04:58:12","slug":"chats-mutiles-dans-le-var-ce-que-cette-violence-animale-revele-de-nous","status":"publish","type":"post","link":"https:\/\/planipets.com\/blog\/actualite\/chats-mutiles-dans-le-var-ce-que-cette-violence-animale-revele-de-nous\/","title":{"rendered":"Chats mutil\u00e9s dans le Var : ce que cette violence animale r\u00e9v\u00e8le de nous"},"content":{"rendered":"\n<p class=\"wp-block-paragraph\"><strong>Par Lor\u00e9na Achemoukh \u2013 Planipets M\u00e9dia<\/strong><\/p>\n\n\n\n<p class=\"wp-block-paragraph\">Pendant longtemps, les faits divers impliquant les animaux restaient confin\u00e9s \u00e0 la rubrique des anecdotes. Aujourd\u2019hui, ils en sortent. Pas parce qu\u2019ils sont plus nombreux. Mais parce qu\u2019ils sont plus durs. Plus froids. Et qu\u2019ils frappent l\u00e0 o\u00f9 on ne les attendait pas : <strong>dans nos villages<\/strong>.<\/p>\n\n\n\n<p class=\"wp-block-paragraph\">\u00c0 <a href=\"https:\/\/www.ouest-france.fr\/societe\/maltraitance-animale\/qui-drogue-scalpe-frappe-et-torture-des-chats-dans-cette-commune-du-var-3bdba08e-3d5d-11f0-8209-11a0802854ec\" target=\"_blank\" rel=\"noopener\"><strong>Saint-Antonin-du-Var<\/strong>, <strong>une vingtaine de chats ont \u00e9t\u00e9 retrouv\u00e9s mutil\u00e9s<\/strong><\/a>, selon Ouest France. Certains <strong>drogu\u00e9s.<\/strong> D&#8217;autres scalp\u00e9s, les pattes arrach\u00e9es, les reins bris\u00e9s. Et presque toujours : ras\u00e9s, comme une signature macabre. La presse locale a relay\u00e9 l\u2019information. Le <strong>maire<\/strong> a pris la parole. Les habitants ont peur. Et l\u2019auteur court toujours.<\/p>\n\n\n\n<p class=\"wp-block-paragraph\">Il y a, dans cette affaire, quelque chose de plus grave qu\u2019un fait divers. Quelque chose qui nous parle de nous.<\/p>\n\n\n\n<p class=\"wp-block-paragraph\"><\/p>\n\n\n\n<p class=\"wp-block-paragraph\"><\/p>\n\n\n\n<p class=\"wp-block-paragraph\"><\/p>\n\n\n<div style=\"background-color: #d9edf7; color: #31708f; border-left-color: #31708f; \" class=\"ub-styled-box ub-notification-box wp-block-ub-styled-box\" id=\"ub-styled-box-8cb38750-82a3-44fd-806d-0f4596c0b28d\">\n<h2 class=\"wp-block-heading\" id=\"ub-styled-box-notification-content-\">Une cruaut\u00e9 sans visage, mais pas sans racine<\/h2>\n\n\n<\/div>\n\n\n<p class=\"wp-block-paragraph\">Ce type de barbarie ne na\u00eet pas dans un vide. Il s\u2019ancre dans un terreau : celui d\u2019un traitement in\u00e9gal de la souffrance animale. Car non, elle n\u2019est pas banalis\u00e9e dans les c\u0153urs. Mais elle l\u2019est parfois dans les faits. Parce qu\u2019on r\u00e9agit selon le contexte. Parce qu\u2019on s\u2019indigne sur les r\u00e9seaux, mais sans suite. Parce que trop d\u2019affaires restent sans cons\u00e9quences.<\/p>\n\n\n<div class=\"wp-block-image\">\n<figure class=\"aligncenter size-full\"><img fetchpriority=\"high\" decoding=\"async\" width=\"600\" height=\"600\" src=\"https:\/\/planipets.com\/blog\/wp-content\/uploads\/2025\/05\/Chats-mutiles-dans-le-Var-ce-que-cette-violence-animale-revele-de-nous-3.jpg\" alt=\"\" class=\"wp-image-60322\" title=\"\" srcset=\"https:\/\/planipets.com\/blog\/wp-content\/uploads\/2025\/05\/Chats-mutiles-dans-le-Var-ce-que-cette-violence-animale-revele-de-nous-3.jpg 600w, https:\/\/planipets.com\/blog\/wp-content\/uploads\/2025\/05\/Chats-mutiles-dans-le-Var-ce-que-cette-violence-animale-revele-de-nous-3-300x300.jpg 300w, https:\/\/planipets.com\/blog\/wp-content\/uploads\/2025\/05\/Chats-mutiles-dans-le-Var-ce-que-cette-violence-animale-revele-de-nous-3-150x150.jpg 150w, https:\/\/planipets.com\/blog\/wp-content\/uploads\/2025\/05\/Chats-mutiles-dans-le-Var-ce-que-cette-violence-animale-revele-de-nous-3-450x450.jpg 450w, https:\/\/planipets.com\/blog\/wp-content\/uploads\/2025\/05\/Chats-mutiles-dans-le-Var-ce-que-cette-violence-animale-revele-de-nous-3-96x96.jpg 96w\" sizes=\"(max-width: 600px) 100vw, 600px\" \/><\/figure>\n<\/div>\n\n<div style=\"background-color: #dff0d8; color: #3c763d; border-left-color: #3c763d; \" class=\"ub-styled-box ub-notification-box wp-block-ub-styled-box\" id=\"ub-styled-box-ff3be2db-46e8-4d46-aaee-ac663ca91266\">\n<p class=\"wp-block-paragraph\" id=\"ub-styled-box-notification-content-\">On vit dans un pays o\u00f9 les animaux sont aim\u00e9s, entour\u00e9s, parfois surprot\u00e9g\u00e9s. Et pourtant, certains peuvent \u00eatre tortur\u00e9s, en silence, sans que personne ne sache quoi faire. C\u2019est l\u00e0 que le danger s\u2019installe : dans cette dissonance. Ce que nous valorisons dans l\u2019intime n\u2019est pas toujours d\u00e9fendu dans l\u2019espace collectif.<\/p>\n\n\n\n<p class=\"wp-block-paragraph\"><strong>Dans les petites communes, les chats sont souvent les premiers \u00e0 \u00ab dispara\u00eetre \u00bb.<\/strong> Ils errent, passent de jardin en jardin, s\u2019infiltrent sans qu\u2019on les voie. Mais quand ce sont des chats identifi\u00e9s, suivis, ch\u00e9ris\u2026 et qu\u2019ils reviennent les yeux \u00e9teints, les membres bris\u00e9s, il ne s\u2019agit plus d\u2019accidents. Il s\u2019agit d\u2019un acte. Et d\u2019un seuil franchi.<\/p>\n\n\n<\/div>\n\n\n<p class=\"wp-block-paragraph\"><\/p>\n\n\n\n<p class=\"wp-block-paragraph\"><\/p>\n\n\n\n<p class=\"wp-block-paragraph\"><\/p>\n\n\n<div style=\"background-color: #ffd2d2; color: #d8000c; border-left-color: #d8000c; \" class=\"ub-styled-box ub-notification-box wp-block-ub-styled-box\" id=\"ub-styled-box-9464c36c-8ca0-41fc-8a34-6f5396b1c49f\">\n<h2 class=\"wp-block-heading\" id=\"ub-styled-box-notification-content-\">Une justice qui peine \u00e0 suivre<\/h2>\n\n\n<\/div>\n\n\n<p class=\"wp-block-paragraph\">Pour l\u2019instant, aucune arrestation. Aucune certitude. Juste un faisceau de t\u00e9moignages. Certains parlent d\u2019un homme au comportement \u00e9trange. D\u2019autres \u00e9voquent des chats cibl\u00e9s pour leur race, leur couleur, leur proximit\u00e9 avec l\u2019humain. Mais rien n\u2019avance. Et cette lenteur nourrit un sentiment : celui d\u2019une impunit\u00e9 durable.<\/p>\n\n\n<div style=\"background-color: #ffdd80; color: #eaac00; border-left-color: #eaac00; \" class=\"ub-styled-box ub-notification-box wp-block-ub-styled-box\" id=\"ub-styled-box-dc294fba-bd40-45fb-947a-f1fea00ef007\">\n<p class=\"wp-block-paragraph\" id=\"ub-styled-box-notification-content-\">La commune, elle, subit autant qu\u2019elle agit. Elle n\u2019est pas la police. Elle n\u2019a ni les outils d\u2019enqu\u00eate, ni les pouvoirs d\u2019intervention. Et bien s\u00fbr, on ne peut pas attendre d\u2019elle une mobilisation formelle \u00e0 chaque animal perdu ou retrouv\u00e9 bless\u00e9. Mais dans des situations graves, r\u00e9p\u00e9t\u00e9es, visibles, <strong>ce qu\u2019on attend aussi des pouvoirs publics, c\u2019est un signal.<\/strong> Pas une enqu\u00eate parall\u00e8le, mais une parole ferme, un lien avec les habitants, un appui visible. Car dans ces moments-l\u00e0, ce que l\u2019on prot\u00e8ge, ce n\u2019est pas seulement un animal. C\u2019est une confiance collective.<\/p>\n\n\n\n<p class=\"wp-block-paragraph\"><strong>Le r\u00f4le de la <a href=\"https:\/\/www.nord.gouv.fr\/Services-de-l-Etat\/Presentation-des-services-de-l-Etat\/Services-departementaux-de-l-Etat\/Direction-departementale-de-la-protection-des-populations-DDPP\" target=\"_blank\" rel=\"noopener\">DDPP (Direction D\u00e9partementale de la Protection des Populations<\/a>)<\/strong> est aussi \u00e0 rappeler ici : cette autorit\u00e9 administrative est comp\u00e9tente pour enqu\u00eater sur les cas de maltraitance animale, en lien avec les forces de l\u2019ordre. Trop peu de citoyens savent \u00e0 qui signaler ce type de faits. Et trop peu de collectivit\u00e9s osent solliciter ouvertement ce soutien.<\/p>\n\n\n<\/div>\n\n\n<p class=\"wp-block-paragraph\"><\/p>\n\n\n\n<p class=\"wp-block-paragraph\"><\/p>\n\n\n\n<p class=\"wp-block-paragraph\"><\/p>\n\n\n<div style=\"background-color: #dff0d8; color: #3c763d; border-left-color: #3c763d; \" class=\"ub-styled-box ub-notification-box wp-block-ub-styled-box\" id=\"ub-styled-box-c5d40bb5-752f-4c85-9bd3-6207b21a8c82\">\n<h2 class=\"wp-block-heading\" id=\"ub-styled-box-notification-content-\">Ce que cela r\u00e9v\u00e8le de nous<\/h2>\n\n\n<\/div>\n\n\n<p class=\"wp-block-paragraph\">Certains diront qu\u2019il y a des choses plus graves. Et c\u2019est vrai. La maltraitance animale n\u2019efface pas les violences faites aux enfants, aux femmes, aux personnes \u00e2g\u00e9es. Mais ce n\u2019est pas une hi\u00e9rarchie de souffrance. C\u2019est une question de seuil.<\/p>\n\n\n<div style=\"background-color: #f7f7f7; color: #31708f; border-left-color: #31708f; \" class=\"ub-styled-box ub-notification-box wp-block-ub-styled-box\" id=\"ub-styled-box-8df69fd6-dcc5-4c0c-868f-f831ca90e537\">\n<p class=\"wp-block-paragraph\" id=\"ub-styled-box-notification-content-\">Ce que nous tol\u00e9rons ici, dans le silence, dit quelque chose. Ce que nous laissons passer, quand l\u2019innocent n\u2019a pas de voix, fa\u00e7onne ce que nous devenons.<\/p>\n\n\n\n<p class=\"wp-block-paragraph\">R\u00e9agir \u00e0 ces actes, ce n\u2019est pas faire passer l\u2019animal avant l\u2019humain. C\u2019est refuser que l\u2019impunit\u00e9 devienne une norme. C\u2019est emp\u00eacher que la douleur \u2014 qu\u2019elle soit animale ou humaine \u2014 ne devienne invisible sous pr\u00e9texte qu\u2019elle n\u2019est pas prioritaire.<\/p>\n\n\n<\/div>\n\n\n<p class=\"wp-block-paragraph\">La violence faite aux animaux est un barom\u00e8tre moral. Ce n\u2019est pas une phrase d\u2019ONG, c\u2019est un fait social. Elle montre o\u00f9 nous en sommes. Et ce que nous laissons passer.<\/p>\n\n\n\n<p class=\"wp-block-paragraph\">Nous vivons dans un pays o\u00f9 l\u2019animal est reconnu comme un \u00eatre sensible depuis 2015. Mais cette sensibilit\u00e9, trop souvent, reste th\u00e9orique. La loi avance. La r\u00e9alit\u00e9, elle, pi\u00e9tine.<\/p>\n\n\n<div class=\"wp-block-image\">\n<figure class=\"aligncenter size-full\"><img decoding=\"async\" width=\"600\" height=\"600\" src=\"https:\/\/planipets.com\/blog\/wp-content\/uploads\/2025\/05\/Chats-mutiles-dans-le-Var-ce-que-cette-violence-animale-revele-de-nous-1.jpg\" alt=\"\" class=\"wp-image-60323\" title=\"\" srcset=\"https:\/\/planipets.com\/blog\/wp-content\/uploads\/2025\/05\/Chats-mutiles-dans-le-Var-ce-que-cette-violence-animale-revele-de-nous-1.jpg 600w, https:\/\/planipets.com\/blog\/wp-content\/uploads\/2025\/05\/Chats-mutiles-dans-le-Var-ce-que-cette-violence-animale-revele-de-nous-1-300x300.jpg 300w, https:\/\/planipets.com\/blog\/wp-content\/uploads\/2025\/05\/Chats-mutiles-dans-le-Var-ce-que-cette-violence-animale-revele-de-nous-1-150x150.jpg 150w, https:\/\/planipets.com\/blog\/wp-content\/uploads\/2025\/05\/Chats-mutiles-dans-le-Var-ce-que-cette-violence-animale-revele-de-nous-1-450x450.jpg 450w, https:\/\/planipets.com\/blog\/wp-content\/uploads\/2025\/05\/Chats-mutiles-dans-le-Var-ce-que-cette-violence-animale-revele-de-nous-1-96x96.jpg 96w\" sizes=\"(max-width: 600px) 100vw, 600px\" \/><\/figure>\n<\/div>\n\n\n<p class=\"wp-block-paragraph\"><\/p>\n\n\n\n<p class=\"wp-block-paragraph\"><\/p>\n\n\n<div style=\"background-color: #dff0d8; color: #3c763d; border-left-color: #3c763d; \" class=\"ub-styled-box ub-notification-box wp-block-ub-styled-box\" id=\"ub-styled-box-3ce615d8-fbef-4fd0-b296-828ac6ca2ad7\">\n<h2 class=\"wp-block-heading\" id=\"ub-styled-box-notification-content-\">Une responsabilit\u00e9 partag\u00e9e<\/h2>\n\n\n<\/div>\n\n\n<p class=\"wp-block-paragraph\">Regarder ailleurs, c\u2019est d\u00e9j\u00e0 participer. R\u00e9duire cela \u00e0 \u00ab un fou isol\u00e9 \u00bb, c\u2019est se d\u00e9fausser. Il faut poser la question : qu\u2019avons-nous tol\u00e9r\u00e9 jusque-l\u00e0 ? Qu\u2019avons-nous laiss\u00e9 glisser, sans un mot ?<\/p>\n\n\n\n<p class=\"wp-block-paragraph\">La maltraitance animale ne commence pas avec un scalpel. Elle commence avec une indiff\u00e9rence. Une blague douteuse. Un chat jet\u00e9 dehors parce qu\u2019il miaule trop. Une plainte class\u00e9e sans suite.<\/p>\n\n\n\n<p class=\"wp-block-paragraph\">Et \u00e0 l\u2019inverse, chaque regard, chaque signalement, chaque r\u00e9veil citoyen est un rempart.<\/p>\n\n\n\n<p class=\"wp-block-paragraph\">Il ne s\u2019agit pas de tout politiser. Il s\u2019agit de nommer ce qui se passe. Et de ne pas l\u2019accepter.<\/p>\n\n\n\n<p class=\"wp-block-paragraph\">Car ce que nous prot\u00e9geons, en d\u00e9non\u00e7ant cela, ce ne sont pas seulement des chats. C\u2019est l\u2019id\u00e9e que nous nous faisons d\u2019une soci\u00e9t\u00e9 humaine.<\/p>\n\n\n\n<p class=\"wp-block-paragraph\">Et cette id\u00e9e, elle commence souvent par les plus vuln\u00e9rables. Ceux qui ne parleront jamais. Mais dont le silence hurle assez fort pour qu\u2019on ne dise plus : on ne savait pas.<\/p>\n\n\n\n<p class=\"wp-block-paragraph\"><\/p>\n\n\n\n<p class=\"wp-block-paragraph\"><\/p>\n\n\n<div style=\"background-color: #f7f7f7; color: #31708f; border-left-color: #31708f; \" class=\"ub-styled-box ub-notification-box wp-block-ub-styled-box\" id=\"ub-styled-box-bf69d23d-610f-44bb-8e95-c1edd5998d5e\">\n<h2 class=\"wp-block-heading\" id=\"ub-styled-box-notification-content-\">Encadr\u00e9 \u2013 Ce que dit la loi<\/h2>\n\n\n\n<ul class=\"wp-block-list\">\n<li><strong>Statut juridique de l\u2019animal<\/strong> : Depuis la loi du 16 f\u00e9vrier 2015, les animaux sont reconnus comme des \u201c\u00eatres vivants dou\u00e9s de sensibilit\u00e9\u201d dans le Code civil.<\/li>\n\n\n\n<li><strong><a href=\"https:\/\/www.legifrance.gouv.fr\/codes\/article_lc\/LEGIARTI000044389848\" target=\"_blank\" rel=\"noopener\">Article 521-1 du Code p\u00e9nal<\/a><\/strong> : Le fait d\u2019exercer des s\u00e9vices graves, ou des actes de cruaut\u00e9 envers un animal domestique, apprivois\u00e9 ou tenu en captivit\u00e9 est puni de <strong>3 ans d\u2019emprisonnement<\/strong> et <strong>45 000 \u20ac d\u2019amende<\/strong>.<\/li>\n\n\n\n<li><strong>Enqu\u00eate et suites donn\u00e9es<\/strong> : Selon plusieurs associations de protection animale, <strong>plus de 70 % des plaintes pour maltraitance animale<\/strong> sont <strong>class\u00e9es sans suite<\/strong>, faute de preuves ou de moyens d\u2019investigation.<\/li>\n<\/ul>\n\n\n<\/div>\n\n\n<p class=\"wp-block-paragraph\"><\/p>\n\n\n\n<p class=\"wp-block-paragraph\"><\/p>\n\n\n\n<div style=\"background-color:#f5f5f5;padding:20px;border-radius:8px;margin-top:40px;text-align:center;\">\n  <h3 style=\"margin-bottom:10px;font-size:20px;\">\ud83d\udc3e Vous avez une histoire \u00e0 raconter ?<\/h3>\n  <p style=\"font-size:16px;line-height:1.5em;margin-bottom:20px;\">\n    Une situation marquante avec votre animal, un moment fort, un doute, une \u00e9motion ?\n    <br>\n    Planipets M\u00e9dia donne la parole aux propri\u00e9taires qui vivent des choses vraies.\n  <\/p>\n  <a href=\"https:\/\/planipets.com\/contact\" style=\"background-color:#4caf50;color:#fff;text-decoration:none;padding:12px 24px;border-radius:5px;font-size:16px;display:inline-block;\">\n    \u270d Racontez-la ici\n\u00a0\u00a0<\/a>\n<\/div>\n","protected":false},"excerpt":{"rendered":"<p>Par Lor\u00e9na Achemoukh \u2013 Planipets M\u00e9dia Pendant longtemps, les faits divers impliquant les animaux restaient confin\u00e9s \u00e0 la rubrique des anecdotes. Aujourd\u2019hui, ils en sortent. Pas parce qu\u2019ils sont plus nombreux. Mais parce qu\u2019ils sont plus durs. Plus froids. Et qu\u2019ils frappent l\u00e0 o\u00f9 on ne les attendait pas : dans nos villages. \u00c0 Saint-Antonin-du-Var,<\/p>\n","protected":false},"author":26,"featured_media":60320,"comment_status":"open","ping_status":"open","sticky":false,"template":"","format":"standard","meta":{"_crdt_document":"","footnotes":"","spc_primary_category":0},"categories":[65,2616],"tags":[],"class_list":{"0":"post-60269","1":"post","2":"type-post","3":"status-publish","4":"format-standard","5":"has-post-thumbnail","7":"category-actualite","8":"category-medias"},"featured_image_src":"https:\/\/planipets.com\/blog\/wp-content\/uploads\/2025\/05\/Chats-mutiles-dans-le-Var-ce-que-cette-violence-animale-revele-de-nous-2.jpg","author_info":{"display_name":"The Planipets editorial team","author_link":"https:\/\/planipets.com\/blog\/author\/redaction\/"},"brizy_media":[],"_links":{"self":[{"href":"https:\/\/planipets.com\/blog\/wp-json\/wp\/v2\/posts\/60269","targetHints":{"allow":["GET"]}}],"collection":[{"href":"https:\/\/planipets.com\/blog\/wp-json\/wp\/v2\/posts"}],"about":[{"href":"https:\/\/planipets.com\/blog\/wp-json\/wp\/v2\/types\/post"}],"author":[{"embeddable":true,"href":"https:\/\/planipets.com\/blog\/wp-json\/wp\/v2\/users\/26"}],"replies":[{"embeddable":true,"href":"https:\/\/planipets.com\/blog\/wp-json\/wp\/v2\/comments?post=60269"}],"version-history":[{"count":6,"href":"https:\/\/planipets.com\/blog\/wp-json\/wp\/v2\/posts\/60269\/revisions"}],"predecessor-version":[{"id":61457,"href":"https:\/\/planipets.com\/blog\/wp-json\/wp\/v2\/posts\/60269\/revisions\/61457"}],"wp:featuredmedia":[{"embeddable":true,"href":"https:\/\/planipets.com\/blog\/wp-json\/wp\/v2\/media\/60320"}],"wp:attachment":[{"href":"https:\/\/planipets.com\/blog\/wp-json\/wp\/v2\/media?parent=60269"}],"wp:term":[{"taxonomy":"category","embeddable":true,"href":"https:\/\/planipets.com\/blog\/wp-json\/wp\/v2\/categories?post=60269"},{"taxonomy":"post_tag","embeddable":true,"href":"https:\/\/planipets.com\/blog\/wp-json\/wp\/v2\/tags?post=60269"}],"curies":[{"name":"wp","href":"https:\/\/api.w.org\/{rel}","templated":true}]}}