{"id":59992,"date":"2025-05-19T08:03:27","date_gmt":"2025-05-19T07:03:27","guid":{"rendered":"https:\/\/planipets.com\/blog\/?p=59992"},"modified":"2025-10-07T16:02:03","modified_gmt":"2025-10-07T15:02:03","slug":"elle-a-pleure-quand-son-chien-est-parti-pas-quand-son-oncle-sen-est-alle","status":"publish","type":"post","link":"https:\/\/planipets.com\/blog\/chien\/bien-vivre-avec-son-chien\/elle-a-pleure-quand-son-chien-est-parti-pas-quand-son-oncle-sen-est-alle\/","title":{"rendered":"Elle a pleur\u00e9 quand son chien est parti. Pas quand son oncle s\u2019en est all\u00e9"},"content":{"rendered":"\n<p class=\"wp-block-paragraph\">Quand un oncle meurt, on re\u00e7oit des messages. On est excus\u00e9 d\u2019\u00eatre triste. On est entour\u00e9. On n&#8217;est jamais seul.<\/p>\n\n\n\n<p class=\"wp-block-paragraph\">Quand un <strong>chien meurt<\/strong>, on retourne travailler le lendemain. On baisse la t\u00eate si on pleure encore deux jours plus tard. On fait semblant d\u2019aller bien. Parce que c\u2019est &#8220;<em>juste un animal<\/em>&#8220;. On n&#8217;est pas compris.<\/p>\n\n\n\n<p class=\"wp-block-paragraph\">Pour Julie, c\u2019\u00e9tait <strong>Nouki<\/strong>. Douze ans de vie partag\u00e9e, de pr\u00e9sence, de silences compris, de douleurs all\u00e9g\u00e9es par la simple chaleur d\u2019un museau contre sa main. Et du jour au lendemain : plus rien. Ni pr\u00e9sence. Ni reconnaissance. Ni droit d\u2019en parler. Un silence \u00e9loquent de douleur !<\/p>\n\n\n\n<figure class=\"wp-block-image size-large\"><img fetchpriority=\"high\" decoding=\"async\" width=\"1024\" height=\"683\" src=\"https:\/\/planipets.com\/blog\/wp-content\/uploads\/2025\/05\/Elle-a-pleure-quand-son-chien-est-parti.-Pas-quand-son-oncle-sen-est-alle-4-1024x683.jpg\" alt=\"Femme en deuil, assise sur un canap\u00e9, pleurant la perte de son chien avec sa laisse pos\u00e9e sur la table\" class=\"wp-image-59995\" title=\"\" srcset=\"https:\/\/planipets.com\/blog\/wp-content\/uploads\/2025\/05\/Elle-a-pleure-quand-son-chien-est-parti.-Pas-quand-son-oncle-sen-est-alle-4-1024x683.jpg 1024w, https:\/\/planipets.com\/blog\/wp-content\/uploads\/2025\/05\/Elle-a-pleure-quand-son-chien-est-parti.-Pas-quand-son-oncle-sen-est-alle-4-300x200.jpg 300w, https:\/\/planipets.com\/blog\/wp-content\/uploads\/2025\/05\/Elle-a-pleure-quand-son-chien-est-parti.-Pas-quand-son-oncle-sen-est-alle-4-768x512.jpg 768w, https:\/\/planipets.com\/blog\/wp-content\/uploads\/2025\/05\/Elle-a-pleure-quand-son-chien-est-parti.-Pas-quand-son-oncle-sen-est-alle-4-150x100.jpg 150w, https:\/\/planipets.com\/blog\/wp-content\/uploads\/2025\/05\/Elle-a-pleure-quand-son-chien-est-parti.-Pas-quand-son-oncle-sen-est-alle-4-450x300.jpg 450w, https:\/\/planipets.com\/blog\/wp-content\/uploads\/2025\/05\/Elle-a-pleure-quand-son-chien-est-parti.-Pas-quand-son-oncle-sen-est-alle-4.jpg 1200w\" sizes=\"(max-width: 1024px) 100vw, 1024px\" \/><figcaption class=\"wp-element-caption\">La douleur du deuil animalier reste souvent silencieuse, malgr\u00e9 son intensit\u00e9 bien r\u00e9elle.<\/figcaption><\/figure>\n\n\n\n<p class=\"wp-block-paragraph\"><\/p>\n\n\n\n<p class=\"wp-block-paragraph\"><\/p>\n\n\n<div style=\"background-color: #dff0d8; color: #3c763d; border-left-color: #3c763d; \" class=\"ub-styled-box ub-notification-box wp-block-ub-styled-box\" id=\"ub-styled-box-dbb2ecae-d9a5-43f8-88e6-ce715d691fea\">\n<h2 class=\"wp-block-heading\" id=\"ub-styled-box-notification-content-\">Un chagrin socialement interdit<\/h2>\n\n\n<\/div>\n\n\n<p class=\"wp-block-paragraph\">Quand <strong>Nouki est mort<\/strong>, Julie a continu\u00e9 de faire ce qu\u2019on attendait d\u2019elle. Elle n\u2019a rien dit au travail. Elle n\u2019a pas pr\u00e9venu ses proches. Elle s\u2019est tue. Une p\u00e9riode compliqu\u00e9e, qui recommen\u00e7ait chaque jour !<\/p>\n\n\n\n<p class=\"wp-block-paragraph\">Elle pleurait en cachette. Elle dormait avec la laisse du chien. Elle attendait des messages de compassion\u2026 qui ne sont jamais venus.<\/p>\n\n\n\n<p class=\"wp-block-paragraph\">Parce que la mort d\u2019un animal ne d\u00e9clenche ni arr\u00eat de travail, ni appel, ni fleurs. Juste un vide. Et parfois, la g\u00eane des autres. Et c&#8217;est peut-\u00eatre ce qui est le plus douloureux encore. C&#8217;est peut-\u00eatre ce qui emp\u00eache de faire le deuil correctement.<\/p>\n\n\n\n<p class=\"wp-block-paragraph\"><\/p>\n\n\n<div style=\"background-color: #f7f7f7; color: #31708f; border-left-color: #31708f; \" class=\"ub-styled-box ub-notification-box wp-block-ub-styled-box\" id=\"ub-styled-box-03764f0d-948f-4d5f-ae78-702fa7106292\">\n<p class=\"wp-block-paragraph\" id=\"ub-styled-box-notification-content-\"><strong>Devrait vous int\u00e9resser :  <\/strong><a href=\"https:\/\/planipets.com\/blog\/chien\/bien-vivre-avec-son-chien\/pourquoi-la-mort-dun-chien-peut-laisser-un-vide-plus-grand-que-celle-dun-proche\/\">Pourquoi la mort d\u2019un chien peut laisser un vide plus grand que celle d\u2019un proche<\/a><\/p>\n\n\n<\/div>\n\n\n<p class=\"wp-block-paragraph\"><\/p>\n\n\n\n<p class=\"wp-block-paragraph\"><\/p>\n\n\n\n<p class=\"wp-block-paragraph\"><\/p>\n\n\n<div style=\"background-color: #dff0d8; color: #3c763d; border-left-color: #3c763d; \" class=\"ub-styled-box ub-notification-box wp-block-ub-styled-box\" id=\"ub-styled-box-d1e83bac-85aa-4049-90c4-5f2def31ae77\">\n<h2 class=\"wp-block-heading\" id=\"ub-styled-box-notification-content-\">Une douleur souvent plus intime<\/h2>\n\n\n<\/div>\n\n\n<p class=\"wp-block-paragraph\"><strong>Nouki<\/strong> n\u2019\u00e9tait pas un simple animal. Nouki c&#8217;\u00e9tait son bin\u00f4me. Il \u00e9tait celui qui avait tout vu. Les d\u00e9pressions. Les s\u00e9parations. Les journ\u00e9es sans mots et les soir\u00e9es sans personne. Il \u00e9tait l\u00e0. Toujours.<\/p>\n\n\n\n<p class=\"wp-block-paragraph\">Alors sa disparition, c\u2019est plus qu\u2019un chagrin. C\u2019est la fin d\u2019un pilier. C\u2019est un pan entier de la vie qui s\u2019effondre sans qu\u2019on sache o\u00f9 poser la douleur.<\/p>\n\n\n\n<figure class=\"wp-block-image size-large\"><img decoding=\"async\" width=\"1024\" height=\"683\" src=\"https:\/\/planipets.com\/blog\/wp-content\/uploads\/2025\/05\/Elle-a-pleure-quand-son-chien-est-parti.-Pas-quand-son-oncle-sen-est-alle-3-1024x683.jpg\" alt=\"Femme en deuil tenant un cadre photo de son chien d\u00e9c\u00e9d\u00e9, visage marqu\u00e9 par l\u2019\u00e9motion\" class=\"wp-image-59996\" title=\"\" srcset=\"https:\/\/planipets.com\/blog\/wp-content\/uploads\/2025\/05\/Elle-a-pleure-quand-son-chien-est-parti.-Pas-quand-son-oncle-sen-est-alle-3-1024x683.jpg 1024w, https:\/\/planipets.com\/blog\/wp-content\/uploads\/2025\/05\/Elle-a-pleure-quand-son-chien-est-parti.-Pas-quand-son-oncle-sen-est-alle-3-300x200.jpg 300w, https:\/\/planipets.com\/blog\/wp-content\/uploads\/2025\/05\/Elle-a-pleure-quand-son-chien-est-parti.-Pas-quand-son-oncle-sen-est-alle-3-768x512.jpg 768w, https:\/\/planipets.com\/blog\/wp-content\/uploads\/2025\/05\/Elle-a-pleure-quand-son-chien-est-parti.-Pas-quand-son-oncle-sen-est-alle-3-150x100.jpg 150w, https:\/\/planipets.com\/blog\/wp-content\/uploads\/2025\/05\/Elle-a-pleure-quand-son-chien-est-parti.-Pas-quand-son-oncle-sen-est-alle-3-450x300.jpg 450w, https:\/\/planipets.com\/blog\/wp-content\/uploads\/2025\/05\/Elle-a-pleure-quand-son-chien-est-parti.-Pas-quand-son-oncle-sen-est-alle-3.jpg 1200w\" sizes=\"(max-width: 1024px) 100vw, 1024px\" \/><figcaption class=\"wp-element-caption\">Une douleur silencieuse : perdre son animal, c\u2019est aussi perdre un pilier affectif<\/figcaption><\/figure>\n\n\n<div style=\"background-color: #f7f7f7; color: #31708f; border-left-color: #31708f; \" class=\"ub-styled-box ub-notification-box wp-block-ub-styled-box\" id=\"ub-styled-box-4411d677-3d6b-4d36-9901-c485965c4bef\">\n<p class=\"wp-block-paragraph\" id=\"ub-styled-box-notification-content-\"><strong>Devrait vous int\u00e9resser : <\/strong><a href=\"https:\/\/planipets.com\/blog\/actualite\/ce-cimetiere-animalier-a-dijon-va-bouleverser-les-coeurs\/\">Ce cimeti\u00e8re animalier \u00e0 Dijon va bouleverser les c\u0153urs\u00a0!<\/a><\/p>\n\n\n<\/div>\n\n\n<p class=\"wp-block-paragraph\"><\/p>\n\n\n\n<p class=\"wp-block-paragraph\"><\/p>\n\n\n\n<p class=\"wp-block-paragraph\"><\/p>\n\n\n<div style=\"background-color: #dff0d8; color: #3c763d; border-left-color: #3c763d; \" class=\"ub-styled-box ub-notification-box wp-block-ub-styled-box\" id=\"ub-styled-box-9efdd008-11c3-467a-8936-3aca0cb37a8a\">\n<h2 class=\"wp-block-heading\" id=\"ub-styled-box-notification-content-\">Une absence jamais reconnue<\/h2>\n\n\n<\/div>\n\n\n<p class=\"wp-block-paragraph\">Il n\u2019existe pas de mot pour d\u00e9signer un humain qui perd son animal. Orphelin ? Veuf ? Non. Rien.<\/p>\n\n\n\n<p class=\"wp-block-paragraph\">Et pourtant, ce lien-l\u00e0 est parfois plus quotidien, plus profond, plus constant que ceux qu\u2019on qualifie de \u201cl\u00e9gitimes\u201d.<\/p>\n\n\n\n<p class=\"wp-block-paragraph\">Ce manque, il est l\u00e0. Invisible. Incompressible. Et il m\u00e9rite d\u2019\u00eatre entendu.<\/p>\n\n\n\n<blockquote class=\"wp-block-quote is-layout-flow wp-block-quote-is-layout-flow\">\n<p class=\"wp-block-paragraph\"><em><strong>R\u00e9sultat <\/strong>: beaucoup vivent ce chagrin comme un <strong>non-deuil<\/strong>. Un d\u00e9part qui n\u2019a pas pu \u00eatre marqu\u00e9. Et donc pas vraiment commenc\u00e9.<\/em><\/p>\n<\/blockquote>\n\n\n\n<p class=\"wp-block-paragraph\"><\/p>\n\n\n\n<p class=\"wp-block-paragraph\"><\/p>\n\n\n\n<p class=\"wp-block-paragraph\"><\/p>\n\n\n<div style=\"background-color: #dff0d8; color: #3c763d; border-left-color: #3c763d; \" class=\"ub-styled-box ub-notification-box wp-block-ub-styled-box\" id=\"ub-styled-box-f71cabc3-3938-4f87-b8ab-9454ad50e4f6\">\n<h2 class=\"wp-block-heading\" id=\"ub-styled-box-notification-content-\">Une r\u00e9alit\u00e9 \u00e0 regarder en face<\/h2>\n\n\n<\/div>\n\n\n<p class=\"wp-block-paragraph\">Reconna\u00eetre le deuil animalier, ce n\u2019est pas exag\u00e9rer. Ce n\u2019est pas infantiliser. C\u2019est juste admettre une v\u00e9rit\u00e9 simple : un lien, quand il est vrai, laisse toujours une trace. Qu\u2019il soit humain ou non.<\/p>\n\n\n\n<p class=\"wp-block-paragraph\">Et ceux qui laissent ce genre de trace m\u00e9ritent qu\u2019on parle d\u2019eux. M\u00eame apr\u00e8s leur dernier souffle.<\/p>\n\n\n\n<p class=\"wp-block-paragraph\"><\/p>\n\n\n\n<p class=\"wp-block-paragraph\"><\/p>\n\n\n\n<p class=\"wp-block-paragraph\"><\/p>\n\n\n<div style=\"background-color: #ffd2d2; color: #d8000c; border-left-color: #d8000c; \" class=\"ub-styled-box ub-notification-box wp-block-ub-styled-box\" id=\"ub-styled-box-78a9a4c6-f07b-465a-91dc-472a3acd93a0\">\n<h2 class=\"wp-block-heading\" id=\"ub-styled-box-notification-content-\">Une soci\u00e9t\u00e9 mal \u00e0 l\u2019aise avec ces liens<\/h2>\n\n\n<\/div>\n\n\n<p class=\"wp-block-paragraph\">Pourquoi est-ce si tabou ? Parce que reconna\u00eetre la <strong>douleur li\u00e9e \u00e0 la mort d\u2019un animal<\/strong> revient \u00e0 admettre que ces liens ont une valeur affective profonde. Parfois m\u00eame plus profonde que ceux que nous entretenons avec certains humains.<\/p>\n\n\n\n<p class=\"wp-block-paragraph\">Cela d\u00e9range les rep\u00e8res. Cela heurte une certaine hi\u00e9rarchie implicite de l\u2019attachement. Admettre qu\u2019on pleure un chien comme on pleurerait un fr\u00e8re, voire davantage, c\u2019est mettre en crise nos mod\u00e8les familiaux, nos normes sociales, notre conception de l<strong>\u2019amour l\u00e9gitime.<\/strong><\/p>\n\n\n\n<figure class=\"wp-block-image size-large\"><img decoding=\"async\" width=\"1024\" height=\"683\" src=\"https:\/\/planipets.com\/blog\/wp-content\/uploads\/2025\/05\/Elle-a-pleure-quand-son-chien-est-parti.-Pas-quand-son-oncle-sen-est-alle-1-1024x683.jpg\" alt=\"Femme effondr\u00e9e devant un cadre photo de son chien disparu, manifestement en deuil\" class=\"wp-image-59998\" title=\"\" srcset=\"https:\/\/planipets.com\/blog\/wp-content\/uploads\/2025\/05\/Elle-a-pleure-quand-son-chien-est-parti.-Pas-quand-son-oncle-sen-est-alle-1-1024x683.jpg 1024w, https:\/\/planipets.com\/blog\/wp-content\/uploads\/2025\/05\/Elle-a-pleure-quand-son-chien-est-parti.-Pas-quand-son-oncle-sen-est-alle-1-300x200.jpg 300w, https:\/\/planipets.com\/blog\/wp-content\/uploads\/2025\/05\/Elle-a-pleure-quand-son-chien-est-parti.-Pas-quand-son-oncle-sen-est-alle-1-768x512.jpg 768w, https:\/\/planipets.com\/blog\/wp-content\/uploads\/2025\/05\/Elle-a-pleure-quand-son-chien-est-parti.-Pas-quand-son-oncle-sen-est-alle-1-150x100.jpg 150w, https:\/\/planipets.com\/blog\/wp-content\/uploads\/2025\/05\/Elle-a-pleure-quand-son-chien-est-parti.-Pas-quand-son-oncle-sen-est-alle-1-450x300.jpg 450w, https:\/\/planipets.com\/blog\/wp-content\/uploads\/2025\/05\/Elle-a-pleure-quand-son-chien-est-parti.-Pas-quand-son-oncle-sen-est-alle-1.jpg 1200w\" sizes=\"(max-width: 1024px) 100vw, 1024px\" \/><figcaption class=\"wp-element-caption\">Pleurer un animal, c\u2019est pleurer un morceau de soi \u2014 m\u00eame si personne ne vous le permet<\/figcaption><\/figure>\n\n\n<div style=\"background-color: #f7f7f7; color: #31708f; border-left-color: #31708f; \" class=\"ub-styled-box ub-notification-box wp-block-ub-styled-box\" id=\"ub-styled-box-4478b002-7f77-421f-8ee2-fb266ad24c40\">\n<p class=\"wp-block-paragraph\" id=\"ub-styled-box-notification-content-\"><strong>Devrait vous int\u00e9resser : <\/strong><a href=\"https:\/\/planipets.com\/blog\/chien\/un-cimetiere-pour-animaux-a-voiron\/\">Un cimeti\u00e8re pour animaux \u00e0 Voiron : un lieu de repos \u00e9ternel pour nos compagnons fid\u00e8les<\/a><\/p>\n\n\n<\/div>\n\n\n<p class=\"wp-block-paragraph\"><\/p>\n\n\n\n<p class=\"wp-block-paragraph\"><\/p>\n\n\n\n<p class=\"wp-block-paragraph\"><\/p>\n\n\n<div style=\"background-color: #d9edf7; color: #31708f; border-left-color: #31708f; \" class=\"ub-styled-box ub-notification-box wp-block-ub-styled-box\" id=\"ub-styled-box-8f5ea34e-ccc9-4ada-9885-de710c81575b\">\n<h2 class=\"wp-block-heading\" id=\"ub-styled-box-notification-content-\">Ce n\u2019est pas \u201cqu\u2019un animal\u201d. C\u2019est une part enti\u00e8re de notre vie<\/h2>\n\n\n<\/div>\n\n\n<p class=\"wp-block-paragraph\">Un chien n\u2019est pas un objet d\u2019affection interchangeable. C\u2019est un t\u00e9moin silencieux. Il traverse nos ann\u00e9es, nos crises, nos d\u00e9m\u00e9nagements. Il est l\u00e0 pendant nos insomnies, nos blessures, nos \u00e9lans. Il ne juge pas. Il ne s\u2019\u00e9loigne pas. Il regarde. Il reste.<\/p>\n\n\n\n<p class=\"wp-block-paragraph\">Quand il meurt, on ne perd pas qu\u2019un compagnon. On perd tout ce qu\u2019il contenait de nous : les souvenirs, les \u00e9motions, les \u00e9tapes. C\u2019est notre propre histoire qu\u2019il emporte en partie avec lui. Et cette histoire-l\u00e0, personne ne la remplace.<\/p>\n\n\n\n<p class=\"wp-block-paragraph\"><\/p>\n\n\n\n<p class=\"wp-block-paragraph\"><\/p>\n\n\n\n<p class=\"wp-block-paragraph\"><\/p>\n\n\n<div style=\"background-color: #dff0d8; color: #3c763d; border-left-color: #3c763d; \" class=\"ub-styled-box ub-notification-box wp-block-ub-styled-box\" id=\"ub-styled-box-365a97b5-6d24-4ef5-828b-d9e14a77e904\">\n<h2 class=\"wp-block-heading\" id=\"ub-styled-box-notification-content-\">Reconna\u00eetre, c\u2019est d\u00e9j\u00e0 r\u00e9parer<\/h2>\n\n\n<\/div>\n\n\n<p class=\"wp-block-paragraph\">La premi\u00e8re chose \u00e0 faire, c\u2019est de reconna\u00eetre cette perte. De la l\u00e9gitimer. Il ne s\u2019agit pas d\u2019infantiliser le <strong>deuil animalier<\/strong>, mais de cesser de le nier. On ne hi\u00e9rarchise pas les chagrins. On les accompagne.<\/p>\n\n\n\n<p class=\"wp-block-paragraph\">Des groupes de parole existent. Des psychologues sp\u00e9cialis\u00e9s aussi. Ce ne sont pas des caprices. Ce sont des besoins. Le simple fait de pouvoir dire \u201c<em>je souffre<\/em>\u201d, sans peur du jugement, peut tout changer.<\/p>\n\n\n\n<p class=\"wp-block-paragraph\"><strong>Personne ne devrait avoir honte de pleurer un animal<\/strong>. Surtout pas quand cet animal a \u00e9t\u00e9, des ann\u00e9es durant, le seul \u00e0 offrir une forme d\u2019amour stable, constante, fiable.<\/p>\n\n\n\n<p class=\"wp-block-paragraph\"><br><br>Article r\u00e9dig\u00e9 par Lor\u00e9na Achemoukh pour Planipets M\u00e9dia<\/p>\n\n\n\n<p class=\"wp-block-paragraph\"><\/p>\n\n\n\n<h3 class=\"wp-block-heading\">C\u2019est en partageant qu\u2019on fait bouger les lignes . Partagez \u00e7a sur vos r\u00e9seaux&nbsp;<\/h3>\n\n\n<div class=\"wp-block-ub-social-share\" id=\"ub-social-share-b378bc40-128c-41d0-8be0-48607a9cd08e\">\n\t\t\t<div class=\"social-share-icons align-icons-left orientation-icons-row\"><a aria-label=\"facebook-logo\" target=\"_blank\" rel=\"nofollow\" href=\"https:\/\/www.facebook.com\/sharer\/sharer.php?u=https%3A%2F%2Fplanipets.com%2Fblog%2Fchien%2Fbien-vivre-avec-son-chien%2Felle-a-pleure-quand-son-chien-est-parti-pas-quand-son-oncle-sen-est-alle%2F&amp;title=Elle%20a%20pleur%C3%A9%20quand%20son%20chien%20est%20parti.%20Pas%20quand%20son%20oncle%20s%E2%80%99en%20est%20all%C3%A9\" class=\"ub-social-share-facebook-container\" style=\"border-color: #1877f2; background-color: transparent; box-shadow: none; \">\n\t\t\t\t<span class=\"social-share-icon ub-social-share-facebook\" style=\"width: 30px; height: 30px; \"><svg xmlns=\"http:\/\/www.w3.org\/2000\/svg\" style=\"fill:#1877f2\" fill=\"#1877f2\" width=\"20\" height=\"20\" viewbox=\"0 0 264 512\"><path d=\"M76.7 512V283H0v-91h76.7v-71.7C76.7 42.4 124.3 0 193.8 0c33.3 0 61.9 2.5 70.2 3.6V85h-48.2c-37.8 0-45.1 18-45.1 44.3V192H256l-11.7 91h-73.6v229\"><\/path><\/svg><\/span><span style=\"\">share<\/span>\n\t\t\t<\/a><a aria-label=\"twitter-logo\" target=\"_blank\" rel=\"nofollow\" href=\"http:\/\/twitter.com\/intent\/tweet?url=https%3A%2F%2Fplanipets.com%2Fblog%2Fchien%2Fbien-vivre-avec-son-chien%2Felle-a-pleure-quand-son-chien-est-parti-pas-quand-son-oncle-sen-est-alle%2F&amp;text=Elle%20a%20pleur%C3%A9%20quand%20son%20chien%20est%20parti.%20Pas%20quand%20son%20oncle%20s%E2%80%99en%20est%20all%C3%A9\" class=\"ub-social-share-twitter-container\" style=\"border-color: #1d9bf0; background-color: transparent; box-shadow: none; \">\n\t\t\t\t<span class=\"social-share-icon ub-social-share-twitter\" style=\"width: 30px; height: 30px; \"><svg xmlns=\"http:\/\/www.w3.org\/2000\/svg\" style=\"color:#1d9BF0\" fill=\"#1d9BF0\" width=\"20\" height=\"20\" viewbox=\"0 0 24 24\"><path d=\"M18.901 1.153h3.68l-8.04 9.19L24 22.846h-7.406l-5.8-7.584l-6.638 7.584H.474l8.6-9.83L0 1.154h7.594l5.243 6.932ZM17.61 20.644h2.039L6.486 3.24H4.298Z\"><\/path><\/svg><\/span><span style=\"\">tweet<\/span>\n\t\t\t<\/a><a aria-label=\"linkedin-logo\" target=\"_blank\" rel=\"nofollow\" href=\"https:\/\/www.linkedin.com\/sharing\/share-offsite\/?url=https%3A%2F%2Fplanipets.com%2Fblog%2Fchien%2Fbien-vivre-avec-son-chien%2Felle-a-pleure-quand-son-chien-est-parti-pas-quand-son-oncle-sen-est-alle%2F\" class=\"ub-social-share-linkedin-container\" style=\"border-color: #2867b2; background-color: transparent; box-shadow: none; \">\n\t\t\t\t<span class=\"social-share-icon ub-social-share-linkedin\" style=\"width: 30px; height: 30px; \"><svg xmlns=\"http:\/\/www.w3.org\/2000\/svg\" style=\"fill:#2867b2\" fill=\"#2867b2\" width=\"20\" height=\"20\" viewbox=\"0 0 448 512\"><path d=\"M100.3 480H7.4V180.9h92.9V480zM53.8 140.1C24.1 140.1 0 115.5 0 85.8 0 56.1 24.1 32 53.8 32c29.7 0 53.8 24.1 53.8 53.8 0 29.7-24.1 54.3-53.8 54.3zM448 480h-92.7V334.4c0-34.7-.7-79.2-48.3-79.2-48.3 0-55.7 37.7-55.7 76.7V480h-92.8V180.9h89.1v40.8h1.3c12.4-23.5 42.7-48.3 87.9-48.3 94 0 111.3 61.9 111.3 142.3V480z\"><\/path><\/svg><\/span><span style=\"\">share<\/span>\n\t\t\t<\/a><a aria-label=\"pinterest-logo\" target=\"_blank\" rel=\"nofollow\" href=\"https:\/\/pinterest.com\/pin\/create\/button\/?&amp;url=https%3A%2F%2Fplanipets.com%2Fblog%2Fchien%2Fbien-vivre-avec-son-chien%2Felle-a-pleure-quand-son-chien-est-parti-pas-quand-son-oncle-sen-est-alle%2F&amp;description=Elle%20a%20pleur%C3%A9%20quand%20son%20chien%20est%20parti.%20Pas%20quand%20son%20oncle%20s%E2%80%99en%20est%20all%C3%A9&amp;media=https:\/\/planipets.com\/blog\/wp-content\/uploads\/2025\/05\/deuil-animal-1024x683.jpg\" class=\"ub-social-share-pinterest-container\" style=\"border-color: #e60023; background-color: transparent; box-shadow: none; \">\n\t\t\t\t<span class=\"social-share-icon ub-social-share-pinterest\" style=\"width: 30px; height: 30px; \"><svg xmlns=\"http:\/\/www.w3.org\/2000\/svg\" style=\"fill:#e60023\" fill=\"#e60023\" width=\"20\" height=\"20\" viewbox=\"0 0 384 512\"><path d=\"M204 6.5C101.4 6.5 0 74.9 0 185.6 0 256 39.6 296 63.6 296c9.9 0 15.6-27.6 15.6-35.4 0-9.3-23.7-29.1-23.7-67.8 0-80.4 61.2-137.4 140.4-137.4 68.1 0 118.5 38.7 118.5 109.8 0 53.1-21.3 152.7-90.3 152.7-24.9 0-46.2-18-46.2-43.8 0-37.8 26.4-74.4 26.4-113.4 0-66.2-93.9-54.2-93.9 25.8 0 16.8 2.1 35.4 9.6 50.7-13.8 59.4-42 147.9-42 209.1 0 18.9 2.7 37.5 4.5 56.4 3.4 3.8 1.7 3.4 6.9 1.5 50.4-69 48.6-82.5 71.4-172.8 12.3 23.4 44.1 36 69.3 36 106.2 0 153.9-103.5 153.9-196.8C384 71.3 298.2 6.5 204 6.5z\"><\/path><\/svg><\/span><span style=\"\">pin<\/span>\n\t\t\t<\/a><a aria-label=\"reddit-logo\" target=\"_blank\" rel=\"nofollow\" href=\"http:\/\/www.reddit.com\/submit?url=https%3A%2F%2Fplanipets.com%2Fblog%2Fchien%2Fbien-vivre-avec-son-chien%2Felle-a-pleure-quand-son-chien-est-parti-pas-quand-son-oncle-sen-est-alle%2F&amp;title=Elle%20a%20pleur%C3%A9%20quand%20son%20chien%20est%20parti.%20Pas%20quand%20son%20oncle%20s%E2%80%99en%20est%20all%C3%A9\" class=\"ub-social-share-reddit-container\" style=\"border-color: #ff4500; background-color: transparent; box-shadow: none; \">\n\t\t\t\t<span class=\"social-share-icon ub-social-share-reddit\" style=\"width: 30px; height: 30px; \"><svg xmlns=\"http:\/\/www.w3.org\/2000\/svg\" style=\"fill:#ff4500\" fill=\"#ff4500\" width=\"20\" height=\"20\" viewbox=\"0 0 512 512\"><path d=\"M440.3 203.5c-15 0-28.2 6.2-37.9 15.9-35.7-24.7-83.8-40.6-137.1-42.3L293 52.3l88.2 19.8c0 21.6 17.6 39.2 39.2 39.2 22 0 39.7-18.1 39.7-39.7s-17.6-39.7-39.7-39.7c-15.4 0-28.7 9.3-35.3 22l-97.4-21.6c-4.9-1.3-9.7 2.2-11 7.1L246.3 177c-52.9 2.2-100.5 18.1-136.3 42.8-9.7-10.1-23.4-16.3-38.4-16.3-55.6 0-73.8 74.6-22.9 100.1-1.8 7.9-2.6 16.3-2.6 24.7 0 83.8 94.4 151.7 210.3 151.7 116.4 0 210.8-67.9 210.8-151.7 0-8.4-.9-17.2-3.1-25.1 49.9-25.6 31.5-99.7-23.8-99.7zM129.4 308.9c0-22 17.6-39.7 39.7-39.7 21.6 0 39.2 17.6 39.2 39.7 0 21.6-17.6 39.2-39.2 39.2-22 .1-39.7-17.6-39.7-39.2zm214.3 93.5c-36.4 36.4-139.1 36.4-175.5 0-4-3.5-4-9.7 0-13.7 3.5-3.5 9.7-3.5 13.2 0 27.8 28.5 120 29 149 0 3.5-3.5 9.7-3.5 13.2 0 4.1 4 4.1 10.2.1 13.7zm-.8-54.2c-21.6 0-39.2-17.6-39.2-39.2 0-22 17.6-39.7 39.2-39.7 22 0 39.7 17.6 39.7 39.7-.1 21.5-17.7 39.2-39.7 39.2z\"><\/path><\/svg><\/span><span style=\"\">post<\/span>\n\t\t\t<\/a><a aria-label=\"tumblr-logo\" target=\"_blank\" rel=\"nofollow\" href=\"https:\/\/www.tumblr.com\/widgets\/share\/tool?canonicalUrl=https%3A%2F%2Fplanipets.com%2Fblog%2Fchien%2Fbien-vivre-avec-son-chien%2Felle-a-pleure-quand-son-chien-est-parti-pas-quand-son-oncle-sen-est-alle%2F&amp;title=Elle%20a%20pleur%C3%A9%20quand%20son%20chien%20est%20parti.%20Pas%20quand%20son%20oncle%20s%E2%80%99en%20est%20all%C3%A9\" class=\"ub-social-share-tumblr-container\" style=\"border-color: #001935; background-color: transparent; box-shadow: none; \">\n\t\t\t\t<span class=\"social-share-icon ub-social-share-tumblr\" style=\"width: 30px; height: 30px; \"><svg xmlns=\"http:\/\/www.w3.org\/2000\/svg\" style=\"fill:#001935\" fill=\"#001935\" width=\"20\" height=\"20\" viewbox=\"0 0 320 512\"><path d=\"M309.8 480.3c-13.6 14.5-50 31.7-97.4 31.7-120.8 0-147-88.8-147-140.6v-144H17.9c-5.5 0-10-4.5-10-10v-68c0-7.2 4.5-13.6 11.3-16 62-21.8 81.5-76 84.3-117.1.8-11 6.5-16.3 16.1-16.3h70.9c5.5 0 10 4.5 10 10v115.2h83c5.5 0 10 4.4 10 9.9v81.7c0 5.5-4.5 10-10 10h-83.4V360c0 34.2 23.7 53.6 68 35.8 4.8-1.9 9-3.2 12.7-2.2 3.5.9 5.8 3.4 7.4 7.9l22 64.3c1.8 5 3.3 10.6-.4 14.5z\"><\/path><\/svg><\/span><span style=\"\">share<\/span>\n\t\t\t<\/a><\/div>\n\t\t<\/div>\n\n\n<h3 class=\"wp-block-heading\">Nos lecteurs n\u2019en sont pas rest\u00e9s l\u00e0. Ils ont craqu\u00e9 pour ces autres sujets<\/h3>\n\n\n<section class=\"wp-block-ub-post-grid ub-block-post-grid align  is-equal-height preserve-post-image-aspect-ratio\" style=\"\" id=\"ub-post-grid-\"><div class=\"ub-post-grid-items is-grid columns-2\" style=\"row-gap: 32px; column-gap: 32px; \"><article id=\"post-67404\" class=\"ub-post-grid-item post-67404 post type-post status-publish format-standard has-post-thumbnail category-comportement-chien category-accessoires category-adopter-chien tag-animaux tag-chien tag-education tag-fugue tag-securite\" style=\"\"><div class=\"ub-block-post-grid-image\" style=\"\"><a href=\"https:\/\/planipets.com\/blog\/chien\/comportement-chien\/retrouver-chien-fugueur-2\/\" rel=\"bookmark\" aria-hidden=\"true\" tabindex=\"-1\"><img loading=\"lazy\" decoding=\"async\" width=\"1536\" height=\"1024\" src=\"https:\/\/planipets.com\/blog\/wp-content\/uploads\/2026\/04\/Comment-retrouver-rapidement-votre-chien-fugueur-et-eviter-les-recidives-2.png\" class=\"attachment-full size-full\" alt=\"\" style=\"max-width: 600px; \" srcset=\"https:\/\/planipets.com\/blog\/wp-content\/uploads\/2026\/04\/Comment-retrouver-rapidement-votre-chien-fugueur-et-eviter-les-recidives-2.png 1536w, https:\/\/planipets.com\/blog\/wp-content\/uploads\/2026\/04\/Comment-retrouver-rapidement-votre-chien-fugueur-et-eviter-les-recidives-2-300x200.png 300w, https:\/\/planipets.com\/blog\/wp-content\/uploads\/2026\/04\/Comment-retrouver-rapidement-votre-chien-fugueur-et-eviter-les-recidives-2-1024x683.png 1024w, https:\/\/planipets.com\/blog\/wp-content\/uploads\/2026\/04\/Comment-retrouver-rapidement-votre-chien-fugueur-et-eviter-les-recidives-2-768x512.png 768w, https:\/\/planipets.com\/blog\/wp-content\/uploads\/2026\/04\/Comment-retrouver-rapidement-votre-chien-fugueur-et-eviter-les-recidives-2-150x100.png 150w, https:\/\/planipets.com\/blog\/wp-content\/uploads\/2026\/04\/Comment-retrouver-rapidement-votre-chien-fugueur-et-eviter-les-recidives-2-450x300.png 450w, https:\/\/planipets.com\/blog\/wp-content\/uploads\/2026\/04\/Comment-retrouver-rapidement-votre-chien-fugueur-et-eviter-les-recidives-2-1200x800.png 1200w\" sizes=\"(max-width: 1536px) 100vw, 1536px\" title=\"\"><\/a><\/div><div class=\"ub-block-post-grid-text\" style=\"\"><div class=\"ub-block-post-grid-header-content\"><header class=\"ub-block-post-grid-header\"><h2 class=\"ub-block-post-grid-title\"><a style=\"\" href=\"https:\/\/planipets.com\/blog\/chien\/comportement-chien\/retrouver-chien-fugueur-2\/\" rel=\"bookmark\">Comment retrouver rapidement votre chien fugueur et \u00e9viter les r\u00e9cidives<\/a><\/h2><div class=\"ub-block-post-grid-author\" itemprop=\"author\"><a class=\"ub-text-link\" style=\"\" href=\"https:\/\/planipets.com\/blog\/author\/redaction\/\" itemprop=\"url\" rel=\"author\"><span itemprop=\"name\">The Planipets editorial team<\/span><\/a><\/div><time datetime=\"2026-04-28T09:11:07+02:00\" class=\"ub-block-post-grid-date\" style=\"\" itemprop=\"datePublished\">2026-04-28<\/time><\/header><\/div><div class=\"ub-block-post-grid-excerpt\"><div class=\"ub-block-post-grid-excerpt-text\" style=\"\"><p>\u2726 L\u2019essentiel Il ne faut parfois qu\u2019un instant d\u2019inattention \u2014 une porti\u00e8re qui claque, un bruit inattendu \u2014 pour que votre chien disparaisse. Le vide s\u2019installe, l\u2019angoisse serre la gorge. Tout bascule en une fraction de seconde. En bref : N\u2019importe quel ma\u00eetre peut \u00eatre confront\u00e9 \u00e0 la fugue, peu importe le caract\u00e8re de son\u2026<\/p>\n<\/div><p><a class=\"ub-block-post-grid-more-link ub-text-link\" style=\"\" href=\"https:\/\/planipets.com\/blog\/chien\/comportement-chien\/retrouver-chien-fugueur-2\/\" rel=\"bookmark\">Continue Reading <span class=\"screen-reader-text\">Comment retrouver rapidement votre chien fugueur et \u00e9viter les r\u00e9cidives<\/span><\/a><\/p><\/div><\/div><\/article>\n<article id=\"post-67371\" class=\"ub-post-grid-item post-67371 post type-post status-publish format-standard has-post-thumbnail category-races-chiens category-bien-vivre-avec-son-chien category-ce-quon-ne-veut-pas-voir category-chien category-choisir-alimentation-chien category-comportement-chien category-origine-domestication-chien category-sante-chien\" style=\"\"><div class=\"ub-block-post-grid-image\" style=\"\"><a href=\"https:\/\/planipets.com\/blog\/chien\/races-chiens\/laffenpinscher-infographies-pour-tout-savoir-sur-son-histoire-son-temperament-son-education-son-cout-2\/\" rel=\"bookmark\" aria-hidden=\"true\" tabindex=\"-1\"><img loading=\"lazy\" decoding=\"async\" width=\"1200\" height=\"600\" src=\"https:\/\/planipets.com\/blog\/wp-content\/uploads\/2026\/04\/Image-en-avant.jpg\" class=\"attachment-full size-full\" alt=\"Airedale Terrier marchant dans un ruisseau en pleine nature, sur un chemin rural.\" style=\"max-width: 600px; \" srcset=\"https:\/\/planipets.com\/blog\/wp-content\/uploads\/2026\/04\/Image-en-avant.jpg 1200w, https:\/\/planipets.com\/blog\/wp-content\/uploads\/2026\/04\/Image-en-avant-300x150.jpg 300w, https:\/\/planipets.com\/blog\/wp-content\/uploads\/2026\/04\/Image-en-avant-1024x512.jpg 1024w, https:\/\/planipets.com\/blog\/wp-content\/uploads\/2026\/04\/Image-en-avant-768x384.jpg 768w, https:\/\/planipets.com\/blog\/wp-content\/uploads\/2026\/04\/Image-en-avant-150x75.jpg 150w, https:\/\/planipets.com\/blog\/wp-content\/uploads\/2026\/04\/Image-en-avant-450x225.jpg 450w\" sizes=\"(max-width: 1200px) 100vw, 1200px\" title=\"\"><\/a><\/div><div class=\"ub-block-post-grid-text\" style=\"\"><div class=\"ub-block-post-grid-header-content\"><header class=\"ub-block-post-grid-header\"><h2 class=\"ub-block-post-grid-title\"><a style=\"\" href=\"https:\/\/planipets.com\/blog\/chien\/races-chiens\/laffenpinscher-infographies-pour-tout-savoir-sur-son-histoire-son-temperament-son-education-son-cout-2\/\" rel=\"bookmark\">Le Airedale Terrier : infographies pour tout savoir sur son histoire, son temp\u00e9rament, son \u00e9ducation, son co\u00fbt<\/a><\/h2><div class=\"ub-block-post-grid-author\" itemprop=\"author\"><a class=\"ub-text-link\" style=\"\" href=\"https:\/\/planipets.com\/blog\/author\/redaction\/\" itemprop=\"url\" rel=\"author\"><span itemprop=\"name\">The Planipets editorial team<\/span><\/a><\/div><time datetime=\"2026-04-26T13:47:52+02:00\" class=\"ub-block-post-grid-date\" style=\"\" itemprop=\"datePublished\">2026-04-26<\/time><\/header><\/div><div class=\"ub-block-post-grid-excerpt\"><div class=\"ub-block-post-grid-excerpt-text\" style=\"\"><p>L\u2019Affenpinscher, souvent surnomm\u00e9 le \u00ab petit chien-singe \u00bb en raison de son expression faciale unique, est une race de petit chien originaire d\u2019Allemagne. Derri\u00e8re son allure amusante et sa barbe caract\u00e9ristique se cache un compagnon courageux, vif et extr\u00eamement attach\u00e9 \u00e0 ses ma\u00eetres\u2026<\/p>\n<\/div><p><a class=\"ub-block-post-grid-more-link ub-text-link\" style=\"\" href=\"https:\/\/planipets.com\/blog\/chien\/races-chiens\/laffenpinscher-infographies-pour-tout-savoir-sur-son-histoire-son-temperament-son-education-son-cout-2\/\" rel=\"bookmark\">Continue Reading <span class=\"screen-reader-text\">Le Airedale Terrier : infographies pour tout savoir sur son histoire, son temp\u00e9rament, son \u00e9ducation, son co\u00fbt<\/span><\/a><\/p><\/div><\/div><\/article>\n<article id=\"post-67381\" class=\"ub-post-grid-item post-67381 post type-post status-publish format-standard has-post-thumbnail category-chat-qui-miaule category-comportement-chat category-sante-chat tag-chat tag-comportement-felin tag-miaulement tag-sante-animale tag-solutions\" style=\"\"><div class=\"ub-block-post-grid-image\" style=\"\"><a href=\"https:\/\/planipets.com\/blog\/chat\/bien-vivre-avec-son-chat\/chat-qui-miaule\/miaulement-incessant-chat-causes-solutions\/\" rel=\"bookmark\" aria-hidden=\"true\" tabindex=\"-1\"><img loading=\"lazy\" decoding=\"async\" width=\"1536\" height=\"1024\" src=\"https:\/\/planipets.com\/blog\/wp-content\/uploads\/2026\/04\/Miaulement-incessant-chez-le-chat-causes-et-solutions-pour-apaiser-votre-felin.png\" class=\"attachment-full size-full\" alt=\"\" style=\"max-width: 600px; \" srcset=\"https:\/\/planipets.com\/blog\/wp-content\/uploads\/2026\/04\/Miaulement-incessant-chez-le-chat-causes-et-solutions-pour-apaiser-votre-felin.png 1536w, https:\/\/planipets.com\/blog\/wp-content\/uploads\/2026\/04\/Miaulement-incessant-chez-le-chat-causes-et-solutions-pour-apaiser-votre-felin-300x200.png 300w, https:\/\/planipets.com\/blog\/wp-content\/uploads\/2026\/04\/Miaulement-incessant-chez-le-chat-causes-et-solutions-pour-apaiser-votre-felin-1024x683.png 1024w, https:\/\/planipets.com\/blog\/wp-content\/uploads\/2026\/04\/Miaulement-incessant-chez-le-chat-causes-et-solutions-pour-apaiser-votre-felin-768x512.png 768w, https:\/\/planipets.com\/blog\/wp-content\/uploads\/2026\/04\/Miaulement-incessant-chez-le-chat-causes-et-solutions-pour-apaiser-votre-felin-150x100.png 150w, https:\/\/planipets.com\/blog\/wp-content\/uploads\/2026\/04\/Miaulement-incessant-chez-le-chat-causes-et-solutions-pour-apaiser-votre-felin-450x300.png 450w, https:\/\/planipets.com\/blog\/wp-content\/uploads\/2026\/04\/Miaulement-incessant-chez-le-chat-causes-et-solutions-pour-apaiser-votre-felin-1200x800.png 1200w\" sizes=\"(max-width: 1536px) 100vw, 1536px\" title=\"\"><\/a><\/div><div class=\"ub-block-post-grid-text\" style=\"\"><div class=\"ub-block-post-grid-header-content\"><header class=\"ub-block-post-grid-header\"><h2 class=\"ub-block-post-grid-title\"><a style=\"\" href=\"https:\/\/planipets.com\/blog\/chat\/bien-vivre-avec-son-chat\/chat-qui-miaule\/miaulement-incessant-chat-causes-solutions\/\" rel=\"bookmark\">Miaulement incessant chez le chat : causes et solutions pour apaiser votre f\u00e9lin<\/a><\/h2><div class=\"ub-block-post-grid-author\" itemprop=\"author\"><a class=\"ub-text-link\" style=\"\" href=\"https:\/\/planipets.com\/blog\/author\/redaction\/\" itemprop=\"url\" rel=\"author\"><span itemprop=\"name\">The Planipets editorial team<\/span><\/a><\/div><time datetime=\"2026-04-26T13:47:01+02:00\" class=\"ub-block-post-grid-date\" style=\"\" itemprop=\"datePublished\">2026-04-26<\/time><\/header><\/div><div class=\"ub-block-post-grid-excerpt\"><div class=\"ub-block-post-grid-excerpt-text\" style=\"\"><p>\u2726 L\u2019essentiel **Le miaulement incessant de votre chat peut \u00eatre d\u00e9routant et parfois m\u00eame inqui\u00e9tant. Mais comprendre les raisons derri\u00e8re ces vocalisations peut vous aider \u00e0 mieux r\u00e9pondre aux besoins de votre f\u00e9lin.** En bref : Le miaulement peut indiquer des besoins physiologiques ou des probl\u00e8mes de sant\u00e9. Les causes comportementales incluent le stress et\u2026<\/p>\n<\/div><p><a class=\"ub-block-post-grid-more-link ub-text-link\" style=\"\" href=\"https:\/\/planipets.com\/blog\/chat\/bien-vivre-avec-son-chat\/chat-qui-miaule\/miaulement-incessant-chat-causes-solutions\/\" rel=\"bookmark\">Continue Reading <span class=\"screen-reader-text\">Miaulement incessant chez le chat : causes et solutions pour apaiser votre f\u00e9lin<\/span><\/a><\/p><\/div><\/div><\/article>\n<article id=\"post-67365\" class=\"ub-post-grid-item post-67365 post type-post status-publish format-standard has-post-thumbnail category-chat-qui-miaule tag-chat tag-communication-animale tag-comportement-felin tag-emotions-felines tag-miaulements\" style=\"\"><div class=\"ub-block-post-grid-image\" style=\"\"><a href=\"https:\/\/planipets.com\/blog\/chat\/bien-vivre-avec-son-chat\/chat-qui-miaule\/miaulements-chat-decryptage-vocalisations-emotions\/\" rel=\"bookmark\" aria-hidden=\"true\" tabindex=\"-1\"><img loading=\"lazy\" decoding=\"async\" width=\"1536\" height=\"1024\" src=\"https:\/\/planipets.com\/blog\/wp-content\/uploads\/2026\/04\/Miaulements-chez-le-chat-Comprendre-les-vocalisations-et-emotions-felines.png\" class=\"attachment-full size-full\" alt=\"\" style=\"max-width: 600px; \" srcset=\"https:\/\/planipets.com\/blog\/wp-content\/uploads\/2026\/04\/Miaulements-chez-le-chat-Comprendre-les-vocalisations-et-emotions-felines.png 1536w, https:\/\/planipets.com\/blog\/wp-content\/uploads\/2026\/04\/Miaulements-chez-le-chat-Comprendre-les-vocalisations-et-emotions-felines-300x200.png 300w, https:\/\/planipets.com\/blog\/wp-content\/uploads\/2026\/04\/Miaulements-chez-le-chat-Comprendre-les-vocalisations-et-emotions-felines-1024x683.png 1024w, https:\/\/planipets.com\/blog\/wp-content\/uploads\/2026\/04\/Miaulements-chez-le-chat-Comprendre-les-vocalisations-et-emotions-felines-768x512.png 768w, https:\/\/planipets.com\/blog\/wp-content\/uploads\/2026\/04\/Miaulements-chez-le-chat-Comprendre-les-vocalisations-et-emotions-felines-150x100.png 150w, https:\/\/planipets.com\/blog\/wp-content\/uploads\/2026\/04\/Miaulements-chez-le-chat-Comprendre-les-vocalisations-et-emotions-felines-450x300.png 450w, https:\/\/planipets.com\/blog\/wp-content\/uploads\/2026\/04\/Miaulements-chez-le-chat-Comprendre-les-vocalisations-et-emotions-felines-1200x800.png 1200w\" sizes=\"(max-width: 1536px) 100vw, 1536px\" title=\"\"><\/a><\/div><div class=\"ub-block-post-grid-text\" style=\"\"><div class=\"ub-block-post-grid-header-content\"><header class=\"ub-block-post-grid-header\"><h2 class=\"ub-block-post-grid-title\"><a style=\"\" href=\"https:\/\/planipets.com\/blog\/chat\/bien-vivre-avec-son-chat\/chat-qui-miaule\/miaulements-chat-decryptage-vocalisations-emotions\/\" rel=\"bookmark\">Miaulements chez le chat : Comprendre les vocalisations et \u00e9motions f\u00e9lines<\/a><\/h2><div class=\"ub-block-post-grid-author\" itemprop=\"author\"><a class=\"ub-text-link\" style=\"\" href=\"https:\/\/planipets.com\/blog\/author\/\" itemprop=\"url\" rel=\"author\"><span itemprop=\"name\"><\/span><\/a><\/div><time datetime=\"2026-04-15T18:53:34+02:00\" class=\"ub-block-post-grid-date\" style=\"\" itemprop=\"datePublished\">2026-04-15<\/time><\/header><\/div><div class=\"ub-block-post-grid-excerpt\"><div class=\"ub-block-post-grid-excerpt-text\" style=\"\"><p># Miaulements chez le chat : d\u00e9cryptage des vocalisations et des \u00e9motions f\u00e9lines Les propri\u00e9taires de chats pensent souvent comprendre parfaitement les miaulements de leur compagnon. Pourtant, les \u00e9tudes scientifiques r\u00e9v\u00e8lent une r\u00e9alit\u00e9 bien plus complexe : chaque son \u00e9mis par votre f\u00e9lin est un message cod\u00e9, influenc\u00e9 par son \u00e9tat \u00e9motionnel, son environnement et\u2026<\/p>\n<\/div><p><a class=\"ub-block-post-grid-more-link ub-text-link\" style=\"\" href=\"https:\/\/planipets.com\/blog\/chat\/bien-vivre-avec-son-chat\/chat-qui-miaule\/miaulements-chat-decryptage-vocalisations-emotions\/\" rel=\"bookmark\">Continue Reading <span class=\"screen-reader-text\">Miaulements chez le chat : Comprendre les vocalisations et \u00e9motions f\u00e9lines<\/span><\/a><\/p><\/div><\/div><\/article>\n<article id=\"post-67315\" class=\"ub-post-grid-item post-67315 post type-post status-publish format-standard has-post-thumbnail category-races-chiens category-adopter-chien category-bien-vivre-avec-son-chien category-comportement-chien\" style=\"\"><div class=\"ub-block-post-grid-image\" style=\"\"><a href=\"https:\/\/planipets.com\/blog\/chien\/races-chiens\/laffenpinscher-infographies-pour-tout-savoir-sur-son-histoire-son-temperament-son-education-son-cout\/\" rel=\"bookmark\" aria-hidden=\"true\" tabindex=\"-1\"><img loading=\"lazy\" decoding=\"async\" width=\"1200\" height=\"600\" src=\"https:\/\/planipets.com\/blog\/wp-content\/uploads\/2026\/03\/affenpinscher-chien-noir-jouet-herbe.jpg\" class=\"attachment-full size-full\" alt=\"Affenpinscher noir allong\u00e9 dans l\u2019herbe avec un jouet orange\" style=\"max-width: 600px; \" srcset=\"https:\/\/planipets.com\/blog\/wp-content\/uploads\/2026\/03\/affenpinscher-chien-noir-jouet-herbe.jpg 1200w, https:\/\/planipets.com\/blog\/wp-content\/uploads\/2026\/03\/affenpinscher-chien-noir-jouet-herbe-300x150.jpg 300w, https:\/\/planipets.com\/blog\/wp-content\/uploads\/2026\/03\/affenpinscher-chien-noir-jouet-herbe-1024x512.jpg 1024w, https:\/\/planipets.com\/blog\/wp-content\/uploads\/2026\/03\/affenpinscher-chien-noir-jouet-herbe-768x384.jpg 768w, https:\/\/planipets.com\/blog\/wp-content\/uploads\/2026\/03\/affenpinscher-chien-noir-jouet-herbe-150x75.jpg 150w, https:\/\/planipets.com\/blog\/wp-content\/uploads\/2026\/03\/affenpinscher-chien-noir-jouet-herbe-450x225.jpg 450w\" sizes=\"(max-width: 1200px) 100vw, 1200px\" title=\"\"><\/a><\/div><div class=\"ub-block-post-grid-text\" style=\"\"><div class=\"ub-block-post-grid-header-content\"><header class=\"ub-block-post-grid-header\"><h2 class=\"ub-block-post-grid-title\"><a style=\"\" href=\"https:\/\/planipets.com\/blog\/chien\/races-chiens\/laffenpinscher-infographies-pour-tout-savoir-sur-son-histoire-son-temperament-son-education-son-cout\/\" rel=\"bookmark\">L\u2019Affenpinscher : infographies pour tout savoir sur son histoire, son temp\u00e9rament, son \u00e9ducation, son co\u00fbt<\/a><\/h2><div class=\"ub-block-post-grid-author\" itemprop=\"author\"><a class=\"ub-text-link\" style=\"\" href=\"https:\/\/planipets.com\/blog\/author\/redaction\/\" itemprop=\"url\" rel=\"author\"><span itemprop=\"name\">The Planipets editorial team<\/span><\/a><\/div><time datetime=\"2026-03-17T12:46:25+01:00\" class=\"ub-block-post-grid-date\" style=\"\" itemprop=\"datePublished\">2026-03-17<\/time><\/header><\/div><div class=\"ub-block-post-grid-excerpt\"><div class=\"ub-block-post-grid-excerpt-text\" style=\"\"><p>L\u2019Affenpinscher, souvent surnomm\u00e9 le \u00ab petit chien-singe \u00bb en raison de son expression faciale unique, est une race de petit chien originaire d\u2019Allemagne. Derri\u00e8re son allure amusante et sa barbe caract\u00e9ristique se cache un compagnon courageux, vif et extr\u00eamement attach\u00e9 \u00e0 ses ma\u00eetres\u2026<\/p>\n<\/div><p><a class=\"ub-block-post-grid-more-link ub-text-link\" style=\"\" href=\"https:\/\/planipets.com\/blog\/chien\/races-chiens\/laffenpinscher-infographies-pour-tout-savoir-sur-son-histoire-son-temperament-son-education-son-cout\/\" rel=\"bookmark\">Continue Reading <span class=\"screen-reader-text\">L\u2019Affenpinscher : infographies pour tout savoir sur son histoire, son temp\u00e9rament, son \u00e9ducation, son co\u00fbt<\/span><\/a><\/p><\/div><\/div><\/article>\n<article id=\"post-67281\" class=\"ub-post-grid-item post-67281 post type-post status-publish format-standard has-post-thumbnail category-comportement-chien category-bien-vivre-avec-son-chien category-conseils-et-vie-quotidienne\" style=\"\"><div class=\"ub-block-post-grid-image\" style=\"\"><a href=\"https:\/\/planipets.com\/blog\/chien\/comportement-chien\/preparer-son-chien-a-attendre-dehors\/\" rel=\"bookmark\" aria-hidden=\"true\" tabindex=\"-1\"><img loading=\"lazy\" decoding=\"async\" width=\"1200\" height=\"675\" src=\"https:\/\/planipets.com\/blog\/wp-content\/uploads\/2025\/12\/Image-en-avant.jpg\" class=\"attachment-full size-full\" alt=\"Illustration d&#039;un propri\u00e9taire enseignant \u00e0 son chien \u00e0 rester calme avant de partir, avec un geste de &quot;reste&quot;. Cr\u00e9dit photo : Planipets\" style=\"max-width: 600px; \" srcset=\"https:\/\/planipets.com\/blog\/wp-content\/uploads\/2025\/12\/Image-en-avant.jpg 1200w, https:\/\/planipets.com\/blog\/wp-content\/uploads\/2025\/12\/Image-en-avant-300x169.jpg 300w, https:\/\/planipets.com\/blog\/wp-content\/uploads\/2025\/12\/Image-en-avant-1024x576.jpg 1024w, https:\/\/planipets.com\/blog\/wp-content\/uploads\/2025\/12\/Image-en-avant-768x432.jpg 768w, https:\/\/planipets.com\/blog\/wp-content\/uploads\/2025\/12\/Image-en-avant-150x84.jpg 150w, https:\/\/planipets.com\/blog\/wp-content\/uploads\/2025\/12\/Image-en-avant-450x253.jpg 450w\" sizes=\"(max-width: 1200px) 100vw, 1200px\" title=\"\"><\/a><\/div><div class=\"ub-block-post-grid-text\" style=\"\"><div class=\"ub-block-post-grid-header-content\"><header class=\"ub-block-post-grid-header\"><h2 class=\"ub-block-post-grid-title\"><a style=\"\" href=\"https:\/\/planipets.com\/blog\/chien\/comportement-chien\/preparer-son-chien-a-attendre-dehors\/\" rel=\"bookmark\">Comment pr\u00e9parer son chien \u00e0 attendre dehors en toute s\u00e9r\u00e9nit\u00e9 ?<\/a><\/h2><div class=\"ub-block-post-grid-author\" itemprop=\"author\"><a class=\"ub-text-link\" style=\"\" href=\"https:\/\/planipets.com\/blog\/author\/redaction\/\" itemprop=\"url\" rel=\"author\"><span itemprop=\"name\">The Planipets editorial team<\/span><\/a><\/div><time datetime=\"2025-12-08T20:52:56+01:00\" class=\"ub-block-post-grid-date\" style=\"\" itemprop=\"datePublished\">2025-12-08<\/time><\/header><\/div><div class=\"ub-block-post-grid-excerpt\"><div class=\"ub-block-post-grid-excerpt-text\" style=\"\"><p>L\u2019attente en ext\u00e9rieur peut \u00eatre une exp\u00e9rience stressante pour certains chiens, surtout si ce moment est associ\u00e9 \u00e0 de l\u2019anxi\u00e9t\u00e9 ou de l\u2019ennui. Pr\u00e9parer son chien \u00e0 attendre dehors en toute s\u00e9r\u00e9nit\u00e9 est essentiel pour sa tranquillit\u00e9 et pour la v\u00f4tre. Cette pr\u00e9paration ne se fait pas du jour au lendemain, mais avec un peu\u2026<\/p>\n<\/div><p><a class=\"ub-block-post-grid-more-link ub-text-link\" style=\"\" href=\"https:\/\/planipets.com\/blog\/chien\/comportement-chien\/preparer-son-chien-a-attendre-dehors\/\" rel=\"bookmark\">Continue Reading <span class=\"screen-reader-text\">Comment pr\u00e9parer son chien \u00e0 attendre dehors en toute s\u00e9r\u00e9nit\u00e9 ?<\/span><\/a><\/p><\/div><\/div><\/article>\n<\/div><\/section>","protected":false},"excerpt":{"rendered":"<p>Quand un oncle meurt, on re\u00e7oit des messages. On est excus\u00e9 d\u2019\u00eatre triste. On est entour\u00e9. On n&#8217;est jamais seul. Quand un chien meurt, on retourne travailler le lendemain. On baisse la t\u00eate si on pleure encore deux jours plus tard. On fait semblant d\u2019aller bien. Parce que c\u2019est &#8220;juste un animal&#8220;. On n&#8217;est pas<\/p>\n","protected":false},"author":26,"featured_media":60003,"comment_status":"open","ping_status":"open","sticky":false,"template":"","format":"standard","meta":{"_crdt_document":"","footnotes":"","spc_primary_category":50},"categories":[50,2616],"tags":[],"class_list":{"0":"post-59992","1":"post","2":"type-post","3":"status-publish","4":"format-standard","5":"has-post-thumbnail","7":"category-bien-vivre-avec-son-chien","8":"category-medias"},"featured_image_src":"https:\/\/planipets.com\/blog\/wp-content\/uploads\/2025\/05\/deuil-animal.jpg","author_info":{"display_name":"The Planipets editorial team","author_link":"https:\/\/planipets.com\/blog\/author\/redaction\/"},"brizy_media":[],"_links":{"self":[{"href":"https:\/\/planipets.com\/blog\/wp-json\/wp\/v2\/posts\/59992","targetHints":{"allow":["GET"]}}],"collection":[{"href":"https:\/\/planipets.com\/blog\/wp-json\/wp\/v2\/posts"}],"about":[{"href":"https:\/\/planipets.com\/blog\/wp-json\/wp\/v2\/types\/post"}],"author":[{"embeddable":true,"href":"https:\/\/planipets.com\/blog\/wp-json\/wp\/v2\/users\/26"}],"replies":[{"embeddable":true,"href":"https:\/\/planipets.com\/blog\/wp-json\/wp\/v2\/comments?post=59992"}],"version-history":[{"count":1,"href":"https:\/\/planipets.com\/blog\/wp-json\/wp\/v2\/posts\/59992\/revisions"}],"predecessor-version":[{"id":64528,"href":"https:\/\/planipets.com\/blog\/wp-json\/wp\/v2\/posts\/59992\/revisions\/64528"}],"wp:featuredmedia":[{"embeddable":true,"href":"https:\/\/planipets.com\/blog\/wp-json\/wp\/v2\/media\/60003"}],"wp:attachment":[{"href":"https:\/\/planipets.com\/blog\/wp-json\/wp\/v2\/media?parent=59992"}],"wp:term":[{"taxonomy":"category","embeddable":true,"href":"https:\/\/planipets.com\/blog\/wp-json\/wp\/v2\/categories?post=59992"},{"taxonomy":"post_tag","embeddable":true,"href":"https:\/\/planipets.com\/blog\/wp-json\/wp\/v2\/tags?post=59992"}],"curies":[{"name":"wp","href":"https:\/\/api.w.org\/{rel}","templated":true}]}}