{"id":55598,"date":"2025-04-13T08:00:00","date_gmt":"2025-04-13T07:00:00","guid":{"rendered":"https:\/\/planipets.com\/blog\/?p=55598"},"modified":"2025-04-13T04:42:47","modified_gmt":"2025-04-13T03:42:47","slug":"catus-accueille-plus-de-100-bergers-belges-ce-dimanche-un-concours-de-beaute-canine-inedit-pour-elire-les-plus-beaux-chiens-de-france","status":"publish","type":"post","link":"https:\/\/planipets.com\/blog\/actualite\/catus-accueille-plus-de-100-bergers-belges-ce-dimanche-un-concours-de-beaute-canine-inedit-pour-elire-les-plus-beaux-chiens-de-france\/","title":{"rendered":"Catus accueille plus de 100 bergers belges ce dimanche : un concours de beaut\u00e9 canine in\u00e9dit pour \u00e9lire les plus beaux chiens de France"},"content":{"rendered":"\n<p class=\"wp-block-paragraph\">Ce dimanche 13 avril, les projecteurs seront braqu\u00e9s sur Catus, dans le Lot, o\u00f9 les meilleurs repr\u00e9sentants du berger belge s&#8217;appr\u00eatent \u00e0 fouler le ring. Pour la premi\u00e8re fois, cette petite commune accueillera une comp\u00e9tition d&#8217;envergure enti\u00e8rement d\u00e9di\u00e9e \u00e0 l&#8217;\u00e9l\u00e9gance, \u00e0 la prestance et \u00e0 la perfection morphologique de ces chiens d\u2019exception. Avec plus d&#8217;une centaine de participants attendus, l&#8217;\u00e9v\u00e9nement promet un vrai show canin qui ravira autant les connaisseurs que le grand public.<\/p>\n\n\n<div style=\"background-color: #dff0d8; color: #3c763d; border-left-color: #3c763d; \" class=\"ub-styled-box ub-notification-box wp-block-ub-styled-box\" id=\"ub-styled-box-82767300-4320-46d7-a7e2-f10fe9b43e4e\">\n<h2 class=\"wp-block-heading\" id=\"ub-styled-box-notification-content-\">Ce dimanche, les plus beaux bergers belges de France s\u2019affrontent \u00e0 Catus<\/h2>\n\n\n<\/div>\n\n\n<p class=\"wp-block-paragraph\">Le 13 avril 2025, <strong>le lac vert de Catus (Lot)<\/strong> se transforme en podium \u00e0 ciel ouvert pour accueillir la <strong>premi\u00e8re r\u00e9gionale d\u2019\u00e9levage consacr\u00e9e exclusivement aux chiens de berger belge<\/strong>. Pas moins de <strong>105 chiens sont attendus<\/strong> pour concourir dans cet \u00e9v\u00e9nement organis\u00e9 par la Centrale Canine.<\/p>\n\n\n\n<p class=\"wp-block-paragraph\">Au programme : une journ\u00e9e rythm\u00e9e par les jugements de beaut\u00e9 sur des crit\u00e8res stricts comme <strong>la morphologie, la puissance, la ligne de dos, l\u2019ondulation du poil, la prestance et l\u2019\u00e9l\u00e9gance<\/strong>. L&#8217;\u00e9v\u00e9nement promet un d\u00e9fil\u00e9 impressionnant de <strong>Groenenda\u00ebls, Malinois, Laekenois, Tervuerens et Schipperkes<\/strong>.<\/p>\n\n\n<div style=\"background-color: #f7f7f7; color: #31708f; border-left-color: #31708f; \" class=\"ub-styled-box ub-notification-box wp-block-ub-styled-box\" id=\"ub-styled-box-1c89118c-ad6e-4d08-b780-1c7503059c2b\">\n<p class=\"wp-block-paragraph\" id=\"ub-styled-box-notification-content-\"><strong>Pourrait vous int\u00e9resser : <\/strong> <a href=\"https:\/\/planipets.com\/blog\/actualite\/bruxelles-accueille-woofstock-2025-le-plus-grand-festival-pour-chiens-revient-avec-activites-bien-etre-reiki-piscines-et-dog-dancing\/\">Bruxelles accueille Woofstock 2025 : le plus grand festival pour chiens revient avec activit\u00e9s bien-\u00eatre, reiki, piscines et dog dancing<\/a><\/p>\n\n\n<\/div>\n\n\n<p class=\"wp-block-paragraph\"><\/p>\n\n\n<div style=\"background-color: #d9edf7; color: #31708f; border-left-color: #31708f; \" class=\"ub-styled-box ub-notification-box wp-block-ub-styled-box\" id=\"ub-styled-box-5ba660d9-bf1a-41ad-89c0-7b9f9cf95c03\">\n<h2 class=\"wp-block-heading\" id=\"ub-styled-box-notification-content-\">Chiens stars du ring : ce que les juges vont vraiment regarder<\/h2>\n\n\n<\/div>\n\n\n<figure class=\"wp-block-image size-large\"><img fetchpriority=\"high\" decoding=\"async\" width=\"1024\" height=\"1024\" src=\"https:\/\/planipets.com\/blog\/wp-content\/uploads\/2025\/04\/Catus-accueille-plus-de-100-bergers-belges-ce-dimanche-un-concours-de-beaute-canine-inedit-pour-elire-les-plus-beaux-chiens-de-France-1-1024x1024.jpg\" alt=\"Un chien de berger belge pr\u00e9sent\u00e9 sur un podium par son ma\u00eetre dans un cadre de comp\u00e9tition canine, image illustrant un concours de beaut\u00e9\" class=\"wp-image-55605\" title=\"\" srcset=\"https:\/\/planipets.com\/blog\/wp-content\/uploads\/2025\/04\/Catus-accueille-plus-de-100-bergers-belges-ce-dimanche-un-concours-de-beaute-canine-inedit-pour-elire-les-plus-beaux-chiens-de-France-1-1024x1024.jpg 1024w, https:\/\/planipets.com\/blog\/wp-content\/uploads\/2025\/04\/Catus-accueille-plus-de-100-bergers-belges-ce-dimanche-un-concours-de-beaute-canine-inedit-pour-elire-les-plus-beaux-chiens-de-France-1-300x300.jpg 300w, https:\/\/planipets.com\/blog\/wp-content\/uploads\/2025\/04\/Catus-accueille-plus-de-100-bergers-belges-ce-dimanche-un-concours-de-beaute-canine-inedit-pour-elire-les-plus-beaux-chiens-de-France-1-150x150.jpg 150w, https:\/\/planipets.com\/blog\/wp-content\/uploads\/2025\/04\/Catus-accueille-plus-de-100-bergers-belges-ce-dimanche-un-concours-de-beaute-canine-inedit-pour-elire-les-plus-beaux-chiens-de-France-1-768x768.jpg 768w, https:\/\/planipets.com\/blog\/wp-content\/uploads\/2025\/04\/Catus-accueille-plus-de-100-bergers-belges-ce-dimanche-un-concours-de-beaute-canine-inedit-pour-elire-les-plus-beaux-chiens-de-France-1-450x450.jpg 450w, https:\/\/planipets.com\/blog\/wp-content\/uploads\/2025\/04\/Catus-accueille-plus-de-100-bergers-belges-ce-dimanche-un-concours-de-beaute-canine-inedit-pour-elire-les-plus-beaux-chiens-de-France-1-1200x1200.jpg 1200w, https:\/\/planipets.com\/blog\/wp-content\/uploads\/2025\/04\/Catus-accueille-plus-de-100-bergers-belges-ce-dimanche-un-concours-de-beaute-canine-inedit-pour-elire-les-plus-beaux-chiens-de-France-1-96x96.jpg 96w, https:\/\/planipets.com\/blog\/wp-content\/uploads\/2025\/04\/Catus-accueille-plus-de-100-bergers-belges-ce-dimanche-un-concours-de-beaute-canine-inedit-pour-elire-les-plus-beaux-chiens-de-France-1.jpg 1300w\" sizes=\"(max-width: 1024px) 100vw, 1024px\" \/><figcaption class=\"wp-element-caption\">Un ma\u00eetre pr\u00e9sente son chien de berger belge lors d\u2019un concours, image repr\u00e9sentative de l\u2019ambiance des comp\u00e9titions d\u2019\u00e9levage comme celle de Catus<\/figcaption><\/figure>\n\n\n\n<p class=\"wp-block-paragraph\"><em>\u00ab Les juges seront tr\u00e8s attentifs au dos, \u00e0 l\u2019ondulation, aux \u00e9paules et \u00e0 la gueule qui doit \u00eatre bien parall\u00e8le \u00bb<\/em>, pr\u00e9cise <strong>Sandrine Baron<\/strong>, d\u00e9l\u00e9gu\u00e9e r\u00e9gionale de la Centrale Canine et organisatrice de l&#8217;\u00e9v\u00e9nement. L\u2019analyse sera m\u00e9thodique : allure, charisme, proportions et pr\u00e9sence sur le ring seront scrut\u00e9s sous tous les angles.<\/p>\n\n\n\n<p class=\"wp-block-paragraph\">Les chiens seront r\u00e9partis par <strong>tranches d\u2019\u00e2ge pr\u00e9cises<\/strong>, allant de la <strong>classe puppy (6 \u00e0 9 mois)<\/strong> jusqu\u2019aux <strong>v\u00e9t\u00e9rans (7 ans et plus)<\/strong>. Chaque cat\u00e9gorie aura son propre podium et ses prix, renfor\u00e7ant l\u2019\u00e9mulation entre les \u00e9leveurs.<\/p>\n\n\n\n<p class=\"wp-block-paragraph\"><\/p>\n\n\n<div style=\"background-color: #dff0d8; color: #3c763d; border-left-color: #3c763d; \" class=\"ub-styled-box ub-notification-box wp-block-ub-styled-box\" id=\"ub-styled-box-3dc6868f-3d2d-4694-8a35-0528b7b7dc87\">\n<h2 class=\"wp-block-heading\" id=\"ub-styled-box-notification-content-\">Catus, spot id\u00e9al pour chiens d\u2019exception (et leurs ma\u00eetres)<\/h2>\n\n\n<\/div>\n\n\n<p class=\"wp-block-paragraph\">Le choix de Catus n\u2019a rien de hasardeux.<em> <\/em><\/p>\n\n\n\n<blockquote class=\"wp-block-quote is-layout-flow wp-block-quote-is-layout-flow\">\n<p class=\"wp-block-paragraph\"><em>&#8220;Les participants viennent de toute la France : <strong>Normandie, Aveyron, Puy-de-D\u00f4me&#8230;<\/strong>, raconte Sandrine Baron. Ce lieu est central, accessible et offre un cadre verdoyant et reposant.&#8221;<\/em><\/p>\n<\/blockquote>\n\n\n\n<p class=\"wp-block-paragraph\">Entre le <strong>lac vert<\/strong>, les espaces ombrag\u00e9s et le calme rural, <strong>le bien-\u00eatre des chiens est plac\u00e9 au c\u0153ur de l\u2019organisation<\/strong>. La majorit\u00e9 des \u00e9preuves se d\u00e9roulera le matin, afin d\u2019\u00e9viter les fortes chaleurs et garantir une \u00e9valuation optimale.<\/p>\n\n\n<div style=\"background-color: #f7f7f7; color: #31708f; border-left-color: #31708f; \" class=\"ub-styled-box ub-notification-box wp-block-ub-styled-box\" id=\"ub-styled-box-14ba9308-c9a5-4b35-b14d-36d5f93660d2\">\n<p class=\"wp-block-paragraph\" id=\"ub-styled-box-notification-content-\"><strong>Pourrait vous int\u00e9resser : <\/strong> <a href=\"https:\/\/planipets.com\/blog\/actualite\/chateau-thierry-un-evenement-pour-les-amoureux-des-chiens-qui-cartonne-dans-laisne-avec-animations-concours-et-cani-sport\/\">Ch\u00e2teau-Thierry : un \u00e9v\u00e9nement pour les amoureux des chiens qui cartonne dans l\u2019Aisne avec animations, concours et cani-sport<\/a><\/p>\n\n\n<\/div>\n\n\n<p class=\"wp-block-paragraph\"><\/p>\n\n\n<div style=\"background-color: #d9edf7; color: #31708f; border-left-color: #31708f; \" class=\"ub-styled-box ub-notification-box wp-block-ub-styled-box\" id=\"ub-styled-box-7629cbaf-403a-483b-be33-919e4b100fe4\">\n<h2 class=\"wp-block-heading\" id=\"ub-styled-box-notification-content-\">L\u2019art du chien parfait : pourquoi ce concours fascine<\/h2>\n\n\n<\/div>\n\n\n<figure class=\"wp-block-image size-large\"><img decoding=\"async\" width=\"1024\" height=\"1024\" src=\"https:\/\/planipets.com\/blog\/wp-content\/uploads\/2025\/04\/Catus-accueille-plus-de-100-bergers-belges-ce-dimanche-un-concours-de-beaute-canine-inedit-pour-elire-les-plus-beaux-chiens-de-France-2-1024x1024.jpg\" alt=\"Chien prim\u00e9 portant une m\u00e9daille sur un podium canin .\" class=\"wp-image-55604\" title=\"\" srcset=\"https:\/\/planipets.com\/blog\/wp-content\/uploads\/2025\/04\/Catus-accueille-plus-de-100-bergers-belges-ce-dimanche-un-concours-de-beaute-canine-inedit-pour-elire-les-plus-beaux-chiens-de-France-2-1024x1024.jpg 1024w, https:\/\/planipets.com\/blog\/wp-content\/uploads\/2025\/04\/Catus-accueille-plus-de-100-bergers-belges-ce-dimanche-un-concours-de-beaute-canine-inedit-pour-elire-les-plus-beaux-chiens-de-France-2-300x300.jpg 300w, https:\/\/planipets.com\/blog\/wp-content\/uploads\/2025\/04\/Catus-accueille-plus-de-100-bergers-belges-ce-dimanche-un-concours-de-beaute-canine-inedit-pour-elire-les-plus-beaux-chiens-de-France-2-150x150.jpg 150w, https:\/\/planipets.com\/blog\/wp-content\/uploads\/2025\/04\/Catus-accueille-plus-de-100-bergers-belges-ce-dimanche-un-concours-de-beaute-canine-inedit-pour-elire-les-plus-beaux-chiens-de-France-2-768x768.jpg 768w, https:\/\/planipets.com\/blog\/wp-content\/uploads\/2025\/04\/Catus-accueille-plus-de-100-bergers-belges-ce-dimanche-un-concours-de-beaute-canine-inedit-pour-elire-les-plus-beaux-chiens-de-France-2-450x450.jpg 450w, https:\/\/planipets.com\/blog\/wp-content\/uploads\/2025\/04\/Catus-accueille-plus-de-100-bergers-belges-ce-dimanche-un-concours-de-beaute-canine-inedit-pour-elire-les-plus-beaux-chiens-de-France-2-1200x1200.jpg 1200w, https:\/\/planipets.com\/blog\/wp-content\/uploads\/2025\/04\/Catus-accueille-plus-de-100-bergers-belges-ce-dimanche-un-concours-de-beaute-canine-inedit-pour-elire-les-plus-beaux-chiens-de-France-2-96x96.jpg 96w, https:\/\/planipets.com\/blog\/wp-content\/uploads\/2025\/04\/Catus-accueille-plus-de-100-bergers-belges-ce-dimanche-un-concours-de-beaute-canine-inedit-pour-elire-les-plus-beaux-chiens-de-France-2.jpg 1300w\" sizes=\"(max-width: 1024px) 100vw, 1024px\" \/><figcaption class=\"wp-element-caption\">Un chien arborant fi\u00e8rement sa m\u00e9daille apr\u00e8s une comp\u00e9tition canine<\/figcaption><\/figure>\n\n\n\n<p class=\"wp-block-paragraph\">Plus qu\u2019une comp\u00e9tition, cet \u00e9v\u00e9nement est <strong>un moment d\u2019\u00e9change entre passionn\u00e9s<\/strong>, une vitrine pour promouvoir la race aupr\u00e8s du grand public. Les \u00e9leveurs y partagent <strong>techniques d\u2019\u00e9levage, soins du pelage, astuces d\u2019\u00e9ducation et g\u00e9n\u00e9alogies prestigieuses<\/strong>.<\/p>\n\n\n\n<p class=\"wp-block-paragraph\">Et pour les spectateurs, c\u2019est aussi l\u2019occasion de <strong>d\u00e9couvrir les standards officiels de la race belge<\/strong>, d&#8217;observer de v\u00e9ritables ambassadeurs canins \u00e0 l\u2019\u0153uvre et d\u2019\u00e9changer avec des experts du monde cynophile.<\/p>\n\n\n\n<blockquote class=\"wp-block-quote is-layout-flow wp-block-quote-is-layout-flow\">\n<p class=\"wp-block-paragraph\">Selon <a href=\"https:\/\/www.ladepeche.fr\/2025\/04\/12\/une-centaine-de-chiens-de-berger-belge-debarque-ce-dimanche-a-catus-pour-une-competition-de-beaute-12631197.php#\" target=\"_blank\" rel=\"noopener\">ladepeche<\/a>, l\u2019\u00e9v\u00e9nement est <strong>ouvert au public<\/strong>, y compris aux visiteurs accompagn\u00e9s de leur propre chien \u2014 \u00e0 condition qu\u2019il soit tenu en laisse. De quoi offrir une belle journ\u00e9e pour toute la famille.<\/p>\n<\/blockquote>\n\n\n<div style=\"background-color: #dff0d8; color: #3c763d; border-left-color: #3c763d; \" class=\"ub-styled-box ub-notification-box wp-block-ub-styled-box\" id=\"ub-styled-box-38a3fd06-375d-4377-9c90-9fcd265f5b87\">\n<h2 class=\"wp-block-heading\" id=\"ub-styled-box-notification-content-\">Bergers belges : une race \u00e0 part au palmar\u00e8s d\u00e9j\u00e0 solide<\/h2>\n\n\n<\/div>\n\n\n<p class=\"wp-block-paragraph\">Parmi les chiens les plus populaires en France, les <strong>Malinois occupent une place d\u2019honneur<\/strong> dans les unit\u00e9s de s\u00e9curit\u00e9, la gendarmerie et m\u00eame les secours. \u00c0 leurs c\u00f4t\u00e9s, les autres vari\u00e9t\u00e9s du berger belge (Groenenda\u00ebl, Tervueren, Laekenois) s\u00e9duisent de plus en plus pour leur polyvalence et leur prestance.<\/p>\n\n\n\n<p class=\"wp-block-paragraph\">Selon les chiffres de la <strong>Soci\u00e9t\u00e9 Centrale Canine<\/strong>, les bergers belges figurent parmi les <strong>20 races les plus enregistr\u00e9es<\/strong> chaque ann\u00e9e en France. Leur popularit\u00e9 ne faiblit pas, port\u00e9e par leur capacit\u00e9 d\u2019adaptation, leur intelligence et leur allure spectaculaire.<\/p>\n\n\n<div style=\"background-color: #f7f7f7; color: #31708f; border-left-color: #31708f; \" class=\"ub-styled-box ub-notification-box wp-block-ub-styled-box\" id=\"ub-styled-box-bb59ce6c-412f-4448-9774-8101b5787e46\">\n<p class=\"wp-block-paragraph\" id=\"ub-styled-box-notification-content-\"><strong>Pourrait vous int\u00e9resser : <\/strong><a href=\"https:\/\/planipets.com\/blog\/actualite\/adoption-chiens-et-chats-seniors-loperation-doyens-de-30-millions-damis-seduit-de-plus-en-plus-de-familles-en-france\/\">Adoption chiens et chats seniors : l\u2019Op\u00e9ration Doyens de 30 Millions d\u2019Amis s\u00e9duit de plus en plus de familles en France<\/a><\/p>\n\n\n<\/div>\n\n\n<p class=\"wp-block-paragraph\"><\/p>\n\n\n<div style=\"background-color: #d9edf7; color: #31708f; border-left-color: #31708f; \" class=\"ub-styled-box ub-notification-box wp-block-ub-styled-box\" id=\"ub-styled-box-030476d0-7e72-46ae-a348-91b7bf08809f\">\n<h2 class=\"wp-block-heading\" id=\"ub-styled-box-notification-content-\">Une tradition europ\u00e9enne forte, un engouement fran\u00e7ais croissant<\/h2>\n\n\n<\/div>\n\n\n<p class=\"wp-block-paragraph\">Historiquement, le berger belge est une <strong>race reconnue depuis 1891<\/strong>, divis\u00e9e en plusieurs vari\u00e9t\u00e9s selon la couleur et la texture du poil. En Belgique comme en France, des comp\u00e9titions d\u00e9di\u00e9es se tiennent r\u00e9guli\u00e8rement pour valoriser l\u2019\u00e9levage et la conformit\u00e9 au standard.<\/p>\n\n\n\n<p class=\"wp-block-paragraph\">Les concours comme celui de Catus ne sont pas de simples d\u00e9fil\u00e9s esth\u00e9tiques : ils participent <strong>\u00e0 la s\u00e9lection g\u00e9n\u00e9tique rigoureuse<\/strong> de reproducteurs, et jouent un r\u00f4le central dans la conservation des lign\u00e9es.<\/p>\n\n\n<div style=\"background-color: #f7f7f7; color: #31708f; border-left-color: #31708f; \" class=\"ub-styled-box ub-notification-box wp-block-ub-styled-box\" id=\"ub-styled-box-b1267ae4-99d9-4dcb-bb13-2d7437c54ed2\">\n<p class=\"wp-block-paragraph\" id=\"ub-styled-box-notification-content-\"><strong>Pourrait vous int\u00e9resser : <\/strong> <a href=\"https:\/\/planipets.com\/blog\/actualite\/sky-le-chien-gendarme-du-gard-retrouve-un-senior-perdu-retour-sur-une-intervention-eclair\/\">Sky, le chien gendarme du Gard, retrouve un senior perdu : retour sur une intervention \u00e9clair<\/a><\/p>\n\n\n<\/div>\n\n\n<p class=\"wp-block-paragraph\"><\/p>\n\n\n<div style=\"background-color: #dff0d8; color: #3c763d; border-left-color: #3c763d; \" class=\"ub-styled-box ub-notification-box wp-block-ub-styled-box\" id=\"ub-styled-box-64c722c1-f38f-4e5a-b9c2-f43a2feb5f39\">\n<h2 class=\"wp-block-heading\" id=\"ub-styled-box-notification-content-\">Catus, capitale du chien belge le temps d\u2019une journ\u00e9e<\/h2>\n\n\n<\/div>\n\n\n<p class=\"wp-block-paragraph\">Avec plus de 100 chiens inscrits, des participants venus de tout l\u2019Hexagone et une organisation calibr\u00e9e pour le bien-\u00eatre animal, <strong>la r\u00e9gionale d\u2019\u00e9levage de Catus s\u2019annonce comme un rendez-vous de r\u00e9f\u00e9rence pour les passionn\u00e9s de bergers belges<\/strong>.<\/p>\n\n\n\n<p class=\"wp-block-paragraph\">Au-del\u00e0 du spectacle, c\u2019est un message clair : <strong>la cynophilie de qualit\u00e9 repose sur l\u2019expertise, la rigueur et la passion<\/strong>. Et ce dimanche 13 avril, au bord du lac vert, ce sont les chiens qui seront rois.<\/p>\n\n\n\n<p class=\"wp-block-paragraph\">Ouvert au public \u2013 Restauration sur place \u2013 Chiens visiteurs admis (en laisse)<\/p>\n\n\n\n<p class=\"wp-block-paragraph\"><\/p>\n\n\n\n<h2 class=\"wp-block-heading\">C&#8217;est en partageant qu&#8217;on fait bouger les lignes . Partagez \u00e7a sur vos r\u00e9seaux&nbsp;<\/h2>\n\n\n<div class=\"wp-block-ub-social-share\" id=\"ub-social-share-fbd3564f-fbf5-471c-a0c2-f6b0b2b7b62a\">\n\t\t\t<div class=\"social-share-icons align-icons-left orientation-icons-row\"><a aria-label=\"facebook-logo\" target=\"_blank\" rel=\"nofollow\" href=\"https:\/\/www.facebook.com\/sharer\/sharer.php?u=https%3A%2F%2Fplanipets.com%2Fblog%2Factualite%2Fcatus-accueille-plus-de-100-bergers-belges-ce-dimanche-un-concours-de-beaute-canine-inedit-pour-elire-les-plus-beaux-chiens-de-france%2F&amp;title=Catus%20accueille%20plus%20de%20100%20bergers%20belges%20ce%20dimanche%20%3A%20un%20concours%20de%20beaut%C3%A9%20canine%20in%C3%A9dit%20pour%20%C3%A9lire%20les%20plus%20beaux%20chiens%20de%20France\" class=\"ub-social-share-facebook-container\" style=\"border-color: #1877f2; background-color: transparent; box-shadow: none; \">\n\t\t\t\t<span class=\"social-share-icon ub-social-share-facebook\" style=\"width: 30px; height: 30px; \"><svg xmlns=\"http:\/\/www.w3.org\/2000\/svg\" style=\"fill:#1877f2\" fill=\"#1877f2\" width=\"20\" height=\"20\" viewbox=\"0 0 264 512\"><path d=\"M76.7 512V283H0v-91h76.7v-71.7C76.7 42.4 124.3 0 193.8 0c33.3 0 61.9 2.5 70.2 3.6V85h-48.2c-37.8 0-45.1 18-45.1 44.3V192H256l-11.7 91h-73.6v229\"><\/path><\/svg><\/span><span style=\"\">share<\/span>\n\t\t\t<\/a><a aria-label=\"twitter-logo\" target=\"_blank\" rel=\"nofollow\" href=\"http:\/\/twitter.com\/intent\/tweet?url=https%3A%2F%2Fplanipets.com%2Fblog%2Factualite%2Fcatus-accueille-plus-de-100-bergers-belges-ce-dimanche-un-concours-de-beaute-canine-inedit-pour-elire-les-plus-beaux-chiens-de-france%2F&amp;text=Catus%20accueille%20plus%20de%20100%20bergers%20belges%20ce%20dimanche%20%3A%20un%20concours%20de%20beaut%C3%A9%20canine%20in%C3%A9dit%20pour%20%C3%A9lire%20les%20plus%20beaux%20chiens%20de%20France\" class=\"ub-social-share-twitter-container\" style=\"border-color: #1d9bf0; background-color: transparent; box-shadow: none; \">\n\t\t\t\t<span class=\"social-share-icon ub-social-share-twitter\" style=\"width: 30px; height: 30px; \"><svg xmlns=\"http:\/\/www.w3.org\/2000\/svg\" style=\"color:#1d9BF0\" fill=\"#1d9BF0\" width=\"20\" height=\"20\" viewbox=\"0 0 24 24\"><path d=\"M18.901 1.153h3.68l-8.04 9.19L24 22.846h-7.406l-5.8-7.584l-6.638 7.584H.474l8.6-9.83L0 1.154h7.594l5.243 6.932ZM17.61 20.644h2.039L6.486 3.24H4.298Z\"><\/path><\/svg><\/span><span style=\"\">tweet<\/span>\n\t\t\t<\/a><a aria-label=\"linkedin-logo\" target=\"_blank\" rel=\"nofollow\" href=\"https:\/\/www.linkedin.com\/sharing\/share-offsite\/?url=https%3A%2F%2Fplanipets.com%2Fblog%2Factualite%2Fcatus-accueille-plus-de-100-bergers-belges-ce-dimanche-un-concours-de-beaute-canine-inedit-pour-elire-les-plus-beaux-chiens-de-france%2F\" class=\"ub-social-share-linkedin-container\" style=\"border-color: #2867b2; background-color: transparent; box-shadow: none; \">\n\t\t\t\t<span class=\"social-share-icon ub-social-share-linkedin\" style=\"width: 30px; height: 30px; \"><svg xmlns=\"http:\/\/www.w3.org\/2000\/svg\" style=\"fill:#2867b2\" fill=\"#2867b2\" width=\"20\" height=\"20\" viewbox=\"0 0 448 512\"><path d=\"M100.3 480H7.4V180.9h92.9V480zM53.8 140.1C24.1 140.1 0 115.5 0 85.8 0 56.1 24.1 32 53.8 32c29.7 0 53.8 24.1 53.8 53.8 0 29.7-24.1 54.3-53.8 54.3zM448 480h-92.7V334.4c0-34.7-.7-79.2-48.3-79.2-48.3 0-55.7 37.7-55.7 76.7V480h-92.8V180.9h89.1v40.8h1.3c12.4-23.5 42.7-48.3 87.9-48.3 94 0 111.3 61.9 111.3 142.3V480z\"><\/path><\/svg><\/span><span style=\"\">share<\/span>\n\t\t\t<\/a><a aria-label=\"pinterest-logo\" target=\"_blank\" rel=\"nofollow\" href=\"https:\/\/pinterest.com\/pin\/create\/button\/?&amp;url=https%3A%2F%2Fplanipets.com%2Fblog%2Factualite%2Fcatus-accueille-plus-de-100-bergers-belges-ce-dimanche-un-concours-de-beaute-canine-inedit-pour-elire-les-plus-beaux-chiens-de-france%2F&amp;description=Catus%20accueille%20plus%20de%20100%20bergers%20belges%20ce%20dimanche%20%3A%20un%20concours%20de%20beaut%C3%A9%20canine%20in%C3%A9dit%20pour%20%C3%A9lire%20les%20plus%20beaux%20chiens%20de%20France&amp;media=https:\/\/planipets.com\/blog\/wp-content\/uploads\/2025\/04\/Catus-accueille-plus-de-100-bergers-belges-ce-dimanche-un-concours-de-beaute-canine-inedit-pour-elire-les-plus-beaux-chiens-de-France-1024x683.jpg\" class=\"ub-social-share-pinterest-container\" style=\"border-color: #e60023; background-color: transparent; box-shadow: none; \">\n\t\t\t\t<span class=\"social-share-icon ub-social-share-pinterest\" style=\"width: 30px; height: 30px; \"><svg xmlns=\"http:\/\/www.w3.org\/2000\/svg\" style=\"fill:#e60023\" fill=\"#e60023\" width=\"20\" height=\"20\" viewbox=\"0 0 384 512\"><path d=\"M204 6.5C101.4 6.5 0 74.9 0 185.6 0 256 39.6 296 63.6 296c9.9 0 15.6-27.6 15.6-35.4 0-9.3-23.7-29.1-23.7-67.8 0-80.4 61.2-137.4 140.4-137.4 68.1 0 118.5 38.7 118.5 109.8 0 53.1-21.3 152.7-90.3 152.7-24.9 0-46.2-18-46.2-43.8 0-37.8 26.4-74.4 26.4-113.4 0-66.2-93.9-54.2-93.9 25.8 0 16.8 2.1 35.4 9.6 50.7-13.8 59.4-42 147.9-42 209.1 0 18.9 2.7 37.5 4.5 56.4 3.4 3.8 1.7 3.4 6.9 1.5 50.4-69 48.6-82.5 71.4-172.8 12.3 23.4 44.1 36 69.3 36 106.2 0 153.9-103.5 153.9-196.8C384 71.3 298.2 6.5 204 6.5z\"><\/path><\/svg><\/span><span style=\"\">pin<\/span>\n\t\t\t<\/a><a aria-label=\"reddit-logo\" target=\"_blank\" rel=\"nofollow\" href=\"http:\/\/www.reddit.com\/submit?url=https%3A%2F%2Fplanipets.com%2Fblog%2Factualite%2Fcatus-accueille-plus-de-100-bergers-belges-ce-dimanche-un-concours-de-beaute-canine-inedit-pour-elire-les-plus-beaux-chiens-de-france%2F&amp;title=Catus%20accueille%20plus%20de%20100%20bergers%20belges%20ce%20dimanche%20%3A%20un%20concours%20de%20beaut%C3%A9%20canine%20in%C3%A9dit%20pour%20%C3%A9lire%20les%20plus%20beaux%20chiens%20de%20France\" class=\"ub-social-share-reddit-container\" style=\"border-color: #ff4500; background-color: transparent; box-shadow: none; \">\n\t\t\t\t<span class=\"social-share-icon ub-social-share-reddit\" style=\"width: 30px; height: 30px; \"><svg xmlns=\"http:\/\/www.w3.org\/2000\/svg\" style=\"fill:#ff4500\" fill=\"#ff4500\" width=\"20\" height=\"20\" viewbox=\"0 0 512 512\"><path d=\"M440.3 203.5c-15 0-28.2 6.2-37.9 15.9-35.7-24.7-83.8-40.6-137.1-42.3L293 52.3l88.2 19.8c0 21.6 17.6 39.2 39.2 39.2 22 0 39.7-18.1 39.7-39.7s-17.6-39.7-39.7-39.7c-15.4 0-28.7 9.3-35.3 22l-97.4-21.6c-4.9-1.3-9.7 2.2-11 7.1L246.3 177c-52.9 2.2-100.5 18.1-136.3 42.8-9.7-10.1-23.4-16.3-38.4-16.3-55.6 0-73.8 74.6-22.9 100.1-1.8 7.9-2.6 16.3-2.6 24.7 0 83.8 94.4 151.7 210.3 151.7 116.4 0 210.8-67.9 210.8-151.7 0-8.4-.9-17.2-3.1-25.1 49.9-25.6 31.5-99.7-23.8-99.7zM129.4 308.9c0-22 17.6-39.7 39.7-39.7 21.6 0 39.2 17.6 39.2 39.7 0 21.6-17.6 39.2-39.2 39.2-22 .1-39.7-17.6-39.7-39.2zm214.3 93.5c-36.4 36.4-139.1 36.4-175.5 0-4-3.5-4-9.7 0-13.7 3.5-3.5 9.7-3.5 13.2 0 27.8 28.5 120 29 149 0 3.5-3.5 9.7-3.5 13.2 0 4.1 4 4.1 10.2.1 13.7zm-.8-54.2c-21.6 0-39.2-17.6-39.2-39.2 0-22 17.6-39.7 39.2-39.7 22 0 39.7 17.6 39.7 39.7-.1 21.5-17.7 39.2-39.7 39.2z\"><\/path><\/svg><\/span><span style=\"\">post<\/span>\n\t\t\t<\/a><a aria-label=\"tumblr-logo\" target=\"_blank\" rel=\"nofollow\" href=\"https:\/\/www.tumblr.com\/widgets\/share\/tool?canonicalUrl=https%3A%2F%2Fplanipets.com%2Fblog%2Factualite%2Fcatus-accueille-plus-de-100-bergers-belges-ce-dimanche-un-concours-de-beaute-canine-inedit-pour-elire-les-plus-beaux-chiens-de-france%2F&amp;title=Catus%20accueille%20plus%20de%20100%20bergers%20belges%20ce%20dimanche%20%3A%20un%20concours%20de%20beaut%C3%A9%20canine%20in%C3%A9dit%20pour%20%C3%A9lire%20les%20plus%20beaux%20chiens%20de%20France\" class=\"ub-social-share-tumblr-container\" style=\"border-color: #001935; background-color: transparent; box-shadow: none; \">\n\t\t\t\t<span class=\"social-share-icon ub-social-share-tumblr\" style=\"width: 30px; height: 30px; \"><svg xmlns=\"http:\/\/www.w3.org\/2000\/svg\" style=\"fill:#001935\" fill=\"#001935\" width=\"20\" height=\"20\" viewbox=\"0 0 320 512\"><path d=\"M309.8 480.3c-13.6 14.5-50 31.7-97.4 31.7-120.8 0-147-88.8-147-140.6v-144H17.9c-5.5 0-10-4.5-10-10v-68c0-7.2 4.5-13.6 11.3-16 62-21.8 81.5-76 84.3-117.1.8-11 6.5-16.3 16.1-16.3h70.9c5.5 0 10 4.5 10 10v115.2h83c5.5 0 10 4.4 10 9.9v81.7c0 5.5-4.5 10-10 10h-83.4V360c0 34.2 23.7 53.6 68 35.8 4.8-1.9 9-3.2 12.7-2.2 3.5.9 5.8 3.4 7.4 7.9l22 64.3c1.8 5 3.3 10.6-.4 14.5z\"><\/path><\/svg><\/span><span style=\"\">share<\/span>\n\t\t\t<\/a><\/div>\n\t\t<\/div>\n\n\n<h2 class=\"wp-block-heading\">Nos lecteurs n&#8217;en sont pas rest\u00e9s l\u00e0 . Ils ont craqu\u00e9 pour ces autres sujets<\/h2>\n\n\n<section class=\"wp-block-ub-post-grid ub-block-post-grid align  is-equal-height preserve-post-image-aspect-ratio\" style=\"\" id=\"ub-post-grid-\"><div class=\"ub-post-grid-items is-grid columns-2\" style=\"row-gap: 32px; column-gap: 32px; \"><article id=\"post-67404\" class=\"ub-post-grid-item post-67404 post type-post status-publish format-standard has-post-thumbnail category-comportement-chien category-accessoires category-adopter-chien tag-animaux tag-chien tag-education tag-fugue tag-securite\" style=\"\"><div class=\"ub-block-post-grid-image\" style=\"\"><a href=\"https:\/\/planipets.com\/blog\/chien\/comportement-chien\/retrouver-chien-fugueur-2\/\" rel=\"bookmark\" aria-hidden=\"true\" tabindex=\"-1\"><img decoding=\"async\" width=\"1536\" height=\"1024\" src=\"https:\/\/planipets.com\/blog\/wp-content\/uploads\/2026\/04\/Comment-retrouver-rapidement-votre-chien-fugueur-et-eviter-les-recidives-2.png\" class=\"attachment-full size-full\" alt=\"\" style=\"max-width: 600px; \" srcset=\"https:\/\/planipets.com\/blog\/wp-content\/uploads\/2026\/04\/Comment-retrouver-rapidement-votre-chien-fugueur-et-eviter-les-recidives-2.png 1536w, https:\/\/planipets.com\/blog\/wp-content\/uploads\/2026\/04\/Comment-retrouver-rapidement-votre-chien-fugueur-et-eviter-les-recidives-2-300x200.png 300w, https:\/\/planipets.com\/blog\/wp-content\/uploads\/2026\/04\/Comment-retrouver-rapidement-votre-chien-fugueur-et-eviter-les-recidives-2-1024x683.png 1024w, https:\/\/planipets.com\/blog\/wp-content\/uploads\/2026\/04\/Comment-retrouver-rapidement-votre-chien-fugueur-et-eviter-les-recidives-2-768x512.png 768w, https:\/\/planipets.com\/blog\/wp-content\/uploads\/2026\/04\/Comment-retrouver-rapidement-votre-chien-fugueur-et-eviter-les-recidives-2-150x100.png 150w, https:\/\/planipets.com\/blog\/wp-content\/uploads\/2026\/04\/Comment-retrouver-rapidement-votre-chien-fugueur-et-eviter-les-recidives-2-450x300.png 450w, https:\/\/planipets.com\/blog\/wp-content\/uploads\/2026\/04\/Comment-retrouver-rapidement-votre-chien-fugueur-et-eviter-les-recidives-2-1200x800.png 1200w\" sizes=\"(max-width: 1536px) 100vw, 1536px\" title=\"\"><\/a><\/div><div class=\"ub-block-post-grid-text\" style=\"\"><div class=\"ub-block-post-grid-header-content\"><header class=\"ub-block-post-grid-header\"><h2 class=\"ub-block-post-grid-title\"><a style=\"\" href=\"https:\/\/planipets.com\/blog\/chien\/comportement-chien\/retrouver-chien-fugueur-2\/\" rel=\"bookmark\">Comment retrouver rapidement votre chien fugueur et \u00e9viter les r\u00e9cidives<\/a><\/h2><div class=\"ub-block-post-grid-author\" itemprop=\"author\"><a class=\"ub-text-link\" style=\"\" href=\"https:\/\/planipets.com\/blog\/author\/redaction\/\" itemprop=\"url\" rel=\"author\"><span itemprop=\"name\">The Planipets editorial team<\/span><\/a><\/div><time datetime=\"2026-04-28T09:11:07+02:00\" class=\"ub-block-post-grid-date\" style=\"\" itemprop=\"datePublished\">2026-04-28<\/time><\/header><\/div><div class=\"ub-block-post-grid-excerpt\"><div class=\"ub-block-post-grid-excerpt-text\" style=\"\"><p>\u2726 L\u2019essentiel Il ne faut parfois qu\u2019un instant d\u2019inattention \u2014 une porti\u00e8re qui claque, un bruit inattendu \u2014 pour que votre chien disparaisse. Le vide s\u2019installe, l\u2019angoisse serre la gorge. Tout bascule en une fraction de seconde. En bref : N\u2019importe quel ma\u00eetre peut \u00eatre confront\u00e9 \u00e0 la fugue, peu importe le caract\u00e8re de son\u2026<\/p>\n<\/div><p><a class=\"ub-block-post-grid-more-link ub-text-link\" style=\"\" href=\"https:\/\/planipets.com\/blog\/chien\/comportement-chien\/retrouver-chien-fugueur-2\/\" rel=\"bookmark\">Continue Reading <span class=\"screen-reader-text\">Comment retrouver rapidement votre chien fugueur et \u00e9viter les r\u00e9cidives<\/span><\/a><\/p><\/div><\/div><\/article>\n<article id=\"post-67371\" class=\"ub-post-grid-item post-67371 post type-post status-publish format-standard has-post-thumbnail category-races-chiens category-bien-vivre-avec-son-chien category-ce-quon-ne-veut-pas-voir category-chien category-choisir-alimentation-chien category-comportement-chien category-origine-domestication-chien category-sante-chien\" style=\"\"><div class=\"ub-block-post-grid-image\" style=\"\"><a href=\"https:\/\/planipets.com\/blog\/chien\/races-chiens\/laffenpinscher-infographies-pour-tout-savoir-sur-son-histoire-son-temperament-son-education-son-cout-2\/\" rel=\"bookmark\" aria-hidden=\"true\" tabindex=\"-1\"><img loading=\"lazy\" decoding=\"async\" width=\"1200\" height=\"600\" src=\"https:\/\/planipets.com\/blog\/wp-content\/uploads\/2026\/04\/Image-en-avant.jpg\" class=\"attachment-full size-full\" alt=\"Airedale Terrier marchant dans un ruisseau en pleine nature, sur un chemin rural.\" style=\"max-width: 600px; \" srcset=\"https:\/\/planipets.com\/blog\/wp-content\/uploads\/2026\/04\/Image-en-avant.jpg 1200w, https:\/\/planipets.com\/blog\/wp-content\/uploads\/2026\/04\/Image-en-avant-300x150.jpg 300w, https:\/\/planipets.com\/blog\/wp-content\/uploads\/2026\/04\/Image-en-avant-1024x512.jpg 1024w, https:\/\/planipets.com\/blog\/wp-content\/uploads\/2026\/04\/Image-en-avant-768x384.jpg 768w, https:\/\/planipets.com\/blog\/wp-content\/uploads\/2026\/04\/Image-en-avant-150x75.jpg 150w, https:\/\/planipets.com\/blog\/wp-content\/uploads\/2026\/04\/Image-en-avant-450x225.jpg 450w\" sizes=\"(max-width: 1200px) 100vw, 1200px\" title=\"\"><\/a><\/div><div class=\"ub-block-post-grid-text\" style=\"\"><div class=\"ub-block-post-grid-header-content\"><header class=\"ub-block-post-grid-header\"><h2 class=\"ub-block-post-grid-title\"><a style=\"\" href=\"https:\/\/planipets.com\/blog\/chien\/races-chiens\/laffenpinscher-infographies-pour-tout-savoir-sur-son-histoire-son-temperament-son-education-son-cout-2\/\" rel=\"bookmark\">Le Airedale Terrier : infographies pour tout savoir sur son histoire, son temp\u00e9rament, son \u00e9ducation, son co\u00fbt<\/a><\/h2><div class=\"ub-block-post-grid-author\" itemprop=\"author\"><a class=\"ub-text-link\" style=\"\" href=\"https:\/\/planipets.com\/blog\/author\/redaction\/\" itemprop=\"url\" rel=\"author\"><span itemprop=\"name\">The Planipets editorial team<\/span><\/a><\/div><time datetime=\"2026-04-26T13:47:52+02:00\" class=\"ub-block-post-grid-date\" style=\"\" itemprop=\"datePublished\">2026-04-26<\/time><\/header><\/div><div class=\"ub-block-post-grid-excerpt\"><div class=\"ub-block-post-grid-excerpt-text\" style=\"\"><p>L\u2019Affenpinscher, souvent surnomm\u00e9 le \u00ab petit chien-singe \u00bb en raison de son expression faciale unique, est une race de petit chien originaire d\u2019Allemagne. Derri\u00e8re son allure amusante et sa barbe caract\u00e9ristique se cache un compagnon courageux, vif et extr\u00eamement attach\u00e9 \u00e0 ses ma\u00eetres\u2026<\/p>\n<\/div><p><a class=\"ub-block-post-grid-more-link ub-text-link\" style=\"\" href=\"https:\/\/planipets.com\/blog\/chien\/races-chiens\/laffenpinscher-infographies-pour-tout-savoir-sur-son-histoire-son-temperament-son-education-son-cout-2\/\" rel=\"bookmark\">Continue Reading <span class=\"screen-reader-text\">Le Airedale Terrier : infographies pour tout savoir sur son histoire, son temp\u00e9rament, son \u00e9ducation, son co\u00fbt<\/span><\/a><\/p><\/div><\/div><\/article>\n<article id=\"post-67381\" class=\"ub-post-grid-item post-67381 post type-post status-publish format-standard has-post-thumbnail category-chat-qui-miaule category-comportement-chat category-sante-chat tag-chat tag-comportement-felin tag-miaulement tag-sante-animale tag-solutions\" style=\"\"><div class=\"ub-block-post-grid-image\" style=\"\"><a href=\"https:\/\/planipets.com\/blog\/chat\/bien-vivre-avec-son-chat\/chat-qui-miaule\/miaulement-incessant-chat-causes-solutions\/\" rel=\"bookmark\" aria-hidden=\"true\" tabindex=\"-1\"><img loading=\"lazy\" decoding=\"async\" width=\"1536\" height=\"1024\" src=\"https:\/\/planipets.com\/blog\/wp-content\/uploads\/2026\/04\/Miaulement-incessant-chez-le-chat-causes-et-solutions-pour-apaiser-votre-felin.png\" class=\"attachment-full size-full\" alt=\"\" style=\"max-width: 600px; \" srcset=\"https:\/\/planipets.com\/blog\/wp-content\/uploads\/2026\/04\/Miaulement-incessant-chez-le-chat-causes-et-solutions-pour-apaiser-votre-felin.png 1536w, https:\/\/planipets.com\/blog\/wp-content\/uploads\/2026\/04\/Miaulement-incessant-chez-le-chat-causes-et-solutions-pour-apaiser-votre-felin-300x200.png 300w, https:\/\/planipets.com\/blog\/wp-content\/uploads\/2026\/04\/Miaulement-incessant-chez-le-chat-causes-et-solutions-pour-apaiser-votre-felin-1024x683.png 1024w, https:\/\/planipets.com\/blog\/wp-content\/uploads\/2026\/04\/Miaulement-incessant-chez-le-chat-causes-et-solutions-pour-apaiser-votre-felin-768x512.png 768w, https:\/\/planipets.com\/blog\/wp-content\/uploads\/2026\/04\/Miaulement-incessant-chez-le-chat-causes-et-solutions-pour-apaiser-votre-felin-150x100.png 150w, https:\/\/planipets.com\/blog\/wp-content\/uploads\/2026\/04\/Miaulement-incessant-chez-le-chat-causes-et-solutions-pour-apaiser-votre-felin-450x300.png 450w, https:\/\/planipets.com\/blog\/wp-content\/uploads\/2026\/04\/Miaulement-incessant-chez-le-chat-causes-et-solutions-pour-apaiser-votre-felin-1200x800.png 1200w\" sizes=\"(max-width: 1536px) 100vw, 1536px\" title=\"\"><\/a><\/div><div class=\"ub-block-post-grid-text\" style=\"\"><div class=\"ub-block-post-grid-header-content\"><header class=\"ub-block-post-grid-header\"><h2 class=\"ub-block-post-grid-title\"><a style=\"\" href=\"https:\/\/planipets.com\/blog\/chat\/bien-vivre-avec-son-chat\/chat-qui-miaule\/miaulement-incessant-chat-causes-solutions\/\" rel=\"bookmark\">Miaulement incessant chez le chat : causes et solutions pour apaiser votre f\u00e9lin<\/a><\/h2><div class=\"ub-block-post-grid-author\" itemprop=\"author\"><a class=\"ub-text-link\" style=\"\" href=\"https:\/\/planipets.com\/blog\/author\/redaction\/\" itemprop=\"url\" rel=\"author\"><span itemprop=\"name\">The Planipets editorial team<\/span><\/a><\/div><time datetime=\"2026-04-26T13:47:01+02:00\" class=\"ub-block-post-grid-date\" style=\"\" itemprop=\"datePublished\">2026-04-26<\/time><\/header><\/div><div class=\"ub-block-post-grid-excerpt\"><div class=\"ub-block-post-grid-excerpt-text\" style=\"\"><p>\u2726 L\u2019essentiel **Le miaulement incessant de votre chat peut \u00eatre d\u00e9routant et parfois m\u00eame inqui\u00e9tant. Mais comprendre les raisons derri\u00e8re ces vocalisations peut vous aider \u00e0 mieux r\u00e9pondre aux besoins de votre f\u00e9lin.** En bref : Le miaulement peut indiquer des besoins physiologiques ou des probl\u00e8mes de sant\u00e9. Les causes comportementales incluent le stress et\u2026<\/p>\n<\/div><p><a class=\"ub-block-post-grid-more-link ub-text-link\" style=\"\" href=\"https:\/\/planipets.com\/blog\/chat\/bien-vivre-avec-son-chat\/chat-qui-miaule\/miaulement-incessant-chat-causes-solutions\/\" rel=\"bookmark\">Continue Reading <span class=\"screen-reader-text\">Miaulement incessant chez le chat : causes et solutions pour apaiser votre f\u00e9lin<\/span><\/a><\/p><\/div><\/div><\/article>\n<article id=\"post-67365\" class=\"ub-post-grid-item post-67365 post type-post status-publish format-standard has-post-thumbnail category-chat-qui-miaule tag-chat tag-communication-animale tag-comportement-felin tag-emotions-felines tag-miaulements\" style=\"\"><div class=\"ub-block-post-grid-image\" style=\"\"><a href=\"https:\/\/planipets.com\/blog\/chat\/bien-vivre-avec-son-chat\/chat-qui-miaule\/miaulements-chat-decryptage-vocalisations-emotions\/\" rel=\"bookmark\" aria-hidden=\"true\" tabindex=\"-1\"><img loading=\"lazy\" decoding=\"async\" width=\"1536\" height=\"1024\" src=\"https:\/\/planipets.com\/blog\/wp-content\/uploads\/2026\/04\/Miaulements-chez-le-chat-Comprendre-les-vocalisations-et-emotions-felines.png\" class=\"attachment-full size-full\" alt=\"\" style=\"max-width: 600px; \" srcset=\"https:\/\/planipets.com\/blog\/wp-content\/uploads\/2026\/04\/Miaulements-chez-le-chat-Comprendre-les-vocalisations-et-emotions-felines.png 1536w, https:\/\/planipets.com\/blog\/wp-content\/uploads\/2026\/04\/Miaulements-chez-le-chat-Comprendre-les-vocalisations-et-emotions-felines-300x200.png 300w, https:\/\/planipets.com\/blog\/wp-content\/uploads\/2026\/04\/Miaulements-chez-le-chat-Comprendre-les-vocalisations-et-emotions-felines-1024x683.png 1024w, https:\/\/planipets.com\/blog\/wp-content\/uploads\/2026\/04\/Miaulements-chez-le-chat-Comprendre-les-vocalisations-et-emotions-felines-768x512.png 768w, https:\/\/planipets.com\/blog\/wp-content\/uploads\/2026\/04\/Miaulements-chez-le-chat-Comprendre-les-vocalisations-et-emotions-felines-150x100.png 150w, https:\/\/planipets.com\/blog\/wp-content\/uploads\/2026\/04\/Miaulements-chez-le-chat-Comprendre-les-vocalisations-et-emotions-felines-450x300.png 450w, https:\/\/planipets.com\/blog\/wp-content\/uploads\/2026\/04\/Miaulements-chez-le-chat-Comprendre-les-vocalisations-et-emotions-felines-1200x800.png 1200w\" sizes=\"(max-width: 1536px) 100vw, 1536px\" title=\"\"><\/a><\/div><div class=\"ub-block-post-grid-text\" style=\"\"><div class=\"ub-block-post-grid-header-content\"><header class=\"ub-block-post-grid-header\"><h2 class=\"ub-block-post-grid-title\"><a style=\"\" href=\"https:\/\/planipets.com\/blog\/chat\/bien-vivre-avec-son-chat\/chat-qui-miaule\/miaulements-chat-decryptage-vocalisations-emotions\/\" rel=\"bookmark\">Miaulements chez le chat : Comprendre les vocalisations et \u00e9motions f\u00e9lines<\/a><\/h2><div class=\"ub-block-post-grid-author\" itemprop=\"author\"><a class=\"ub-text-link\" style=\"\" href=\"https:\/\/planipets.com\/blog\/author\/\" itemprop=\"url\" rel=\"author\"><span itemprop=\"name\"><\/span><\/a><\/div><time datetime=\"2026-04-15T18:53:34+02:00\" class=\"ub-block-post-grid-date\" style=\"\" itemprop=\"datePublished\">2026-04-15<\/time><\/header><\/div><div class=\"ub-block-post-grid-excerpt\"><div class=\"ub-block-post-grid-excerpt-text\" style=\"\"><p># Miaulements chez le chat : d\u00e9cryptage des vocalisations et des \u00e9motions f\u00e9lines Les propri\u00e9taires de chats pensent souvent comprendre parfaitement les miaulements de leur compagnon. Pourtant, les \u00e9tudes scientifiques r\u00e9v\u00e8lent une r\u00e9alit\u00e9 bien plus complexe : chaque son \u00e9mis par votre f\u00e9lin est un message cod\u00e9, influenc\u00e9 par son \u00e9tat \u00e9motionnel, son environnement et\u2026<\/p>\n<\/div><p><a class=\"ub-block-post-grid-more-link ub-text-link\" style=\"\" href=\"https:\/\/planipets.com\/blog\/chat\/bien-vivre-avec-son-chat\/chat-qui-miaule\/miaulements-chat-decryptage-vocalisations-emotions\/\" rel=\"bookmark\">Continue Reading <span class=\"screen-reader-text\">Miaulements chez le chat : Comprendre les vocalisations et \u00e9motions f\u00e9lines<\/span><\/a><\/p><\/div><\/div><\/article>\n<article id=\"post-67315\" class=\"ub-post-grid-item post-67315 post type-post status-publish format-standard has-post-thumbnail category-races-chiens category-adopter-chien category-bien-vivre-avec-son-chien category-comportement-chien\" style=\"\"><div class=\"ub-block-post-grid-image\" style=\"\"><a href=\"https:\/\/planipets.com\/blog\/chien\/races-chiens\/laffenpinscher-infographies-pour-tout-savoir-sur-son-histoire-son-temperament-son-education-son-cout\/\" rel=\"bookmark\" aria-hidden=\"true\" tabindex=\"-1\"><img loading=\"lazy\" decoding=\"async\" width=\"1200\" height=\"600\" src=\"https:\/\/planipets.com\/blog\/wp-content\/uploads\/2026\/03\/affenpinscher-chien-noir-jouet-herbe.jpg\" class=\"attachment-full size-full\" alt=\"Affenpinscher noir allong\u00e9 dans l\u2019herbe avec un jouet orange\" style=\"max-width: 600px; \" srcset=\"https:\/\/planipets.com\/blog\/wp-content\/uploads\/2026\/03\/affenpinscher-chien-noir-jouet-herbe.jpg 1200w, https:\/\/planipets.com\/blog\/wp-content\/uploads\/2026\/03\/affenpinscher-chien-noir-jouet-herbe-300x150.jpg 300w, https:\/\/planipets.com\/blog\/wp-content\/uploads\/2026\/03\/affenpinscher-chien-noir-jouet-herbe-1024x512.jpg 1024w, https:\/\/planipets.com\/blog\/wp-content\/uploads\/2026\/03\/affenpinscher-chien-noir-jouet-herbe-768x384.jpg 768w, https:\/\/planipets.com\/blog\/wp-content\/uploads\/2026\/03\/affenpinscher-chien-noir-jouet-herbe-150x75.jpg 150w, https:\/\/planipets.com\/blog\/wp-content\/uploads\/2026\/03\/affenpinscher-chien-noir-jouet-herbe-450x225.jpg 450w\" sizes=\"(max-width: 1200px) 100vw, 1200px\" title=\"\"><\/a><\/div><div class=\"ub-block-post-grid-text\" style=\"\"><div class=\"ub-block-post-grid-header-content\"><header class=\"ub-block-post-grid-header\"><h2 class=\"ub-block-post-grid-title\"><a style=\"\" href=\"https:\/\/planipets.com\/blog\/chien\/races-chiens\/laffenpinscher-infographies-pour-tout-savoir-sur-son-histoire-son-temperament-son-education-son-cout\/\" rel=\"bookmark\">L\u2019Affenpinscher : infographies pour tout savoir sur son histoire, son temp\u00e9rament, son \u00e9ducation, son co\u00fbt<\/a><\/h2><div class=\"ub-block-post-grid-author\" itemprop=\"author\"><a class=\"ub-text-link\" style=\"\" href=\"https:\/\/planipets.com\/blog\/author\/redaction\/\" itemprop=\"url\" rel=\"author\"><span itemprop=\"name\">The Planipets editorial team<\/span><\/a><\/div><time datetime=\"2026-03-17T12:46:25+01:00\" class=\"ub-block-post-grid-date\" style=\"\" itemprop=\"datePublished\">2026-03-17<\/time><\/header><\/div><div class=\"ub-block-post-grid-excerpt\"><div class=\"ub-block-post-grid-excerpt-text\" style=\"\"><p>L\u2019Affenpinscher, souvent surnomm\u00e9 le \u00ab petit chien-singe \u00bb en raison de son expression faciale unique, est une race de petit chien originaire d\u2019Allemagne. Derri\u00e8re son allure amusante et sa barbe caract\u00e9ristique se cache un compagnon courageux, vif et extr\u00eamement attach\u00e9 \u00e0 ses ma\u00eetres\u2026<\/p>\n<\/div><p><a class=\"ub-block-post-grid-more-link ub-text-link\" style=\"\" href=\"https:\/\/planipets.com\/blog\/chien\/races-chiens\/laffenpinscher-infographies-pour-tout-savoir-sur-son-histoire-son-temperament-son-education-son-cout\/\" rel=\"bookmark\">Continue Reading <span class=\"screen-reader-text\">L\u2019Affenpinscher : infographies pour tout savoir sur son histoire, son temp\u00e9rament, son \u00e9ducation, son co\u00fbt<\/span><\/a><\/p><\/div><\/div><\/article>\n<article id=\"post-67281\" class=\"ub-post-grid-item post-67281 post type-post status-publish format-standard has-post-thumbnail category-comportement-chien category-bien-vivre-avec-son-chien category-conseils-et-vie-quotidienne\" style=\"\"><div class=\"ub-block-post-grid-image\" style=\"\"><a href=\"https:\/\/planipets.com\/blog\/chien\/comportement-chien\/preparer-son-chien-a-attendre-dehors\/\" rel=\"bookmark\" aria-hidden=\"true\" tabindex=\"-1\"><img loading=\"lazy\" decoding=\"async\" width=\"1200\" height=\"675\" src=\"https:\/\/planipets.com\/blog\/wp-content\/uploads\/2025\/12\/Image-en-avant.jpg\" class=\"attachment-full size-full\" alt=\"Illustration d&#039;un propri\u00e9taire enseignant \u00e0 son chien \u00e0 rester calme avant de partir, avec un geste de &quot;reste&quot;. Cr\u00e9dit photo : Planipets\" style=\"max-width: 600px; \" srcset=\"https:\/\/planipets.com\/blog\/wp-content\/uploads\/2025\/12\/Image-en-avant.jpg 1200w, https:\/\/planipets.com\/blog\/wp-content\/uploads\/2025\/12\/Image-en-avant-300x169.jpg 300w, https:\/\/planipets.com\/blog\/wp-content\/uploads\/2025\/12\/Image-en-avant-1024x576.jpg 1024w, https:\/\/planipets.com\/blog\/wp-content\/uploads\/2025\/12\/Image-en-avant-768x432.jpg 768w, https:\/\/planipets.com\/blog\/wp-content\/uploads\/2025\/12\/Image-en-avant-150x84.jpg 150w, https:\/\/planipets.com\/blog\/wp-content\/uploads\/2025\/12\/Image-en-avant-450x253.jpg 450w\" sizes=\"(max-width: 1200px) 100vw, 1200px\" title=\"\"><\/a><\/div><div class=\"ub-block-post-grid-text\" style=\"\"><div class=\"ub-block-post-grid-header-content\"><header class=\"ub-block-post-grid-header\"><h2 class=\"ub-block-post-grid-title\"><a style=\"\" href=\"https:\/\/planipets.com\/blog\/chien\/comportement-chien\/preparer-son-chien-a-attendre-dehors\/\" rel=\"bookmark\">Comment pr\u00e9parer son chien \u00e0 attendre dehors en toute s\u00e9r\u00e9nit\u00e9 ?<\/a><\/h2><div class=\"ub-block-post-grid-author\" itemprop=\"author\"><a class=\"ub-text-link\" style=\"\" href=\"https:\/\/planipets.com\/blog\/author\/redaction\/\" itemprop=\"url\" rel=\"author\"><span itemprop=\"name\">The Planipets editorial team<\/span><\/a><\/div><time datetime=\"2025-12-08T20:52:56+01:00\" class=\"ub-block-post-grid-date\" style=\"\" itemprop=\"datePublished\">2025-12-08<\/time><\/header><\/div><div class=\"ub-block-post-grid-excerpt\"><div class=\"ub-block-post-grid-excerpt-text\" style=\"\"><p>L\u2019attente en ext\u00e9rieur peut \u00eatre une exp\u00e9rience stressante pour certains chiens, surtout si ce moment est associ\u00e9 \u00e0 de l\u2019anxi\u00e9t\u00e9 ou de l\u2019ennui. Pr\u00e9parer son chien \u00e0 attendre dehors en toute s\u00e9r\u00e9nit\u00e9 est essentiel pour sa tranquillit\u00e9 et pour la v\u00f4tre. Cette pr\u00e9paration ne se fait pas du jour au lendemain, mais avec un peu\u2026<\/p>\n<\/div><p><a class=\"ub-block-post-grid-more-link ub-text-link\" style=\"\" href=\"https:\/\/planipets.com\/blog\/chien\/comportement-chien\/preparer-son-chien-a-attendre-dehors\/\" rel=\"bookmark\">Continue Reading <span class=\"screen-reader-text\">Comment pr\u00e9parer son chien \u00e0 attendre dehors en toute s\u00e9r\u00e9nit\u00e9 ?<\/span><\/a><\/p><\/div><\/div><\/article>\n<\/div><\/section>","protected":false},"excerpt":{"rendered":"<p>Ce dimanche 13 avril, les projecteurs seront braqu\u00e9s sur Catus, dans le Lot, o\u00f9 les meilleurs repr\u00e9sentants du berger belge s&#8217;appr\u00eatent \u00e0 fouler le ring. Pour la premi\u00e8re fois, cette petite commune accueillera une comp\u00e9tition d&#8217;envergure enti\u00e8rement d\u00e9di\u00e9e \u00e0 l&#8217;\u00e9l\u00e9gance, \u00e0 la prestance et \u00e0 la perfection morphologique de ces chiens d\u2019exception. Avec plus d&#8217;une<\/p>\n","protected":false},"author":26,"featured_media":55606,"comment_status":"open","ping_status":"open","sticky":false,"template":"","format":"standard","meta":{"_crdt_document":"","footnotes":"","spc_primary_category":0},"categories":[65],"tags":[],"class_list":{"0":"post-55598","1":"post","2":"type-post","3":"status-publish","4":"format-standard","5":"has-post-thumbnail","7":"category-actualite"},"featured_image_src":"https:\/\/planipets.com\/blog\/wp-content\/uploads\/2025\/04\/Catus-accueille-plus-de-100-bergers-belges-ce-dimanche-un-concours-de-beaute-canine-inedit-pour-elire-les-plus-beaux-chiens-de-France.jpg","author_info":{"display_name":"The Planipets editorial team","author_link":"https:\/\/planipets.com\/blog\/author\/redaction\/"},"brizy_media":[],"_links":{"self":[{"href":"https:\/\/planipets.com\/blog\/wp-json\/wp\/v2\/posts\/55598","targetHints":{"allow":["GET"]}}],"collection":[{"href":"https:\/\/planipets.com\/blog\/wp-json\/wp\/v2\/posts"}],"about":[{"href":"https:\/\/planipets.com\/blog\/wp-json\/wp\/v2\/types\/post"}],"author":[{"embeddable":true,"href":"https:\/\/planipets.com\/blog\/wp-json\/wp\/v2\/users\/26"}],"replies":[{"embeddable":true,"href":"https:\/\/planipets.com\/blog\/wp-json\/wp\/v2\/comments?post=55598"}],"version-history":[{"count":0,"href":"https:\/\/planipets.com\/blog\/wp-json\/wp\/v2\/posts\/55598\/revisions"}],"wp:featuredmedia":[{"embeddable":true,"href":"https:\/\/planipets.com\/blog\/wp-json\/wp\/v2\/media\/55606"}],"wp:attachment":[{"href":"https:\/\/planipets.com\/blog\/wp-json\/wp\/v2\/media?parent=55598"}],"wp:term":[{"taxonomy":"category","embeddable":true,"href":"https:\/\/planipets.com\/blog\/wp-json\/wp\/v2\/categories?post=55598"},{"taxonomy":"post_tag","embeddable":true,"href":"https:\/\/planipets.com\/blog\/wp-json\/wp\/v2\/tags?post=55598"}],"curies":[{"name":"wp","href":"https:\/\/api.w.org\/{rel}","templated":true}]}}