{"id":55562,"date":"2025-04-12T16:00:00","date_gmt":"2025-04-12T15:00:00","guid":{"rendered":"https:\/\/planipets.com\/blog\/?p=55562"},"modified":"2025-04-12T15:33:32","modified_gmt":"2025-04-12T14:33:32","slug":"chiens-museles-a-valence-sans-distinction-une-petition-denonce-un-arrete-municipal-juge-absurde-meme-les-petits-chiens-comme-les-chihuahuas-concernes","status":"publish","type":"post","link":"https:\/\/planipets.com\/blog\/actualite\/chiens-museles-a-valence-sans-distinction-une-petition-denonce-un-arrete-municipal-juge-absurde-meme-les-petits-chiens-comme-les-chihuahuas-concernes\/","title":{"rendered":"Chiens musel\u00e9s \u00e0 Valence sans distinction : une p\u00e9tition d\u00e9nonce un arr\u00eat\u00e9 municipal jug\u00e9 absurde, m\u00eame les petits chiens comme les chihuahuas concern\u00e9s"},"content":{"rendered":"\n<p class=\"wp-block-paragraph\">Peut-on vraiment parler de s\u00e9curit\u00e9 quand un chihuahua doit porter une <strong>museli\u00e8re<\/strong> comme un pitbull ? \u00c0 Valence (Dr\u00f4me), un <strong>arr\u00eat\u00e9 municipal<\/strong> de 2012 impose aux ma\u00eetres de chiens des r\u00e8gles strictes, parfois jug\u00e9es grotesques. <strong>Une p\u00e9tition<\/strong> vient de voir le jour pour d\u00e9noncer un r\u00e8glement que beaucoup estiment totalement d\u00e9connect\u00e9 du bon sens. Derri\u00e8re ce texte, c\u2019est tout un d\u00e9bat de soci\u00e9t\u00e9 qui se cristallise : celui de la cohabitation entre s\u00e9curit\u00e9 urbaine et bien-\u00eatre animal. Voici ce qu\u2019il faut savoir.<\/p>\n\n\n<div style=\"background-color: #d9edf7; color: #31708f; border-left-color: #31708f; \" class=\"ub-styled-box ub-notification-box wp-block-ub-styled-box\" id=\"ub-styled-box-3dacc797-ad1e-4964-af98-74846a909fb0\">\n<h2 class=\"wp-block-heading\" id=\"ub-styled-box-notification-content-\">&#8220;Un arr\u00eat\u00e9 d\u2019un autre temps&#8221; : les d\u00e9tenteurs de chiens montent au front<\/h2>\n\n\n<\/div>\n\n\n<p class=\"wp-block-paragraph\">Depuis le <strong>1er avril 2025<\/strong>, une p\u00e9tition lanc\u00e9e par <strong>Jimmy Levacher<\/strong>, conseiller municipal d\u2019opposition \u00e0 <strong>Valence<\/strong> (Dr\u00f4me), relance le d\u00e9bat autour d\u2019un <strong>arr\u00eat\u00e9 municipal datant de 2012<\/strong>. Ce texte impose que <strong>tout chien circulant dans certaines zones de la ville soit musel\u00e9<\/strong>, sans diff\u00e9renciation de taille ou de race. Que ce soit un <strong>rottweiler<\/strong> ou un <strong>caniche<\/strong>, la m\u00eame obligation s\u2019applique.<\/p>\n\n\n\n<p class=\"wp-block-paragraph\">L&#8217;\u00e9lu d&#8217;opposition d\u00e9nonce une mesure qu&#8217;il juge<em> &#8220;anachronique&#8221;<\/em> et surtout inadapt\u00e9e \u00e0 la r\u00e9alit\u00e9 des propri\u00e9taires de chiens aujourd&#8217;hui. Il pointe notamment des incoh\u00e9rences absurdes : l\u2019interdiction de promener <strong>deux chiens en laisse en m\u00eame temps<\/strong> ou encore l\u2019obligation de museler des races non dangereuses.<\/p>\n\n\n<div style=\"background-color: #f7f7f7; color: #31708f; border-left-color: #31708f; \" class=\"ub-styled-box ub-notification-box wp-block-ub-styled-box\" id=\"ub-styled-box-ff843d2d-e8cb-41a6-9e34-493a5ef829ab\">\n<p class=\"wp-block-paragraph\" id=\"ub-styled-box-notification-content-\"><strong>Pourrait vous int\u00e9resser : <\/strong> <a href=\"https:\/\/planipets.com\/blog\/actualite\/choc-fiscal-2025-120e-an-pour-un-chien-80e-pour-un-chat-la-france-ressuscite-une-taxe-supprimee-en-1971-debat-explosif-en-vue\/\">Choc fiscal 2025 : 120\u20ac\/an pour un chien, 80\u20ac pour un chat \u2013 La France ressuscite une taxe supprim\u00e9e en 1971, d\u00e9bat explosif en vue<\/a><\/p>\n\n\n<\/div>\n\n<div style=\"background-color: #dff0d8; color: #3c763d; border-left-color: #3c763d; \" class=\"ub-styled-box ub-notification-box wp-block-ub-styled-box\" id=\"ub-styled-box-a4a8d03a-1573-4ddb-ac5a-b4c888c2838e\">\n<h2 class=\"wp-block-heading\" id=\"ub-styled-box-notification-content-\">&#8220;Museli\u00e8re obligatoire pour les chihuahuas&#8221; : quand la loi devient kafka\u00efenne<\/h2>\n\n\n<\/div>\n\n\n<iframe src=\"https:\/\/www.facebook.com\/plugins\/video.php?height=476&#038;href=https%3A%2F%2Fweb.facebook.com%2Fjimmy.calidrome%2Fvideos%2F665061315897676%2F&#038;show_text=false&#038;width=476&#038;t=0\" width=\"476\" height=\"476\" style=\"border:none;overflow:hidden\" scrolling=\"no\" frameborder=\"0\" allowfullscreen=\"true\" allow=\"autoplay; clipboard-write; encrypted-media; picture-in-picture; web-share\" allowFullScreen=\"true\"><\/iframe>\n\n\n\n<p class=\"wp-block-paragraph\"><br>Ce que d\u00e9nonce la p\u00e9tition, c\u2019est <strong>l\u2019absence totale de discernement<\/strong> dans l\u2019application de la loi. Un chihuahua ou un spitz de moins de 3 kg doit porter une museli\u00e8re au m\u00eame titre qu&#8217;un malinois. Une contrainte que Jimmy Levacher juge absurde et d\u00e9connect\u00e9e des enjeux r\u00e9els de s\u00e9curit\u00e9 publique.<\/p>\n\n\n\n<blockquote class=\"wp-block-quote is-layout-flow wp-block-quote-is-layout-flow\">\n<p class=\"wp-block-paragraph\"><em>&#8220;Si l\u2019on peut comprendre la n\u00e9cessit\u00e9 de prot\u00e9ger nos concitoyens, il est essentiel de faire une place \u00e0 nos amis canins qui sont souvent une source d\u2019apaisement, de sant\u00e9 et de confort&#8221;<\/em>, insiste-t-il dans la p\u00e9tition.<\/p>\n<\/blockquote>\n\n\n\n<p class=\"wp-block-paragraph\">Cette situation soul\u00e8ve un v\u00e9ritable malaise chez de nombreux propri\u00e9taires de chiens qui, <strong>comme Cyril interrog\u00e9 par Ici<\/strong>, se demandent s\u2019ils doivent promener leurs deux animaux l\u2019un apr\u00e8s l\u2019autre ou les abandonner \u00e0 leur sort.<\/p>\n\n\n\n<p class=\"wp-block-paragraph\"><\/p>\n\n\n<div style=\"background-color: #d9edf7; color: #31708f; border-left-color: #31708f; \" class=\"ub-styled-box ub-notification-box wp-block-ub-styled-box\" id=\"ub-styled-box-f54b655b-2705-4f9d-865a-16e46a1505e9\">\n<h2 class=\"wp-block-heading\" id=\"ub-styled-box-notification-content-\">&#8220;Une loi pens\u00e9e pour exclure les SDF&#8221; ? La parole aux associations<\/h2>\n\n\n<\/div>\n\n\n<p class=\"wp-block-paragraph\">La critique va plus loin. <strong>Laetitia Hautreux<\/strong>, pr\u00e9sidente de l\u2019association <strong>Chats M\u00e9li-Melo<\/strong>, estime que cet arr\u00eat\u00e9 a \u00e9t\u00e9 mis en place \u00ab pour emb\u00eater les SDF avec des chiens \u00bb. Une d\u00e9claration forte, qui souligne le potentiel <strong>discriminatoire<\/strong> de ce r\u00e8glement.<\/p>\n\n\n\n<p class=\"wp-block-paragraph\">L\u2019application stricte de cette loi par certains agents municipaux est aussi point\u00e9e du doigt. L\u2019activisme de <em>&#8220;fonctionnaires z\u00e9l\u00e9s&#8221;<\/em> est critiqu\u00e9, renfor\u00e7ant le sentiment d\u2019injustice parmi les habitants.<\/p>\n\n\n<div style=\"background-color: #f7f7f7; color: #31708f; border-left-color: #31708f; \" class=\"ub-styled-box ub-notification-box wp-block-ub-styled-box\" id=\"ub-styled-box-fb3d092a-4927-4a94-97dc-7c3be5124144\">\n<p class=\"wp-block-paragraph\" id=\"ub-styled-box-notification-content-\"><strong>Pourrait vous int\u00e9resser : <\/strong> <a href=\"https:\/\/planipets.com\/blog\/actualite\/disparu-depuis-2018-retrouve-a-250-km-lincroyable-epopee-de-petzi-le-chien-roumain-rescape-de-la-rue\/\">Disparu depuis 2018, retrouv\u00e9 \u00e0 250 km : l\u2019incroyable \u00e9pop\u00e9e de Petzi, le chien roumain rescap\u00e9 de la rue<\/a><\/p>\n\n\n<\/div>\n\n\n<p class=\"wp-block-paragraph\"><\/p>\n\n\n<div style=\"background-color: #dff0d8; color: #3c763d; border-left-color: #3c763d; \" class=\"ub-styled-box ub-notification-box wp-block-ub-styled-box\" id=\"ub-styled-box-43587efe-67a9-4cb5-b157-5956015d9084\">\n<h2 class=\"wp-block-heading\" id=\"ub-styled-box-notification-content-\">Le maire campe sur ses positions : &#8220;Je maintiens des conditions strictes&#8221;<\/h2>\n\n\n<\/div>\n\n\n<figure class=\"wp-block-image size-large\"><img fetchpriority=\"high\" decoding=\"async\" width=\"1024\" height=\"1024\" src=\"https:\/\/planipets.com\/blog\/wp-content\/uploads\/2025\/04\/Chiens-museles-a-Valence-sans-distinction-une-petition-denonce-un-arrete-municipal-juge-absurde-meme-les-petits-chiens-comme-les-chihuahuas-concernes-1-1024x1024.jpg\" alt=\"Un homme debout tenant deux petits chiens musel\u00e9s en laisse, dans un cadre urbain flou \u00e0 l\u2019arri\u00e8re-plan\" class=\"wp-image-55566\" title=\"\" srcset=\"https:\/\/planipets.com\/blog\/wp-content\/uploads\/2025\/04\/Chiens-museles-a-Valence-sans-distinction-une-petition-denonce-un-arrete-municipal-juge-absurde-meme-les-petits-chiens-comme-les-chihuahuas-concernes-1-1024x1024.jpg 1024w, https:\/\/planipets.com\/blog\/wp-content\/uploads\/2025\/04\/Chiens-museles-a-Valence-sans-distinction-une-petition-denonce-un-arrete-municipal-juge-absurde-meme-les-petits-chiens-comme-les-chihuahuas-concernes-1-300x300.jpg 300w, https:\/\/planipets.com\/blog\/wp-content\/uploads\/2025\/04\/Chiens-museles-a-Valence-sans-distinction-une-petition-denonce-un-arrete-municipal-juge-absurde-meme-les-petits-chiens-comme-les-chihuahuas-concernes-1-150x150.jpg 150w, https:\/\/planipets.com\/blog\/wp-content\/uploads\/2025\/04\/Chiens-museles-a-Valence-sans-distinction-une-petition-denonce-un-arrete-municipal-juge-absurde-meme-les-petits-chiens-comme-les-chihuahuas-concernes-1-768x768.jpg 768w, https:\/\/planipets.com\/blog\/wp-content\/uploads\/2025\/04\/Chiens-museles-a-Valence-sans-distinction-une-petition-denonce-un-arrete-municipal-juge-absurde-meme-les-petits-chiens-comme-les-chihuahuas-concernes-1-450x450.jpg 450w, https:\/\/planipets.com\/blog\/wp-content\/uploads\/2025\/04\/Chiens-museles-a-Valence-sans-distinction-une-petition-denonce-un-arrete-municipal-juge-absurde-meme-les-petits-chiens-comme-les-chihuahuas-concernes-1-1200x1200.jpg 1200w, https:\/\/planipets.com\/blog\/wp-content\/uploads\/2025\/04\/Chiens-museles-a-Valence-sans-distinction-une-petition-denonce-un-arrete-municipal-juge-absurde-meme-les-petits-chiens-comme-les-chihuahuas-concernes-1-96x96.jpg 96w, https:\/\/planipets.com\/blog\/wp-content\/uploads\/2025\/04\/Chiens-museles-a-Valence-sans-distinction-une-petition-denonce-un-arrete-municipal-juge-absurde-meme-les-petits-chiens-comme-les-chihuahuas-concernes-1.jpg 1300w\" sizes=\"(max-width: 1024px) 100vw, 1024px\" \/><figcaption class=\"wp-element-caption\">Deux chiens musel\u00e9s promen\u00e9s en laisse par leur propri\u00e9taire dans un environnement urbain<\/figcaption><\/figure>\n\n\n\n<p class=\"wp-block-paragraph\">Face \u00e0 la p\u00e9tition et aux critiques, le maire de Valence, <strong>Nicolas Daragon<\/strong>, a r\u00e9pondu sur les ondes d\u2019une radio locale. Il se montre inflexible :<\/p>\n\n\n\n<blockquote class=\"wp-block-quote is-layout-flow wp-block-quote-is-layout-flow\">\n<p class=\"wp-block-paragraph\"><em>&#8220;Je sais que ma police municipale est efficace et pleine de discernement.&#8221;<\/em><\/p>\n<\/blockquote>\n\n\n\n<p class=\"wp-block-paragraph\">Il rappelle deux incidents r\u00e9cents pour justifier sa position : un <strong>chien guide d&#8217;aveugle attaqu\u00e9<\/strong> par des chiens non tenus en laisse, et <strong>le d\u00e9c\u00e8s d&#8217;un petit chien<\/strong> suite \u00e0 une attaque. Ces faits divers ont \u00e9mu la population, mais posent la question de <strong>l\u2019efficacit\u00e9 des mesures g\u00e9n\u00e9ralis\u00e9es<\/strong> versus des contr\u00f4les cibl\u00e9s.<\/p>\n\n\n\n<p class=\"wp-block-paragraph\"><\/p>\n\n\n<div style=\"background-color: #d9edf7; color: #31708f; border-left-color: #31708f; \" class=\"ub-styled-box ub-notification-box wp-block-ub-styled-box\" id=\"ub-styled-box-e904fede-d518-46ab-8252-09c6592ccf7a\">\n<h2 class=\"wp-block-heading\" id=\"ub-styled-box-notification-content-\">Une mesure unique en France ? Un arr\u00eat\u00e9 isol\u00e9 et statistiquement marginal<\/h2>\n\n\n<\/div>\n\n\n<p class=\"wp-block-paragraph\">Selon <a href=\"https:\/\/actu.fr\/auvergne-rhone-alpes\/valence_26362\/eviter-de-criminaliser-tout-detenteur-de-chien-une-petition-lancee-a-valence-contre-un-arrete-de-2012_62498408.html\" target=\"_blank\" rel=\"noopener\">actu.fr<\/a>, cette r\u00e9glementation semble \u00eatre une exception en France. Les donn\u00e9es nationales indiquent que <strong>moins de 1% des communes fran\u00e7aises<\/strong> imposent une museli\u00e8re sans distinction de race ou de taille. En comparaison, <strong>Paris ou Lyon<\/strong> se limitent aux obligations d\u00e9finies par la loi de 2008 sur les chiens dits &#8220;dangereux&#8221; (cat\u00e9gories 1 et 2).<\/p>\n\n\n\n<p class=\"wp-block-paragraph\">Les chiens repr\u00e9sentent aujourd\u2019hui <strong>plus de 7,5 millions de compagnons<\/strong> en France selon la <a href=\"https:\/\/www.facco.fr\/qui-possede-un-chien-en-france\/\" target=\"_blank\" rel=\"noopener\">FACCO<\/a> , et une large partie des adoptants optent pour des races non agressives. L\u2019exemple valentinois appara\u00eet donc comme un <strong>cas isol\u00e9<\/strong>, d\u2019autant plus surprenant qu\u2019il touche indistinctement toute une population canine.<\/p>\n\n\n<div style=\"background-color: #f7f7f7; color: #31708f; border-left-color: #31708f; \" class=\"ub-styled-box ub-notification-box wp-block-ub-styled-box\" id=\"ub-styled-box-14a2cb40-3785-408a-adf9-895551627e48\">\n<p class=\"wp-block-paragraph\" id=\"ub-styled-box-notification-content-\"><strong>Pourrait vous int\u00e9resser : <\/strong> <a href=\"https:\/\/planipets.com\/blog\/actualite\/bruxelles-accueille-woofstock-2025-le-plus-grand-festival-pour-chiens-revient-avec-activites-bien-etre-reiki-piscines-et-dog-dancing\/\">Bruxelles accueille Woofstock 2025 : le plus grand festival pour chiens revient avec activit\u00e9s bien-\u00eatre, reiki, piscines et dog dancing<\/a><\/p>\n\n\n<\/div>\n\n\n<p class=\"wp-block-paragraph\"><\/p>\n\n\n<div style=\"background-color: #dff0d8; color: #3c763d; border-left-color: #3c763d; \" class=\"ub-styled-box ub-notification-box wp-block-ub-styled-box\" id=\"ub-styled-box-547b279a-5aeb-4b75-899b-621c1c8a683c\">\n<h2 class=\"wp-block-heading\" id=\"ub-styled-box-notification-content-\">Ce que dit la science : les bienfaits m\u00e9dicaux et sociaux du chien ignor\u00e9s<\/h2>\n\n\n<\/div>\n\n\n<p class=\"wp-block-paragraph\">De nombreuses \u00e9tudes scientifiques soulignent que <strong>la pr\u00e9sence d\u2019un chien r\u00e9duit le stress, am\u00e9liore la sant\u00e9 mentale et encourage l\u2019activit\u00e9 physique<\/strong>. Imposer la museli\u00e8re et limiter les promenades peut donc avoir un <strong>impact direct sur la sant\u00e9 publique<\/strong>.<\/p>\n\n\n\n<p class=\"wp-block-paragraph\">L&#8217;OMS reconna\u00eet m\u00eame que la compagnie animale est un facteur cl\u00e9 de lutte contre la solitude, notamment chez les seniors. Une r\u00e9glementation trop stricte pourrait donc, paradoxalement, <strong>nuire \u00e0 la coh\u00e9sion sociale et au bien-\u00eatre des citoyens<\/strong>.<\/p>\n\n\n\n<p class=\"wp-block-paragraph\"><\/p>\n\n\n<div style=\"background-color: #f7f7f7; color: #31708f; border-left-color: #31708f; \" class=\"ub-styled-box ub-notification-box wp-block-ub-styled-box\" id=\"ub-styled-box-7f9f7ca0-4ced-48a4-9d86-ba476fa8a615\">\n<p class=\"wp-block-paragraph\" id=\"ub-styled-box-notification-content-\"><strong>Pourrait vous int\u00e9resser : <\/strong><a href=\"https:\/\/planipets.com\/blog\/actualite\/chateau-thierry-un-evenement-pour-les-amoureux-des-chiens-qui-cartonne-dans-laisne-avec-animations-concours-et-cani-sport\/\"> Ch\u00e2teau-Thierry : un \u00e9v\u00e9nement pour les amoureux des chiens qui cartonne dans l\u2019Aisne avec animations, concours et cani-sport<\/a><\/p>\n\n\n<\/div>\n\n<div style=\"background-color: #d9edf7; color: #31708f; border-left-color: #31708f; \" class=\"ub-styled-box ub-notification-box wp-block-ub-styled-box\" id=\"ub-styled-box-235acb44-ee5a-4fbf-82ec-3657a58de43c\">\n<h2 class=\"wp-block-heading\" id=\"ub-styled-box-notification-content-\">Valence doit-elle revoir sa copie ?<\/h2>\n\n\n<\/div>\n\n\n<p class=\"wp-block-paragraph\">Ce dossier met en lumi\u00e8re un <strong>arr\u00eat municipal<\/strong> rest\u00e9 fig\u00e9 alors que la soci\u00e9t\u00e9 et les pratiques canines ont \u00e9volu\u00e9. Imposer les m\u00eames contraintes \u00e0 un chihuahua et \u00e0 un berger allemand interroge autant qu\u2019il agace. La s\u00e9curit\u00e9, oui \u2014 mais avec discernement.<\/p>\n\n\n\n<p class=\"wp-block-paragraph\">Depuis le 1 avril, la p\u00e9tition soul\u00e8ve une question tr\u00e8s concr\u00e8te : pourquoi appliquer une r\u00e8gle uniforme qui ignore le gabarit, le comportement et la situation de l\u2019animal ?<\/p>\n\n\n\n<p class=\"wp-block-paragraph\">Pour l&#8217;heure, la municipalit\u00e9 ne bouge pas. Mais sur le terrain, les voix s\u2019\u00e9l\u00e8vent de plus en plus fort pour r\u00e9clamer une mise \u00e0 jour du cadre r\u00e9glementaire.<\/p>\n\n\n\n<p class=\"wp-block-paragraph\"><\/p>\n\n\n\n<h2 class=\"wp-block-heading\">C&#8217;est en partageant qu&#8217;on fait bouger les lignes . Partagez \u00e7a sur vos r\u00e9seaux&nbsp;<\/h2>\n\n\n<div class=\"wp-block-ub-social-share\" id=\"ub-social-share-b7c9168c-8a41-4c3b-b46a-1dca850c145c\">\n\t\t\t<div class=\"social-share-icons align-icons-left orientation-icons-row\"><a aria-label=\"facebook-logo\" target=\"_blank\" rel=\"nofollow\" href=\"https:\/\/www.facebook.com\/sharer\/sharer.php?u=https%3A%2F%2Fplanipets.com%2Fblog%2Factualite%2Fchiens-museles-a-valence-sans-distinction-une-petition-denonce-un-arrete-municipal-juge-absurde-meme-les-petits-chiens-comme-les-chihuahuas-concernes%2F&amp;title=Chiens%20musel%C3%A9s%20%C3%A0%20Valence%20sans%20distinction%20%3A%20une%20p%C3%A9tition%20d%C3%A9nonce%20un%20arr%C3%AAt%C3%A9%20municipal%20jug%C3%A9%20absurde%2C%20m%C3%AAme%20les%20petits%20chiens%20comme%20les%20chihuahuas%20concern%C3%A9s\" class=\"ub-social-share-facebook-container\" style=\"border-color: #1877f2; background-color: transparent; box-shadow: none; \">\n\t\t\t\t<span class=\"social-share-icon ub-social-share-facebook\" style=\"width: 30px; height: 30px; \"><svg xmlns=\"http:\/\/www.w3.org\/2000\/svg\" style=\"fill:#1877f2\" fill=\"#1877f2\" width=\"20\" height=\"20\" viewbox=\"0 0 264 512\"><path d=\"M76.7 512V283H0v-91h76.7v-71.7C76.7 42.4 124.3 0 193.8 0c33.3 0 61.9 2.5 70.2 3.6V85h-48.2c-37.8 0-45.1 18-45.1 44.3V192H256l-11.7 91h-73.6v229\"><\/path><\/svg><\/span><span style=\"\">share<\/span>\n\t\t\t<\/a><a aria-label=\"twitter-logo\" target=\"_blank\" rel=\"nofollow\" href=\"http:\/\/twitter.com\/intent\/tweet?url=https%3A%2F%2Fplanipets.com%2Fblog%2Factualite%2Fchiens-museles-a-valence-sans-distinction-une-petition-denonce-un-arrete-municipal-juge-absurde-meme-les-petits-chiens-comme-les-chihuahuas-concernes%2F&amp;text=Chiens%20musel%C3%A9s%20%C3%A0%20Valence%20sans%20distinction%20%3A%20une%20p%C3%A9tition%20d%C3%A9nonce%20un%20arr%C3%AAt%C3%A9%20municipal%20jug%C3%A9%20absurde%2C%20m%C3%AAme%20les%20petits%20chiens%20comme%20les%20chihuahuas%20concern%C3%A9s\" class=\"ub-social-share-twitter-container\" style=\"border-color: #1d9bf0; background-color: transparent; box-shadow: none; \">\n\t\t\t\t<span class=\"social-share-icon ub-social-share-twitter\" style=\"width: 30px; height: 30px; \"><svg xmlns=\"http:\/\/www.w3.org\/2000\/svg\" style=\"color:#1d9BF0\" fill=\"#1d9BF0\" width=\"20\" height=\"20\" viewbox=\"0 0 24 24\"><path d=\"M18.901 1.153h3.68l-8.04 9.19L24 22.846h-7.406l-5.8-7.584l-6.638 7.584H.474l8.6-9.83L0 1.154h7.594l5.243 6.932ZM17.61 20.644h2.039L6.486 3.24H4.298Z\"><\/path><\/svg><\/span><span style=\"\">tweet<\/span>\n\t\t\t<\/a><a aria-label=\"linkedin-logo\" target=\"_blank\" rel=\"nofollow\" href=\"https:\/\/www.linkedin.com\/sharing\/share-offsite\/?url=https%3A%2F%2Fplanipets.com%2Fblog%2Factualite%2Fchiens-museles-a-valence-sans-distinction-une-petition-denonce-un-arrete-municipal-juge-absurde-meme-les-petits-chiens-comme-les-chihuahuas-concernes%2F\" class=\"ub-social-share-linkedin-container\" style=\"border-color: #2867b2; background-color: transparent; box-shadow: none; \">\n\t\t\t\t<span class=\"social-share-icon ub-social-share-linkedin\" style=\"width: 30px; height: 30px; \"><svg xmlns=\"http:\/\/www.w3.org\/2000\/svg\" style=\"fill:#2867b2\" fill=\"#2867b2\" width=\"20\" height=\"20\" viewbox=\"0 0 448 512\"><path d=\"M100.3 480H7.4V180.9h92.9V480zM53.8 140.1C24.1 140.1 0 115.5 0 85.8 0 56.1 24.1 32 53.8 32c29.7 0 53.8 24.1 53.8 53.8 0 29.7-24.1 54.3-53.8 54.3zM448 480h-92.7V334.4c0-34.7-.7-79.2-48.3-79.2-48.3 0-55.7 37.7-55.7 76.7V480h-92.8V180.9h89.1v40.8h1.3c12.4-23.5 42.7-48.3 87.9-48.3 94 0 111.3 61.9 111.3 142.3V480z\"><\/path><\/svg><\/span><span style=\"\">share<\/span>\n\t\t\t<\/a><a aria-label=\"pinterest-logo\" target=\"_blank\" rel=\"nofollow\" href=\"https:\/\/pinterest.com\/pin\/create\/button\/?&amp;url=https%3A%2F%2Fplanipets.com%2Fblog%2Factualite%2Fchiens-museles-a-valence-sans-distinction-une-petition-denonce-un-arrete-municipal-juge-absurde-meme-les-petits-chiens-comme-les-chihuahuas-concernes%2F&amp;description=Chiens%20musel%C3%A9s%20%C3%A0%20Valence%20sans%20distinction%20%3A%20une%20p%C3%A9tition%20d%C3%A9nonce%20un%20arr%C3%AAt%C3%A9%20municipal%20jug%C3%A9%20absurde%2C%20m%C3%AAme%20les%20petits%20chiens%20comme%20les%20chihuahuas%20concern%C3%A9s&amp;media=https:\/\/planipets.com\/blog\/wp-content\/uploads\/2025\/04\/Chiens-museles-a-Valence-sans-distinction-une-petition-denonce-un-arrete-municipal-juge-absurde-meme-les-petits-chiens-comme-les-chihuahuas-concernes-1024x683.jpg\" class=\"ub-social-share-pinterest-container\" style=\"border-color: #e60023; background-color: transparent; box-shadow: none; \">\n\t\t\t\t<span class=\"social-share-icon ub-social-share-pinterest\" style=\"width: 30px; height: 30px; \"><svg xmlns=\"http:\/\/www.w3.org\/2000\/svg\" style=\"fill:#e60023\" fill=\"#e60023\" width=\"20\" height=\"20\" viewbox=\"0 0 384 512\"><path d=\"M204 6.5C101.4 6.5 0 74.9 0 185.6 0 256 39.6 296 63.6 296c9.9 0 15.6-27.6 15.6-35.4 0-9.3-23.7-29.1-23.7-67.8 0-80.4 61.2-137.4 140.4-137.4 68.1 0 118.5 38.7 118.5 109.8 0 53.1-21.3 152.7-90.3 152.7-24.9 0-46.2-18-46.2-43.8 0-37.8 26.4-74.4 26.4-113.4 0-66.2-93.9-54.2-93.9 25.8 0 16.8 2.1 35.4 9.6 50.7-13.8 59.4-42 147.9-42 209.1 0 18.9 2.7 37.5 4.5 56.4 3.4 3.8 1.7 3.4 6.9 1.5 50.4-69 48.6-82.5 71.4-172.8 12.3 23.4 44.1 36 69.3 36 106.2 0 153.9-103.5 153.9-196.8C384 71.3 298.2 6.5 204 6.5z\"><\/path><\/svg><\/span><span style=\"\">pin<\/span>\n\t\t\t<\/a><a aria-label=\"reddit-logo\" target=\"_blank\" rel=\"nofollow\" href=\"http:\/\/www.reddit.com\/submit?url=https%3A%2F%2Fplanipets.com%2Fblog%2Factualite%2Fchiens-museles-a-valence-sans-distinction-une-petition-denonce-un-arrete-municipal-juge-absurde-meme-les-petits-chiens-comme-les-chihuahuas-concernes%2F&amp;title=Chiens%20musel%C3%A9s%20%C3%A0%20Valence%20sans%20distinction%20%3A%20une%20p%C3%A9tition%20d%C3%A9nonce%20un%20arr%C3%AAt%C3%A9%20municipal%20jug%C3%A9%20absurde%2C%20m%C3%AAme%20les%20petits%20chiens%20comme%20les%20chihuahuas%20concern%C3%A9s\" class=\"ub-social-share-reddit-container\" style=\"border-color: #ff4500; background-color: transparent; box-shadow: none; \">\n\t\t\t\t<span class=\"social-share-icon ub-social-share-reddit\" style=\"width: 30px; height: 30px; \"><svg xmlns=\"http:\/\/www.w3.org\/2000\/svg\" style=\"fill:#ff4500\" fill=\"#ff4500\" width=\"20\" height=\"20\" viewbox=\"0 0 512 512\"><path d=\"M440.3 203.5c-15 0-28.2 6.2-37.9 15.9-35.7-24.7-83.8-40.6-137.1-42.3L293 52.3l88.2 19.8c0 21.6 17.6 39.2 39.2 39.2 22 0 39.7-18.1 39.7-39.7s-17.6-39.7-39.7-39.7c-15.4 0-28.7 9.3-35.3 22l-97.4-21.6c-4.9-1.3-9.7 2.2-11 7.1L246.3 177c-52.9 2.2-100.5 18.1-136.3 42.8-9.7-10.1-23.4-16.3-38.4-16.3-55.6 0-73.8 74.6-22.9 100.1-1.8 7.9-2.6 16.3-2.6 24.7 0 83.8 94.4 151.7 210.3 151.7 116.4 0 210.8-67.9 210.8-151.7 0-8.4-.9-17.2-3.1-25.1 49.9-25.6 31.5-99.7-23.8-99.7zM129.4 308.9c0-22 17.6-39.7 39.7-39.7 21.6 0 39.2 17.6 39.2 39.7 0 21.6-17.6 39.2-39.2 39.2-22 .1-39.7-17.6-39.7-39.2zm214.3 93.5c-36.4 36.4-139.1 36.4-175.5 0-4-3.5-4-9.7 0-13.7 3.5-3.5 9.7-3.5 13.2 0 27.8 28.5 120 29 149 0 3.5-3.5 9.7-3.5 13.2 0 4.1 4 4.1 10.2.1 13.7zm-.8-54.2c-21.6 0-39.2-17.6-39.2-39.2 0-22 17.6-39.7 39.2-39.7 22 0 39.7 17.6 39.7 39.7-.1 21.5-17.7 39.2-39.7 39.2z\"><\/path><\/svg><\/span><span style=\"\">post<\/span>\n\t\t\t<\/a><a aria-label=\"tumblr-logo\" target=\"_blank\" rel=\"nofollow\" href=\"https:\/\/www.tumblr.com\/widgets\/share\/tool?canonicalUrl=https%3A%2F%2Fplanipets.com%2Fblog%2Factualite%2Fchiens-museles-a-valence-sans-distinction-une-petition-denonce-un-arrete-municipal-juge-absurde-meme-les-petits-chiens-comme-les-chihuahuas-concernes%2F&amp;title=Chiens%20musel%C3%A9s%20%C3%A0%20Valence%20sans%20distinction%20%3A%20une%20p%C3%A9tition%20d%C3%A9nonce%20un%20arr%C3%AAt%C3%A9%20municipal%20jug%C3%A9%20absurde%2C%20m%C3%AAme%20les%20petits%20chiens%20comme%20les%20chihuahuas%20concern%C3%A9s\" class=\"ub-social-share-tumblr-container\" style=\"border-color: #001935; background-color: transparent; box-shadow: none; \">\n\t\t\t\t<span class=\"social-share-icon ub-social-share-tumblr\" style=\"width: 30px; height: 30px; \"><svg xmlns=\"http:\/\/www.w3.org\/2000\/svg\" style=\"fill:#001935\" fill=\"#001935\" width=\"20\" height=\"20\" viewbox=\"0 0 320 512\"><path d=\"M309.8 480.3c-13.6 14.5-50 31.7-97.4 31.7-120.8 0-147-88.8-147-140.6v-144H17.9c-5.5 0-10-4.5-10-10v-68c0-7.2 4.5-13.6 11.3-16 62-21.8 81.5-76 84.3-117.1.8-11 6.5-16.3 16.1-16.3h70.9c5.5 0 10 4.5 10 10v115.2h83c5.5 0 10 4.4 10 9.9v81.7c0 5.5-4.5 10-10 10h-83.4V360c0 34.2 23.7 53.6 68 35.8 4.8-1.9 9-3.2 12.7-2.2 3.5.9 5.8 3.4 7.4 7.9l22 64.3c1.8 5 3.3 10.6-.4 14.5z\"><\/path><\/svg><\/span><span style=\"\">share<\/span>\n\t\t\t<\/a><\/div>\n\t\t<\/div>\n\n\n<p class=\"wp-block-paragraph\"><\/p>\n\n\n\n<h2 class=\"wp-block-heading\">Nos lecteurs n&#8217;en sont pas rest\u00e9s l\u00e0 . Ils ont craqu\u00e9 pour ces autres sujets<\/h2>\n\n\n<section class=\"wp-block-ub-post-grid ub-block-post-grid align  is-equal-height preserve-post-image-aspect-ratio\" style=\"\" id=\"ub-post-grid-\"><div class=\"ub-post-grid-items is-grid columns-2\" style=\"row-gap: 32px; column-gap: 32px; \"><article id=\"post-67404\" class=\"ub-post-grid-item post-67404 post type-post status-publish format-standard has-post-thumbnail category-comportement-chien category-accessoires category-adopter-chien tag-animaux tag-chien tag-education tag-fugue tag-securite\" style=\"\"><div class=\"ub-block-post-grid-image\" style=\"\"><a href=\"https:\/\/planipets.com\/blog\/chien\/comportement-chien\/retrouver-chien-fugueur-2\/\" rel=\"bookmark\" aria-hidden=\"true\" tabindex=\"-1\"><img decoding=\"async\" width=\"1536\" height=\"1024\" src=\"https:\/\/planipets.com\/blog\/wp-content\/uploads\/2026\/04\/Comment-retrouver-rapidement-votre-chien-fugueur-et-eviter-les-recidives-2.png\" class=\"attachment-full size-full\" alt=\"\" style=\"max-width: 600px; \" srcset=\"https:\/\/planipets.com\/blog\/wp-content\/uploads\/2026\/04\/Comment-retrouver-rapidement-votre-chien-fugueur-et-eviter-les-recidives-2.png 1536w, https:\/\/planipets.com\/blog\/wp-content\/uploads\/2026\/04\/Comment-retrouver-rapidement-votre-chien-fugueur-et-eviter-les-recidives-2-300x200.png 300w, https:\/\/planipets.com\/blog\/wp-content\/uploads\/2026\/04\/Comment-retrouver-rapidement-votre-chien-fugueur-et-eviter-les-recidives-2-1024x683.png 1024w, https:\/\/planipets.com\/blog\/wp-content\/uploads\/2026\/04\/Comment-retrouver-rapidement-votre-chien-fugueur-et-eviter-les-recidives-2-768x512.png 768w, https:\/\/planipets.com\/blog\/wp-content\/uploads\/2026\/04\/Comment-retrouver-rapidement-votre-chien-fugueur-et-eviter-les-recidives-2-150x100.png 150w, https:\/\/planipets.com\/blog\/wp-content\/uploads\/2026\/04\/Comment-retrouver-rapidement-votre-chien-fugueur-et-eviter-les-recidives-2-450x300.png 450w, https:\/\/planipets.com\/blog\/wp-content\/uploads\/2026\/04\/Comment-retrouver-rapidement-votre-chien-fugueur-et-eviter-les-recidives-2-1200x800.png 1200w\" sizes=\"(max-width: 1536px) 100vw, 1536px\" title=\"\"><\/a><\/div><div class=\"ub-block-post-grid-text\" style=\"\"><div class=\"ub-block-post-grid-header-content\"><header class=\"ub-block-post-grid-header\"><h2 class=\"ub-block-post-grid-title\"><a style=\"\" href=\"https:\/\/planipets.com\/blog\/chien\/comportement-chien\/retrouver-chien-fugueur-2\/\" rel=\"bookmark\">Comment retrouver rapidement votre chien fugueur et \u00e9viter les r\u00e9cidives<\/a><\/h2><div class=\"ub-block-post-grid-author\" itemprop=\"author\"><a class=\"ub-text-link\" style=\"\" href=\"https:\/\/planipets.com\/blog\/author\/redaction\/\" itemprop=\"url\" rel=\"author\"><span itemprop=\"name\">The Planipets editorial team<\/span><\/a><\/div><time datetime=\"2026-04-28T09:11:07+02:00\" class=\"ub-block-post-grid-date\" style=\"\" itemprop=\"datePublished\">2026-04-28<\/time><\/header><\/div><div class=\"ub-block-post-grid-excerpt\"><div class=\"ub-block-post-grid-excerpt-text\" style=\"\"><p>\u2726 L\u2019essentiel Il ne faut parfois qu\u2019un instant d\u2019inattention \u2014 une porti\u00e8re qui claque, un bruit inattendu \u2014 pour que votre chien disparaisse. Le vide s\u2019installe, l\u2019angoisse serre la gorge. Tout bascule en une fraction de seconde. En bref : N\u2019importe quel ma\u00eetre peut \u00eatre confront\u00e9 \u00e0 la fugue, peu importe le caract\u00e8re de son\u2026<\/p>\n<\/div><p><a class=\"ub-block-post-grid-more-link ub-text-link\" style=\"\" href=\"https:\/\/planipets.com\/blog\/chien\/comportement-chien\/retrouver-chien-fugueur-2\/\" rel=\"bookmark\">Continue Reading <span class=\"screen-reader-text\">Comment retrouver rapidement votre chien fugueur et \u00e9viter les r\u00e9cidives<\/span><\/a><\/p><\/div><\/div><\/article>\n<article id=\"post-67371\" class=\"ub-post-grid-item post-67371 post type-post status-publish format-standard has-post-thumbnail category-races-chiens category-bien-vivre-avec-son-chien category-ce-quon-ne-veut-pas-voir category-chien category-choisir-alimentation-chien category-comportement-chien category-origine-domestication-chien category-sante-chien\" style=\"\"><div class=\"ub-block-post-grid-image\" style=\"\"><a href=\"https:\/\/planipets.com\/blog\/chien\/races-chiens\/laffenpinscher-infographies-pour-tout-savoir-sur-son-histoire-son-temperament-son-education-son-cout-2\/\" rel=\"bookmark\" aria-hidden=\"true\" tabindex=\"-1\"><img decoding=\"async\" width=\"1200\" height=\"600\" src=\"https:\/\/planipets.com\/blog\/wp-content\/uploads\/2026\/04\/Image-en-avant.jpg\" class=\"attachment-full size-full\" alt=\"Airedale Terrier marchant dans un ruisseau en pleine nature, sur un chemin rural.\" style=\"max-width: 600px; \" srcset=\"https:\/\/planipets.com\/blog\/wp-content\/uploads\/2026\/04\/Image-en-avant.jpg 1200w, https:\/\/planipets.com\/blog\/wp-content\/uploads\/2026\/04\/Image-en-avant-300x150.jpg 300w, https:\/\/planipets.com\/blog\/wp-content\/uploads\/2026\/04\/Image-en-avant-1024x512.jpg 1024w, https:\/\/planipets.com\/blog\/wp-content\/uploads\/2026\/04\/Image-en-avant-768x384.jpg 768w, https:\/\/planipets.com\/blog\/wp-content\/uploads\/2026\/04\/Image-en-avant-150x75.jpg 150w, https:\/\/planipets.com\/blog\/wp-content\/uploads\/2026\/04\/Image-en-avant-450x225.jpg 450w\" sizes=\"(max-width: 1200px) 100vw, 1200px\" title=\"\"><\/a><\/div><div class=\"ub-block-post-grid-text\" style=\"\"><div class=\"ub-block-post-grid-header-content\"><header class=\"ub-block-post-grid-header\"><h2 class=\"ub-block-post-grid-title\"><a style=\"\" href=\"https:\/\/planipets.com\/blog\/chien\/races-chiens\/laffenpinscher-infographies-pour-tout-savoir-sur-son-histoire-son-temperament-son-education-son-cout-2\/\" rel=\"bookmark\">Le Airedale Terrier : infographies pour tout savoir sur son histoire, son temp\u00e9rament, son \u00e9ducation, son co\u00fbt<\/a><\/h2><div class=\"ub-block-post-grid-author\" itemprop=\"author\"><a class=\"ub-text-link\" style=\"\" href=\"https:\/\/planipets.com\/blog\/author\/redaction\/\" itemprop=\"url\" rel=\"author\"><span itemprop=\"name\">The Planipets editorial team<\/span><\/a><\/div><time datetime=\"2026-04-26T13:47:52+02:00\" class=\"ub-block-post-grid-date\" style=\"\" itemprop=\"datePublished\">2026-04-26<\/time><\/header><\/div><div class=\"ub-block-post-grid-excerpt\"><div class=\"ub-block-post-grid-excerpt-text\" style=\"\"><p>L\u2019Affenpinscher, souvent surnomm\u00e9 le \u00ab petit chien-singe \u00bb en raison de son expression faciale unique, est une race de petit chien originaire d\u2019Allemagne. Derri\u00e8re son allure amusante et sa barbe caract\u00e9ristique se cache un compagnon courageux, vif et extr\u00eamement attach\u00e9 \u00e0 ses ma\u00eetres\u2026<\/p>\n<\/div><p><a class=\"ub-block-post-grid-more-link ub-text-link\" style=\"\" href=\"https:\/\/planipets.com\/blog\/chien\/races-chiens\/laffenpinscher-infographies-pour-tout-savoir-sur-son-histoire-son-temperament-son-education-son-cout-2\/\" rel=\"bookmark\">Continue Reading <span class=\"screen-reader-text\">Le Airedale Terrier : infographies pour tout savoir sur son histoire, son temp\u00e9rament, son \u00e9ducation, son co\u00fbt<\/span><\/a><\/p><\/div><\/div><\/article>\n<article id=\"post-67381\" class=\"ub-post-grid-item post-67381 post type-post status-publish format-standard has-post-thumbnail category-chat-qui-miaule category-comportement-chat category-sante-chat tag-chat tag-comportement-felin tag-miaulement tag-sante-animale tag-solutions\" style=\"\"><div class=\"ub-block-post-grid-image\" style=\"\"><a href=\"https:\/\/planipets.com\/blog\/chat\/bien-vivre-avec-son-chat\/chat-qui-miaule\/miaulement-incessant-chat-causes-solutions\/\" rel=\"bookmark\" aria-hidden=\"true\" tabindex=\"-1\"><img loading=\"lazy\" decoding=\"async\" width=\"1536\" height=\"1024\" src=\"https:\/\/planipets.com\/blog\/wp-content\/uploads\/2026\/04\/Miaulement-incessant-chez-le-chat-causes-et-solutions-pour-apaiser-votre-felin.png\" class=\"attachment-full size-full\" alt=\"\" style=\"max-width: 600px; \" srcset=\"https:\/\/planipets.com\/blog\/wp-content\/uploads\/2026\/04\/Miaulement-incessant-chez-le-chat-causes-et-solutions-pour-apaiser-votre-felin.png 1536w, https:\/\/planipets.com\/blog\/wp-content\/uploads\/2026\/04\/Miaulement-incessant-chez-le-chat-causes-et-solutions-pour-apaiser-votre-felin-300x200.png 300w, https:\/\/planipets.com\/blog\/wp-content\/uploads\/2026\/04\/Miaulement-incessant-chez-le-chat-causes-et-solutions-pour-apaiser-votre-felin-1024x683.png 1024w, https:\/\/planipets.com\/blog\/wp-content\/uploads\/2026\/04\/Miaulement-incessant-chez-le-chat-causes-et-solutions-pour-apaiser-votre-felin-768x512.png 768w, https:\/\/planipets.com\/blog\/wp-content\/uploads\/2026\/04\/Miaulement-incessant-chez-le-chat-causes-et-solutions-pour-apaiser-votre-felin-150x100.png 150w, https:\/\/planipets.com\/blog\/wp-content\/uploads\/2026\/04\/Miaulement-incessant-chez-le-chat-causes-et-solutions-pour-apaiser-votre-felin-450x300.png 450w, https:\/\/planipets.com\/blog\/wp-content\/uploads\/2026\/04\/Miaulement-incessant-chez-le-chat-causes-et-solutions-pour-apaiser-votre-felin-1200x800.png 1200w\" sizes=\"(max-width: 1536px) 100vw, 1536px\" title=\"\"><\/a><\/div><div class=\"ub-block-post-grid-text\" style=\"\"><div class=\"ub-block-post-grid-header-content\"><header class=\"ub-block-post-grid-header\"><h2 class=\"ub-block-post-grid-title\"><a style=\"\" href=\"https:\/\/planipets.com\/blog\/chat\/bien-vivre-avec-son-chat\/chat-qui-miaule\/miaulement-incessant-chat-causes-solutions\/\" rel=\"bookmark\">Miaulement incessant chez le chat : causes et solutions pour apaiser votre f\u00e9lin<\/a><\/h2><div class=\"ub-block-post-grid-author\" itemprop=\"author\"><a class=\"ub-text-link\" style=\"\" href=\"https:\/\/planipets.com\/blog\/author\/redaction\/\" itemprop=\"url\" rel=\"author\"><span itemprop=\"name\">The Planipets editorial team<\/span><\/a><\/div><time datetime=\"2026-04-26T13:47:01+02:00\" class=\"ub-block-post-grid-date\" style=\"\" itemprop=\"datePublished\">2026-04-26<\/time><\/header><\/div><div class=\"ub-block-post-grid-excerpt\"><div class=\"ub-block-post-grid-excerpt-text\" style=\"\"><p>\u2726 L\u2019essentiel **Le miaulement incessant de votre chat peut \u00eatre d\u00e9routant et parfois m\u00eame inqui\u00e9tant. Mais comprendre les raisons derri\u00e8re ces vocalisations peut vous aider \u00e0 mieux r\u00e9pondre aux besoins de votre f\u00e9lin.** En bref : Le miaulement peut indiquer des besoins physiologiques ou des probl\u00e8mes de sant\u00e9. Les causes comportementales incluent le stress et\u2026<\/p>\n<\/div><p><a class=\"ub-block-post-grid-more-link ub-text-link\" style=\"\" href=\"https:\/\/planipets.com\/blog\/chat\/bien-vivre-avec-son-chat\/chat-qui-miaule\/miaulement-incessant-chat-causes-solutions\/\" rel=\"bookmark\">Continue Reading <span class=\"screen-reader-text\">Miaulement incessant chez le chat : causes et solutions pour apaiser votre f\u00e9lin<\/span><\/a><\/p><\/div><\/div><\/article>\n<article id=\"post-67365\" class=\"ub-post-grid-item post-67365 post type-post status-publish format-standard has-post-thumbnail category-chat-qui-miaule tag-chat tag-communication-animale tag-comportement-felin tag-emotions-felines tag-miaulements\" style=\"\"><div class=\"ub-block-post-grid-image\" style=\"\"><a href=\"https:\/\/planipets.com\/blog\/chat\/bien-vivre-avec-son-chat\/chat-qui-miaule\/miaulements-chat-decryptage-vocalisations-emotions\/\" rel=\"bookmark\" aria-hidden=\"true\" tabindex=\"-1\"><img loading=\"lazy\" decoding=\"async\" width=\"1536\" height=\"1024\" src=\"https:\/\/planipets.com\/blog\/wp-content\/uploads\/2026\/04\/Miaulements-chez-le-chat-Comprendre-les-vocalisations-et-emotions-felines.png\" class=\"attachment-full size-full\" alt=\"\" style=\"max-width: 600px; \" srcset=\"https:\/\/planipets.com\/blog\/wp-content\/uploads\/2026\/04\/Miaulements-chez-le-chat-Comprendre-les-vocalisations-et-emotions-felines.png 1536w, https:\/\/planipets.com\/blog\/wp-content\/uploads\/2026\/04\/Miaulements-chez-le-chat-Comprendre-les-vocalisations-et-emotions-felines-300x200.png 300w, https:\/\/planipets.com\/blog\/wp-content\/uploads\/2026\/04\/Miaulements-chez-le-chat-Comprendre-les-vocalisations-et-emotions-felines-1024x683.png 1024w, https:\/\/planipets.com\/blog\/wp-content\/uploads\/2026\/04\/Miaulements-chez-le-chat-Comprendre-les-vocalisations-et-emotions-felines-768x512.png 768w, https:\/\/planipets.com\/blog\/wp-content\/uploads\/2026\/04\/Miaulements-chez-le-chat-Comprendre-les-vocalisations-et-emotions-felines-150x100.png 150w, https:\/\/planipets.com\/blog\/wp-content\/uploads\/2026\/04\/Miaulements-chez-le-chat-Comprendre-les-vocalisations-et-emotions-felines-450x300.png 450w, https:\/\/planipets.com\/blog\/wp-content\/uploads\/2026\/04\/Miaulements-chez-le-chat-Comprendre-les-vocalisations-et-emotions-felines-1200x800.png 1200w\" sizes=\"(max-width: 1536px) 100vw, 1536px\" title=\"\"><\/a><\/div><div class=\"ub-block-post-grid-text\" style=\"\"><div class=\"ub-block-post-grid-header-content\"><header class=\"ub-block-post-grid-header\"><h2 class=\"ub-block-post-grid-title\"><a style=\"\" href=\"https:\/\/planipets.com\/blog\/chat\/bien-vivre-avec-son-chat\/chat-qui-miaule\/miaulements-chat-decryptage-vocalisations-emotions\/\" rel=\"bookmark\">Miaulements chez le chat : Comprendre les vocalisations et \u00e9motions f\u00e9lines<\/a><\/h2><div class=\"ub-block-post-grid-author\" itemprop=\"author\"><a class=\"ub-text-link\" style=\"\" href=\"https:\/\/planipets.com\/blog\/author\/\" itemprop=\"url\" rel=\"author\"><span itemprop=\"name\"><\/span><\/a><\/div><time datetime=\"2026-04-15T18:53:34+02:00\" class=\"ub-block-post-grid-date\" style=\"\" itemprop=\"datePublished\">2026-04-15<\/time><\/header><\/div><div class=\"ub-block-post-grid-excerpt\"><div class=\"ub-block-post-grid-excerpt-text\" style=\"\"><p># Miaulements chez le chat : d\u00e9cryptage des vocalisations et des \u00e9motions f\u00e9lines Les propri\u00e9taires de chats pensent souvent comprendre parfaitement les miaulements de leur compagnon. Pourtant, les \u00e9tudes scientifiques r\u00e9v\u00e8lent une r\u00e9alit\u00e9 bien plus complexe : chaque son \u00e9mis par votre f\u00e9lin est un message cod\u00e9, influenc\u00e9 par son \u00e9tat \u00e9motionnel, son environnement et\u2026<\/p>\n<\/div><p><a class=\"ub-block-post-grid-more-link ub-text-link\" style=\"\" href=\"https:\/\/planipets.com\/blog\/chat\/bien-vivre-avec-son-chat\/chat-qui-miaule\/miaulements-chat-decryptage-vocalisations-emotions\/\" rel=\"bookmark\">Continue Reading <span class=\"screen-reader-text\">Miaulements chez le chat : Comprendre les vocalisations et \u00e9motions f\u00e9lines<\/span><\/a><\/p><\/div><\/div><\/article>\n<article id=\"post-67315\" class=\"ub-post-grid-item post-67315 post type-post status-publish format-standard has-post-thumbnail category-races-chiens category-adopter-chien category-bien-vivre-avec-son-chien category-comportement-chien\" style=\"\"><div class=\"ub-block-post-grid-image\" style=\"\"><a href=\"https:\/\/planipets.com\/blog\/chien\/races-chiens\/laffenpinscher-infographies-pour-tout-savoir-sur-son-histoire-son-temperament-son-education-son-cout\/\" rel=\"bookmark\" aria-hidden=\"true\" tabindex=\"-1\"><img loading=\"lazy\" decoding=\"async\" width=\"1200\" height=\"600\" src=\"https:\/\/planipets.com\/blog\/wp-content\/uploads\/2026\/03\/affenpinscher-chien-noir-jouet-herbe.jpg\" class=\"attachment-full size-full\" alt=\"Affenpinscher noir allong\u00e9 dans l\u2019herbe avec un jouet orange\" style=\"max-width: 600px; \" srcset=\"https:\/\/planipets.com\/blog\/wp-content\/uploads\/2026\/03\/affenpinscher-chien-noir-jouet-herbe.jpg 1200w, https:\/\/planipets.com\/blog\/wp-content\/uploads\/2026\/03\/affenpinscher-chien-noir-jouet-herbe-300x150.jpg 300w, https:\/\/planipets.com\/blog\/wp-content\/uploads\/2026\/03\/affenpinscher-chien-noir-jouet-herbe-1024x512.jpg 1024w, https:\/\/planipets.com\/blog\/wp-content\/uploads\/2026\/03\/affenpinscher-chien-noir-jouet-herbe-768x384.jpg 768w, https:\/\/planipets.com\/blog\/wp-content\/uploads\/2026\/03\/affenpinscher-chien-noir-jouet-herbe-150x75.jpg 150w, https:\/\/planipets.com\/blog\/wp-content\/uploads\/2026\/03\/affenpinscher-chien-noir-jouet-herbe-450x225.jpg 450w\" sizes=\"(max-width: 1200px) 100vw, 1200px\" title=\"\"><\/a><\/div><div class=\"ub-block-post-grid-text\" style=\"\"><div class=\"ub-block-post-grid-header-content\"><header class=\"ub-block-post-grid-header\"><h2 class=\"ub-block-post-grid-title\"><a style=\"\" href=\"https:\/\/planipets.com\/blog\/chien\/races-chiens\/laffenpinscher-infographies-pour-tout-savoir-sur-son-histoire-son-temperament-son-education-son-cout\/\" rel=\"bookmark\">L\u2019Affenpinscher : infographies pour tout savoir sur son histoire, son temp\u00e9rament, son \u00e9ducation, son co\u00fbt<\/a><\/h2><div class=\"ub-block-post-grid-author\" itemprop=\"author\"><a class=\"ub-text-link\" style=\"\" href=\"https:\/\/planipets.com\/blog\/author\/redaction\/\" itemprop=\"url\" rel=\"author\"><span itemprop=\"name\">The Planipets editorial team<\/span><\/a><\/div><time datetime=\"2026-03-17T12:46:25+01:00\" class=\"ub-block-post-grid-date\" style=\"\" itemprop=\"datePublished\">2026-03-17<\/time><\/header><\/div><div class=\"ub-block-post-grid-excerpt\"><div class=\"ub-block-post-grid-excerpt-text\" style=\"\"><p>L\u2019Affenpinscher, souvent surnomm\u00e9 le \u00ab petit chien-singe \u00bb en raison de son expression faciale unique, est une race de petit chien originaire d\u2019Allemagne. Derri\u00e8re son allure amusante et sa barbe caract\u00e9ristique se cache un compagnon courageux, vif et extr\u00eamement attach\u00e9 \u00e0 ses ma\u00eetres\u2026<\/p>\n<\/div><p><a class=\"ub-block-post-grid-more-link ub-text-link\" style=\"\" href=\"https:\/\/planipets.com\/blog\/chien\/races-chiens\/laffenpinscher-infographies-pour-tout-savoir-sur-son-histoire-son-temperament-son-education-son-cout\/\" rel=\"bookmark\">Continue Reading <span class=\"screen-reader-text\">L\u2019Affenpinscher : infographies pour tout savoir sur son histoire, son temp\u00e9rament, son \u00e9ducation, son co\u00fbt<\/span><\/a><\/p><\/div><\/div><\/article>\n<article id=\"post-67281\" class=\"ub-post-grid-item post-67281 post type-post status-publish format-standard has-post-thumbnail category-comportement-chien category-bien-vivre-avec-son-chien category-conseils-et-vie-quotidienne\" style=\"\"><div class=\"ub-block-post-grid-image\" style=\"\"><a href=\"https:\/\/planipets.com\/blog\/chien\/comportement-chien\/preparer-son-chien-a-attendre-dehors\/\" rel=\"bookmark\" aria-hidden=\"true\" tabindex=\"-1\"><img loading=\"lazy\" decoding=\"async\" width=\"1200\" height=\"675\" src=\"https:\/\/planipets.com\/blog\/wp-content\/uploads\/2025\/12\/Image-en-avant.jpg\" class=\"attachment-full size-full\" alt=\"Illustration d&#039;un propri\u00e9taire enseignant \u00e0 son chien \u00e0 rester calme avant de partir, avec un geste de &quot;reste&quot;. Cr\u00e9dit photo : Planipets\" style=\"max-width: 600px; \" srcset=\"https:\/\/planipets.com\/blog\/wp-content\/uploads\/2025\/12\/Image-en-avant.jpg 1200w, https:\/\/planipets.com\/blog\/wp-content\/uploads\/2025\/12\/Image-en-avant-300x169.jpg 300w, https:\/\/planipets.com\/blog\/wp-content\/uploads\/2025\/12\/Image-en-avant-1024x576.jpg 1024w, https:\/\/planipets.com\/blog\/wp-content\/uploads\/2025\/12\/Image-en-avant-768x432.jpg 768w, https:\/\/planipets.com\/blog\/wp-content\/uploads\/2025\/12\/Image-en-avant-150x84.jpg 150w, https:\/\/planipets.com\/blog\/wp-content\/uploads\/2025\/12\/Image-en-avant-450x253.jpg 450w\" sizes=\"(max-width: 1200px) 100vw, 1200px\" title=\"\"><\/a><\/div><div class=\"ub-block-post-grid-text\" style=\"\"><div class=\"ub-block-post-grid-header-content\"><header class=\"ub-block-post-grid-header\"><h2 class=\"ub-block-post-grid-title\"><a style=\"\" href=\"https:\/\/planipets.com\/blog\/chien\/comportement-chien\/preparer-son-chien-a-attendre-dehors\/\" rel=\"bookmark\">Comment pr\u00e9parer son chien \u00e0 attendre dehors en toute s\u00e9r\u00e9nit\u00e9 ?<\/a><\/h2><div class=\"ub-block-post-grid-author\" itemprop=\"author\"><a class=\"ub-text-link\" style=\"\" href=\"https:\/\/planipets.com\/blog\/author\/redaction\/\" itemprop=\"url\" rel=\"author\"><span itemprop=\"name\">The Planipets editorial team<\/span><\/a><\/div><time datetime=\"2025-12-08T20:52:56+01:00\" class=\"ub-block-post-grid-date\" style=\"\" itemprop=\"datePublished\">2025-12-08<\/time><\/header><\/div><div class=\"ub-block-post-grid-excerpt\"><div class=\"ub-block-post-grid-excerpt-text\" style=\"\"><p>L\u2019attente en ext\u00e9rieur peut \u00eatre une exp\u00e9rience stressante pour certains chiens, surtout si ce moment est associ\u00e9 \u00e0 de l\u2019anxi\u00e9t\u00e9 ou de l\u2019ennui. Pr\u00e9parer son chien \u00e0 attendre dehors en toute s\u00e9r\u00e9nit\u00e9 est essentiel pour sa tranquillit\u00e9 et pour la v\u00f4tre. Cette pr\u00e9paration ne se fait pas du jour au lendemain, mais avec un peu\u2026<\/p>\n<\/div><p><a class=\"ub-block-post-grid-more-link ub-text-link\" style=\"\" href=\"https:\/\/planipets.com\/blog\/chien\/comportement-chien\/preparer-son-chien-a-attendre-dehors\/\" rel=\"bookmark\">Continue Reading <span class=\"screen-reader-text\">Comment pr\u00e9parer son chien \u00e0 attendre dehors en toute s\u00e9r\u00e9nit\u00e9 ?<\/span><\/a><\/p><\/div><\/div><\/article>\n<\/div><\/section>","protected":false},"excerpt":{"rendered":"<p>Peut-on vraiment parler de s\u00e9curit\u00e9 quand un chihuahua doit porter une museli\u00e8re comme un pitbull ? \u00c0 Valence (Dr\u00f4me), un arr\u00eat\u00e9 municipal de 2012 impose aux ma\u00eetres de chiens des r\u00e8gles strictes, parfois jug\u00e9es grotesques. Une p\u00e9tition vient de voir le jour pour d\u00e9noncer un r\u00e8glement que beaucoup estiment totalement d\u00e9connect\u00e9 du bon sens. Derri\u00e8re<\/p>\n","protected":false},"author":26,"featured_media":55565,"comment_status":"open","ping_status":"open","sticky":false,"template":"","format":"standard","meta":{"_crdt_document":"","footnotes":"","spc_primary_category":65},"categories":[65],"tags":[],"class_list":{"0":"post-55562","1":"post","2":"type-post","3":"status-publish","4":"format-standard","5":"has-post-thumbnail","7":"category-actualite"},"featured_image_src":"https:\/\/planipets.com\/blog\/wp-content\/uploads\/2025\/04\/Chiens-museles-a-Valence-sans-distinction-une-petition-denonce-un-arrete-municipal-juge-absurde-meme-les-petits-chiens-comme-les-chihuahuas-concernes.jpg","author_info":{"display_name":"The Planipets editorial team","author_link":"https:\/\/planipets.com\/blog\/author\/redaction\/"},"brizy_media":[],"_links":{"self":[{"href":"https:\/\/planipets.com\/blog\/wp-json\/wp\/v2\/posts\/55562","targetHints":{"allow":["GET"]}}],"collection":[{"href":"https:\/\/planipets.com\/blog\/wp-json\/wp\/v2\/posts"}],"about":[{"href":"https:\/\/planipets.com\/blog\/wp-json\/wp\/v2\/types\/post"}],"author":[{"embeddable":true,"href":"https:\/\/planipets.com\/blog\/wp-json\/wp\/v2\/users\/26"}],"replies":[{"embeddable":true,"href":"https:\/\/planipets.com\/blog\/wp-json\/wp\/v2\/comments?post=55562"}],"version-history":[{"count":0,"href":"https:\/\/planipets.com\/blog\/wp-json\/wp\/v2\/posts\/55562\/revisions"}],"wp:featuredmedia":[{"embeddable":true,"href":"https:\/\/planipets.com\/blog\/wp-json\/wp\/v2\/media\/55565"}],"wp:attachment":[{"href":"https:\/\/planipets.com\/blog\/wp-json\/wp\/v2\/media?parent=55562"}],"wp:term":[{"taxonomy":"category","embeddable":true,"href":"https:\/\/planipets.com\/blog\/wp-json\/wp\/v2\/categories?post=55562"},{"taxonomy":"post_tag","embeddable":true,"href":"https:\/\/planipets.com\/blog\/wp-json\/wp\/v2\/tags?post=55562"}],"curies":[{"name":"wp","href":"https:\/\/api.w.org\/{rel}","templated":true}]}}