{"id":54516,"date":"2025-03-27T13:11:36","date_gmt":"2025-03-27T12:11:36","guid":{"rendered":"https:\/\/planipets.com\/blog\/?p=54516"},"modified":"2025-03-27T13:13:48","modified_gmt":"2025-03-27T12:13:48","slug":"choc-fiscal-2025-120e-an-pour-un-chien-80e-pour-un-chat-la-france-ressuscite-une-taxe-supprimee-en-1971-debat-explosif-en-vue","status":"publish","type":"post","link":"https:\/\/planipets.com\/blog\/actualite\/choc-fiscal-2025-120e-an-pour-un-chien-80e-pour-un-chat-la-france-ressuscite-une-taxe-supprimee-en-1971-debat-explosif-en-vue\/","title":{"rendered":"Choc fiscal 2025 : 120\u20ac\/an pour un chien, 80\u20ac pour un chat \u2013 La France ressuscite une taxe supprim\u00e9e en 1971, d\u00e9bat explosif en vue"},"content":{"rendered":"<div style=\"background-color: #d9edf7; color: #31708f; border-left-color: #31708f; \" class=\"ub-styled-box ub-notification-box wp-block-ub-styled-box\" id=\"ub-styled-box-abe4451d-1503-402a-acc8-af5c56c1c633\">\n<h2 class=\"wp-block-heading\" id=\"ub-styled-box-notification-content-\">Une taxe sur les chiens et chats en 2025 : combien devrez-vous payer ?<\/h2>\n\n\n<\/div>\n\n\n<figure class=\"wp-block-image size-large\"><img fetchpriority=\"high\" decoding=\"async\" width=\"1024\" height=\"1024\" src=\"https:\/\/planipets.com\/blog\/wp-content\/uploads\/2025\/03\/Choc-fiscal-2025-120Ean-pour-un-chien-80E-pour-un-chat-\u2013-La-France-ressuscite-une-taxe-supprimee-en-1971-debat-explosif-en-vue-2-1024x1024.jpg\" alt=\"Facture de la taxe animaux domestiques 2025 sur une table, avec billets d\u2019euros, mains humaines et documents officiels.\" class=\"wp-image-54520\" title=\"\" srcset=\"https:\/\/planipets.com\/blog\/wp-content\/uploads\/2025\/03\/Choc-fiscal-2025-120Ean-pour-un-chien-80E-pour-un-chat-\u2013-La-France-ressuscite-une-taxe-supprimee-en-1971-debat-explosif-en-vue-2-1024x1024.jpg 1024w, https:\/\/planipets.com\/blog\/wp-content\/uploads\/2025\/03\/Choc-fiscal-2025-120Ean-pour-un-chien-80E-pour-un-chat-\u2013-La-France-ressuscite-une-taxe-supprimee-en-1971-debat-explosif-en-vue-2-300x300.jpg 300w, https:\/\/planipets.com\/blog\/wp-content\/uploads\/2025\/03\/Choc-fiscal-2025-120Ean-pour-un-chien-80E-pour-un-chat-\u2013-La-France-ressuscite-une-taxe-supprimee-en-1971-debat-explosif-en-vue-2-150x150.jpg 150w, https:\/\/planipets.com\/blog\/wp-content\/uploads\/2025\/03\/Choc-fiscal-2025-120Ean-pour-un-chien-80E-pour-un-chat-\u2013-La-France-ressuscite-une-taxe-supprimee-en-1971-debat-explosif-en-vue-2-768x768.jpg 768w, https:\/\/planipets.com\/blog\/wp-content\/uploads\/2025\/03\/Choc-fiscal-2025-120Ean-pour-un-chien-80E-pour-un-chat-\u2013-La-France-ressuscite-une-taxe-supprimee-en-1971-debat-explosif-en-vue-2-450x450.jpg 450w, https:\/\/planipets.com\/blog\/wp-content\/uploads\/2025\/03\/Choc-fiscal-2025-120Ean-pour-un-chien-80E-pour-un-chat-\u2013-La-France-ressuscite-une-taxe-supprimee-en-1971-debat-explosif-en-vue-2-1200x1200.jpg 1200w, https:\/\/planipets.com\/blog\/wp-content\/uploads\/2025\/03\/Choc-fiscal-2025-120Ean-pour-un-chien-80E-pour-un-chat-\u2013-La-France-ressuscite-une-taxe-supprimee-en-1971-debat-explosif-en-vue-2-96x96.jpg 96w, https:\/\/planipets.com\/blog\/wp-content\/uploads\/2025\/03\/Choc-fiscal-2025-120Ean-pour-un-chien-80E-pour-un-chat-\u2013-La-France-ressuscite-une-taxe-supprimee-en-1971-debat-explosif-en-vue-2.jpg 1300w\" sizes=\"(max-width: 1024px) 100vw, 1024px\" \/><figcaption class=\"wp-element-caption\">Vue rapproch\u00e9e d\u2019une facture de sunth\u00e8se \u201cTaxe animaux domestiques 2025\u201d pos\u00e9e sur une table, accompagn\u00e9e de billets d\u2019euros et de documents administratifs.<\/figcaption><\/figure>\n\n\n\n<p class=\"wp-block-paragraph\">La France envisage de mettre en place une<strong> taxe annuelle sur les animaux de compagnie<\/strong> d\u00e8s 2025. Les chiffres annonc\u00e9s sont clairs : 120\u20ac par chien et 80\u20ac par chat. Une mesure directement inspir\u00e9e du mod\u00e8le allemand, selon le <a href=\"https:\/\/le-bon-sens.com\/120eur-an-chien-80eur-chat-taxe-animaux-vigueur-date\/\" target=\"_blank\" rel=\"noopener\">site le-bon-sens.com<\/a>. L\u2019objectif affich\u00e9 :<strong> responsabiliser les propri\u00e9taires<\/strong>, <strong>renforcer l\u2019identification des animaux<\/strong>, et <strong>apporter une nouvelle source de revenus \u00e0 l\u2019\u00c9tat<\/strong>.<\/p>\n\n\n<div style=\"background-color: #f7f7f7; color: #31708f; border-left-color: #31708f; \" class=\"ub-styled-box ub-notification-box wp-block-ub-styled-box\" id=\"ub-styled-box-e1e0c0f2-1492-4082-846b-b1ae41f7fedb\">\n<p class=\"wp-block-paragraph\" id=\"ub-styled-box-notification-content-\"><strong>A voir aussi :<\/strong> <a href=\"https:\/\/planipets.com\/blog\/actualite\/taxe-sur-les-chiens-et-les-chats-ce-que-font-les-autres-pays-dans-le-monde\/\">Taxe sur les chiens et les chats : ce que font les autres pays dans le monde<\/a><\/p>\n\n\n<\/div>\n\n\n<p class=\"wp-block-paragraph\"><\/p>\n\n\n\n<p class=\"wp-block-paragraph\"><\/p>\n\n\n\n<p class=\"wp-block-paragraph\"><\/p>\n\n\n<div style=\"background-color: #dff0d8; color: #3c763d; border-left-color: #3c763d; \" class=\"ub-styled-box ub-notification-box wp-block-ub-styled-box\" id=\"ub-styled-box-2801274c-8453-4089-bdd9-f8548fdcd541\">\n<h2 class=\"wp-block-heading\" id=\"ub-styled-box-notification-content-\">Un retour historique : la France avait d\u00e9j\u00e0 tax\u00e9 les chiens sous Napol\u00e9on<\/h2>\n\n\n<\/div>\n\n\n<p class=\"wp-block-paragraph\">Cette id\u00e9e n\u2019est pas nouvelle. Une <strong>taxe canine<\/strong> avait \u00e9t\u00e9 instaur\u00e9e sous Napol\u00e9on au XIXe si\u00e8cle pour lutter contre la rage. Elle fut supprim\u00e9e en 1971. Le retour de cette mesure, aujourd\u2019hui justifi\u00e9 par des arguments \u00e9conomiques et de gestion publique, soul\u00e8ve la question : <strong>la France est-elle en train de mon\u00e9tiser le lien affectif entre humains et animaux ?<\/strong><\/p>\n\n\n\n<p class=\"wp-block-paragraph\"><\/p>\n\n\n\n<p class=\"wp-block-paragraph\"><\/p>\n\n\n\n<p class=\"wp-block-paragraph\"><\/p>\n\n\n<div style=\"background-color: #dff0d8; color: #3c763d; border-left-color: #3c763d; \" class=\"ub-styled-box ub-notification-box wp-block-ub-styled-box\" id=\"ub-styled-box-0df0ee7e-3e56-475a-b4be-1bd7bd766d25\">\n<h2 class=\"wp-block-heading\" id=\"ub-styled-box-notification-content-\"> L&#8217; Allemagne per\u00e7oit d\u00e9j\u00e0 420 millions \u20ac avec une taxe similaire<\/h2>\n\n\n<\/div>\n\n\n<p class=\"wp-block-paragraph\"><\/p>\n\n\n\n<h3 class=\"wp-block-heading\">Exemple de Berlin : un mod\u00e8le stable mais contest\u00e9<\/h3>\n\n\n\n<p class=\"wp-block-paragraph\">En Allemagne, les propri\u00e9taires de chiens paient en moyenne 120\u20ac par an. Ce syst\u00e8me, mis en place depuis des d\u00e9cennies, a permis de collecter plus de 420 millions d\u2019euros en 2024. L\u2019argent est r\u00e9investi dans les infrastructures et<strong> services canins<\/strong>. Toutefois, les chats ne sont pas concern\u00e9s par cette taxe, car jug\u00e9s trop difficiles \u00e0 tracer.<\/p>\n\n\n\n<p class=\"wp-block-paragraph\"><\/p>\n\n\n\n<p class=\"wp-block-paragraph\"><\/p>\n\n\n\n<h3 class=\"wp-block-heading\">Ce que la France envisage de copier (ou pas)<\/h3>\n\n\n\n<p class=\"wp-block-paragraph\">Contrairement \u00e0 l\u2019Allemagne, la France envisage<strong> une taxe uniforme et centralis\u00e9e<\/strong>. Mais rien n\u2019est encore tranch\u00e9 : bar\u00e8mes locaux ? Exceptions r\u00e9gionales ? La question reste ouverte.<\/p>\n\n\n\n<p class=\"wp-block-paragraph\"><\/p>\n\n\n\n<p class=\"wp-block-paragraph\"><\/p>\n\n\n\n<p class=\"wp-block-paragraph\"><\/p>\n\n\n<div style=\"background-color: #dff0d8; color: #3c763d; border-left-color: #3c763d; \" class=\"ub-styled-box ub-notification-box wp-block-ub-styled-box\" id=\"ub-styled-box-850729cb-8ab2-4775-97c6-12d6550e85be\">\n<h2 class=\"wp-block-heading\" id=\"ub-styled-box-notification-content-\">Un pactole pour l&#8217;\u00c9tat : plus de 900 millions d\u2019euros par an ?<\/h2>\n\n\n<\/div>\n\n\n<p class=\"wp-block-paragraph\">Avec 7,6 millions de chiens recens\u00e9s en France, cette taxe pourrait rapporter pr\u00e8s de 912 millions d&#8217;euros par an rien que sur les chiens. C&#8217;est davantage que la redevance t\u00e9l\u00e9 supprim\u00e9e en 2022. Et si l\u2019on y ajoute les chats, le montant pourrait d\u00e9passer le milliard d\u2019euros.<\/p>\n\n\n\n<p class=\"wp-block-paragraph\"><\/p>\n\n\n\n<p class=\"wp-block-paragraph\"><\/p>\n\n\n\n<p class=\"wp-block-paragraph\"><\/p>\n\n\n<div style=\"background-color: #dff0d8; color: #3c763d; border-left-color: #3c763d; \" class=\"ub-styled-box ub-notification-box wp-block-ub-styled-box\" id=\"ub-styled-box-cc621447-e2a9-46d0-a7fc-9313d0ccc19b\">\n<h2 class=\"wp-block-heading\" id=\"ub-styled-box-notification-content-\">Une bombe sociale : les foyers modestes en premi\u00e8re ligne<\/h2>\n\n\n<\/div>\n\n\n<p class=\"wp-block-paragraph\"><strong>Associations animales <\/strong>et <strong>v\u00e9t\u00e9rinaires<\/strong> tirent la sonnette d&#8217;alarme<\/p>\n\n\n\n<p class=\"wp-block-paragraph\">Les d\u00e9tracteurs alertent sur une possible cons\u00e9quence directe : une hausse des abandons. Chaque \u00e9t\u00e9, la France enregistre d\u00e9j\u00e0 30 000 abandons. Une taxe pourrait aggraver le ph\u00e9nom\u00e8ne. Les associations comme la <a href=\"https:\/\/www.30millionsdamis.fr\/\" target=\"_blank\" rel=\"noopener\">Fondation 30 Millions d&#8217;Amis<\/a> redoutent un &#8220;<em>effet dissuasif pour l\u2019adoption<\/em>&#8220;.<\/p>\n\n\n\n<p class=\"wp-block-paragraph\"><\/p>\n\n\n\n<p class=\"wp-block-paragraph\"><\/p>\n\n\n\n<h3 class=\"wp-block-heading\">Les v\u00e9t\u00e9rinaires redoutent une m\u00e9decine de moins en moins accessible<\/h3>\n\n\n\n<p class=\"wp-block-paragraph\">Le <a href=\"https:\/\/savoir-animal.fr\/thierry-bedossa-veterinaire-engage-service-demunis-animaux\/\" target=\"_blank\" rel=\"noopener\">Dr Thierry Bedossa<\/a>, v\u00e9t\u00e9rinaire et fondateur de l&#8217;association AVA, souligne l&#8217;importance de maintenir l&#8217;acc\u00e8s aux soins v\u00e9t\u00e9rinaires pour tous, particuli\u00e8rement dans un contexte \u00e9conomique difficile. Les co\u00fbts croissants, qu&#8217;ils soient dus \u00e0 l&#8217;inflation ou \u00e0 d&#8217;autres facteurs, peuvent inciter les propri\u00e9taires \u00e0 reporter les soins m\u00e9dicaux, au d\u00e9triment de la sant\u00e9 de leurs animaux. Cela est particuli\u00e8rement pr\u00e9occupant pour les personnes en situation de pr\u00e9carit\u00e9, pour qui les animaux sont souvent un soutien \u00e9motionnel crucial. Un paradoxe dangereux alors que le bien-\u00eatre animal est de plus en plus consid\u00e9r\u00e9 comme une priorit\u00e9 soci\u00e9tale.<\/p>\n\n\n\n<p class=\"wp-block-paragraph\"><\/p>\n\n\n\n<p class=\"wp-block-paragraph\"><\/p>\n\n\n\n<p class=\"wp-block-paragraph\"><\/p>\n\n\n<div style=\"background-color: #dff0d8; color: #3c763d; border-left-color: #3c763d; \" class=\"ub-styled-box ub-notification-box wp-block-ub-styled-box\" id=\"ub-styled-box-16fcc279-a4c6-4a77-8568-20a68261882d\">\n<h2 class=\"wp-block-heading\" id=\"ub-styled-box-notification-content-\">Modalit\u00e9s pratiques : qui paiera, qui sera exon\u00e9r\u00e9 ?<\/h2>\n\n\n<\/div>\n\n\n<p class=\"wp-block-paragraph\"><\/p>\n\n\n\n<ul class=\"wp-block-list\">\n<li>Chiens : 120\u20ac\/an<\/li>\n\n\n\n<li>Chats : 80\u20ac\/an<\/li>\n\n\n\n<li>Exemptions possibles : chiens d\u2019assistance, chiens guides, peut-\u00eatre foyers modestes<\/li>\n<\/ul>\n\n\n\n<p class=\"wp-block-paragraph\">Une carte ou m\u00e9daille officielle pourrait \u00eatre d\u00e9livr\u00e9e en \u00e9change du paiement, \u00e0 l\u2019image du syst\u00e8me allemand. Cela supposerait la cr\u00e9ation d\u2019un fichier national consolid\u00e9.<\/p>\n\n\n<div style=\"background-color: #f7f7f7; color: #31708f; border-left-color: #31708f; \" class=\"ub-styled-box ub-notification-box wp-block-ub-styled-box\" id=\"ub-styled-box-e3d98d0d-42be-4060-922a-6e18cd57a8c1\">\n<p class=\"wp-block-paragraph\" id=\"ub-styled-box-notification-content-\"><strong>Devrait vous int\u00e9resser :<\/strong> <a href=\"https:\/\/planipets.com\/blog\/actualite\/promeneurs-de-chiens-pourquoi-la-laisse-est-obligatoire-en-foret-entre-avril-et-juin-et-comment-eviter-une-amende-de-750-e\/\">Promeneurs de chiens : pourquoi la laisse est obligatoire en for\u00eat entre avril et juin \u2014 et comment \u00e9viter une amende de 750 \u20ac<\/a><\/p>\n\n\n<\/div>\n\n\n<p class=\"wp-block-paragraph\"><\/p>\n\n\n\n<p class=\"wp-block-paragraph\"><\/p>\n\n\n<div style=\"background-color: #dff0d8; color: #3c763d; border-left-color: #3c763d; \" class=\"ub-styled-box ub-notification-box wp-block-ub-styled-box\" id=\"ub-styled-box-c334f487-9be8-4c44-81dc-ba36e5e311e6\">\n<h2 class=\"wp-block-heading\" id=\"ub-styled-box-notification-content-\">Une &#8220;TVA sentimentale&#8221; ? Notre analyse unique<\/h2>\n\n\n<\/div>\n\n\n<p class=\"wp-block-paragraph\">Cette <strong>taxe<\/strong>, pr\u00e9sent\u00e9e comme mineure, pourrait en fait cr\u00e9er une discrimination implicite entre riches et pauvres dans l\u2019acc\u00e8s \u00e0 l\u2019affection animale. Comparons : <a href=\"https:\/\/www.publicsenat.fr\/actualites\/sante\/budget-de-la-secu-la-taxe-soda-multipliee-par-trois-pour-certaines-boissons\" target=\"_blank\" rel=\"noopener\">la taxe soda rapporte 360 millions \u20ac\/an<\/a>. La taxe sur les animaux pourrait la d\u00e9passer largement.<\/p>\n\n\n\n<p class=\"wp-block-paragraph\">Mais un animal n\u2019est pas un produit. Une fiscalit\u00e9 mal dos\u00e9e pourrait se transformer en imp\u00f4t sur la solitude, en particulier pour les retrait\u00e9s, les jeunes isol\u00e9s ou les personnes en situation pr\u00e9caire. Une taxation affective ?<\/p>\n\n\n\n<p class=\"wp-block-paragraph\"><\/p>\n\n\n\n<p class=\"wp-block-paragraph\"><\/p>\n\n\n\n<p class=\"wp-block-paragraph\"><\/p>\n\n\n<div style=\"background-color: #dff0d8; color: #3c763d; border-left-color: #3c763d; \" class=\"ub-styled-box ub-notification-box wp-block-ub-styled-box\" id=\"ub-styled-box-80ed5982-eb7d-4b55-86ab-27cb9691717e\">\n<h2 class=\"wp-block-heading\" id=\"ub-styled-box-notification-content-\">Vers un grand d\u00e9bat national sur la fiscalit\u00e9 animale<\/h2>\n\n\n<\/div>\n\n\n<p class=\"wp-block-paragraph\">L\u2019\u00c9tat devra composer avec les propri\u00e9taires, les associations, les v\u00e9t\u00e9rinaires et les \u00e9lus locaux. Une chose est s\u00fbre : ce projet n\u2019ira pas sans pol\u00e9mique. Des p\u00e9titions circulent d\u00e9j\u00e0, certaines atteignant plus de 150 000 signatures en 48 heures.<\/p>\n\n\n\n<p class=\"wp-block-paragraph\"><\/p>\n\n\n\n<p class=\"wp-block-paragraph\"><\/p>\n\n\n\n<p class=\"wp-block-paragraph\"><\/p>\n\n\n<div style=\"background-color: #dff0d8; color: #3c763d; border-left-color: #3c763d; \" class=\"ub-styled-box ub-notification-box wp-block-ub-styled-box\" id=\"ub-styled-box-e79ff299-90a5-4f84-a320-25eb42579299\">\n<h2 class=\"wp-block-heading\" id=\"ub-styled-box-notification-content-\">Ce qu&#8217;on retient en une minute<\/h2>\n\n\n<\/div>\n\n\n<p class=\"wp-block-paragraph\"> Une taxe de 120\u20ac\/an pour un chien, 80\u20ac pour un chat pourrait entrer en vigueur en 2025<\/p>\n\n\n\n<ul class=\"wp-block-list\">\n<li>Inspir\u00e9e de l\u2019Allemagne, elle vise \u00e0<strong> responsabiliser les propri\u00e9taires<\/strong> et<strong> renforcer le registre animalier<\/strong><\/li>\n\n\n\n<li><strong>Associations et v\u00e9t\u00e9rinaires<\/strong> craignent une<strong> hausse des abandons<\/strong> et une<strong> m\u00e9decine moins accessible<\/strong><\/li>\n\n\n\n<li>Le d\u00e9bat \u00e9thique et social est d\u00e9j\u00e0 lanc\u00e9<\/li>\n<\/ul>\n\n\n\n<p class=\"wp-block-paragraph\"><\/p>\n\n\n\n<p class=\"wp-block-paragraph\"><\/p>\n\n\n\n<p class=\"wp-block-paragraph\"><\/p>\n\n\n<div style=\"background-color: #d9edf7; color: #31708f; border-left-color: #31708f; \" class=\"ub-styled-box ub-notification-box wp-block-ub-styled-box\" id=\"ub-styled-box-f1e832b4-398c-4d5d-8321-0ed52a10ede5\">\n<h2 class=\"wp-block-heading\" id=\"ub-styled-box-notification-content-\">Conclusion : responsabiliser ou punir les amoureux des animaux ?<\/h2>\n\n\n<\/div>\n\n\n<p class=\"wp-block-paragraph\">Si elle entre en vigueur, cette <strong>taxe animale<\/strong> pourrait red\u00e9finir le lien entre citoyens et animaux de compagnie. Reste \u00e0 savoir si elle sera per\u00e7ue comme un<strong> levier de responsabilisation<\/strong> ou comme une <strong>charge suppl\u00e9mentaire injuste<\/strong>. Dans un pays o\u00f9 un foyer sur deux poss\u00e8de un animal, le sujet est hautement sensible. Le compte \u00e0 rebours vers <strong>2025<\/strong> est lanc\u00e9.<\/p>\n\n\n\n<p class=\"wp-block-paragraph\">Que pensez-vous de cette mesure ? Dans tous les cas, taxes ou pas taxes, <strong><a href=\"https:\/\/planipets.com\/\">Planipets<\/a><\/strong> sera toujours l\u00e0 pour aider les propri\u00e9taires \u00e0 trouver le meilleur professionnel pour leur animal.<\/p>\n\n\n\n<p class=\"wp-block-paragraph\"><\/p>\n\n\n<section class=\"wp-block-ub-post-grid ub-block-post-grid align  is-equal-height preserve-post-image-aspect-ratio\" style=\"\" id=\"ub-post-grid-\"><div class=\"ub-post-grid-items is-grid columns-2\" style=\"row-gap: 32px; column-gap: 32px; \"><article id=\"post-67404\" class=\"ub-post-grid-item post-67404 post type-post status-publish format-standard has-post-thumbnail category-comportement-chien category-accessoires category-adopter-chien tag-animaux tag-chien tag-education tag-fugue tag-securite\" style=\"\"><div class=\"ub-block-post-grid-image\" style=\"\"><a href=\"https:\/\/planipets.com\/blog\/chien\/comportement-chien\/retrouver-chien-fugueur-2\/\" rel=\"bookmark\" aria-hidden=\"true\" tabindex=\"-1\"><img decoding=\"async\" width=\"1536\" height=\"1024\" src=\"https:\/\/planipets.com\/blog\/wp-content\/uploads\/2026\/04\/Comment-retrouver-rapidement-votre-chien-fugueur-et-eviter-les-recidives-2.png\" class=\"attachment-full size-full\" alt=\"\" style=\"max-width: 600px; \" srcset=\"https:\/\/planipets.com\/blog\/wp-content\/uploads\/2026\/04\/Comment-retrouver-rapidement-votre-chien-fugueur-et-eviter-les-recidives-2.png 1536w, https:\/\/planipets.com\/blog\/wp-content\/uploads\/2026\/04\/Comment-retrouver-rapidement-votre-chien-fugueur-et-eviter-les-recidives-2-300x200.png 300w, https:\/\/planipets.com\/blog\/wp-content\/uploads\/2026\/04\/Comment-retrouver-rapidement-votre-chien-fugueur-et-eviter-les-recidives-2-1024x683.png 1024w, https:\/\/planipets.com\/blog\/wp-content\/uploads\/2026\/04\/Comment-retrouver-rapidement-votre-chien-fugueur-et-eviter-les-recidives-2-768x512.png 768w, https:\/\/planipets.com\/blog\/wp-content\/uploads\/2026\/04\/Comment-retrouver-rapidement-votre-chien-fugueur-et-eviter-les-recidives-2-150x100.png 150w, https:\/\/planipets.com\/blog\/wp-content\/uploads\/2026\/04\/Comment-retrouver-rapidement-votre-chien-fugueur-et-eviter-les-recidives-2-450x300.png 450w, https:\/\/planipets.com\/blog\/wp-content\/uploads\/2026\/04\/Comment-retrouver-rapidement-votre-chien-fugueur-et-eviter-les-recidives-2-1200x800.png 1200w\" sizes=\"(max-width: 1536px) 100vw, 1536px\" title=\"\"><\/a><\/div><div class=\"ub-block-post-grid-text\" style=\"\"><div class=\"ub-block-post-grid-header-content\"><header class=\"ub-block-post-grid-header\"><h2 class=\"ub-block-post-grid-title\"><a style=\"\" href=\"https:\/\/planipets.com\/blog\/chien\/comportement-chien\/retrouver-chien-fugueur-2\/\" rel=\"bookmark\">Comment retrouver rapidement votre chien fugueur et \u00e9viter les r\u00e9cidives<\/a><\/h2><div class=\"ub-block-post-grid-author\" itemprop=\"author\"><a class=\"ub-text-link\" style=\"\" href=\"https:\/\/planipets.com\/blog\/author\/redaction\/\" itemprop=\"url\" rel=\"author\"><span itemprop=\"name\">The Planipets editorial team<\/span><\/a><\/div><time datetime=\"2026-04-28T09:11:07+02:00\" class=\"ub-block-post-grid-date\" style=\"\" itemprop=\"datePublished\">2026-04-28<\/time><\/header><\/div><div class=\"ub-block-post-grid-excerpt\"><div class=\"ub-block-post-grid-excerpt-text\" style=\"\"><p>\u2726 L\u2019essentiel Il ne faut parfois qu\u2019un instant d\u2019inattention \u2014 une porti\u00e8re qui claque, un bruit inattendu \u2014 pour que votre chien disparaisse. Le vide s\u2019installe, l\u2019angoisse serre la gorge. Tout bascule en une fraction de seconde. En bref : N\u2019importe quel ma\u00eetre peut \u00eatre confront\u00e9 \u00e0 la fugue, peu importe le caract\u00e8re de son\u2026<\/p>\n<\/div><p><a class=\"ub-block-post-grid-more-link ub-text-link\" style=\"\" href=\"https:\/\/planipets.com\/blog\/chien\/comportement-chien\/retrouver-chien-fugueur-2\/\" rel=\"bookmark\">Continue Reading <span class=\"screen-reader-text\">Comment retrouver rapidement votre chien fugueur et \u00e9viter les r\u00e9cidives<\/span><\/a><\/p><\/div><\/div><\/article>\n<article id=\"post-67371\" class=\"ub-post-grid-item post-67371 post type-post status-publish format-standard has-post-thumbnail category-races-chiens category-bien-vivre-avec-son-chien category-ce-quon-ne-veut-pas-voir category-chien category-choisir-alimentation-chien category-comportement-chien category-origine-domestication-chien category-sante-chien\" style=\"\"><div class=\"ub-block-post-grid-image\" style=\"\"><a href=\"https:\/\/planipets.com\/blog\/chien\/races-chiens\/laffenpinscher-infographies-pour-tout-savoir-sur-son-histoire-son-temperament-son-education-son-cout-2\/\" rel=\"bookmark\" aria-hidden=\"true\" tabindex=\"-1\"><img decoding=\"async\" width=\"1200\" height=\"600\" src=\"https:\/\/planipets.com\/blog\/wp-content\/uploads\/2026\/04\/Image-en-avant.jpg\" class=\"attachment-full size-full\" alt=\"Airedale Terrier marchant dans un ruisseau en pleine nature, sur un chemin rural.\" style=\"max-width: 600px; \" srcset=\"https:\/\/planipets.com\/blog\/wp-content\/uploads\/2026\/04\/Image-en-avant.jpg 1200w, https:\/\/planipets.com\/blog\/wp-content\/uploads\/2026\/04\/Image-en-avant-300x150.jpg 300w, https:\/\/planipets.com\/blog\/wp-content\/uploads\/2026\/04\/Image-en-avant-1024x512.jpg 1024w, https:\/\/planipets.com\/blog\/wp-content\/uploads\/2026\/04\/Image-en-avant-768x384.jpg 768w, https:\/\/planipets.com\/blog\/wp-content\/uploads\/2026\/04\/Image-en-avant-150x75.jpg 150w, https:\/\/planipets.com\/blog\/wp-content\/uploads\/2026\/04\/Image-en-avant-450x225.jpg 450w\" sizes=\"(max-width: 1200px) 100vw, 1200px\" title=\"\"><\/a><\/div><div class=\"ub-block-post-grid-text\" style=\"\"><div class=\"ub-block-post-grid-header-content\"><header class=\"ub-block-post-grid-header\"><h2 class=\"ub-block-post-grid-title\"><a style=\"\" href=\"https:\/\/planipets.com\/blog\/chien\/races-chiens\/laffenpinscher-infographies-pour-tout-savoir-sur-son-histoire-son-temperament-son-education-son-cout-2\/\" rel=\"bookmark\">Le Airedale Terrier : infographies pour tout savoir sur son histoire, son temp\u00e9rament, son \u00e9ducation, son co\u00fbt<\/a><\/h2><div class=\"ub-block-post-grid-author\" itemprop=\"author\"><a class=\"ub-text-link\" style=\"\" href=\"https:\/\/planipets.com\/blog\/author\/redaction\/\" itemprop=\"url\" rel=\"author\"><span itemprop=\"name\">The Planipets editorial team<\/span><\/a><\/div><time datetime=\"2026-04-26T13:47:52+02:00\" class=\"ub-block-post-grid-date\" style=\"\" itemprop=\"datePublished\">2026-04-26<\/time><\/header><\/div><div class=\"ub-block-post-grid-excerpt\"><div class=\"ub-block-post-grid-excerpt-text\" style=\"\"><p>L\u2019Affenpinscher, souvent surnomm\u00e9 le \u00ab petit chien-singe \u00bb en raison de son expression faciale unique, est une race de petit chien originaire d\u2019Allemagne. Derri\u00e8re son allure amusante et sa barbe caract\u00e9ristique se cache un compagnon courageux, vif et extr\u00eamement attach\u00e9 \u00e0 ses ma\u00eetres\u2026<\/p>\n<\/div><p><a class=\"ub-block-post-grid-more-link ub-text-link\" style=\"\" href=\"https:\/\/planipets.com\/blog\/chien\/races-chiens\/laffenpinscher-infographies-pour-tout-savoir-sur-son-histoire-son-temperament-son-education-son-cout-2\/\" rel=\"bookmark\">Continue Reading <span class=\"screen-reader-text\">Le Airedale Terrier : infographies pour tout savoir sur son histoire, son temp\u00e9rament, son \u00e9ducation, son co\u00fbt<\/span><\/a><\/p><\/div><\/div><\/article>\n<article id=\"post-67381\" class=\"ub-post-grid-item post-67381 post type-post status-publish format-standard has-post-thumbnail category-chat-qui-miaule category-comportement-chat category-sante-chat tag-chat tag-comportement-felin tag-miaulement tag-sante-animale tag-solutions\" style=\"\"><div class=\"ub-block-post-grid-image\" style=\"\"><a href=\"https:\/\/planipets.com\/blog\/chat\/bien-vivre-avec-son-chat\/chat-qui-miaule\/miaulement-incessant-chat-causes-solutions\/\" rel=\"bookmark\" aria-hidden=\"true\" tabindex=\"-1\"><img loading=\"lazy\" decoding=\"async\" width=\"1536\" height=\"1024\" src=\"https:\/\/planipets.com\/blog\/wp-content\/uploads\/2026\/04\/Miaulement-incessant-chez-le-chat-causes-et-solutions-pour-apaiser-votre-felin.png\" class=\"attachment-full size-full\" alt=\"\" style=\"max-width: 600px; \" srcset=\"https:\/\/planipets.com\/blog\/wp-content\/uploads\/2026\/04\/Miaulement-incessant-chez-le-chat-causes-et-solutions-pour-apaiser-votre-felin.png 1536w, https:\/\/planipets.com\/blog\/wp-content\/uploads\/2026\/04\/Miaulement-incessant-chez-le-chat-causes-et-solutions-pour-apaiser-votre-felin-300x200.png 300w, https:\/\/planipets.com\/blog\/wp-content\/uploads\/2026\/04\/Miaulement-incessant-chez-le-chat-causes-et-solutions-pour-apaiser-votre-felin-1024x683.png 1024w, https:\/\/planipets.com\/blog\/wp-content\/uploads\/2026\/04\/Miaulement-incessant-chez-le-chat-causes-et-solutions-pour-apaiser-votre-felin-768x512.png 768w, https:\/\/planipets.com\/blog\/wp-content\/uploads\/2026\/04\/Miaulement-incessant-chez-le-chat-causes-et-solutions-pour-apaiser-votre-felin-150x100.png 150w, https:\/\/planipets.com\/blog\/wp-content\/uploads\/2026\/04\/Miaulement-incessant-chez-le-chat-causes-et-solutions-pour-apaiser-votre-felin-450x300.png 450w, https:\/\/planipets.com\/blog\/wp-content\/uploads\/2026\/04\/Miaulement-incessant-chez-le-chat-causes-et-solutions-pour-apaiser-votre-felin-1200x800.png 1200w\" sizes=\"(max-width: 1536px) 100vw, 1536px\" title=\"\"><\/a><\/div><div class=\"ub-block-post-grid-text\" style=\"\"><div class=\"ub-block-post-grid-header-content\"><header class=\"ub-block-post-grid-header\"><h2 class=\"ub-block-post-grid-title\"><a style=\"\" href=\"https:\/\/planipets.com\/blog\/chat\/bien-vivre-avec-son-chat\/chat-qui-miaule\/miaulement-incessant-chat-causes-solutions\/\" rel=\"bookmark\">Miaulement incessant chez le chat : causes et solutions pour apaiser votre f\u00e9lin<\/a><\/h2><div class=\"ub-block-post-grid-author\" itemprop=\"author\"><a class=\"ub-text-link\" style=\"\" href=\"https:\/\/planipets.com\/blog\/author\/redaction\/\" itemprop=\"url\" rel=\"author\"><span itemprop=\"name\">The Planipets editorial team<\/span><\/a><\/div><time datetime=\"2026-04-26T13:47:01+02:00\" class=\"ub-block-post-grid-date\" style=\"\" itemprop=\"datePublished\">2026-04-26<\/time><\/header><\/div><div class=\"ub-block-post-grid-excerpt\"><div class=\"ub-block-post-grid-excerpt-text\" style=\"\"><p>\u2726 L\u2019essentiel **Le miaulement incessant de votre chat peut \u00eatre d\u00e9routant et parfois m\u00eame inqui\u00e9tant. Mais comprendre les raisons derri\u00e8re ces vocalisations peut vous aider \u00e0 mieux r\u00e9pondre aux besoins de votre f\u00e9lin.** En bref : Le miaulement peut indiquer des besoins physiologiques ou des probl\u00e8mes de sant\u00e9. Les causes comportementales incluent le stress et\u2026<\/p>\n<\/div><p><a class=\"ub-block-post-grid-more-link ub-text-link\" style=\"\" href=\"https:\/\/planipets.com\/blog\/chat\/bien-vivre-avec-son-chat\/chat-qui-miaule\/miaulement-incessant-chat-causes-solutions\/\" rel=\"bookmark\">Continue Reading <span class=\"screen-reader-text\">Miaulement incessant chez le chat : causes et solutions pour apaiser votre f\u00e9lin<\/span><\/a><\/p><\/div><\/div><\/article>\n<article id=\"post-67365\" class=\"ub-post-grid-item post-67365 post type-post status-publish format-standard has-post-thumbnail category-chat-qui-miaule tag-chat tag-communication-animale tag-comportement-felin tag-emotions-felines tag-miaulements\" style=\"\"><div class=\"ub-block-post-grid-image\" style=\"\"><a href=\"https:\/\/planipets.com\/blog\/chat\/bien-vivre-avec-son-chat\/chat-qui-miaule\/miaulements-chat-decryptage-vocalisations-emotions\/\" rel=\"bookmark\" aria-hidden=\"true\" tabindex=\"-1\"><img loading=\"lazy\" decoding=\"async\" width=\"1536\" height=\"1024\" src=\"https:\/\/planipets.com\/blog\/wp-content\/uploads\/2026\/04\/Miaulements-chez-le-chat-Comprendre-les-vocalisations-et-emotions-felines.png\" class=\"attachment-full size-full\" alt=\"\" style=\"max-width: 600px; \" srcset=\"https:\/\/planipets.com\/blog\/wp-content\/uploads\/2026\/04\/Miaulements-chez-le-chat-Comprendre-les-vocalisations-et-emotions-felines.png 1536w, https:\/\/planipets.com\/blog\/wp-content\/uploads\/2026\/04\/Miaulements-chez-le-chat-Comprendre-les-vocalisations-et-emotions-felines-300x200.png 300w, https:\/\/planipets.com\/blog\/wp-content\/uploads\/2026\/04\/Miaulements-chez-le-chat-Comprendre-les-vocalisations-et-emotions-felines-1024x683.png 1024w, https:\/\/planipets.com\/blog\/wp-content\/uploads\/2026\/04\/Miaulements-chez-le-chat-Comprendre-les-vocalisations-et-emotions-felines-768x512.png 768w, https:\/\/planipets.com\/blog\/wp-content\/uploads\/2026\/04\/Miaulements-chez-le-chat-Comprendre-les-vocalisations-et-emotions-felines-150x100.png 150w, https:\/\/planipets.com\/blog\/wp-content\/uploads\/2026\/04\/Miaulements-chez-le-chat-Comprendre-les-vocalisations-et-emotions-felines-450x300.png 450w, https:\/\/planipets.com\/blog\/wp-content\/uploads\/2026\/04\/Miaulements-chez-le-chat-Comprendre-les-vocalisations-et-emotions-felines-1200x800.png 1200w\" sizes=\"(max-width: 1536px) 100vw, 1536px\" title=\"\"><\/a><\/div><div class=\"ub-block-post-grid-text\" style=\"\"><div class=\"ub-block-post-grid-header-content\"><header class=\"ub-block-post-grid-header\"><h2 class=\"ub-block-post-grid-title\"><a style=\"\" href=\"https:\/\/planipets.com\/blog\/chat\/bien-vivre-avec-son-chat\/chat-qui-miaule\/miaulements-chat-decryptage-vocalisations-emotions\/\" rel=\"bookmark\">Miaulements chez le chat : Comprendre les vocalisations et \u00e9motions f\u00e9lines<\/a><\/h2><div class=\"ub-block-post-grid-author\" itemprop=\"author\"><a class=\"ub-text-link\" style=\"\" href=\"https:\/\/planipets.com\/blog\/author\/\" itemprop=\"url\" rel=\"author\"><span itemprop=\"name\"><\/span><\/a><\/div><time datetime=\"2026-04-15T18:53:34+02:00\" class=\"ub-block-post-grid-date\" style=\"\" itemprop=\"datePublished\">2026-04-15<\/time><\/header><\/div><div class=\"ub-block-post-grid-excerpt\"><div class=\"ub-block-post-grid-excerpt-text\" style=\"\"><p># Miaulements chez le chat : d\u00e9cryptage des vocalisations et des \u00e9motions f\u00e9lines Les propri\u00e9taires de chats pensent souvent comprendre parfaitement les miaulements de leur compagnon. Pourtant, les \u00e9tudes scientifiques r\u00e9v\u00e8lent une r\u00e9alit\u00e9 bien plus complexe : chaque son \u00e9mis par votre f\u00e9lin est un message cod\u00e9, influenc\u00e9 par son \u00e9tat \u00e9motionnel, son environnement et\u2026<\/p>\n<\/div><p><a class=\"ub-block-post-grid-more-link ub-text-link\" style=\"\" href=\"https:\/\/planipets.com\/blog\/chat\/bien-vivre-avec-son-chat\/chat-qui-miaule\/miaulements-chat-decryptage-vocalisations-emotions\/\" rel=\"bookmark\">Continue Reading <span class=\"screen-reader-text\">Miaulements chez le chat : Comprendre les vocalisations et \u00e9motions f\u00e9lines<\/span><\/a><\/p><\/div><\/div><\/article>\n<article id=\"post-67315\" class=\"ub-post-grid-item post-67315 post type-post status-publish format-standard has-post-thumbnail category-races-chiens category-adopter-chien category-bien-vivre-avec-son-chien category-comportement-chien\" style=\"\"><div class=\"ub-block-post-grid-image\" style=\"\"><a href=\"https:\/\/planipets.com\/blog\/chien\/races-chiens\/laffenpinscher-infographies-pour-tout-savoir-sur-son-histoire-son-temperament-son-education-son-cout\/\" rel=\"bookmark\" aria-hidden=\"true\" tabindex=\"-1\"><img loading=\"lazy\" decoding=\"async\" width=\"1200\" height=\"600\" src=\"https:\/\/planipets.com\/blog\/wp-content\/uploads\/2026\/03\/affenpinscher-chien-noir-jouet-herbe.jpg\" class=\"attachment-full size-full\" alt=\"Affenpinscher noir allong\u00e9 dans l\u2019herbe avec un jouet orange\" style=\"max-width: 600px; \" srcset=\"https:\/\/planipets.com\/blog\/wp-content\/uploads\/2026\/03\/affenpinscher-chien-noir-jouet-herbe.jpg 1200w, https:\/\/planipets.com\/blog\/wp-content\/uploads\/2026\/03\/affenpinscher-chien-noir-jouet-herbe-300x150.jpg 300w, https:\/\/planipets.com\/blog\/wp-content\/uploads\/2026\/03\/affenpinscher-chien-noir-jouet-herbe-1024x512.jpg 1024w, https:\/\/planipets.com\/blog\/wp-content\/uploads\/2026\/03\/affenpinscher-chien-noir-jouet-herbe-768x384.jpg 768w, https:\/\/planipets.com\/blog\/wp-content\/uploads\/2026\/03\/affenpinscher-chien-noir-jouet-herbe-150x75.jpg 150w, https:\/\/planipets.com\/blog\/wp-content\/uploads\/2026\/03\/affenpinscher-chien-noir-jouet-herbe-450x225.jpg 450w\" sizes=\"(max-width: 1200px) 100vw, 1200px\" title=\"\"><\/a><\/div><div class=\"ub-block-post-grid-text\" style=\"\"><div class=\"ub-block-post-grid-header-content\"><header class=\"ub-block-post-grid-header\"><h2 class=\"ub-block-post-grid-title\"><a style=\"\" href=\"https:\/\/planipets.com\/blog\/chien\/races-chiens\/laffenpinscher-infographies-pour-tout-savoir-sur-son-histoire-son-temperament-son-education-son-cout\/\" rel=\"bookmark\">L\u2019Affenpinscher : infographies pour tout savoir sur son histoire, son temp\u00e9rament, son \u00e9ducation, son co\u00fbt<\/a><\/h2><div class=\"ub-block-post-grid-author\" itemprop=\"author\"><a class=\"ub-text-link\" style=\"\" href=\"https:\/\/planipets.com\/blog\/author\/redaction\/\" itemprop=\"url\" rel=\"author\"><span itemprop=\"name\">The Planipets editorial team<\/span><\/a><\/div><time datetime=\"2026-03-17T12:46:25+01:00\" class=\"ub-block-post-grid-date\" style=\"\" itemprop=\"datePublished\">2026-03-17<\/time><\/header><\/div><div class=\"ub-block-post-grid-excerpt\"><div class=\"ub-block-post-grid-excerpt-text\" style=\"\"><p>L\u2019Affenpinscher, souvent surnomm\u00e9 le \u00ab petit chien-singe \u00bb en raison de son expression faciale unique, est une race de petit chien originaire d\u2019Allemagne. Derri\u00e8re son allure amusante et sa barbe caract\u00e9ristique se cache un compagnon courageux, vif et extr\u00eamement attach\u00e9 \u00e0 ses ma\u00eetres\u2026<\/p>\n<\/div><p><a class=\"ub-block-post-grid-more-link ub-text-link\" style=\"\" href=\"https:\/\/planipets.com\/blog\/chien\/races-chiens\/laffenpinscher-infographies-pour-tout-savoir-sur-son-histoire-son-temperament-son-education-son-cout\/\" rel=\"bookmark\">Continue Reading <span class=\"screen-reader-text\">L\u2019Affenpinscher : infographies pour tout savoir sur son histoire, son temp\u00e9rament, son \u00e9ducation, son co\u00fbt<\/span><\/a><\/p><\/div><\/div><\/article>\n<article id=\"post-67281\" class=\"ub-post-grid-item post-67281 post type-post status-publish format-standard has-post-thumbnail category-comportement-chien category-bien-vivre-avec-son-chien category-conseils-et-vie-quotidienne\" style=\"\"><div class=\"ub-block-post-grid-image\" style=\"\"><a href=\"https:\/\/planipets.com\/blog\/chien\/comportement-chien\/preparer-son-chien-a-attendre-dehors\/\" rel=\"bookmark\" aria-hidden=\"true\" tabindex=\"-1\"><img loading=\"lazy\" decoding=\"async\" width=\"1200\" height=\"675\" src=\"https:\/\/planipets.com\/blog\/wp-content\/uploads\/2025\/12\/Image-en-avant.jpg\" class=\"attachment-full size-full\" alt=\"Illustration d&#039;un propri\u00e9taire enseignant \u00e0 son chien \u00e0 rester calme avant de partir, avec un geste de &quot;reste&quot;. Cr\u00e9dit photo : Planipets\" style=\"max-width: 600px; \" srcset=\"https:\/\/planipets.com\/blog\/wp-content\/uploads\/2025\/12\/Image-en-avant.jpg 1200w, https:\/\/planipets.com\/blog\/wp-content\/uploads\/2025\/12\/Image-en-avant-300x169.jpg 300w, https:\/\/planipets.com\/blog\/wp-content\/uploads\/2025\/12\/Image-en-avant-1024x576.jpg 1024w, https:\/\/planipets.com\/blog\/wp-content\/uploads\/2025\/12\/Image-en-avant-768x432.jpg 768w, https:\/\/planipets.com\/blog\/wp-content\/uploads\/2025\/12\/Image-en-avant-150x84.jpg 150w, https:\/\/planipets.com\/blog\/wp-content\/uploads\/2025\/12\/Image-en-avant-450x253.jpg 450w\" sizes=\"(max-width: 1200px) 100vw, 1200px\" title=\"\"><\/a><\/div><div class=\"ub-block-post-grid-text\" style=\"\"><div class=\"ub-block-post-grid-header-content\"><header class=\"ub-block-post-grid-header\"><h2 class=\"ub-block-post-grid-title\"><a style=\"\" href=\"https:\/\/planipets.com\/blog\/chien\/comportement-chien\/preparer-son-chien-a-attendre-dehors\/\" rel=\"bookmark\">Comment pr\u00e9parer son chien \u00e0 attendre dehors en toute s\u00e9r\u00e9nit\u00e9 ?<\/a><\/h2><div class=\"ub-block-post-grid-author\" itemprop=\"author\"><a class=\"ub-text-link\" style=\"\" href=\"https:\/\/planipets.com\/blog\/author\/redaction\/\" itemprop=\"url\" rel=\"author\"><span itemprop=\"name\">The Planipets editorial team<\/span><\/a><\/div><time datetime=\"2025-12-08T20:52:56+01:00\" class=\"ub-block-post-grid-date\" style=\"\" itemprop=\"datePublished\">2025-12-08<\/time><\/header><\/div><div class=\"ub-block-post-grid-excerpt\"><div class=\"ub-block-post-grid-excerpt-text\" style=\"\"><p>L\u2019attente en ext\u00e9rieur peut \u00eatre une exp\u00e9rience stressante pour certains chiens, surtout si ce moment est associ\u00e9 \u00e0 de l\u2019anxi\u00e9t\u00e9 ou de l\u2019ennui. Pr\u00e9parer son chien \u00e0 attendre dehors en toute s\u00e9r\u00e9nit\u00e9 est essentiel pour sa tranquillit\u00e9 et pour la v\u00f4tre. Cette pr\u00e9paration ne se fait pas du jour au lendemain, mais avec un peu\u2026<\/p>\n<\/div><p><a class=\"ub-block-post-grid-more-link ub-text-link\" style=\"\" href=\"https:\/\/planipets.com\/blog\/chien\/comportement-chien\/preparer-son-chien-a-attendre-dehors\/\" rel=\"bookmark\">Continue Reading <span class=\"screen-reader-text\">Comment pr\u00e9parer son chien \u00e0 attendre dehors en toute s\u00e9r\u00e9nit\u00e9 ?<\/span><\/a><\/p><\/div><\/div><\/article>\n<\/div><\/section>","protected":false},"excerpt":{"rendered":"<p>La France envisage de mettre en place une taxe annuelle sur les animaux de compagnie d\u00e8s 2025. Les chiffres annonc\u00e9s sont clairs : 120\u20ac par chien et 80\u20ac par chat. Une mesure directement inspir\u00e9e du mod\u00e8le allemand, selon le site le-bon-sens.com. L\u2019objectif affich\u00e9 : responsabiliser les propri\u00e9taires, renforcer l\u2019identification des animaux, et apporter une nouvelle<\/p>\n","protected":false},"author":26,"featured_media":54519,"comment_status":"open","ping_status":"open","sticky":false,"template":"","format":"standard","meta":{"_crdt_document":"","footnotes":"","spc_primary_category":65},"categories":[65],"tags":[],"class_list":{"0":"post-54516","1":"post","2":"type-post","3":"status-publish","4":"format-standard","5":"has-post-thumbnail","7":"category-actualite"},"featured_image_src":"https:\/\/planipets.com\/blog\/wp-content\/uploads\/2025\/03\/Choc-fiscal-2025-120Ean-pour-un-chien-80E-pour-un-chat-\u2013-La-France-ressuscite-une-taxe-supprimee-en-1971-debat-explosif-en-vue.jpg","author_info":{"display_name":"The Planipets editorial team","author_link":"https:\/\/planipets.com\/blog\/author\/redaction\/"},"brizy_media":[],"_links":{"self":[{"href":"https:\/\/planipets.com\/blog\/wp-json\/wp\/v2\/posts\/54516","targetHints":{"allow":["GET"]}}],"collection":[{"href":"https:\/\/planipets.com\/blog\/wp-json\/wp\/v2\/posts"}],"about":[{"href":"https:\/\/planipets.com\/blog\/wp-json\/wp\/v2\/types\/post"}],"author":[{"embeddable":true,"href":"https:\/\/planipets.com\/blog\/wp-json\/wp\/v2\/users\/26"}],"replies":[{"embeddable":true,"href":"https:\/\/planipets.com\/blog\/wp-json\/wp\/v2\/comments?post=54516"}],"version-history":[{"count":0,"href":"https:\/\/planipets.com\/blog\/wp-json\/wp\/v2\/posts\/54516\/revisions"}],"wp:featuredmedia":[{"embeddable":true,"href":"https:\/\/planipets.com\/blog\/wp-json\/wp\/v2\/media\/54519"}],"wp:attachment":[{"href":"https:\/\/planipets.com\/blog\/wp-json\/wp\/v2\/media?parent=54516"}],"wp:term":[{"taxonomy":"category","embeddable":true,"href":"https:\/\/planipets.com\/blog\/wp-json\/wp\/v2\/categories?post=54516"},{"taxonomy":"post_tag","embeddable":true,"href":"https:\/\/planipets.com\/blog\/wp-json\/wp\/v2\/tags?post=54516"}],"curies":[{"name":"wp","href":"https:\/\/api.w.org\/{rel}","templated":true}]}}