{"id":53193,"date":"2025-02-11T16:28:53","date_gmt":"2025-02-11T15:28:53","guid":{"rendered":"https:\/\/planipets.com\/blog\/?p=53193"},"modified":"2025-02-11T16:28:55","modified_gmt":"2025-02-11T15:28:55","slug":"flamenco-le-chat-malade-et-abandonne-qui-risque-de-finir-sa-vie-en-refuge-qui-lui-offrira-une-seconde-chance","status":"publish","type":"post","link":"https:\/\/planipets.com\/blog\/actualite\/flamenco-le-chat-malade-et-abandonne-qui-risque-de-finir-sa-vie-en-refuge-qui-lui-offrira-une-seconde-chance\/","title":{"rendered":"Flamenco, le chat malade et abandonn\u00e9 qui risque de finir sa vie en refuge : qui lui offrira une seconde chance ?"},"content":{"rendered":"\n<h2 class=\"wp-block-heading\">Un f\u00e9lin oubli\u00e9 qui cherche d\u00e9sesp\u00e9r\u00e9ment un foyer<\/h2>\n\n\n\n<p class=\"wp-block-paragraph\">Accueilli en<strong> janvier 2025 \u00e0 la <a href=\"https:\/\/web.facebook.com\/RefugeSpaYvreLEveque\/?locale=fr_FR&amp;_rdc=1&amp;_rdr#\" target=\"_blank\" rel=\"noopener\">SPA d\u2019Yvr\u00e9-l\u2019\u00c9v\u00eaque<\/a> (Sarthe),<\/strong> <strong>Flamenco<\/strong>, un chat de 5 ans, attend depuis trop longtemps une famille pour lui offrir un foyer aimant. Ce f\u00e9lin au pass\u00e9 douloureux a \u00e9t\u00e9 pris en charge par la fourri\u00e8re avant d&#8217;\u00eatre d\u00e9pos\u00e9 au refuge. Malheureusement, personne ne s&#8217;est manifest\u00e9 pour le r\u00e9cup\u00e9rer. Aujourd\u2019hui, il risque de passer le restant de sa vie en box.<\/p>\n\n\n\n<p class=\"wp-block-paragraph\"><\/p>\n\n\n\n<p class=\"wp-block-paragraph\"><\/p>\n\n\n\n<h2 class=\"wp-block-heading\">Un combat contre la maladie : Flamenco a besoin d\u2019aide<\/h2>\n\n\n\n<p class=\"wp-block-paragraph\">Outre son abandon, <strong>Flamenco<\/strong> est confront\u00e9 \u00e0 un autre combat. Il souffre d\u2019un cancer de l\u2019oreille, une pathologie fr\u00e9quente chez les chats blancs mais qui, selon les analyses, ne lui laisse que quelques mois devant lui. Une urgence qui rend son adoption d&#8217;autant plus cruciale.<\/p>\n\n\n\n<p class=\"wp-block-paragraph\">En plus de son cancer, <strong>Flamenco est porteur du FIV <\/strong>(virus de l\u2019immunod\u00e9ficience f\u00e9line), souvent appel\u00e9 le <strong>sida du chat<\/strong>. Cette condition impose qu&#8217;il soit adopt\u00e9 par une famille sans autre chat, ou uniquement avec des cong\u00e9n\u00e8res \u00e9galement porteurs du<strong> FIV<\/strong>. Bonne nouvelle cependant : il ne souffre pas de gingivite, une autre affection r\u00e9pandue chez les <strong>chats atteints du FIV<\/strong>.<\/p>\n\n\n\n<p class=\"wp-block-paragraph\"><\/p>\n\n\n\n<p class=\"wp-block-paragraph\"><\/p>\n\n\n\n<h2 class=\"wp-block-heading\">Pourquoi personne ne veut de Flamenco ?<\/h2>\n\n\n\n<p class=\"wp-block-paragraph\">Malgr\u00e9 son temp\u00e9rament calme et attachant, <strong>Flamenco<\/strong> reste sur la touche. Les chats malades ou porteurs du FIV ont tendance \u00e0 \u00eatre boud\u00e9s par les adoptants.<\/p>\n\n\n<div style=\"background-color: #dff0d8; color: #3c763d; border-left-color: #3c763d; \" class=\"ub-styled-box ub-notification-box wp-block-ub-styled-box\" id=\"ub-styled-box-cd4a52a4-34b1-4525-8504-ed9d18b850ea\">\n<p class=\"wp-block-paragraph\" id=\"ub-styled-box-notification-content-\"><strong>Na\u00efs Venanzi<\/strong>, responsable de la SPA d\u2019Yvr\u00e9-l\u2019\u00c9v\u00eaque, souligne : &#8220;<em>Nous souhaitons le mettre en avant car il a besoin d\u2019un foyer aimant. Il est doux, tranquille et m\u00e9rite une chance.<\/em>&#8220;<\/p>\n\n\n<\/div>\n\n\n<p class=\"wp-block-paragraph\">Le refuge rappelle que les chats porteurs du FIV peuvent vivre longtemps en bonne sant\u00e9 si on leur offre un environnement stable et bienveillant.<\/p>\n\n\n\n<figure class=\"wp-block-image size-large\"><img fetchpriority=\"high\" decoding=\"async\" width=\"1024\" height=\"1024\" src=\"https:\/\/planipets.com\/blog\/wp-content\/uploads\/2025\/02\/Flamenco-le-chat-malade-et-abandonne-qui-risque-de-finir-sa-vie-en-refuge-qui-lui-offrira-une-seconde-chance-2-1024x1024.jpg\" alt=\"Flamenco, un chat tigr\u00e9 malade et abandonn\u00e9, allong\u00e9 dans son refuge en attente d\u2019une adoption.\" class=\"wp-image-53195\" title=\"\" srcset=\"https:\/\/planipets.com\/blog\/wp-content\/uploads\/2025\/02\/Flamenco-le-chat-malade-et-abandonne-qui-risque-de-finir-sa-vie-en-refuge-qui-lui-offrira-une-seconde-chance-2-1024x1024.jpg 1024w, https:\/\/planipets.com\/blog\/wp-content\/uploads\/2025\/02\/Flamenco-le-chat-malade-et-abandonne-qui-risque-de-finir-sa-vie-en-refuge-qui-lui-offrira-une-seconde-chance-2-300x300.jpg 300w, https:\/\/planipets.com\/blog\/wp-content\/uploads\/2025\/02\/Flamenco-le-chat-malade-et-abandonne-qui-risque-de-finir-sa-vie-en-refuge-qui-lui-offrira-une-seconde-chance-2-150x150.jpg 150w, https:\/\/planipets.com\/blog\/wp-content\/uploads\/2025\/02\/Flamenco-le-chat-malade-et-abandonne-qui-risque-de-finir-sa-vie-en-refuge-qui-lui-offrira-une-seconde-chance-2-768x768.jpg 768w, https:\/\/planipets.com\/blog\/wp-content\/uploads\/2025\/02\/Flamenco-le-chat-malade-et-abandonne-qui-risque-de-finir-sa-vie-en-refuge-qui-lui-offrira-une-seconde-chance-2-450x450.jpg 450w, https:\/\/planipets.com\/blog\/wp-content\/uploads\/2025\/02\/Flamenco-le-chat-malade-et-abandonne-qui-risque-de-finir-sa-vie-en-refuge-qui-lui-offrira-une-seconde-chance-2-1200x1200.jpg 1200w, https:\/\/planipets.com\/blog\/wp-content\/uploads\/2025\/02\/Flamenco-le-chat-malade-et-abandonne-qui-risque-de-finir-sa-vie-en-refuge-qui-lui-offrira-une-seconde-chance-2-96x96.jpg 96w, https:\/\/planipets.com\/blog\/wp-content\/uploads\/2025\/02\/Flamenco-le-chat-malade-et-abandonne-qui-risque-de-finir-sa-vie-en-refuge-qui-lui-offrira-une-seconde-chance-2.jpg 1300w\" sizes=\"(max-width: 1024px) 100vw, 1024px\" \/><figcaption class=\"wp-element-caption\">Flamenco, 5 ans, attend une famille \u00e0 la SPA d\u2019Yvr\u00e9-l\u2019\u00c9v\u00eaque. Il souffre d\u2019un cancer de l\u2019oreille et du FIV.<\/figcaption><\/figure>\n\n\n\n<p class=\"wp-block-paragraph\"><\/p>\n\n\n\n<p class=\"wp-block-paragraph\"><\/p>\n\n\n\n<h2 class=\"wp-block-heading\">Une adoption solidaire pour offrir \u00e0 Flamenco une fin de vie digne<\/h2>\n\n\n\n<p class=\"wp-block-paragraph\"><strong>Adopter Flamenco<\/strong>, c\u2019est faire un geste d\u2019amour et de compassion. Contrairement \u00e0 certaines id\u00e9es re\u00e7ues, un<strong> chat FIV+ <\/strong>n&#8217;est pas un danger pour les humains ou les autres animaux s&#8217;il vit dans des conditions adapt\u00e9es. Il peut m\u00eame avoir une vie normale avec les soins appropri\u00e9s.<\/p>\n\n\n\n<p class=\"wp-block-paragraph\">Certains <strong>chats FIV+<\/strong> vivent plus de 10 ans apr\u00e8s leur diagnostic. Mais pour <strong>Flamenco<\/strong>, le temps presse. Son cancer de l\u2019oreille r\u00e9duit son esp\u00e9rance de vie, et il a <strong>besoin d\u2019un adoptant <\/strong>qui accepte de l\u2019accompagner jusqu\u2019au bout, avec amour et bienveillance.<\/p>\n\n\n<div style=\"background-color: #f7f7f7; color: #31708f; border-left-color: #31708f; \" class=\"ub-styled-box ub-notification-box wp-block-ub-styled-box\" id=\"ub-styled-box-af2fd505-ad5f-4692-9056-67117cbdcf54\">\n<p class=\"wp-block-paragraph\" id=\"ub-styled-box-notification-content-\"><strong>Devrait vous int\u00e9resser<\/strong> : <a href=\"https:\/\/planipets.com\/blog\/chien\/comportement-chien\/sentendre-comme-chien-et-chat-est-il-reellement-possible-de-faire-vivre-ensemble-un-chien-et-un-chat\/\">\u00ab S\u2019entendre comme chien et chat \u00bb : est-il r\u00e9ellement possible de faire vivre ensemble un chien et un chat ?<\/a><\/p>\n\n\n<\/div>\n\n\n<p class=\"wp-block-paragraph\"><\/p>\n\n\n\n<h2 class=\"wp-block-heading\">Adopter un chat malade : un engagement, mais surtout une grande le\u00e7on d\u2019amour<\/h2>\n\n\n\n<p class=\"wp-block-paragraph\">L&#8217;<strong>adoption d&#8217;un animal malade <\/strong>peut faire peur, mais elle est aussi une exp\u00e9rience enrichissante. Les refuges proposent souvent un <strong>accompagnement v\u00e9t\u00e9rinaire<\/strong> et des conseils pour s&#8217;occuper d&#8217;un animal atteint d&#8217;une maladie chronique.<\/p>\n\n\n\n<p class=\"wp-block-paragraph\">En adoptant <strong>Flamenco<\/strong>, vous lui offrez bien plus qu&#8217;un foyer : vous lui donnez la chance de finir sa vie entour\u00e9 d&#8217;affection plut\u00f4t que dans l&#8217;anonymat d&#8217;une cage.<\/p>\n\n\n\n<p class=\"wp-block-paragraph\"><\/p>\n\n\n\n<p class=\"wp-block-paragraph\"><\/p>\n\n\n\n<h2 class=\"wp-block-heading\">Comment adopter Flamenco ?<\/h2>\n\n\n\n<p class=\"wp-block-paragraph\">Pour ceux qui souhaiteraient offrir un foyer \u00e0 Flamenco, il suffit de contacter la <strong><a href=\"https:\/\/www.la-spa.fr\/etablissement\/refuge-spa-dyvre-leveque-le-mans\/?fbclid=IwY2xjawIYR8ZleHRuA2FlbQIxMAABHY6BXCKiE9v-inz4V3aTkD91a3AknzsMK47nmGzNpxzY5f5tE9rOtQyqFg_aem_jAzyOza6XuONXoYoFkwj8Q\" target=\"_blank\" rel=\"noopener\">SPA d\u2019Yvr\u00e9-l\u2019\u00c9v\u00eaque<\/a><\/strong>. L\u2019adoption est un processus simple : une rencontre est organis\u00e9e pour s&#8217;assurer que le chat et la famille adoptante sont compatibles.<\/p>\n\n\n\n<p class=\"wp-block-paragraph\">La SPA esp\u00e8re que Flamenco trouvera bient\u00f4t un adoptant. Il est urgent de lui offrir une maison o\u00f9 il pourra passer ses derniers mois dans le confort et l&#8217;affection.<\/p>\n\n\n<div style=\"background-color: #f7f7f7; color: #31708f; border-left-color: #31708f; \" class=\"ub-styled-box ub-notification-box wp-block-ub-styled-box\" id=\"ub-styled-box-c741478a-05e3-4ba1-b3cd-e4529a8104ed\">\n<p class=\"wp-block-paragraph\" id=\"ub-styled-box-notification-content-\"><strong>Devrait vous int\u00e9resser : <\/strong><a href=\"https:\/\/planipets.com\/blog\/actualite\/lappel-urgent-de-la-spa-pour-des-familles-daccueil-pour-chatons-dans-le-var\/\">L\u2019appel urgent de la SPA pour des familles d\u2019accueil pour chatons dans le Var<\/a><\/p>\n\n\n<\/div>\n\n\n<p class=\"wp-block-paragraph\"><\/p>\n\n\n\n<h2 class=\"wp-block-heading\">Un appel \u00e0 la solidarit\u00e9 : et si vous \u00e9tiez sa derni\u00e8re chance ?<\/h2>\n\n\n\n<p class=\"wp-block-paragraph\">L&#8217;histoire de Flamenco est celle de nombreux animaux abandonn\u00e9s qui n&#8217;attendent qu&#8217;une seconde chance. Selon <strong><a href=\"https:\/\/actu.fr\/pays-de-la-loire\/yvre-l-eveque_72386\/le-chat-flamenco-risque-de-finir-sa-vie-au-refuge-spa-de-la-sarthe-sil-nest-pas-adopte_62235923.html\" target=\"_blank\" rel=\"noopener\">actu.fr<\/a><\/strong>, le refuge cherche d\u00e9sesp\u00e9r\u00e9ment une famille pr\u00eate \u00e0 accueillir ce chat attachant malgr\u00e9 sa maladie.<\/p>\n\n\n\n<p class=\"wp-block-paragraph\">Vous n\u2019avez pas la possibilit\u00e9 d\u2019adopter ? Vous pouvez aussi aider en partageant son histoire ou en faisant un don \u00e0 la SPA. Chaque petit geste peut changer son destin.<\/p>\n\n\n\n<p class=\"wp-block-paragraph\">Ne laissons pas Flamenco finir sa vie dans un refuge. Qui lui offrira la chaleur d&#8217;un foyer ?<\/p>\n","protected":false},"excerpt":{"rendered":"<p>Un f\u00e9lin oubli\u00e9 qui cherche d\u00e9sesp\u00e9r\u00e9ment un foyer Accueilli en janvier 2025 \u00e0 la SPA d\u2019Yvr\u00e9-l\u2019\u00c9v\u00eaque (Sarthe), Flamenco, un chat de 5 ans, attend depuis trop longtemps une famille pour lui offrir un foyer aimant. Ce f\u00e9lin au pass\u00e9 douloureux a \u00e9t\u00e9 pris en charge par la fourri\u00e8re avant d&#8217;\u00eatre d\u00e9pos\u00e9 au refuge. Malheureusement, personne<\/p>\n","protected":false},"author":26,"featured_media":53196,"comment_status":"open","ping_status":"open","sticky":false,"template":"","format":"standard","meta":{"_crdt_document":"","footnotes":"","spc_primary_category":65},"categories":[65],"tags":[],"class_list":{"0":"post-53193","1":"post","2":"type-post","3":"status-publish","4":"format-standard","5":"has-post-thumbnail","7":"category-actualite"},"featured_image_src":"https:\/\/planipets.com\/blog\/wp-content\/uploads\/2025\/02\/Flamenco-le-chat-malade-et-abandonne-qui-risque-de-finir-sa-vie-en-refuge-qui-lui-offrira-une-seconde-chance-1.jpg","author_info":{"display_name":"The Planipets editorial team","author_link":"https:\/\/planipets.com\/blog\/author\/redaction\/"},"brizy_media":[],"_links":{"self":[{"href":"https:\/\/planipets.com\/blog\/wp-json\/wp\/v2\/posts\/53193","targetHints":{"allow":["GET"]}}],"collection":[{"href":"https:\/\/planipets.com\/blog\/wp-json\/wp\/v2\/posts"}],"about":[{"href":"https:\/\/planipets.com\/blog\/wp-json\/wp\/v2\/types\/post"}],"author":[{"embeddable":true,"href":"https:\/\/planipets.com\/blog\/wp-json\/wp\/v2\/users\/26"}],"replies":[{"embeddable":true,"href":"https:\/\/planipets.com\/blog\/wp-json\/wp\/v2\/comments?post=53193"}],"version-history":[{"count":0,"href":"https:\/\/planipets.com\/blog\/wp-json\/wp\/v2\/posts\/53193\/revisions"}],"wp:featuredmedia":[{"embeddable":true,"href":"https:\/\/planipets.com\/blog\/wp-json\/wp\/v2\/media\/53196"}],"wp:attachment":[{"href":"https:\/\/planipets.com\/blog\/wp-json\/wp\/v2\/media?parent=53193"}],"wp:term":[{"taxonomy":"category","embeddable":true,"href":"https:\/\/planipets.com\/blog\/wp-json\/wp\/v2\/categories?post=53193"},{"taxonomy":"post_tag","embeddable":true,"href":"https:\/\/planipets.com\/blog\/wp-json\/wp\/v2\/tags?post=53193"}],"curies":[{"name":"wp","href":"https:\/\/api.w.org\/{rel}","templated":true}]}}