{"id":52978,"date":"2025-01-31T21:03:44","date_gmt":"2025-01-31T20:03:44","guid":{"rendered":"https:\/\/planipets.com\/blog\/?p=52978"},"modified":"2025-02-02T13:30:48","modified_gmt":"2025-02-02T12:30:48","slug":"un-chien-vole-en-pleine-nuit-a-la-spa-de-perigueux-un-american-bully-dun-an-arrache-au-refuge-lassociation-lance-un-appel-durgence","status":"publish","type":"post","link":"https:\/\/planipets.com\/blog\/actualite\/un-chien-vole-en-pleine-nuit-a-la-spa-de-perigueux-un-american-bully-dun-an-arrache-au-refuge-lassociation-lance-un-appel-durgence\/","title":{"rendered":"Un chien vol\u00e9 en pleine nuit \u00e0 la SPA de P\u00e9rigueux : un American Bully d&#8217;un an arrach\u00e9 au refuge, l&#8217;association lance un appel d&#8217;urgence"},"content":{"rendered":"\n<h2 class=\"wp-block-heading\">Un cambriolage nocturne qui inqui\u00e8te le refuge<\/h2>\n\n\n\n<p class=\"wp-block-paragraph\">Un acte choquant s&#8217;est produit dans la <strong>nuit <\/strong>du <strong>jeudi 30 au vendredi 31 janvier au refuge de la SPA<\/strong> de <strong>Marsac-sur-l&#8217;Isle<\/strong>, pr\u00e8s de P\u00e9rigueux. <strong>Alistair<\/strong>, un jeune <strong>American Bully d&#8217;un an<\/strong>, a \u00e9t\u00e9 vol\u00e9 apr\u00e8s qu&#8217;un ou plusieurs individus ont perc\u00e9 le grillage du refuge. Ce vol soul\u00e8ve de nombreuses questions sur la s\u00e9curit\u00e9 des animaux recueillis et met en lumi\u00e8re le ph\u00e9nom\u00e8ne grandissant des vols de <strong><a href=\"https:\/\/planipets.com\/blog\/chien\/races-chiens-raffolent-calins\/\" data-type=\"post\" data-id=\"46607\">chiens de race<\/a><\/strong>.<\/p>\n\n\n\n<p class=\"wp-block-paragraph\"><\/p>\n\n\n\n<p class=\"wp-block-paragraph\"><\/p>\n\n\n\n<h2 class=\"wp-block-heading\">Un chien r\u00e9cemment sauv\u00e9, maintenant port\u00e9 disparu<\/h2>\n\n\n\n<p class=\"wp-block-paragraph\">Alistair avait \u00e9t\u00e9 retrouv\u00e9 errant en janvier et pris en charge par la <strong>SPA<\/strong>. Mis \u00e0 l&#8217;adoption r\u00e9cemment, il repr\u00e9sentait l&#8217;espoir d&#8217;une nouvelle vie loin de l&#8217;abandon. Mais cet espoir a \u00e9t\u00e9 brutalement interrompu par ce vol, plongeant les b\u00e9n\u00e9voles du refuge dans l&#8217;incompr\u00e9hension et l&#8217;inqui\u00e9tude.<\/p>\n\n\n\n<figure class=\"wp-block-image size-large\"><img fetchpriority=\"high\" decoding=\"async\" width=\"1024\" height=\"1024\" src=\"https:\/\/planipets.com\/blog\/wp-content\/uploads\/2025\/01\/Un-chien-vole-en-pleine-nuit-a-la-SPA-de-Perigueux-un-American-Bully-1-1024x1024.jpg\" alt=\"Un American Bully nomm\u00e9 Alistair, vol\u00e9 au refuge de la SPA de P\u00e9rigueux apr\u00e8s avoir \u00e9t\u00e9 recueilli et mis \u00e0 l&#039;adoption.\" class=\"wp-image-52979\" title=\"\" srcset=\"https:\/\/planipets.com\/blog\/wp-content\/uploads\/2025\/01\/Un-chien-vole-en-pleine-nuit-a-la-SPA-de-Perigueux-un-American-Bully-1-1024x1024.jpg 1024w, https:\/\/planipets.com\/blog\/wp-content\/uploads\/2025\/01\/Un-chien-vole-en-pleine-nuit-a-la-SPA-de-Perigueux-un-American-Bully-1-300x300.jpg 300w, https:\/\/planipets.com\/blog\/wp-content\/uploads\/2025\/01\/Un-chien-vole-en-pleine-nuit-a-la-SPA-de-Perigueux-un-American-Bully-1-150x150.jpg 150w, https:\/\/planipets.com\/blog\/wp-content\/uploads\/2025\/01\/Un-chien-vole-en-pleine-nuit-a-la-SPA-de-Perigueux-un-American-Bully-1-768x768.jpg 768w, https:\/\/planipets.com\/blog\/wp-content\/uploads\/2025\/01\/Un-chien-vole-en-pleine-nuit-a-la-SPA-de-Perigueux-un-American-Bully-1-450x450.jpg 450w, https:\/\/planipets.com\/blog\/wp-content\/uploads\/2025\/01\/Un-chien-vole-en-pleine-nuit-a-la-SPA-de-Perigueux-un-American-Bully-1-1200x1200.jpg 1200w, https:\/\/planipets.com\/blog\/wp-content\/uploads\/2025\/01\/Un-chien-vole-en-pleine-nuit-a-la-SPA-de-Perigueux-un-American-Bully-1-96x96.jpg 96w, https:\/\/planipets.com\/blog\/wp-content\/uploads\/2025\/01\/Un-chien-vole-en-pleine-nuit-a-la-SPA-de-Perigueux-un-American-Bully-1.jpg 1300w\" sizes=\"(max-width: 1024px) 100vw, 1024px\" \/><figcaption class=\"wp-element-caption\">Alistair, un American Bully d&#8217;un an, a \u00e9t\u00e9 vol\u00e9 dans la nuit au refuge de la SPA de P\u00e9rigueux, suscitant l&#8217;inqui\u00e9tude de l&#8217;association.<\/figcaption><\/figure>\n\n\n\n<p class=\"wp-block-paragraph\"><\/p>\n\n\n\n<h2 class=\"wp-block-heading\">Une r\u00e9cidive : la SPA d\u00e9j\u00e0 victime en 2023<\/h2>\n\n\n\n<p class=\"wp-block-paragraph\">Ce n&#8217;est pas la premi\u00e8re fois que la <strong>SPA de P\u00e9rigueux subit un vol<\/strong>. En avril 2023, un autre chien avait \u00e9t\u00e9 d\u00e9rob\u00e9 avant d&#8217;\u00eatre retrouv\u00e9 quelques jours plus tard. Ces incidents r\u00e9p\u00e9t\u00e9s interrogent sur la n\u00e9cessit\u00e9 de renforcer la s\u00e9curit\u00e9 des refuges et sur les motivations des voleurs.<\/p>\n\n\n<div style=\"background-color: #f7f7f7; color: #31708f; border-left-color: #31708f; \" class=\"ub-styled-box ub-notification-box wp-block-ub-styled-box\" id=\"ub-styled-box-3a8e2098-949f-47b1-ac17-243a2a523997\">\n<p class=\"wp-block-paragraph\" id=\"ub-styled-box-notification-content-\"><strong>Devrait vous int\u00e9resser <\/strong>: <a href=\"https:\/\/planipets.com\/blog\/actualite\/malinois-abandonne-yago-4-ans-de-refuge-a-la-spa-victime-dune-mode-qui-le-condamne\/\">Malinois abandonn\u00e9 : Yago, 4 ans de refuge \u00e0 la SPA, victime d\u2019une mode qui le condamne<\/a><\/p>\n\n\n<\/div>\n\n\n<p class=\"wp-block-paragraph\"><\/p>\n\n\n\n<h2 class=\"wp-block-heading\">Un march\u00e9 noir des chiens de race en expansion<\/h2>\n\n\n\n<p class=\"wp-block-paragraph\">Les vols de chiens, notamment ceux de race pris\u00e9e comme l<strong>&#8216;American Bully,<\/strong> se multiplient en France. Ces chiens sont souvent revendus ill\u00e9galement ou utilis\u00e9s pour des combats clandestins. Selon une \u00e9tude de la <strong><a href=\"https:\/\/www.30millionsdamis.fr\/\" target=\"_blank\" rel=\"noopener\">Fondation 30 Millions d&#8217;Amis<\/a><\/strong>, environ 75 000 chiens sont vol\u00e9s chaque ann\u00e9e en France. L&#8217;attrait financier autour de certaines races en fait des cibles de choix.<\/p>\n\n\n\n<p class=\"wp-block-paragraph\"><\/p>\n\n\n\n<p class=\"wp-block-paragraph\"><\/p>\n\n\n<div style=\"background-color: #dff0d8; color: #3c763d; border-left-color: #3c763d; \" class=\"ub-styled-box ub-notification-box wp-block-ub-styled-box\" id=\"ub-styled-box-738e7707-3dac-44b2-902b-0e213a193445\">\n<h2 class=\"wp-block-heading\" id=\"ub-styled-box-notification-content-\">L&#8217;appel urgent de la SPA : &#8220;<em>N&#8217;intervenez pas vous-m\u00eame<\/em>&#8220;<\/h2>\n\n\n<\/div>\n\n\n<p class=\"wp-block-paragraph\">Face \u00e0 cette disparition, la <strong>SPA de P\u00e9rigueux a lanc\u00e9 un appel sur Facebook<\/strong> et invite toute personne ayant des informations \u00e0 contacter la police nationale ou le refuge. <\/p>\n\n\n<div style=\"background-color: #dff0d8; color: #3c763d; border-left-color: #3c763d; \" class=\"ub-styled-box ub-notification-box wp-block-ub-styled-box\" id=\"ub-styled-box-6d1f62a6-4e7c-4f4b-8cad-229a60fd99f4\">\n<p class=\"wp-block-paragraph\" id=\"ub-styled-box-notification-content-\">&#8220;<em>Une enqu\u00eate est en cours<\/em>&#8220;, pr\u00e9cise l&#8217;association, qui demande de ne pas agir seul en cas de rep\u00e9rage du chien.<\/p>\n\n\n<\/div>\n\n\n<p class=\"wp-block-paragraph\"><\/p>\n\n\n\n<p class=\"wp-block-paragraph\"><\/p>\n\n\n\n<h2 class=\"wp-block-heading\">Pourquoi ces vols doivent inqui\u00e9ter tout le monde<\/h2>\n\n\n\n<p class=\"wp-block-paragraph\">Le vol d&#8217;<strong>Alistair<\/strong> n&#8217;est pas un cas isol\u00e9. Ce ph\u00e9nom\u00e8ne alarmant pose des questions sur la protection des animaux abandonn\u00e9s. Au-del\u00e0 du drame pour les b\u00e9n\u00e9voles et les futurs adoptants, c&#8217;est aussi le reflet d&#8217;un syst\u00e8me o\u00f9 les animaux deviennent des marchandises.<\/p>\n\n\n\n<p class=\"wp-block-paragraph\"><\/p>\n\n\n\n<p class=\"wp-block-paragraph\"><\/p>\n\n\n\n<h2 class=\"wp-block-heading\">Des solutions pour contrer ce fl\u00e9au<\/h2>\n\n\n\n<p class=\"wp-block-paragraph\">Les associations de protection animale demandent des mesures plus strictes pour lutter contre ces vols :<\/p>\n\n\n<div style=\"background-color: #dff0d8; color: #3c763d; border-left-color: #3c763d; \" class=\"ub-styled-box ub-notification-box wp-block-ub-styled-box\" id=\"ub-styled-box-5e6c745b-c8f4-4e56-b7c0-f00375b4904a\">\n<ul class=\"wp-block-list\" id=\"ub-styled-box-notification-content-\">\n<li><strong>G\u00e9n\u00e9ralisation de la vid\u00e9osurveillance<\/strong> dans les refuges<\/li>\n\n\n\n<li><strong>Sanctions plus s\u00e9v\u00e8res<\/strong> pour les voleurs d&#8217;animaux<\/li>\n\n\n\n<li><strong>Sensibilisation du public<\/strong> \u00e0 l&#8217;importance de l&#8217;identification des animaux<\/li>\n<\/ul>\n\n\n<\/div>\n\n\n<p class=\"wp-block-paragraph\"><\/p>\n\n\n\n<p class=\"wp-block-paragraph\"><\/p>\n\n\n\n<h2 class=\"wp-block-heading\">Une mobilisation n\u00e9cessaire pour retrouver Alistair<\/h2>\n\n\n\n<p class=\"wp-block-paragraph\">L&#8217;<strong>affaire d&#8217;Alistair,<\/strong> relay\u00e9e par la <strong>SPA <\/strong>et plusieurs m\u00e9dias (selon <strong><a href=\"https:\/\/www.francebleu.fr\/infos\/faits-divers-justice\/un-chien-vole-en-pleine-nuit-au-refuge-de-la-spa-de-perigueux-l-association-lance-un-appel-8714750\" target=\"_blank\" rel=\"noopener\">francebleu.fr<\/a><\/strong>), suscite une forte mobilisation. Plus les partages se multiplient, plus les chances de le retrouver augmentent. Toute personne ayant vu ou entendu quelque chose est invit\u00e9e \u00e0 se manifester rapidement.<\/p>\n\n\n<div style=\"background-color: #f7f7f7; color: #31708f; border-left-color: #31708f; \" class=\"ub-styled-box ub-notification-box wp-block-ub-styled-box\" id=\"ub-styled-box-19af6999-2c05-4c44-a583-22471e3a2d9d\">\n<p class=\"wp-block-paragraph\" id=\"ub-styled-box-notification-content-\"><strong>Devrait vous int\u00e9resser <\/strong>: <a href=\"https:\/\/planipets.com\/blog\/actualite\/un-chien-malade-abandonne-et-desespere-recoit-un-soutien-enorme-et-transforme-lentraide-animale-pour-toujours\/\">Un chien malade, abandonn\u00e9 et d\u00e9sesp\u00e9r\u00e9 re\u00e7oit un soutien \u00e9norme et transforme l\u2019entraide animale pour toujours<\/a><\/p>\n\n\n<\/div>\n\n\n<p class=\"wp-block-paragraph\"><\/p>\n\n\n\n<h2 class=\"wp-block-heading\">Un espoir pour Alistair et pour tous les chiens vol\u00e9s<\/h2>\n\n\n\n<p class=\"wp-block-paragraph\">Le combat contre les vols d&#8217;animaux ne fait que commencer. Chaque alerte, chaque sensibilisation contribue \u00e0 freiner ce march\u00e9 ill\u00e9gal. Alistair retrouvera-t-il la libert\u00e9 ? L&#8217;espoir reste permis, mais cette affaire rappelle l&#8217;urgence d&#8217;agir pour tous les <strong>animaux vuln\u00e9rables.<\/strong><\/p>\n\n\n\n<p class=\"wp-block-paragraph\"><\/p>\n","protected":false},"excerpt":{"rendered":"<p>Un cambriolage nocturne qui inqui\u00e8te le refuge Un acte choquant s&#8217;est produit dans la nuit du jeudi 30 au vendredi 31 janvier au refuge de la SPA de Marsac-sur-l&#8217;Isle, pr\u00e8s de P\u00e9rigueux. Alistair, un jeune American Bully d&#8217;un an, a \u00e9t\u00e9 vol\u00e9 apr\u00e8s qu&#8217;un ou plusieurs individus ont perc\u00e9 le grillage du refuge. Ce vol<\/p>\n","protected":false},"author":26,"featured_media":52980,"comment_status":"open","ping_status":"open","sticky":false,"template":"","format":"standard","meta":{"_crdt_document":"","footnotes":"","spc_primary_category":65},"categories":[65],"tags":[],"class_list":{"0":"post-52978","1":"post","2":"type-post","3":"status-publish","4":"format-standard","5":"has-post-thumbnail","7":"category-actualite"},"featured_image_src":"https:\/\/planipets.com\/blog\/wp-content\/uploads\/2025\/01\/Un-chien-vole-en-pleine-nuit-a-la-SPA-de-Perigueux-un-American-Bully-2.jpg","author_info":{"display_name":"The Planipets editorial team","author_link":"https:\/\/planipets.com\/blog\/author\/redaction\/"},"brizy_media":[],"_links":{"self":[{"href":"https:\/\/planipets.com\/blog\/wp-json\/wp\/v2\/posts\/52978","targetHints":{"allow":["GET"]}}],"collection":[{"href":"https:\/\/planipets.com\/blog\/wp-json\/wp\/v2\/posts"}],"about":[{"href":"https:\/\/planipets.com\/blog\/wp-json\/wp\/v2\/types\/post"}],"author":[{"embeddable":true,"href":"https:\/\/planipets.com\/blog\/wp-json\/wp\/v2\/users\/26"}],"replies":[{"embeddable":true,"href":"https:\/\/planipets.com\/blog\/wp-json\/wp\/v2\/comments?post=52978"}],"version-history":[{"count":0,"href":"https:\/\/planipets.com\/blog\/wp-json\/wp\/v2\/posts\/52978\/revisions"}],"wp:featuredmedia":[{"embeddable":true,"href":"https:\/\/planipets.com\/blog\/wp-json\/wp\/v2\/media\/52980"}],"wp:attachment":[{"href":"https:\/\/planipets.com\/blog\/wp-json\/wp\/v2\/media?parent=52978"}],"wp:term":[{"taxonomy":"category","embeddable":true,"href":"https:\/\/planipets.com\/blog\/wp-json\/wp\/v2\/categories?post=52978"},{"taxonomy":"post_tag","embeddable":true,"href":"https:\/\/planipets.com\/blog\/wp-json\/wp\/v2\/tags?post=52978"}],"curies":[{"name":"wp","href":"https:\/\/api.w.org\/{rel}","templated":true}]}}