{"id":52942,"date":"2025-01-29T21:26:55","date_gmt":"2025-01-29T20:26:55","guid":{"rendered":"https:\/\/planipets.com\/blog\/?p=52942"},"modified":"2025-01-29T21:26:57","modified_gmt":"2025-01-29T20:26:57","slug":"caen-renforce-sa-securite-des-chiens-policiers-deployes-pour-proteger-la-ville","status":"publish","type":"post","link":"https:\/\/planipets.com\/blog\/actualite\/caen-renforce-sa-securite-des-chiens-policiers-deployes-pour-proteger-la-ville\/","title":{"rendered":"Caen renforce sa s\u00e9curit\u00e9 : des chiens policiers d\u00e9ploy\u00e9s pour prot\u00e9ger la ville !"},"content":{"rendered":"\n<h2 class=\"wp-block-heading\">Un chien policier pour patrouiller dans les rues de Caen avant l&#8217;\u00e9t\u00e9<\/h2>\n\n\n\n<p class=\"wp-block-paragraph\">D\u00e8s avant l&#8217;\u00e9t\u00e9 2025, la <strong>police municipale de Caen<\/strong> accueillera un nouveau renfort de taille : un chien d\u00e9di\u00e9 \u00e0 la surveillance et \u00e0 l&#8217;intervention en milieu urbain. Selon <strong><a href=\"https:\/\/actu.fr\/normandie\/caen_14118\/a-caen-bientot-un-chien-pour-assister-les-policiers-avant-que-dautres-narrivent_62176637.html\" target=\"_blank\" rel=\"noopener\">actu.fr,<\/a><\/strong> cette initiative s&#8217;inscrit dans une volont\u00e9 d&#8217;apaiser les tensions et de lutter efficacement contre la mont\u00e9e des incivilit\u00e9s.<\/p>\n\n\n\n<p class=\"wp-block-paragraph\">Son nom devra d\u00e9buter par la lettre &#8220;<strong>A<\/strong>&#8220;, conform\u00e9ment aux r\u00e8gles de nomination des chiens de travail n\u00e9s en 2025. Ce premier membre de la <strong>brigade canine<\/strong> sera rejoint par d&#8217;autres chiens avant la fin de l&#8217;ann\u00e9e 2025, marquant ainsi une nouvelle \u00e9tape dans le d\u00e9veloppement des outils de s\u00e9curisation de la ville.<\/p>\n\n\n\n<figure class=\"wp-block-image size-large\"><img fetchpriority=\"high\" decoding=\"async\" width=\"1024\" height=\"1024\" src=\"https:\/\/planipets.com\/blog\/wp-content\/uploads\/2025\/01\/Caen-renforce-sa-securite-1-1024x1024.jpg\" alt=\"Un policier municipal et un chien en patrouille devant un b\u00e2timent public \u00e0 Caen, symbolisant la nouvelle brigade canine.\" class=\"wp-image-52943\" title=\"\" srcset=\"https:\/\/planipets.com\/blog\/wp-content\/uploads\/2025\/01\/Caen-renforce-sa-securite-1-1024x1024.jpg 1024w, https:\/\/planipets.com\/blog\/wp-content\/uploads\/2025\/01\/Caen-renforce-sa-securite-1-300x300.jpg 300w, https:\/\/planipets.com\/blog\/wp-content\/uploads\/2025\/01\/Caen-renforce-sa-securite-1-150x150.jpg 150w, https:\/\/planipets.com\/blog\/wp-content\/uploads\/2025\/01\/Caen-renforce-sa-securite-1-768x768.jpg 768w, https:\/\/planipets.com\/blog\/wp-content\/uploads\/2025\/01\/Caen-renforce-sa-securite-1-450x450.jpg 450w, https:\/\/planipets.com\/blog\/wp-content\/uploads\/2025\/01\/Caen-renforce-sa-securite-1-1200x1200.jpg 1200w, https:\/\/planipets.com\/blog\/wp-content\/uploads\/2025\/01\/Caen-renforce-sa-securite-1-96x96.jpg 96w, https:\/\/planipets.com\/blog\/wp-content\/uploads\/2025\/01\/Caen-renforce-sa-securite-1.jpg 1300w\" sizes=\"(max-width: 1024px) 100vw, 1024px\" \/><figcaption class=\"wp-element-caption\">Photographie d&#8217;un policier municipal accompagn\u00e9 de son chien, illustrant la nouvelle brigade canine pour lutter contre les incivilit\u00e9s \u00e0 Caen..<\/figcaption><\/figure>\n\n\n<div style=\"background-color: #f7f7f7; color: #31708f; border-left-color: #31708f; \" class=\"ub-styled-box ub-notification-box wp-block-ub-styled-box\" id=\"ub-styled-box-e37e4c3c-8835-43bd-8dd7-7afd71c0e4e0\">\n<p class=\"wp-block-paragraph\" id=\"ub-styled-box-notification-content-\"><strong>Devrait vous int\u00e9resser<\/strong> : <a href=\"https:\/\/planipets.com\/blog\/actualite\/nantes-revolution-canine-dans-la-police-municipale-une-innovation-unique-pour-renforcer-la-securite\/\">Nantes : R\u00e9volution canine dans la police municipale, une innovation unique pour renforcer la s\u00e9curit\u00e9<\/a><\/p>\n\n\n<\/div>\n\n\n<h2 class=\"wp-block-heading\">Une formation rigoureuse pour un duo efficace<\/h2>\n\n\n\n<p class=\"wp-block-paragraph\">Le chien et son ma\u00eetre suivront <strong>trois mois de formation<\/strong> intensive pour assurer une parfaite coh\u00e9sion. Probablement un <strong><a href=\"https:\/\/planipets.com\/blog\/chien\/races-chiens\/le-malinois-infographie-tout-savoir-sur-race\/\" data-type=\"post\" data-id=\"47670\">berger malinois<\/a><\/strong>, ce chien sera form\u00e9 \u00e0 d\u00e9tecter des stup\u00e9fiants et \u00e0 intervenir lors de contr\u00f4les de police. L&#8217;objectif affich\u00e9 est double : dissuader les comportements illicites et favoriser une relation de confiance avec les habitants.<\/p>\n\n\n\n<p class=\"wp-block-paragraph\"><strong>Aristide Olivier<\/strong>, maire de Caen, affirme que cette <strong><a href=\"https:\/\/planipets.com\/blog\/actualite\/nantes-revolution-canine-dans-la-police-municipale-une-innovation-unique-pour-renforcer-la-securite\/\" data-type=\"post\" data-id=\"50126\">brigade canine<\/a><\/strong> ne se limite pas \u00e0 la r\u00e9pression :<\/p>\n\n\n\n<blockquote class=\"wp-block-quote is-layout-flow wp-block-quote-is-layout-flow\"><div style=\"background-color: #dff0d8; color: #3c763d; border-left-color: #3c763d; \" class=\"ub-styled-box ub-notification-box wp-block-ub-styled-box\" id=\"ub-styled-box-934815cb-a80a-4810-b2b8-95fed5f12ce6\">\n<p class=\"wp-block-paragraph\" id=\"ub-styled-box-notification-content-\">&#8220;<em>C&#8217;est \u00e0 la fois une force dissuasive et un moyen de cr\u00e9er du lien.<\/em>&#8220;<\/p>\n\n\n<\/div><\/blockquote>\n\n\n\n<p class=\"wp-block-paragraph\"><\/p>\n\n\n\n<p class=\"wp-block-paragraph\"><\/p>\n\n\n\n<h2 class=\"wp-block-heading\">Une r\u00e9ponse \u00e0 la hausse des incivilit\u00e9s et de la d\u00e9linquance<\/h2>\n\n\n\n<p class=\"wp-block-paragraph\">La <strong>municipalit\u00e9 de Caen<\/strong> s&#8217;inscrit dans une tendance nationale o\u00f9 de plus en plus de villes d\u00e9ploient des <strong>brigades canines <\/strong>pour r\u00e9pondre aux probl\u00e9matiques de s\u00e9curit\u00e9. Selon une <a href=\"https:\/\/mobile.interieur.gouv.fr\/Interstats\/Actualites\/Insecurite-et-delinquance-en-2023-bilan-statistique-et-atlas-departemental\" target=\"_blank\" rel=\"noopener\"><strong>\u00e9tude du Minist\u00e8re<\/strong> <strong>de l&#8217;Int\u00e9rieur publi\u00e9e en 2024<\/strong><\/a><strong>,<\/strong> les incivilit\u00e9s en zone urbaine ont augment\u00e9 de 18 % en cinq ans, selon les donn\u00e9es officielles disponibles sur le site du gouvernement (\u00e9tude consultable sur<a href=\"https:\/\/www.interieur.gouv.fr\/\" target=\"_blank\" rel=\"noopener\"> interieur.gouv.f<\/a>r), renfor\u00e7ant le besoin d&#8217;une pr\u00e9sence polici\u00e8re renforc\u00e9e.<\/p>\n\n\n\n<p class=\"wp-block-paragraph\">Le<strong> recours aux chiens policiers<\/strong> a d\u00e9j\u00e0 fait ses preuves ailleurs en France. \u00c0 Lyon, par exemple, la mise en place d&#8217;une brigade canine a permis une baisse de 23 % des incidents signal\u00e9s sur la voie publique en un an.<\/p>\n\n\n\n<p class=\"wp-block-paragraph\"><\/p>\n\n\n\n<p class=\"wp-block-paragraph\"><\/p>\n\n\n\n<h2 class=\"wp-block-heading\">Un chien log\u00e9 chez son ma\u00eetre et un v\u00e9hicule sp\u00e9cialement \u00e9quip\u00e9<\/h2>\n\n\n\n<p class=\"wp-block-paragraph\">L&#8217;agent en charge du <strong>chien le gardera \u00e0 domicile<\/strong>, un mod\u00e8le d&#8217;organisation qui favorise un lien fort entre l&#8217;animal et son ma\u00eetre. Pour faciliter les d\u00e9placements, la ville investira dans un v\u00e9hicule adapt\u00e9 au transport canin.<\/p>\n\n\n<div style=\"background-color: #f7f7f7; color: #31708f; border-left-color: #31708f; \" class=\"ub-styled-box ub-notification-box wp-block-ub-styled-box\" id=\"ub-styled-box-86cdee65-bf28-42bd-af9e-d7c9ea9b4f52\">\n<p class=\"wp-block-paragraph\" id=\"ub-styled-box-notification-content-\"><strong>Lire aussi<\/strong> : <a href=\"https:\/\/planipets.com\/blog\/actualite\/une-journee-dediee-aux-chiens-a-herouville-saint-clair\/\">Une journ\u00e9e d\u00e9di\u00e9e aux chiens \u00e0 H\u00e9rouville Saint-Clair<\/a><\/p>\n\n\n<\/div>\n\n\n<p class=\"wp-block-paragraph\"><\/p>\n\n\n\n<h2 class=\"wp-block-heading\">Vers une multiplication des brigades canines en France ?<\/h2>\n\n\n\n<p class=\"wp-block-paragraph\">Avec <strong>Caen <\/strong>qui rejoint le mouvement, d&#8217;autres villes comme <strong>Lyon, Marseille et Toulouse,<\/strong> qui ont d\u00e9j\u00e0 mis en place des <strong>brigades canines<\/strong> avec succ\u00e8s, pourraient suivre cet exemple. Selon des experts en s\u00e9curit\u00e9 urbaine, les <strong>brigades canines <\/strong>constituent une solution efficace, combinant r\u00e9activit\u00e9, pr\u00e9sence rassurante et capacit\u00e9s d&#8217;intervention cibl\u00e9es.<\/p>\n\n\n\n<p class=\"wp-block-paragraph\">D&#8217;ici la fin de l&#8217;ann\u00e9e 2025, la question ne sera peut-\u00eatre plus de savoir si cette initiative est pertinente, mais plut\u00f4t quand elle sera g\u00e9n\u00e9ralis\u00e9e \u00e0 d&#8217;autres communes.<\/p>\n","protected":false},"excerpt":{"rendered":"<p>Un chien policier pour patrouiller dans les rues de Caen avant l&#8217;\u00e9t\u00e9 D\u00e8s avant l&#8217;\u00e9t\u00e9 2025, la police municipale de Caen accueillera un nouveau renfort de taille : un chien d\u00e9di\u00e9 \u00e0 la surveillance et \u00e0 l&#8217;intervention en milieu urbain. Selon actu.fr, cette initiative s&#8217;inscrit dans une volont\u00e9 d&#8217;apaiser les tensions et de lutter efficacement<\/p>\n","protected":false},"author":26,"featured_media":52944,"comment_status":"open","ping_status":"open","sticky":false,"template":"","format":"standard","meta":{"_crdt_document":"","footnotes":"","spc_primary_category":65},"categories":[65],"tags":[],"class_list":{"0":"post-52942","1":"post","2":"type-post","3":"status-publish","4":"format-standard","5":"has-post-thumbnail","7":"category-actualite"},"featured_image_src":"https:\/\/planipets.com\/blog\/wp-content\/uploads\/2025\/01\/Caen-renforce-sa-securite-2.jpg","author_info":{"display_name":"The Planipets editorial team","author_link":"https:\/\/planipets.com\/blog\/author\/redaction\/"},"brizy_media":[],"_links":{"self":[{"href":"https:\/\/planipets.com\/blog\/wp-json\/wp\/v2\/posts\/52942","targetHints":{"allow":["GET"]}}],"collection":[{"href":"https:\/\/planipets.com\/blog\/wp-json\/wp\/v2\/posts"}],"about":[{"href":"https:\/\/planipets.com\/blog\/wp-json\/wp\/v2\/types\/post"}],"author":[{"embeddable":true,"href":"https:\/\/planipets.com\/blog\/wp-json\/wp\/v2\/users\/26"}],"replies":[{"embeddable":true,"href":"https:\/\/planipets.com\/blog\/wp-json\/wp\/v2\/comments?post=52942"}],"version-history":[{"count":0,"href":"https:\/\/planipets.com\/blog\/wp-json\/wp\/v2\/posts\/52942\/revisions"}],"wp:featuredmedia":[{"embeddable":true,"href":"https:\/\/planipets.com\/blog\/wp-json\/wp\/v2\/media\/52944"}],"wp:attachment":[{"href":"https:\/\/planipets.com\/blog\/wp-json\/wp\/v2\/media?parent=52942"}],"wp:term":[{"taxonomy":"category","embeddable":true,"href":"https:\/\/planipets.com\/blog\/wp-json\/wp\/v2\/categories?post=52942"},{"taxonomy":"post_tag","embeddable":true,"href":"https:\/\/planipets.com\/blog\/wp-json\/wp\/v2\/tags?post=52942"}],"curies":[{"name":"wp","href":"https:\/\/api.w.org\/{rel}","templated":true}]}}