{"id":52936,"date":"2025-01-28T22:55:30","date_gmt":"2025-01-28T21:55:30","guid":{"rendered":"https:\/\/planipets.com\/blog\/?p=52936"},"modified":"2025-01-28T22:55:32","modified_gmt":"2025-01-28T21:55:32","slug":"malemort-du-comtat-un-an-de-prison-avec-sursis-pour-des-sevices-canins-un-cas-qui-choque-et-interpelle","status":"publish","type":"post","link":"https:\/\/planipets.com\/blog\/actualite\/malemort-du-comtat-un-an-de-prison-avec-sursis-pour-des-sevices-canins-un-cas-qui-choque-et-interpelle\/","title":{"rendered":"Malemort-du-Comtat : un an de prison avec sursis pour des s\u00e9vices canins, un cas qui choque et interpelle"},"content":{"rendered":"\n<h2 class=\"wp-block-heading\">Des chiens maltrait\u00e9s dans des conditions insoutenables<\/h2>\n\n\n\n<p class=\"wp-block-paragraph\">Mardi dernier, \u00e0 Malemort-du-Comtat, dans le Vaucluse, l&#8217;indignation a \u00e9clat\u00e9 lorsque deux chiens ont \u00e9t\u00e9 d\u00e9couverts dans un \u00e9tat alarmant. Enferm\u00e9s dans un espace insalubre, ces animaux vivaient sans eau potable ni nourriture suffisante, plong\u00e9s dans une obscurit\u00e9 et une souffrance indescriptibles. Alert\u00e9s par les g\u00e9missements incessants des b\u00eates, des voisins ont d\u00e9cid\u00e9 d\u2019agir, mettant ainsi fin \u00e0 leur calvaire. Le propri\u00e9taire, responsable de ces abus, a \u00e9t\u00e9 traduit en justice pour r\u00e9pondre de ses actes.<\/p>\n\n\n\n<p class=\"wp-block-paragraph\">Ce cas tragique met en lumi\u00e8re une r\u00e9alit\u00e9 trop souvent ignor\u00e9e : la maltraitance animale reste un fl\u00e9au. Les chiens, consid\u00e9r\u00e9s comme des compagnons fid\u00e8les par la majorit\u00e9, peuvent encore \u00eatre victimes de n\u00e9gligence ou de violence syst\u00e9matique, cach\u00e9e derri\u00e8re les murs des foyers.<\/p>\n\n\n\n<h2 class=\"wp-block-heading\">Une justice symbolique mais controvers\u00e9e<\/h2>\n\n\n\n<p class=\"wp-block-paragraph\">Le tribunal a condamn\u00e9 le propri\u00e9taire \u00e0 un an de prison avec sursis, assorti d\u2019une interdiction de poss\u00e9der des animaux \u00e0 l\u2019avenir. Une d\u00e9cision qui, bien que salu\u00e9e par certains comme un signe de progr\u00e8s dans la reconnaissance des droits des animaux, a suscit\u00e9 des critiques. De nombreuses voix s\u2019\u00e9l\u00e8vent pour demander des sanctions plus s\u00e9v\u00e8res, d\u00e9non\u00e7ant l\u2019insuffisance d\u2019une peine avec sursis pour des faits aussi graves.<\/p>\n\n\n\n<p class=\"wp-block-paragraph\">Selon les associations de protection animale, cette sentence n&#8217;est pas dissuasive et pourrait ne pas suffire \u00e0 enrayer des comportements similaires. D&#8217;autres plaident pour un encadrement renforc\u00e9 des peines, incluant des amendes dissuasives et des programmes \u00e9ducatifs obligatoires pour les contrevenants. <strong>En 2022, en France, 12 000 signalements pour maltraitance animale avaient \u00e9t\u00e9 enregistr\u00e9s, mais peu aboutissent \u00e0 des sanctions lourdes.<\/strong><\/p>\n\n\n\n<h2 class=\"wp-block-heading\">La vigilance citoyenne, cl\u00e9 de la lutte contre la maltraitance<\/h2>\n\n\n\n<p class=\"wp-block-paragraph\">Cette affaire souligne \u00e9galement l&#8217;importance de l&#8217;engagement citoyen dans la lutte contre la maltraitance animale. <strong>Les voisins, gr\u00e2ce \u00e0 leur vigilance, ont sauv\u00e9 ces deux chiens.<\/strong> Ce type d&#8217;intervention d\u00e9montre que chacun peut jouer un r\u00f4le d\u00e9cisif. Les services de protection animale, souvent d\u00e9bord\u00e9s, s\u2019appuient sur ces signalements pour intervenir rapidement.<\/p>\n\n\n\n<p class=\"wp-block-paragraph\">Des initiatives locales et nationales permettent de signaler ces abus, notamment via des plateformes en ligne ou des num\u00e9ros d\u00e9di\u00e9s. La Fondation 30 Millions d\u2019Amis, par exemple, a recens\u00e9 plus de <strong>3 500 sauvetages en 2024<\/strong>, une augmentation de 15 % par rapport \u00e0 l\u2019ann\u00e9e pr\u00e9c\u00e9dente, t\u00e9moignant d\u2019une meilleure sensibilisation du public.<\/p>\n\n\n\n<h2 class=\"wp-block-heading\">Une mobilisation collective pour pr\u00e9venir la r\u00e9cidive<\/h2>\n\n\n\n<p class=\"wp-block-paragraph\">Les organisations de protection animale ne cessent de le rappeler : pour pr\u00e9venir ces drames, il faut combiner <strong>\u00e9ducation, l\u00e9gislation et mobilisation citoyenne<\/strong>. Des campagnes de sensibilisation dans les \u00e9coles ou aupr\u00e8s des nouveaux propri\u00e9taires d\u2019animaux sont essentielles pour inculquer une v\u00e9ritable responsabilit\u00e9. Parall\u00e8lement, un renforcement des lois pourrait rendre les sanctions plus dissuasives.<\/p>\n\n\n\n<p class=\"wp-block-paragraph\">Au-del\u00e0 des mesures r\u00e9pressives, le d\u00e9bat s\u2019\u00e9largit : comment garantir un cadre de vie digne \u00e0 tous les animaux ? En Su\u00e8de, par exemple, les autorit\u00e9s effectuent des visites r\u00e9guli\u00e8res chez les propri\u00e9taires d&#8217;animaux pour v\u00e9rifier leur bien-\u00eatre. Un mod\u00e8le inspirant, qui pourrait \u00eatre adapt\u00e9 \u00e0 d&#8217;autres pays.<\/p>\n\n\n\n<h2 class=\"wp-block-heading\">Vers un avenir o\u00f9 la cruaut\u00e9 animale n\u2019aura plus sa place<\/h2>\n\n\n\n<p class=\"wp-block-paragraph\">Le cas de Malemort-du-Comtat est une piq\u00fbre de rappel brutale, mais n\u00e9cessaire : la maltraitance animale persiste et appelle \u00e0 une r\u00e9ponse forte. En tant que soci\u00e9t\u00e9, nous avons le devoir moral de ne pas fermer les yeux sur ces actes. Chaque signalement, chaque mobilisation compte pour cr\u00e9er un environnement o\u00f9 la cruaut\u00e9 envers les animaux ne sera plus tol\u00e9r\u00e9e.<\/p>\n\n\n\n<p class=\"wp-block-paragraph\"><strong>Prot\u00e9ger les animaux, c&#8217;est prot\u00e9ger notre humanit\u00e9.<\/strong> Le combat continue, et il commence avec nous tous, un geste \u00e0 la fois.<\/p>\n","protected":false},"excerpt":{"rendered":"<p>Des chiens maltrait\u00e9s dans des conditions insoutenables Mardi dernier, \u00e0 Malemort-du-Comtat, dans le Vaucluse, l&#8217;indignation a \u00e9clat\u00e9 lorsque deux chiens ont \u00e9t\u00e9 d\u00e9couverts dans un \u00e9tat alarmant. Enferm\u00e9s dans un espace insalubre, ces animaux vivaient sans eau potable ni nourriture suffisante, plong\u00e9s dans une obscurit\u00e9 et une souffrance indescriptibles. Alert\u00e9s par les g\u00e9missements incessants des<\/p>\n","protected":false},"author":26,"featured_media":52809,"comment_status":"open","ping_status":"open","sticky":false,"template":"","format":"standard","meta":{"_crdt_document":"","footnotes":"","spc_primary_category":0},"categories":[65],"tags":[],"class_list":{"0":"post-52936","1":"post","2":"type-post","3":"status-publish","4":"format-standard","5":"has-post-thumbnail","7":"category-actualite"},"featured_image_src":"https:\/\/planipets.com\/blog\/wp-content\/uploads\/2025\/01\/aboiement-chiot-1.jpg","author_info":{"display_name":"The Planipets editorial team","author_link":"https:\/\/planipets.com\/blog\/author\/redaction\/"},"brizy_media":[],"_links":{"self":[{"href":"https:\/\/planipets.com\/blog\/wp-json\/wp\/v2\/posts\/52936","targetHints":{"allow":["GET"]}}],"collection":[{"href":"https:\/\/planipets.com\/blog\/wp-json\/wp\/v2\/posts"}],"about":[{"href":"https:\/\/planipets.com\/blog\/wp-json\/wp\/v2\/types\/post"}],"author":[{"embeddable":true,"href":"https:\/\/planipets.com\/blog\/wp-json\/wp\/v2\/users\/26"}],"replies":[{"embeddable":true,"href":"https:\/\/planipets.com\/blog\/wp-json\/wp\/v2\/comments?post=52936"}],"version-history":[{"count":0,"href":"https:\/\/planipets.com\/blog\/wp-json\/wp\/v2\/posts\/52936\/revisions"}],"wp:featuredmedia":[{"embeddable":true,"href":"https:\/\/planipets.com\/blog\/wp-json\/wp\/v2\/media\/52809"}],"wp:attachment":[{"href":"https:\/\/planipets.com\/blog\/wp-json\/wp\/v2\/media?parent=52936"}],"wp:term":[{"taxonomy":"category","embeddable":true,"href":"https:\/\/planipets.com\/blog\/wp-json\/wp\/v2\/categories?post=52936"},{"taxonomy":"post_tag","embeddable":true,"href":"https:\/\/planipets.com\/blog\/wp-json\/wp\/v2\/tags?post=52936"}],"curies":[{"name":"wp","href":"https:\/\/api.w.org\/{rel}","templated":true}]}}