{"id":50106,"date":"2025-01-15T23:33:55","date_gmt":"2025-01-15T22:33:55","guid":{"rendered":"https:\/\/planipets.com\/blog\/?p=50106"},"modified":"2025-01-15T23:33:56","modified_gmt":"2025-01-15T22:33:56","slug":"tarn-et-garonne-drame-a-montauban-un-chien-poignarde-a-mort-et-une-enquete-ouverte-pour-cruaute-animale","status":"publish","type":"post","link":"https:\/\/planipets.com\/blog\/actualite\/tarn-et-garonne-drame-a-montauban-un-chien-poignarde-a-mort-et-une-enquete-ouverte-pour-cruaute-animale\/","title":{"rendered":"Tarn-et-Garonne : Drame \u00e0 Montauban, un chien poignard\u00e9 \u00e0 mort et une enqu\u00eate ouverte pour cruaut\u00e9 animale"},"content":{"rendered":"\n<p class=\"wp-block-paragraph\"><strong>Mardi matin 14 Janvier 2025<\/strong>, la ville de Montauban a \u00e9t\u00e9 le th\u00e9\u00e2tre d\u2019une sc\u00e8ne d\u2019horreur qui a choqu\u00e9 les riverains. Les forces de l\u2019ordre, alert\u00e9es par des cris provenant d\u2019un appartement, ont d\u00e9couvert un jeune chien poignard\u00e9 \u00e0 plusieurs reprises et sa propri\u00e9taire, ensanglant\u00e9e, en pleine crise psychotique. Ce drame a entra\u00een\u00e9 l\u2019ouverture d\u2019une enqu\u00eate pour <strong>actes de cruaut\u00e9 sur un animal domestique.<\/strong><\/p>\n\n\n\n<p class=\"wp-block-paragraph\"><\/p>\n\n\n\n<p class=\"wp-block-paragraph\"><\/p>\n\n\n\n<h2 class=\"wp-block-heading\">Une d\u00e9couverte macabre dans la salle de bain<\/h2>\n\n\n\n<p class=\"wp-block-paragraph\">Selon les informations rapport\u00e9es par <em><strong><a href=\"https:\/\/www.ladepeche.fr\/2025\/01\/14\/un-chien-tue-de-dizaines-de-coups-de-couteau-retrouve-dans-une-baignoire-sa-maitresse-ensanglantee-errant-dans-la-rue-12445540.php\" target=\"_blank\" rel=\"noopener\">La D\u00e9p\u00eache du Midi<\/a><\/strong><\/em>, c\u2019est au petit matin que les pompiers et la police sont intervenus \u00e0 la suite d\u2019appels inquiets du voisinage. Une jeune <strong>femme de 26 ans<\/strong>, visiblement en plein d\u00e9lire, les a accueillis couverte de sang et dans un \u00e9tat de grande confusion.<\/p>\n\n\n\n<p class=\"wp-block-paragraph\">Une fois \u00e0 l\u2019int\u00e9rieur de l\u2019appartement, les forces de l\u2019ordre ont rapidement compris l\u2019origine de cette sc\u00e8ne sanglante : dans la salle de bain, un <strong>chien de race setter anglais<\/strong>, \u00e2g\u00e9 de seulement huit mois, gisait sans vie dans la baignoire. D\u2019apr\u00e8s le constat du <strong>v\u00e9t\u00e9rinaire d\u00e9p\u00each\u00e9<\/strong> sur place, l\u2019animal a succomb\u00e9 \u00e0 une dizaine de coups de couteau, lesquels ont perfor\u00e9 ses organes vitaux, notamment les poumons et le c\u0153ur.<\/p>\n\n\n\n<p class=\"wp-block-paragraph\"><\/p>\n\n\n\n<p class=\"wp-block-paragraph\"><\/p>\n\n\n\n<h2 class=\"wp-block-heading\">Une enqu\u00eate ouverte pour cruaut\u00e9 sur animal<\/h2>\n\n\n\n<p class=\"wp-block-paragraph\">Face \u00e0 la gravit\u00e9 des faits, le <strong>parquet de Montauban<\/strong> a rapidement annonc\u00e9 l\u2019ouverture d\u2019une enqu\u00eate pour \u00ab <em>actes de cruaut\u00e9 sur un animal domestique<\/em> \u00bb. La propri\u00e9taire, en \u00e9tat de crise psychotique lors de l\u2019intervention, n\u2019a pas encore pu \u00eatre entendue par les autorit\u00e9s en raison de son \u00e9tat mental et physique.<\/p>\n\n\n\n<p class=\"wp-block-paragraph\">Selon les informations recueillies par <strong><em>20minutes.fr<\/em>, <\/strong>la jeune femme pourrait \u00eatre hospitalis\u00e9e d\u2019office, en fonction des conclusions des examens psychiatriques. Une source proche du dossier pr\u00e9cise que l\u2019alt\u00e9ration de son discernement sera un \u00e9l\u00e9ment cl\u00e9 dans l\u2019issue judiciaire de cette affaire.<\/p>\n\n\n\n<figure class=\"wp-block-image size-large\"><img fetchpriority=\"high\" decoding=\"async\" width=\"1024\" height=\"1024\" src=\"https:\/\/planipets.com\/blog\/wp-content\/uploads\/2025\/01\/Tarn-et-Garonne-Drame-a-Montauban-un-chien-poignarde-a-mort-et-une-enquete-ouverte-pour-cruaute-animale-1-1024x1024.jpg\" alt=\"Un setter anglais noir et blanc debout dans un champ, une illustration paisible de cette race de chien\" class=\"wp-image-50108\" title=\"\" srcset=\"https:\/\/planipets.com\/blog\/wp-content\/uploads\/2025\/01\/Tarn-et-Garonne-Drame-a-Montauban-un-chien-poignarde-a-mort-et-une-enquete-ouverte-pour-cruaute-animale-1-1024x1024.jpg 1024w, https:\/\/planipets.com\/blog\/wp-content\/uploads\/2025\/01\/Tarn-et-Garonne-Drame-a-Montauban-un-chien-poignarde-a-mort-et-une-enquete-ouverte-pour-cruaute-animale-1-300x300.jpg 300w, https:\/\/planipets.com\/blog\/wp-content\/uploads\/2025\/01\/Tarn-et-Garonne-Drame-a-Montauban-un-chien-poignarde-a-mort-et-une-enquete-ouverte-pour-cruaute-animale-1-150x150.jpg 150w, https:\/\/planipets.com\/blog\/wp-content\/uploads\/2025\/01\/Tarn-et-Garonne-Drame-a-Montauban-un-chien-poignarde-a-mort-et-une-enquete-ouverte-pour-cruaute-animale-1-768x768.jpg 768w, https:\/\/planipets.com\/blog\/wp-content\/uploads\/2025\/01\/Tarn-et-Garonne-Drame-a-Montauban-un-chien-poignarde-a-mort-et-une-enquete-ouverte-pour-cruaute-animale-1-450x450.jpg 450w, https:\/\/planipets.com\/blog\/wp-content\/uploads\/2025\/01\/Tarn-et-Garonne-Drame-a-Montauban-un-chien-poignarde-a-mort-et-une-enquete-ouverte-pour-cruaute-animale-1-1200x1200.jpg 1200w, https:\/\/planipets.com\/blog\/wp-content\/uploads\/2025\/01\/Tarn-et-Garonne-Drame-a-Montauban-un-chien-poignarde-a-mort-et-une-enquete-ouverte-pour-cruaute-animale-1-96x96.jpg 96w, https:\/\/planipets.com\/blog\/wp-content\/uploads\/2025\/01\/Tarn-et-Garonne-Drame-a-Montauban-un-chien-poignarde-a-mort-et-une-enquete-ouverte-pour-cruaute-animale-1.jpg 1300w\" sizes=\"(max-width: 1024px) 100vw, 1024px\" \/><figcaption class=\"wp-element-caption\">ladepeche : Un setter anglais, repr\u00e9sentatif de la race impliqu\u00e9e dans le drame de Montauban, photographi\u00e9 dans un cadre naturel<\/figcaption><\/figure>\n\n\n\n<p class=\"wp-block-paragraph\"><\/p>\n\n\n\n<h2 class=\"wp-block-heading\">Une plainte d\u00e9pos\u00e9e par une association de protection animale<\/h2>\n\n\n\n<p class=\"wp-block-paragraph\">Dans un contexte o\u00f9 la sensibilisation aux droits des animaux prend de l\u2019ampleur, ce drame suscite une vive \u00e9motion. <\/p>\n\n\n<div style=\"background-color: #dff0d8; color: #3c763d; border-left-color: #3c763d; \" class=\"ub-styled-box ub-notification-box wp-block-ub-styled-box\" id=\"ub-styled-box-38ccff14-6c18-4252-aa7b-528be7d8cc5c\">\n<p class=\"wp-block-paragraph\" id=\"ub-styled-box-notification-content-\">L\u2019association toulousaine \u00ab Les 4 Pattounes \u00bb, tr\u00e8s active dans la r\u00e9gion, a annonc\u00e9 avoir d\u00e9pos\u00e9 plainte et s\u2019\u00eatre constitu\u00e9e partie civile pour \u00ab <em>s\u00e9vices graves et actes de cruaut\u00e9 ayant entra\u00een\u00e9 la mort <\/em>\u00bb.<\/p>\n\n\n<\/div>\n\n<div style=\"background-color: #dff0d8; color: #3c763d; border-left-color: #3c763d; \" class=\"ub-styled-box ub-notification-box wp-block-ub-styled-box\" id=\"ub-styled-box-4e2a37e0-df2c-4372-8f0d-7f48b329d255\">\n<p class=\"wp-block-paragraph\" id=\"ub-styled-box-notification-content-\">\u00ab<em> Nous souhaitons plaider sur la souffrance endur\u00e9e par l\u2019animal jusqu\u2019\u00e0 sa mort et demander une interdiction d\u00e9finitive pour la mise en cause de d\u00e9tenir un animal<\/em> \u00bb, a d\u00e9clar\u00e9 C\u00e9line Gardel, capitaine de police et pr\u00e9sidente de l\u2019association, au micro de <em>20 Minutes<\/em>.<\/p>\n\n\n<\/div>\n\n\n<p class=\"wp-block-paragraph\">Les <strong>d\u00e9lits de cruaut\u00e9 <\/strong>envers les <strong>animaux <\/strong>sont lourdement sanctionn\u00e9s en France. <strong><a href=\"https:\/\/www.fondationassistanceauxanimaux.org\/actu\/maltraitances-animales-en-hausse-etat-division-enqueteurs-16332\/\" target=\"_blank\" rel=\"noopener\">En 2022, pr\u00e8s de 1 200 condamnations ont \u00e9t\u00e9 prononc\u00e9es pour actes de cruaut\u00e9 envers des animaux<\/a><\/strong>, selon les chiffres du minist\u00e8re de la Justice. La <strong><a href=\"https:\/\/mobile.interieur.gouv.fr\/Interstats\/Actualites\/Les-atteintes-envers-les-animaux-domestiques-enregistrees-par-la-police-et-la-gendarmerie-depuis-2016-Interstats-Analyse-N-51\" target=\"_blank\" rel=\"noopener\">peine encourue peut aller jusqu\u2019\u00e0 cinq ans de prison et 75.000 euros d\u2019amende.<\/a><\/strong> Toutefois, dans ce dossier, la prise en compte de l\u2019\u00e9tat psychologique de la suspecte pourrait influencer la s\u00e9v\u00e9rit\u00e9 de la sentence.<\/p>\n\n\n\n<p class=\"wp-block-paragraph\"><\/p>\n\n\n\n<p class=\"wp-block-paragraph\"><\/p>\n\n\n\n<h2 class=\"wp-block-heading\">Une affaire qui relance le d\u00e9bat sur la sant\u00e9 mentale et la maltraitance animale<\/h2>\n\n\n\n<p class=\"wp-block-paragraph\">Les <strong>troubles psychotiques<\/strong> peuvent parfois conduire \u00e0 des <strong>comportements impr\u00e9visibles<\/strong>, surtout en l&#8217;absence d&#8217;un suivi m\u00e9dical adapt\u00e9, selon des recommandations de la <a href=\"https:\/\/www.has-sante.fr\/upload\/docs\/application\/pdf\/2011-07\/evaluation_de_la_dangerosite_psychiatrique_-_recommandations_2011-07-06_15-48-9_213.pdf\" target=\"_blank\" rel=\"noopener\"><strong>Haute Autorit\u00e9 de Sant\u00e9 (<em>HA<\/em>S)<\/strong>.<\/a> Une \u00e9tude de l\u2019Inserm estime qu\u2019en France, pr\u00e8s de 2,5 millions de personnes souffrent de troubles psychiques graves.<\/p>\n\n\n\n<p class=\"wp-block-paragraph\">Ce tragique \u00e9v\u00e9nement relance une question sensible : comment pr\u00e9venir de tels drames li\u00e9s \u00e0 des troubles psychiques graves ? De nombreux experts en sant\u00e9 mentale soulignent l\u2019importance de renforcer l\u2019acc\u00e8s aux soins psychiatriques et le suivi des personnes vuln\u00e9rables.<\/p>\n\n\n\n<p class=\"wp-block-paragraph\">Par ailleurs, les <strong>associations de protection animale <\/strong>r\u00e9clament une meilleure vigilance quant \u00e0 la d\u00e9tention d\u2019animaux par des personnes souffrant de troubles mentaux. La cr\u00e9ation d\u2019un <strong><a href=\"https:\/\/www.associationstephanelamart.com\/actualites-un-fichier-des-personnes-interdites-de-detenir-des-animaux-pour-cause-de-maltraitance-a-ete-adopte-mercredi-en-commission-grace-au-depute-loic-dombreval-a38.html?utm_source=chatgpt.com\" target=\"_blank\" rel=\"noopener\">fichier national des personnes interdites de poss\u00e9der des animaux<\/a><\/strong> fait partie des propositions r\u00e9guli\u00e8rement avanc\u00e9es.<\/p>\n\n\n\n<p class=\"wp-block-paragraph\"><\/p>\n\n\n\n<p class=\"wp-block-paragraph\"><\/p>\n\n\n\n<h2 class=\"wp-block-heading\">Une n\u00e9cessit\u00e9 de renforcer la l\u00e9gislation<\/h2>\n\n\n\n<p class=\"wp-block-paragraph\">Si la France dispose d\u2019une des <strong>l\u00e9gislations les plus strictes en Europe en mati\u00e8re de protection animale<\/strong>, comme le souligne un rapport de la Fondation 30 Millions d&#8217;Amis, qui classe r\u00e9guli\u00e8rement la France parmi les pays leaders en la mati\u00e8re, les associations militent pour aller encore plus loin. Parmi les mesures r\u00e9clam\u00e9es figurent l\u2019alourdissement des peines pour actes de cruaut\u00e9 et la cr\u00e9ation de structures d\u2019accueil sp\u00e9cialis\u00e9es pour les animaux victimes de maltraitance.<\/p>\n\n\n\n<p class=\"wp-block-paragraph\">L\u2019affaire de <strong>Montauban<\/strong> illustre tragiquement les cons\u00e9quences dramatiques que peuvent avoir les troubles psychiques non trait\u00e9s, tant pour les personnes concern\u00e9es que pour leur entourage, y compris les <strong>animaux domestiques<\/strong>. Une r\u00e9flexion globale sur la prise en charge de ces probl\u00e9matiques s\u2019impose pour pr\u00e9venir de futurs drames.<\/p>\n\n\n\n<p class=\"wp-block-paragraph\">Dans l\u2019attente des r\u00e9sultats de l\u2019enqu\u00eate, la jeune femme reste hospitalis\u00e9e et pourrait \u00eatre poursuivie p\u00e9nalement si son \u00e9tat de sant\u00e9 le permet.<\/p>\n","protected":false},"excerpt":{"rendered":"<p>Mardi matin 14 Janvier 2025, la ville de Montauban a \u00e9t\u00e9 le th\u00e9\u00e2tre d\u2019une sc\u00e8ne d\u2019horreur qui a choqu\u00e9 les riverains. Les forces de l\u2019ordre, alert\u00e9es par des cris provenant d\u2019un appartement, ont d\u00e9couvert un jeune chien poignard\u00e9 \u00e0 plusieurs reprises et sa propri\u00e9taire, ensanglant\u00e9e, en pleine crise psychotique. Ce drame a entra\u00een\u00e9 l\u2019ouverture d\u2019une<\/p>\n","protected":false},"author":26,"featured_media":50109,"comment_status":"open","ping_status":"open","sticky":false,"template":"","format":"standard","meta":{"_crdt_document":"","footnotes":"","spc_primary_category":65},"categories":[65],"tags":[],"class_list":{"0":"post-50106","1":"post","2":"type-post","3":"status-publish","4":"format-standard","5":"has-post-thumbnail","7":"category-actualite"},"featured_image_src":"https:\/\/planipets.com\/blog\/wp-content\/uploads\/2025\/01\/Tarn-et-Garonne-Drame-a-Montauban-un-chien-poignarde-a-mort-et-une-enquete-ouverte-pour-cruaute-animale-2.jpg","author_info":{"display_name":"The Planipets editorial team","author_link":"https:\/\/planipets.com\/blog\/author\/redaction\/"},"brizy_media":[],"_links":{"self":[{"href":"https:\/\/planipets.com\/blog\/wp-json\/wp\/v2\/posts\/50106","targetHints":{"allow":["GET"]}}],"collection":[{"href":"https:\/\/planipets.com\/blog\/wp-json\/wp\/v2\/posts"}],"about":[{"href":"https:\/\/planipets.com\/blog\/wp-json\/wp\/v2\/types\/post"}],"author":[{"embeddable":true,"href":"https:\/\/planipets.com\/blog\/wp-json\/wp\/v2\/users\/26"}],"replies":[{"embeddable":true,"href":"https:\/\/planipets.com\/blog\/wp-json\/wp\/v2\/comments?post=50106"}],"version-history":[{"count":0,"href":"https:\/\/planipets.com\/blog\/wp-json\/wp\/v2\/posts\/50106\/revisions"}],"wp:featuredmedia":[{"embeddable":true,"href":"https:\/\/planipets.com\/blog\/wp-json\/wp\/v2\/media\/50109"}],"wp:attachment":[{"href":"https:\/\/planipets.com\/blog\/wp-json\/wp\/v2\/media?parent=50106"}],"wp:term":[{"taxonomy":"category","embeddable":true,"href":"https:\/\/planipets.com\/blog\/wp-json\/wp\/v2\/categories?post=50106"},{"taxonomy":"post_tag","embeddable":true,"href":"https:\/\/planipets.com\/blog\/wp-json\/wp\/v2\/tags?post=50106"}],"curies":[{"name":"wp","href":"https:\/\/api.w.org\/{rel}","templated":true}]}}