{"id":49942,"date":"2025-01-12T16:14:20","date_gmt":"2025-01-12T15:14:20","guid":{"rendered":"https:\/\/planipets.com\/blog\/?p=49942"},"modified":"2025-01-12T16:14:21","modified_gmt":"2025-01-12T15:14:21","slug":"val-de-marne-cet-arrete-qui-pourrait-changer-vos-promenades-avec-votre-chien-a-joinville-le-pont","status":"publish","type":"post","link":"https:\/\/planipets.com\/blog\/actualite\/val-de-marne-cet-arrete-qui-pourrait-changer-vos-promenades-avec-votre-chien-a-joinville-le-pont\/","title":{"rendered":"Val-de-Marne : cet arr\u00eat\u00e9 qui pourrait changer vos promenades avec votre chien \u00e0 Joinville-le-Pont"},"content":{"rendered":"\n<p class=\"wp-block-paragraph\">Depuis le 30 d\u00e9cembre 2024, sortir son chien sans laisse dans les rues de Joinville-le-Pont n\u2019est plus autoris\u00e9. Selon <strong><a href=\"https:\/\/actu.fr\/ile-de-france\/joinville-le-pont_94042\/une-promenade-qui-coute-cher-dans-cette-ville-du-val-de-marne-sortir-son-chien-sans-laisse-est-interdit_62100987.html\" target=\"_blank\" rel=\"noopener\">actu.fr<\/a><\/strong>, le maire LR de la commune, Olivier Dosne, a pris un <strong><a href=\"https:\/\/www.joinville-le-pont.fr\/wp-content\/uploads\/2024\/12\/161-2024-Obligation-de-tenir-les-chiens-en-laisse-sur-une-partie-du-territoire-de-Joinville.pdf\" target=\"_blank\" rel=\"noopener\">arr\u00eat\u00e9<\/a><\/strong> visant \u00e0 interdire la divagation des animaux non tenus en laisse. Cette mesure fait d\u00e9j\u00e0 beaucoup parler d\u2019elle, entre soutien de certains habitants et doutes sur son efficacit\u00e9. Retour sur une d\u00e9cision qui pourrait faire \u00e9cole.<\/p>\n\n\n\n<p class=\"wp-block-paragraph\"><\/p>\n\n\n\n<p class=\"wp-block-paragraph\"><\/p>\n\n\n\n<h2 class=\"wp-block-heading\"><strong>Pourquoi cet arr\u00eat\u00e9 ? Une mont\u00e9e des incidents inqui\u00e8te la municipalit\u00e9<\/strong><\/h2>\n\n\n\n<p class=\"wp-block-paragraph\">Derri\u00e8re cette d\u00e9cision, une r\u00e9alit\u00e9 concr\u00e8te : selon les autorit\u00e9s locales, plusieurs incidents li\u00e9s \u00e0 des chiens sans laisse ont \u00e9t\u00e9 recens\u00e9s dans la commune. <\/p>\n\n\n<div style=\"background-color: #dff0d8; color: #3c763d; border-left-color: #3c763d; \" class=\"ub-styled-box ub-notification-box wp-block-ub-styled-box\" id=\"ub-styled-box-cb8d882c-e311-42a5-bb80-bd8c1d84163a\">\n<p class=\"wp-block-paragraph\" id=\"ub-styled-box-notification-content-\">\u00ab <strong><em>Cinq mains courantes ont \u00e9t\u00e9 d\u00e9pos\u00e9es en 2024 pour des agressions ou des incidents caus\u00e9s par des chiens en libert\u00e9 <\/em><\/strong>\u00bb, rapporte Stefan Silvestre, adjoint au maire en charge de la s\u00e9curit\u00e9. <\/p>\n\n\n<\/div>\n\n\n<p class=\"wp-block-paragraph\">Les lieux concern\u00e9s ? Principalement les abords des \u00e9coles et des espaces publics comme les bords de Marne.<\/p>\n\n\n\n<p class=\"wp-block-paragraph\">Selon les autorit\u00e9s locales, certains enfants ont eu peur en croisant des chiens non attach\u00e9s, tandis que quelques habitants auraient \u00e9t\u00e9 victimes de morsures.<\/p>\n\n\n<div style=\"background-color: #dff0d8; color: #3c763d; border-left-color: #3c763d; \" class=\"ub-styled-box ub-notification-box wp-block-ub-styled-box\" id=\"ub-styled-box-b32750e6-df81-4fc2-9b82-2735fa216b11\">\n<p class=\"wp-block-paragraph\" id=\"ub-styled-box-notification-content-\">\u00ab <em><strong>Cet arr\u00eat\u00e9 a \u00e9t\u00e9 pris d\u2019abord pour rassurer les parents d\u2019\u00e9l\u00e8ves<\/strong><\/em> \u00bb, pr\u00e9cise Stefan Silvestre. La mesure s\u2019applique donc \u00e0 l\u2019ensemble du territoire de Joinville-le-Pont et impose une laisse courte pour les chiens.<\/p>\n\n\n<\/div>\n\n\n<p class=\"wp-block-paragraph\"><\/p>\n\n\n\n<p class=\"wp-block-paragraph\"><\/p>\n\n\n\n<h2 class=\"wp-block-heading\">Habitants divis\u00e9s : entre soulagement et scepticisme<\/h2>\n\n\n\n<p class=\"wp-block-paragraph\">Dans les rues de la ville, les r\u00e9actions des habitants divergent. Certains saluent l\u2019initiative. C\u2019est le cas d\u2019\u00c9lodie, jeune maman croisant r\u00e9guli\u00e8rement des chiens lors de ses sorties en poussette : <\/p>\n\n\n<div style=\"background-color: #dff0d8; color: #3c763d; border-left-color: #3c763d; \" class=\"ub-styled-box ub-notification-box wp-block-ub-styled-box\" id=\"ub-styled-box-b077fa95-1c51-49f3-8129-117313abcc0d\">\n<p class=\"wp-block-paragraph\" id=\"ub-styled-box-notification-content-\">\u00ab<strong><em> Je trouve que c\u2019est une tr\u00e8s bonne chose. Je tiens toujours mon chien en laisse, mais ce n\u2019est pas le cas de tout le monde<\/em><\/strong>\u00bb, explique-t-elle.<\/p>\n\n\n<\/div>\n\n\n<p class=\"wp-block-paragraph\">Pour d\u2019autres, comme Aurore, une autre r\u00e9sidente, la mesure semble exag\u00e9r\u00e9e : <\/p>\n\n\n<div style=\"background-color: #dff0d8; color: #3c763d; border-left-color: #3c763d; \" class=\"ub-styled-box ub-notification-box wp-block-ub-styled-box\" id=\"ub-styled-box-4fbcd1e6-f3ff-455c-9e1c-f9ccb45050d4\">\n<p class=\"wp-block-paragraph\" id=\"ub-styled-box-notification-content-\">\u00ab <strong><em>Le v\u00e9ritable probl\u00e8me, ce n\u2019est pas les chiens avec les humains, c\u2019est entre chiens. J\u2019ai d\u00e9j\u00e0 vu des chiens l\u00e2ch\u00e9s foncer sur le mien. C\u2019est stressant.<\/em><\/strong> \u00bb<\/p>\n\n\n<\/div>\n\n\n<p class=\"wp-block-paragraph\">Sur les forums locaux, les discussions vont bon train. <\/p>\n\n\n<div style=\"background-color: #dff0d8; color: #3c763d; border-left-color: #3c763d; \" class=\"ub-styled-box ub-notification-box wp-block-ub-styled-box\" id=\"ub-styled-box-beadfd58-f02b-4811-8909-a93eed1aa6fe\">\n<p class=\"wp-block-paragraph\" id=\"ub-styled-box-notification-content-\">\u00ab <strong><em>C\u2019est une bonne id\u00e9e, mais je doute que ce soit respect\u00e9, surtout sur les bords de Marne<\/em><\/strong> \u00bb , commente une internaute.<\/p>\n\n\n<\/div>\n\n\n<p class=\"wp-block-paragraph\">Un autre r\u00e9pond avec sarcasme : \u00ab Esp\u00e9rons que le propri\u00e9taire du staff \u00e0 Polangis a bien compris l\u2019arr\u00eat\u00e9\u2026 \u00bb<\/p>\n\n\n\n<figure class=\"wp-block-image size-large\"><img fetchpriority=\"high\" decoding=\"async\" width=\"1024\" height=\"1024\" src=\"https:\/\/planipets.com\/blog\/wp-content\/uploads\/2025\/01\/Val-de-Marne-cet-arrete-qui-pourrait-changer-vos-promenades-avec-votre-chien-a-Joinville-le-Pont-1-1024x1024.jpg\" alt=\"Photo illustrative d\u2019un propri\u00e9taire promenant son chien en laisse dans une rue de Joinville-le-Pont, refl\u00e9tant la nouvelle r\u00e9glementation municipale.\" class=\"wp-image-49943\" title=\"\" srcset=\"https:\/\/planipets.com\/blog\/wp-content\/uploads\/2025\/01\/Val-de-Marne-cet-arrete-qui-pourrait-changer-vos-promenades-avec-votre-chien-a-Joinville-le-Pont-1-1024x1024.jpg 1024w, https:\/\/planipets.com\/blog\/wp-content\/uploads\/2025\/01\/Val-de-Marne-cet-arrete-qui-pourrait-changer-vos-promenades-avec-votre-chien-a-Joinville-le-Pont-1-300x300.jpg 300w, https:\/\/planipets.com\/blog\/wp-content\/uploads\/2025\/01\/Val-de-Marne-cet-arrete-qui-pourrait-changer-vos-promenades-avec-votre-chien-a-Joinville-le-Pont-1-150x150.jpg 150w, https:\/\/planipets.com\/blog\/wp-content\/uploads\/2025\/01\/Val-de-Marne-cet-arrete-qui-pourrait-changer-vos-promenades-avec-votre-chien-a-Joinville-le-Pont-1-768x768.jpg 768w, https:\/\/planipets.com\/blog\/wp-content\/uploads\/2025\/01\/Val-de-Marne-cet-arrete-qui-pourrait-changer-vos-promenades-avec-votre-chien-a-Joinville-le-Pont-1-450x450.jpg 450w, https:\/\/planipets.com\/blog\/wp-content\/uploads\/2025\/01\/Val-de-Marne-cet-arrete-qui-pourrait-changer-vos-promenades-avec-votre-chien-a-Joinville-le-Pont-1-1200x1200.jpg 1200w, https:\/\/planipets.com\/blog\/wp-content\/uploads\/2025\/01\/Val-de-Marne-cet-arrete-qui-pourrait-changer-vos-promenades-avec-votre-chien-a-Joinville-le-Pont-1-96x96.jpg 96w, https:\/\/planipets.com\/blog\/wp-content\/uploads\/2025\/01\/Val-de-Marne-cet-arrete-qui-pourrait-changer-vos-promenades-avec-votre-chien-a-Joinville-le-Pont-1.jpg 1300w\" sizes=\"(max-width: 1024px) 100vw, 1024px\" \/><figcaption class=\"wp-element-caption\">Photo illustrative : promenade d\u2019un chien tenu en laisse \u00e0 Joinville-le-Pont, une pratique d\u00e9sormais obligatoire.<\/figcaption><\/figure>\n\n\n\n<p class=\"wp-block-paragraph\"><\/p>\n\n\n\n<h2 class=\"wp-block-heading\">Une tendance nationale : les villes durcissent leurs r\u00e8gles<\/h2>\n\n\n\n<p class=\"wp-block-paragraph\">Joinville-le-Pont n\u2019est pas un cas isol\u00e9. Par exemple, depuis le 15 avril 2024, une<strong><a href=\"https:\/\/www.remedes-animaux.org\/dossier\/focus\/nouvelle-regle-proprietaires-chiens-amende-750-euro-depuis-avril-2024\/?utm_source=chatgpt.com\" target=\"_blank\" rel=\"noopener\"> nouvelle r\u00e9glementation pr\u00e9voit une amende importante pour les propri\u00e9taires de chiens<\/a><\/strong> ne respectant pas certaines r\u00e8gles, renfor\u00e7ant ainsi la vigilance des autorit\u00e9s. Certaines villes, comme Lyon, Bordeaux ou Paris, interdisent la pr\u00e9sence de chiens non tenus en laisse dans certaines zones pour garantir la s\u00e9curit\u00e9 des citoyens.<\/p>\n\n\n\n<p class=\"wp-block-paragraph\">Cette tendance refl\u00e8te une volont\u00e9 des municipalit\u00e9s de pr\u00e9venir les incidents et de favoriser une cohabitation harmonieuse entre les habitants et les animaux. D\u2019autres villes, comme Lyon ou Bordeaux, ont \u00e9galement renforc\u00e9 leur arsenal r\u00e9glementaire pour garantir la s\u00e9curit\u00e9 de leurs citoyens. La volont\u00e9 affich\u00e9e est claire : pr\u00e9venir les incidents tout en favorisant une cohabitation sereine entre les habitants et les animaux.<\/p>\n\n\n\n<p class=\"wp-block-paragraph\"><\/p>\n\n\n\n<p class=\"wp-block-paragraph\"><\/p>\n\n\n\n<h2 class=\"wp-block-heading\">Une solution radicale ou un compromis \u00e0 trouver ?<\/h2>\n\n\n\n<p class=\"wp-block-paragraph\">Si cet arr\u00eat\u00e9 vise avant tout \u00e0 assurer la s\u00e9curit\u00e9 des habitants, certains y voient une mesure trop restrictive. Des associations de protection animale craignent que cela limite la libert\u00e9 des chiens et de leurs ma\u00eetres. <\/p>\n\n\n<div style=\"background-color: #dff0d8; color: #3c763d; border-left-color: #3c763d; \" class=\"ub-styled-box ub-notification-box wp-block-ub-styled-box\" id=\"ub-styled-box-85372859-9370-4f33-8b8c-1487c623ce1a\">\n<p class=\"wp-block-paragraph\" id=\"ub-styled-box-notification-content-\">\u00ab <strong><em>Interdire de l\u00e2cher son chien partout, c\u2019est aussi priver l\u2019animal de libert\u00e9, ce qui peut nuire \u00e0 son bien-\u00eatre <\/em><\/strong>\u00bb, estiment plusieurs d\u2019entre elles.<\/p>\n\n\n<\/div>\n\n\n<p class=\"wp-block-paragraph\">Une piste souvent \u00e9voqu\u00e9e serait la cr\u00e9ation de zones sp\u00e9cifiques, comme des parcs canins, o\u00f9 les chiens pourraient \u00e9voluer librement sans laisse. Ce type d\u2019espace permettrait de concilier les diff\u00e9rents besoins : offrir aux chiens des lieux de libert\u00e9 tout en pr\u00e9servant la tranquillit\u00e9 des promeneurs.<\/p>\n\n\n\n<p class=\"wp-block-paragraph\"><\/p>\n\n\n\n<p class=\"wp-block-paragraph\"><\/p>\n\n\n\n<h2 class=\"wp-block-heading\">Respect et vigilance : des habitants invit\u00e9s \u00e0 jouer le jeu<\/h2>\n\n\n\n<p class=\"wp-block-paragraph\">Pour que cette mesure soit efficace, la municipalit\u00e9 appelle les habitants \u00e0 respecter l\u2019arr\u00eat\u00e9. L\u2019objectif est d\u2019\u00e9viter de nouvelles plaintes et d\u2019am\u00e9liorer la cohabitation entre les chiens et les autres usagers de l\u2019espace public. \u00c0 d\u00e9faut d\u2019une application stricte, l\u2019efficacit\u00e9 de cette mesure risque de rester limit\u00e9e.<\/p>\n\n\n\n<p class=\"wp-block-paragraph\"><\/p>\n\n\n\n<p class=\"wp-block-paragraph\"><\/p>\n\n\n\n<h2 class=\"wp-block-heading\">Conclusion : un mod\u00e8le pour d\u2019autres communes ?<\/h2>\n\n\n\n<p class=\"wp-block-paragraph\">Joinville-le-Pont pourrait bien inspirer d\u2019autres villes confront\u00e9es aux m\u00eames probl\u00e9matiques. Si la mesure semble r\u00e9pondre \u00e0 une r\u00e9elle attente de s\u00e9curit\u00e9, elle soul\u00e8ve aussi des questions sur la libert\u00e9 des animaux. La cr\u00e9ation d\u2019espaces d\u00e9di\u00e9s aux chiens pourrait constituer un compromis id\u00e9al. En attendant, les habitants de Joinville-le-Pont devront s\u2019adapter \u00e0 cette nouvelle r\u00e9glementation.<\/p>\n\n\n\n<p class=\"wp-block-paragraph\"><\/p>\n","protected":false},"excerpt":{"rendered":"<p>Depuis le 30 d\u00e9cembre 2024, sortir son chien sans laisse dans les rues de Joinville-le-Pont n\u2019est plus autoris\u00e9. Selon actu.fr, le maire LR de la commune, Olivier Dosne, a pris un arr\u00eat\u00e9 visant \u00e0 interdire la divagation des animaux non tenus en laisse. Cette mesure fait d\u00e9j\u00e0 beaucoup parler d\u2019elle, entre soutien de certains habitants<\/p>\n","protected":false},"author":26,"featured_media":49944,"comment_status":"open","ping_status":"open","sticky":false,"template":"","format":"standard","meta":{"_crdt_document":"","footnotes":"","spc_primary_category":65},"categories":[65],"tags":[],"class_list":{"0":"post-49942","1":"post","2":"type-post","3":"status-publish","4":"format-standard","5":"has-post-thumbnail","7":"category-actualite"},"featured_image_src":"https:\/\/planipets.com\/blog\/wp-content\/uploads\/2025\/01\/Val-de-Marne-cet-arrete-qui-pourrait-changer-vos-promenades-avec-votre-chien-a-Joinville-le-Pont-2.jpg","author_info":{"display_name":"La r\u00e9daction Planipets","author_link":"https:\/\/planipets.com\/blog\/author\/redaction\/"},"brizy_media":[],"_links":{"self":[{"href":"https:\/\/planipets.com\/blog\/wp-json\/wp\/v2\/posts\/49942","targetHints":{"allow":["GET"]}}],"collection":[{"href":"https:\/\/planipets.com\/blog\/wp-json\/wp\/v2\/posts"}],"about":[{"href":"https:\/\/planipets.com\/blog\/wp-json\/wp\/v2\/types\/post"}],"author":[{"embeddable":true,"href":"https:\/\/planipets.com\/blog\/wp-json\/wp\/v2\/users\/26"}],"replies":[{"embeddable":true,"href":"https:\/\/planipets.com\/blog\/wp-json\/wp\/v2\/comments?post=49942"}],"version-history":[{"count":0,"href":"https:\/\/planipets.com\/blog\/wp-json\/wp\/v2\/posts\/49942\/revisions"}],"wp:featuredmedia":[{"embeddable":true,"href":"https:\/\/planipets.com\/blog\/wp-json\/wp\/v2\/media\/49944"}],"wp:attachment":[{"href":"https:\/\/planipets.com\/blog\/wp-json\/wp\/v2\/media?parent=49942"}],"wp:term":[{"taxonomy":"category","embeddable":true,"href":"https:\/\/planipets.com\/blog\/wp-json\/wp\/v2\/categories?post=49942"},{"taxonomy":"post_tag","embeddable":true,"href":"https:\/\/planipets.com\/blog\/wp-json\/wp\/v2\/tags?post=49942"}],"curies":[{"name":"wp","href":"https:\/\/api.w.org\/{rel}","templated":true}]}}