{"id":46675,"date":"2024-10-10T10:12:13","date_gmt":"2024-10-10T08:12:13","guid":{"rendered":"https:\/\/planipets.com\/blog\/?p=46675"},"modified":"2024-10-11T23:34:20","modified_gmt":"2024-10-11T21:34:20","slug":"scandale-a-la-spa-de-toulouse-des-animaux-tortures-sous-silence","status":"publish","type":"post","link":"https:\/\/planipets.com\/blog\/actualite\/scandale-a-la-spa-de-toulouse-des-animaux-tortures-sous-silence\/","title":{"rendered":"Scandale \u00e0 la SPA de Toulouse : des animaux tortur\u00e9s sous silence !"},"content":{"rendered":"\n<p class=\"wp-block-paragraph\"><strong>Choc \u00e0 la SPA de Toulouse !<\/strong> Le refuge, cens\u00e9 offrir une protection aux animaux, est au c\u0153ur d\u2019un scandale retentissant de <strong>maltraitance animale<\/strong>. Une v\u00e9t\u00e9rinaire de 59 ans et un salari\u00e9 de 29 ans, apr\u00e8s 24 heures de garde \u00e0 vue, sont d\u00e9sormais sous contr\u00f4le judiciaire. Leur proc\u00e8s, pr\u00e9vu en avril 2025, est attendu avec impatience et col\u00e8re.<\/p>\n\n\n\n<div class=\"wp-block-media-text is-stacked-on-mobile\"><figure class=\"wp-block-media-text__media\"><img fetchpriority=\"high\" decoding=\"async\" width=\"956\" height=\"1024\" src=\"https:\/\/planipets.com\/blog\/wp-content\/uploads\/2024\/10\/vnbfsgy-1-956x1024.jpg\" alt=\"SPA de toulouse mailtraitance animale\" class=\"wp-image-46679 size-full\" title=\"\" srcset=\"https:\/\/planipets.com\/blog\/wp-content\/uploads\/2024\/10\/vnbfsgy-1-956x1024.jpg 956w, https:\/\/planipets.com\/blog\/wp-content\/uploads\/2024\/10\/vnbfsgy-1-280x300.jpg 280w, https:\/\/planipets.com\/blog\/wp-content\/uploads\/2024\/10\/vnbfsgy-1-768x823.jpg 768w, https:\/\/planipets.com\/blog\/wp-content\/uploads\/2024\/10\/vnbfsgy-1-150x161.jpg 150w, https:\/\/planipets.com\/blog\/wp-content\/uploads\/2024\/10\/vnbfsgy-1-450x482.jpg 450w, https:\/\/planipets.com\/blog\/wp-content\/uploads\/2024\/10\/vnbfsgy-1-1200x1286.jpg 1200w, https:\/\/planipets.com\/blog\/wp-content\/uploads\/2024\/10\/vnbfsgy-1.jpg 1400w\" sizes=\"(max-width: 956px) 100vw, 956px\" \/><\/figure><div class=\"wp-block-media-text__content\">\n<h2 class=\"wp-block-heading\">Des s\u00e9vices inqualifiables<\/h2>\n\n\n\n<p class=\"wp-block-paragraph\"><strong>Chiens enferm\u00e9s pendant des ann\u00e9es<\/strong>, sans soins, des euthanasies suspectes&#8230; L\u2019enqu\u00eate, d\u00e9marr\u00e9e en mars, a r\u00e9v\u00e9l\u00e9 des faits terrifiants. Selon <a href=\"https:\/\/www.ladepeche.fr\/2024\/10\/09\/maltraitances-animales-a-lapta-spa-de-toulouse-la-veterinaire-et-le-salarie-principal-renvoyes-devant-la-justice-12250297.php\" target=\"_blank\" rel=\"noopener\">La D\u00e9p\u00eache<\/a>, le personnel aurait agi sans autorit\u00e9 m\u00e9dicale, infligeant des souffrances abominables \u00e0 des animaux vuln\u00e9rables.<\/p>\n\n\n\n<p class=\"wp-block-paragraph\">Zino, un malinois de 1 an et demi, a connu un sort tragique : sauv\u00e9 d&rsquo;une premi\u00e8re maltraitance, il a fini par \u00eatre <strong>cruellement maltrait\u00e9<\/strong> au refuge m\u00eame cens\u00e9 le prot\u00e9ger. C\u2019est <strong>l\u2019employ\u00e9 principal<\/strong>, accus\u00e9 de s\u00e9vices, qui aurait caus\u00e9 sa mort dans des circonstances atroces.<\/p>\n<\/div><\/div>\n\n\n\n<h2 class=\"wp-block-heading\">Un proc\u00e8s attendu<\/h2>\n\n\n\n<p class=\"wp-block-paragraph\">Ce scandale prend de l&rsquo;ampleur. Le proc\u00e8s d\u2019avril 2025 promet d\u2019\u00eatre explosif, avec de nombreuses associations et b\u00e9n\u00e9voles r\u00e9clamant <strong>une justice s\u00e9v\u00e8re<\/strong>. Une lettre ouverte adress\u00e9e aux minist\u00e8res de la Justice et de l&rsquo;Int\u00e9rieur appelle \u00e0 <strong>une r\u00e9forme des refuges<\/strong>, afin de garantir la s\u00e9curit\u00e9 des animaux.<\/p>\n\n\n\n<p class=\"wp-block-paragraph\"><strong>Comment a-t-on pu laisser cela se produire ?<\/strong> Les d\u00e9rives financi\u00e8res et la gestion opaque de la SPA de Toulouse sont \u00e9galement mises en cause, soulevant des questions sur la transparence de ces structures.<\/p>\n\n\n\n<h2 class=\"wp-block-heading\">Comment agir ?<\/h2>\n\n\n\n<p class=\"wp-block-paragraph\">Le cas de la <a href=\"https:\/\/www.atpa-spa-de-toulouse-refuge.com\/\" target=\"_blank\" rel=\"noopener\">SPA de Toulouse<\/a> n\u2019est pas isol\u00e9, et il est crucial de prendre des mesures pour garantir le bien-\u00eatre des animaux dans ces refuges :<\/p>\n\n\n\n<ul class=\"wp-block-list\">\n<li><strong>Adoptez aupr\u00e8s de refuges \u00e9thiques<\/strong>, transparents dans leur gestion.<\/li>\n\n\n\n<li><strong>Soutenez des initiatives<\/strong> comme <strong>Planipets<\/strong>, qui mettent en avant les structures respectueuses des animaux.<\/li>\n\n\n\n<li><strong>Signalez les abus<\/strong> d\u00e8s que vous \u00eates t\u00e9moin de situations suspectes.<\/li>\n<\/ul>\n\n\n\n<p class=\"wp-block-paragraph\"><\/p>\n\n\n\n<p class=\"wp-block-paragraph\">Le scandale de la SPA de Toulouse souligne l\u2019importance de choisir des partenaires qui mettent vraiment le <strong>bien-\u00eatre animal<\/strong> au c\u0153ur de leurs pratiques. Des plateformes comme <strong><a href=\"http:\/\/planipets.com\">Planipets<\/a><\/strong> s\u2019engagent dans cette voie en suivant une <strong>charte stricte<\/strong>  (<a href=\"https:\/\/planipets.com\/blog\/charte-planipets-bien-etre-animal\/\">consulter la Charte Planipets du bien-\u00eatre animal<\/a>) qui garantit que tous les professionnels respectent des normes \u00e9thiques, notamment en mati\u00e8re de respect des soins v\u00e9t\u00e9rinaires, de transparence et de formation continue.<\/p>\n\n\n\n<h2 class=\"wp-block-heading\">Et maintenant ?<\/h2>\n\n\n\n<p class=\"wp-block-paragraph\">L\u2019affaire de la SPA de Toulouse est un signal d\u2019alarme pour la protection animale. Ce proc\u00e8s pourrait bien \u00eatre le tournant d\u00e9cisif pour \u00e9viter que de tels s\u00e9vices ne se reproduisent.<\/p>\n\n\n\n<p class=\"wp-block-paragraph\">Partagez cet article pour sensibiliser autour de vous et engagez-vous pour une meilleure protection des animaux !<\/p>\n","protected":false},"excerpt":{"rendered":"<p>Choc \u00e0 la SPA de Toulouse ! Le refuge, cens\u00e9 offrir une protection aux animaux, est au c\u0153ur d\u2019un scandale retentissant de maltraitance animale. Une v\u00e9t\u00e9rinaire de 59 ans et un salari\u00e9 de 29 ans, apr\u00e8s 24 heures de garde \u00e0 vue, sont d\u00e9sormais sous contr\u00f4le judiciaire. Leur proc\u00e8s, pr\u00e9vu en avril 2025, est attendu<\/p>\n","protected":false},"author":26,"featured_media":46676,"comment_status":"open","ping_status":"open","sticky":false,"template":"","format":"standard","meta":{"_crdt_document":"","footnotes":"","spc_primary_category":0},"categories":[65],"tags":[],"class_list":{"0":"post-46675","1":"post","2":"type-post","3":"status-publish","4":"format-standard","5":"has-post-thumbnail","7":"category-actualite"},"featured_image_src":"https:\/\/planipets.com\/blog\/wp-content\/uploads\/2024\/10\/SPA-Toulouse-mailtraitance-animale.jpg","author_info":{"display_name":"La r\u00e9daction Planipets","author_link":"https:\/\/planipets.com\/blog\/author\/redaction\/"},"brizy_media":[],"_links":{"self":[{"href":"https:\/\/planipets.com\/blog\/wp-json\/wp\/v2\/posts\/46675","targetHints":{"allow":["GET"]}}],"collection":[{"href":"https:\/\/planipets.com\/blog\/wp-json\/wp\/v2\/posts"}],"about":[{"href":"https:\/\/planipets.com\/blog\/wp-json\/wp\/v2\/types\/post"}],"author":[{"embeddable":true,"href":"https:\/\/planipets.com\/blog\/wp-json\/wp\/v2\/users\/26"}],"replies":[{"embeddable":true,"href":"https:\/\/planipets.com\/blog\/wp-json\/wp\/v2\/comments?post=46675"}],"version-history":[{"count":0,"href":"https:\/\/planipets.com\/blog\/wp-json\/wp\/v2\/posts\/46675\/revisions"}],"wp:featuredmedia":[{"embeddable":true,"href":"https:\/\/planipets.com\/blog\/wp-json\/wp\/v2\/media\/46676"}],"wp:attachment":[{"href":"https:\/\/planipets.com\/blog\/wp-json\/wp\/v2\/media?parent=46675"}],"wp:term":[{"taxonomy":"category","embeddable":true,"href":"https:\/\/planipets.com\/blog\/wp-json\/wp\/v2\/categories?post=46675"},{"taxonomy":"post_tag","embeddable":true,"href":"https:\/\/planipets.com\/blog\/wp-json\/wp\/v2\/tags?post=46675"}],"curies":[{"name":"wp","href":"https:\/\/api.w.org\/{rel}","templated":true}]}}