{"id":2366,"date":"2023-03-09T19:46:55","date_gmt":"2023-03-09T19:46:55","guid":{"rendered":"https:\/\/planipets.com\/blog\/?p=2366"},"modified":"2023-12-25T08:35:34","modified_gmt":"2023-12-25T08:35:34","slug":"bobi-le-chien-le-plus-age-du-monde-et-son-histoire","status":"publish","type":"post","link":"https:\/\/planipets.com\/blog\/actualite\/bobi-le-chien-le-plus-age-du-monde-et-son-histoire\/","title":{"rendered":"Bobi, le chien portugais de 30 ans, bat le record du monde de long\u00e9vit\u00e9 canine"},"content":{"rendered":"\n<p class=\"wp-block-paragraph\"><span style=\"vertical-align: inherit;\"><strong><span style=\"vertical-align: inherit;\"><span style=\"vertical-align: inherit;\">Bobi<\/span><\/span><\/strong><span style=\"vertical-align: inherit;\"><span style=\"vertical-align: inherit;\"> , un chien de race Rafeiro de l&rsquo;Alentejo. <\/span><span style=\"vertical-align: inherit;\">Il est devenu <\/span><\/span><a href=\"https:\/\/fr.wikipedia.org\/wiki\/Liste_des_plus_vieux_chiens\" target=\"_blank\" rel=\"noopener\"><strong><span style=\"vertical-align: inherit;\"><span style=\"vertical-align: inherit;\">le chien le plus \u00e2g\u00e9<\/span><\/span><\/strong> <\/a><span style=\"vertical-align: inherit;\"><span style=\"vertical-align: inherit;\"> du <\/span><\/span><strong><span style=\"vertical-align: inherit;\"><span style=\"vertical-align: inherit;\">monde<\/span><\/span><\/strong><span style=\"vertical-align: inherit;\"><span style=\"vertical-align: inherit;\"> le 1er f\u00e9vrier 2023, selon le Guinness World Records. <\/span><span style=\"vertical-align: inherit;\">N\u00e9 en 1992, Bobi a battu le record de Bluey, un bouvier australien mort en 1939 \u00e0 l&rsquo;\u00e2ge de 29 ans. <\/span><span style=\"vertical-align: inherit;\">Il d\u00e9tient ainsi le record de la <\/span><\/span><strong><span style=\"vertical-align: inherit;\"><span style=\"vertical-align: inherit;\">long\u00e9vit\u00e9<\/span><\/span><\/strong><span style=\"vertical-align: inherit;\"><span style=\"vertical-align: inherit;\"> chez les canins.&nbsp;<\/span><\/span><\/span><\/p>\n\n\n\n<p class=\"wp-block-paragraph\"><span style=\"vertical-align: inherit;\"><span style=\"vertical-align: inherit;\"><span style=\"vertical-align: inherit;\">L&rsquo;\u00e2ge de <\/span><\/span><strong><span style=\"vertical-align: inherit;\"><span style=\"vertical-align: inherit;\">Bobi<\/span><\/span><\/strong><span style=\"vertical-align: inherit;\"><span style=\"vertical-align: inherit;\"> a pu \u00eatre v\u00e9rifi\u00e9 gr\u00e2ce \u00e0 son enregistrement \u00e0 la naissance au service m\u00e9dical v\u00e9t\u00e9rinaire de la municipalit\u00e9 de Leira et \u00e0 une base de donn\u00e9es d&rsquo; <\/span><\/span><a href=\"https:\/\/planipets.com\/blog\/actualite\/adoptions-animaux-de-compagnie\/\"><strong><span style=\"vertical-align: inherit;\"><span style=\"vertical-align: inherit;\">animaux de compagnie<\/span><\/span><\/strong><\/a><span style=\"vertical-align: inherit;\"><span style=\"vertical-align: inherit;\"> autoris\u00e9e par le gouvernement portugais.&nbsp;<\/span><\/span><\/span><\/p>\n\n\n\n<h2 class=\"wp-block-heading\"><span style=\"vertical-align: inherit;\"><span style=\"vertical-align: inherit;\"><span style=\"vertical-align: inherit;\"><span style=\"vertical-align: inherit;\">D\u00e9couvrez l&rsquo;histoire de Bobi, le chien de berger devenu une star mondiale<\/span><\/span><\/span><\/span><\/h2>\n\n\n\n<div class=\"ql-block\" data-block-id=\"block-cc4b3a36-9185-4242-92b4-d16423c68bfe\">&nbsp;<\/div>\n\n\n\n<figure class=\"wp-block-image\"><a href=\"https:\/\/www.ouest-france.fr\/sciences\/animaux\/video-animaux-bobi-30-ans-sacre-le-chien-le-plus-vieux-du-monde-3ef28cb0-388d-4fe8-88fa-ec713ee17947\" target=\"_blank\" rel=\"noopener\"><img fetchpriority=\"high\" decoding=\"async\" width=\"300\" height=\"168\" src=\"https:\/\/planipets.com\/blog\/wp-content\/uploads\/2023\/03\/telechargement-1.jpg\" alt=\"\" class=\"wp-image-2381\" title=\"\"><\/a><\/figure>\n\n\n\n<div data-block-id=\"block-cc4b3a36-9185-4242-92b4-d16423c68bfe\"><\/div>\n\n\n\n<div class=\"ql-block\" data-block-id=\"block-cc4b3a36-9185-4242-92b4-d16423c68bfe\">&nbsp;<\/div>\n\n\n\n<div data-block-id=\"block-cc4b3a36-9185-4242-92b4-d16423c68bfe\">&nbsp;<\/div>\n\n\n\n<div class=\"ql-block\" data-block-id=\"block-f09476c6-b831-47a4-97d1-3743a1160655\"><span style=\"vertical-align: inherit;\"><span style=\"vertical-align: inherit;\"><strong>Bobi<\/strong> a \u00e9t\u00e9 recueilli \u00e0 la naissance par Leonel Costa, son <strong>propri\u00e9taire<\/strong>, qui l&rsquo;a \u00e9lev\u00e9 en pleine nature sans laisses ni harnais. <\/span><span style=\"vertical-align: inherit;\">Selon Leonel Costa, le secret de la <strong>long\u00e9vit\u00e9 de Bobi<\/strong> r\u00e9side dans son <strong>alimentation<\/strong>&nbsp;: il mange la m\u00eame nourriture que son ma\u00eetre. <\/span><span style=\"vertical-align: inherit;\">Bien que sa vue baisse, Bobi est en <strong>bonne sant\u00e9<\/strong> et continue de profiter de sa libert\u00e9.<\/span><\/span><\/div>\n\n\n\n<div data-block-id=\"block-f09476c6-b831-47a4-97d1-3743a1160655\">&nbsp;<\/div>\n\n\n\n<div class=\"ql-block\" data-block-id=\"block-2e04d5b0-fe38-40ea-a8f9-7659b5de5346\"><span style=\"vertical-align: inherit;\"><span style=\"vertical-align: inherit;\">Si vous recherchez l&rsquo;inspiration pour votre <strong>animal de compagnie<\/strong>, l&rsquo;histoire de <strong>Bobi<\/strong> est un excellent exemple de l&rsquo;amour que peut donner un <strong>propri\u00e9taire<\/strong> \u00e0 son <strong>chien<\/strong>. <\/span><span style=\"vertical-align: inherit;\">Avec une esp\u00e9rance de vie moyenne de 12 \u00e0 14 ans pour les Rafeiros de l&rsquo;Alentejo, <strong>Bobi<\/strong> est un v\u00e9ritable survivant hors du commun.<\/span><\/span><\/div>\n\n\n\n<div data-block-id=\"block-173e7351-d1bb-44cf-b594-e1c36109f863\">&nbsp;<\/div>\n\n\n\n<div data-block-id=\"block-173e7351-d1bb-44cf-b594-e1c36109f863\">&nbsp;<\/div>\n\n\n\n<div data-block-id=\"block-173e7351-d1bb-44cf-b594-e1c36109f863\">&nbsp;<\/div>\n\n\n\n<h2 class=\"wp-block-heading\"><span style=\"vertical-align: inherit;\"><span style=\"vertical-align: inherit;\">L&rsquo;histoire de Bobi, une histoire de long\u00e9vit\u00e9 reconnue mondialement<\/span><\/span><\/h2>\n\n\n\n<div class=\"ql-block\" data-block-id=\"block-d44172bd-0495-41e0-a288-5fc3b29daaea\"><span style=\"vertical-align: inherit;\"><span style=\"vertical-align: inherit;\"><strong><span style=\"vertical-align: inherit;\"><span style=\"vertical-align: inherit;\">Bobi<\/span><\/span><\/strong><span style=\"vertical-align: inherit;\"><span style=\"vertical-align: inherit;\"> est devenu <\/span><\/span><strong><span style=\"vertical-align: inherit;\"><span style=\"vertical-align: inherit;\">une star mondiale<\/span><\/span><\/strong><span style=\"vertical-align: inherit;\"><span style=\"vertical-align: inherit;\"> gr\u00e2ce \u00e0 son record du monde de <\/span><\/span><strong><span style=\"vertical-align: inherit;\"><span style=\"vertical-align: inherit;\">long\u00e9vit\u00e9<\/span><\/span><\/strong><span style=\"vertical-align: inherit;\"><span style=\"vertical-align: inherit;\"> canine. <\/span><span style=\"vertical-align: inherit;\">C&rsquo;est-\u00e0-dire qu&rsquo;il devient le <\/span><\/span><strong><span style=\"vertical-align: inherit;\"><span style=\"vertical-align: inherit;\">chien le plus \u00e2g\u00e9<\/span><\/span><\/strong><span style=\"vertical-align: inherit;\"><span style=\"vertical-align: inherit;\"> du monde. <\/span><\/span><\/span><span style=\"vertical-align: inherit;\"><span style=\"vertical-align: inherit;\"><span style=\"vertical-align: inherit;\">Sa relation avec son <\/span><\/span><strong><span style=\"vertical-align: inherit;\"><span style=\"vertical-align: inherit;\">propri\u00e9taire<\/span><\/span><\/strong><span style=\"vertical-align: inherit;\"><span style=\"vertical-align: inherit;\"> est un exemple de l&rsquo;amour et de l&rsquo;attention que les animaux de compagnie qualifi\u00e9s.<\/span><\/span><\/span><\/span><\/div>\n\n\n\n<div class=\"ql-block\" data-block-id=\"block-d44172bd-0495-41e0-a288-5fc3b29daaea\"><span style=\"vertical-align: inherit;\"><span style=\"vertical-align: inherit;\"><span style=\"vertical-align: inherit;\"><span style=\"vertical-align: inherit;\">Si vous voulez aussi donner \u00e0 votre <\/span><\/span><strong><span style=\"vertical-align: inherit;\"><span style=\"vertical-align: inherit;\">chien<\/span><\/span><\/strong><span style=\"vertical-align: inherit;\"><span style=\"vertical-align: inherit;\"> une vie heureuse et en <\/span><\/span><strong><span style=\"vertical-align: inherit;\"><span style=\"vertical-align: inherit;\">bonne sant\u00e9<\/span><\/span><\/strong><span style=\"vertical-align: inherit;\"><span style=\"vertical-align: inherit;\"> , pensez \u00e0 <\/span><\/span><strong><span style=\"vertical-align: inherit;\"><span style=\"vertical-align: inherit;\">l&rsquo;alimentation<\/span><\/span><\/strong><span style=\"vertical-align: inherit;\"><span style=\"vertical-align: inherit;\"> et \u00e0 l&rsquo;exercice r\u00e9gulier pour votre <\/span><\/span><strong><span style=\"vertical-align: inherit;\"><span style=\"vertical-align: inherit;\">animal de compagnie<\/span><\/span><\/strong><span style=\"vertical-align: inherit;\"><span style=\"vertical-align: inherit;\"> .<\/span><\/span><\/span><\/span><\/div>\n","protected":false},"excerpt":{"rendered":"<p>Bobi , un chien de race Rafeiro de l&rsquo;Alentejo. Il est devenu le chien le plus \u00e2g\u00e9 du monde le 1er f\u00e9vrier 2023, selon le Guinness World Records. N\u00e9 en 1992, Bobi a battu le record de Bluey, un bouvier australien mort en 1939 \u00e0 l&rsquo;\u00e2ge de 29 ans. Il d\u00e9tient ainsi le record de<\/p>\n","protected":false},"author":26,"featured_media":2382,"comment_status":"open","ping_status":"open","sticky":false,"template":"","format":"standard","meta":{"_crdt_document":"","footnotes":"","spc_primary_category":0},"categories":[65],"tags":[1201,1202,1203,1204],"class_list":{"0":"post-2366","1":"post","2":"type-post","3":"status-publish","4":"format-standard","5":"has-post-thumbnail","7":"category-actualite","8":"tag-adoption-chien-age","9":"tag-chien-age-adolescence","10":"tag-chien-age-adulte","11":"tag-chien-age-en-fin-de-vie"},"featured_image_src":"https:\/\/planipets.com\/blog\/wp-content\/uploads\/2023\/03\/Sans-titre-19.png","author_info":{"display_name":"La r\u00e9daction Planipets","author_link":"https:\/\/planipets.com\/blog\/author\/redaction\/"},"brizy_media":[],"_links":{"self":[{"href":"https:\/\/planipets.com\/blog\/wp-json\/wp\/v2\/posts\/2366","targetHints":{"allow":["GET"]}}],"collection":[{"href":"https:\/\/planipets.com\/blog\/wp-json\/wp\/v2\/posts"}],"about":[{"href":"https:\/\/planipets.com\/blog\/wp-json\/wp\/v2\/types\/post"}],"author":[{"embeddable":true,"href":"https:\/\/planipets.com\/blog\/wp-json\/wp\/v2\/users\/26"}],"replies":[{"embeddable":true,"href":"https:\/\/planipets.com\/blog\/wp-json\/wp\/v2\/comments?post=2366"}],"version-history":[{"count":0,"href":"https:\/\/planipets.com\/blog\/wp-json\/wp\/v2\/posts\/2366\/revisions"}],"wp:featuredmedia":[{"embeddable":true,"href":"https:\/\/planipets.com\/blog\/wp-json\/wp\/v2\/media\/2382"}],"wp:attachment":[{"href":"https:\/\/planipets.com\/blog\/wp-json\/wp\/v2\/media?parent=2366"}],"wp:term":[{"taxonomy":"category","embeddable":true,"href":"https:\/\/planipets.com\/blog\/wp-json\/wp\/v2\/categories?post=2366"},{"taxonomy":"post_tag","embeddable":true,"href":"https:\/\/planipets.com\/blog\/wp-json\/wp\/v2\/tags?post=2366"}],"curies":[{"name":"wp","href":"https:\/\/api.w.org\/{rel}","templated":true}]}}